{"id":10415,"date":"2020-03-08T08:30:37","date_gmt":"2020-03-08T11:30:37","guid":{"rendered":"https:\/\/meusitejuridico.editorajuspodivm.com.br\/?p=10415"},"modified":"2020-03-06T08:52:11","modified_gmt":"2020-03-06T11:52:11","slug":"o-prazo-decadencial-penal-comeca-fluir-no-dia-em-que-se-consuma-o-crime","status":"publish","type":"post","link":"https:\/\/meusitejuridico.com.br\/2020\/03\/08\/o-prazo-decadencial-penal-comeca-fluir-no-dia-em-que-se-consuma-o-crime\/","title":{"rendered":"O prazo decadencial penal come\u00e7a a fluir no dia em que se consuma o crime"},"content":{"rendered":"<p><strong>ERRADO<\/strong><\/p>\n<p>O prazo decadencial, salvo exce\u00e7\u00f5es previstas em lei, \u00e9 de seis meses e come\u00e7a a fluir da data em que o <strong>ofendido toma conhecimento sobre quem \u00e9 o autor do il\u00edcito penal<\/strong>. Trata-se de prazo fatal, improrrog\u00e1vel, n\u00e3o se sujeitando a nenhuma esp\u00e9cie de suspens\u00e3o ou interrup\u00e7\u00e3o. De sorte que a v\u00edtima (ou seu representante legal, sucessor ou curador) tem o prazo de seis meses para ofertar a representa\u00e7\u00e3o (se o crime for de a\u00e7\u00e3o penal p\u00fablica condicionada a tal condi\u00e7\u00e3o de procedibilidade) ou para ingressar com a queixa-crime (se o crime for de a\u00e7\u00e3o penal privada). N\u00e3o o fazendo, no caso da a\u00e7\u00e3o penal privada, simplesmente estar\u00e1 abrindo m\u00e3o do direito de queixa, e sua omiss\u00e3o acarretar\u00e1 a extin\u00e7\u00e3o da punibilidade, nos termos do art. 107, inc. IV, do C\u00f3digo Penal. Na a\u00e7\u00e3o penal p\u00fablica condicionada, se ultrapassado o prazo, n\u00e3o mais poder\u00e1 o Minist\u00e9rio P\u00fablico oferecer den\u00fancia, extinguindo-se a punibilidade com base no mesmo dispositivo do estatuto penal.<\/p>\n<p>Material extra\u00eddo da obra <a href=\"https:\/\/www.editorajuspodivm.com.br\/revisaco-direito-penal-2209-questoes-comentadas-alternativa-por-alternativa-2018\" target=\"_blank\" rel=\"noopener\">Revisa\u00e7o Direito Penal<\/a><\/p>\n","protected":false},"excerpt":{"rendered":"<p>ERRADO O prazo decadencial, salvo exce\u00e7\u00f5es previstas em lei, \u00e9 de seis meses e come\u00e7a a fluir da data em que o ofendido toma conhecimento sobre quem \u00e9 o autor do il\u00edcito penal. Trata-se de prazo fatal, improrrog\u00e1vel, n\u00e3o se sujeitando a nenhuma esp\u00e9cie de suspens\u00e3o ou interrup\u00e7\u00e3o. De sorte que a v\u00edtima (ou seu [&hellip;]<\/p>\n","protected":false},"author":7,"featured_media":8856,"comment_status":"open","ping_status":"open","sticky":false,"template":"","format":"standard","meta":{"_acf_changed":false,"footnotes":""},"categories":[3090,78,437],"tags":[1625,107,1637],"class_list":["post-10415","post","type-post","status-publish","format-standard","has-post-thumbnail","hentry","category-certo-ou-errado","category-material-de-aula","category-perguntas-e-respostas","tag-decadencia","tag-direito-penal","tag-extincao-da-punibilidade"],"acf":[],"yoast_head":"<!-- This site is optimized with the Yoast SEO plugin v24.8.1 - https:\/\/yoast.com\/wordpress\/plugins\/seo\/ -->\n<title>O prazo decadencial penal come\u00e7a a fluir no dia em que se consuma o crime - Meu site jur\u00eddico<\/title>\n<meta name=\"robots\" content=\"index, follow, max-snippet:-1, max-image-preview:large, max-video-preview:-1\" \/>\n<link rel=\"canonical\" href=\"https:\/\/meusitejuridico.editorajuspodivm.com.br\/2020\/03\/08\/o-prazo-decadencial-penal-comeca-fluir-no-dia-em-que-se-consuma-o-crime\/\" \/>\n<meta property=\"og:locale\" content=\"pt_BR\" \/>\n<meta property=\"og:type\" content=\"article\" \/>\n<meta property=\"og:title\" content=\"O prazo decadencial penal come\u00e7a a fluir no dia em que se consuma o crime - Meu site jur\u00eddico\" \/>\n<meta property=\"og:description\" content=\"ERRADO O prazo decadencial, salvo exce\u00e7\u00f5es previstas em lei, \u00e9 de seis meses e come\u00e7a a fluir da data em que o ofendido toma conhecimento sobre quem \u00e9 o autor do il\u00edcito penal. Trata-se de prazo fatal, improrrog\u00e1vel, n\u00e3o se sujeitando a nenhuma esp\u00e9cie de suspens\u00e3o ou interrup\u00e7\u00e3o. De sorte que a v\u00edtima (ou seu [&hellip;]\" \/>\n<meta property=\"og:url\" content=\"https:\/\/meusitejuridico.editorajuspodivm.com.br\/2020\/03\/08\/o-prazo-decadencial-penal-comeca-fluir-no-dia-em-que-se-consuma-o-crime\/\" \/>\n<meta property=\"og:site_name\" content=\"Meu site jur\u00eddico\" \/>\n<meta property=\"article:published_time\" content=\"2020-03-08T11:30:37+00:00\" \/>\n<meta property=\"og:image\" content=\"https:\/\/meusitejuridico.editorajuspodivm.com.br\/s.meusitejuridico\/2019\/07\/57c53185-question-mark-1445990-640.jpg\" \/>\n\t<meta property=\"og:image:width\" content=\"640\" \/>\n\t<meta property=\"og:image:height\" content=\"480\" \/>\n\t<meta property=\"og:image:type\" content=\"image\/jpeg\" \/>\n<meta name=\"author\" content=\"Equipe Meu Site Jur\u00eddico\" \/>\n<meta name=\"twitter:card\" content=\"summary_large_image\" \/>\n<meta name=\"twitter:label1\" content=\"Escrito por\" \/>\n\t<meta name=\"twitter:data1\" content=\"Equipe Meu Site Jur\u00eddico\" \/>\n\t<meta name=\"twitter:label2\" content=\"Est. tempo de leitura\" \/>\n\t<meta name=\"twitter:data2\" content=\"1 minuto\" \/>\n<script type=\"application\/ld+json\" class=\"yoast-schema-graph\">{\"@context\":\"https:\/\/schema.org\",\"@graph\":[{\"@type\":\"Article\",\"@id\":\"https:\/\/meusitejuridico.editorajuspodivm.com.br\/2020\/03\/08\/o-prazo-decadencial-penal-comeca-fluir-no-dia-em-que-se-consuma-o-crime\/#article\",\"isPartOf\":{\"@id\":\"https:\/\/meusitejuridico.editorajuspodivm.com.br\/2020\/03\/08\/o-prazo-decadencial-penal-comeca-fluir-no-dia-em-que-se-consuma-o-crime\/\"},\"author\":{\"name\":\"Equipe Meu Site Jur\u00eddico\",\"@id\":\"https:\/\/meusitejuridico.editorajuspodivm.com.br\/#\/schema\/person\/5c2237ac0c8ff03bcf1a09fe3e45dfce\"},\"headline\":\"O prazo decadencial penal come\u00e7a a fluir no dia em que se consuma o crime\",\"datePublished\":\"2020-03-08T11:30:37+00:00\",\"mainEntityOfPage\":{\"@id\":\"https:\/\/meusitejuridico.editorajuspodivm.com.br\/2020\/03\/08\/o-prazo-decadencial-penal-comeca-fluir-no-dia-em-que-se-consuma-o-crime\/\"},\"wordCount\":209,\"commentCount\":0,\"publisher\":{\"@id\":\"https:\/\/meusitejuridico.editorajuspodivm.com.br\/#organization\"},\"image\":{\"@id\":\"https:\/\/meusitejuridico.editorajuspodivm.com.br\/2020\/03\/08\/o-prazo-decadencial-penal-comeca-fluir-no-dia-em-que-se-consuma-o-crime\/#primaryimage\"},\"thumbnailUrl\":\"https:\/\/meusitejuridico.com.br\/s.meusitejuridico\/2019\/07\/57c53185-question-mark-1445990-640.jpg\",\"keywords\":[\"decad\u00eancia\",\"Direito Penal\",\"extin\u00e7\u00e3o da punibilidade\"],\"articleSection\":[\"Certo ou errado?\",\"Material de aula\",\"Perguntas e Respostas\"],\"inLanguage\":\"pt-BR\",\"potentialAction\":[{\"@type\":\"CommentAction\",\"name\":\"Comment\",\"target\":[\"https:\/\/meusitejuridico.editorajuspodivm.com.br\/2020\/03\/08\/o-prazo-decadencial-penal-comeca-fluir-no-dia-em-que-se-consuma-o-crime\/#respond\"]}]},{\"@type\":\"WebPage\",\"@id\":\"https:\/\/meusitejuridico.editorajuspodivm.com.br\/2020\/03\/08\/o-prazo-decadencial-penal-comeca-fluir-no-dia-em-que-se-consuma-o-crime\/\",\"url\":\"https:\/\/meusitejuridico.editorajuspodivm.com.br\/2020\/03\/08\/o-prazo-decadencial-penal-comeca-fluir-no-dia-em-que-se-consuma-o-crime\/\",\"name\":\"O prazo decadencial penal come\u00e7a a fluir no dia em que se consuma o crime - Meu site jur\u00eddico\",\"isPartOf\":{\"@id\":\"https:\/\/meusitejuridico.editorajuspodivm.com.br\/#website\"},\"primaryImageOfPage\":{\"@id\":\"https:\/\/meusitejuridico.editorajuspodivm.com.br\/2020\/03\/08\/o-prazo-decadencial-penal-comeca-fluir-no-dia-em-que-se-consuma-o-crime\/#primaryimage\"},\"image\":{\"@id\":\"https:\/\/meusitejuridico.editorajuspodivm.com.br\/2020\/03\/08\/o-prazo-decadencial-penal-comeca-fluir-no-dia-em-que-se-consuma-o-crime\/#primaryimage\"},\"thumbnailUrl\":\"https:\/\/meusitejuridico.com.br\/s.meusitejuridico\/2019\/07\/57c53185-question-mark-1445990-640.jpg\",\"datePublished\":\"2020-03-08T11:30:37+00:00\",\"breadcrumb\":{\"@id\":\"https:\/\/meusitejuridico.editorajuspodivm.com.br\/2020\/03\/08\/o-prazo-decadencial-penal-comeca-fluir-no-dia-em-que-se-consuma-o-crime\/#breadcrumb\"},\"inLanguage\":\"pt-BR\",\"potentialAction\":[{\"@type\":\"ReadAction\",\"target\":[\"https:\/\/meusitejuridico.editorajuspodivm.com.br\/2020\/03\/08\/o-prazo-decadencial-penal-comeca-fluir-no-dia-em-que-se-consuma-o-crime\/\"]}]},{\"@type\":\"ImageObject\",\"inLanguage\":\"pt-BR\",\"@id\":\"https:\/\/meusitejuridico.editorajuspodivm.com.br\/2020\/03\/08\/o-prazo-decadencial-penal-comeca-fluir-no-dia-em-que-se-consuma-o-crime\/#primaryimage\",\"url\":\"https:\/\/meusitejuridico.com.br\/s.meusitejuridico\/2019\/07\/57c53185-question-mark-1445990-640.jpg\",\"contentUrl\":\"https:\/\/meusitejuridico.com.br\/s.meusitejuridico\/2019\/07\/57c53185-question-mark-1445990-640.jpg\",\"width\":640,\"height\":480},{\"@type\":\"BreadcrumbList\",\"@id\":\"https:\/\/meusitejuridico.editorajuspodivm.com.br\/2020\/03\/08\/o-prazo-decadencial-penal-comeca-fluir-no-dia-em-que-se-consuma-o-crime\/#breadcrumb\",\"itemListElement\":[{\"@type\":\"ListItem\",\"position\":1,\"name\":\"In\u00edcio\",\"item\":\"https:\/\/meusitejuridico.editorajuspodivm.com.br\/\"},{\"@type\":\"ListItem\",\"position\":2,\"name\":\"O prazo decadencial penal come\u00e7a a fluir no dia em que se consuma o crime\"}]},{\"@type\":\"WebSite\",\"@id\":\"https:\/\/meusitejuridico.editorajuspodivm.com.br\/#website\",\"url\":\"https:\/\/meusitejuridico.editorajuspodivm.com.br\/\",\"name\":\"Meu site jur\u00eddico\",\"description\":\"Meu site jur\u00eddico\",\"publisher\":{\"@id\":\"https:\/\/meusitejuridico.editorajuspodivm.com.br\/#organization\"},\"potentialAction\":[{\"@type\":\"SearchAction\",\"target\":{\"@type\":\"EntryPoint\",\"urlTemplate\":\"https:\/\/meusitejuridico.editorajuspodivm.com.br\/?s={search_term_string}\"},\"query-input\":{\"@type\":\"PropertyValueSpecification\",\"valueRequired\":true,\"valueName\":\"search_term_string\"}}],\"inLanguage\":\"pt-BR\"},{\"@type\":\"Organization\",\"@id\":\"https:\/\/meusitejuridico.editorajuspodivm.com.br\/#organization\",\"name\":\"Meu site jur\u00eddico\",\"url\":\"https:\/\/meusitejuridico.editorajuspodivm.com.br\/\",\"logo\":{\"@type\":\"ImageObject\",\"inLanguage\":\"pt-BR\",\"@id\":\"https:\/\/meusitejuridico.editorajuspodivm.com.br\/#\/schema\/logo\/image\/\",\"url\":\"https:\/\/meusitejuridico.com.br\/s.meusitejuridico\/2022\/03\/cropped-baeec2a3-msj-02-01-01.png\",\"contentUrl\":\"https:\/\/meusitejuridico.com.br\/s.meusitejuridico\/2022\/03\/cropped-baeec2a3-msj-02-01-01.png\",\"width\":349,\"height\":243,\"caption\":\"Meu site jur\u00eddico\"},\"image\":{\"@id\":\"https:\/\/meusitejuridico.editorajuspodivm.com.br\/#\/schema\/logo\/image\/\"}},{\"@type\":\"Person\",\"@id\":\"https:\/\/meusitejuridico.editorajuspodivm.com.br\/#\/schema\/person\/5c2237ac0c8ff03bcf1a09fe3e45dfce\",\"name\":\"Equipe Meu Site Jur\u00eddico\",\"image\":{\"@type\":\"ImageObject\",\"inLanguage\":\"pt-BR\",\"@id\":\"https:\/\/meusitejuridico.editorajuspodivm.com.br\/#\/schema\/person\/image\/\",\"url\":\"https:\/\/meusitejuridico.com.br\/s.meusitejuridico\/2020\/07\/6be289aa-logo-msj.png\",\"contentUrl\":\"https:\/\/meusitejuridico.com.br\/s.meusitejuridico\/2020\/07\/6be289aa-logo-msj.png\",\"caption\":\"Equipe Meu Site Jur\u00eddico\"},\"description\":\"Contem conosco!\",\"url\":\"https:\/\/meusitejuridico.com.br\/author\/equipe-meu-site-juridico\/\"}]}<\/script>\n<!-- \/ Yoast SEO plugin. -->","yoast_head_json":{"title":"O prazo decadencial penal come\u00e7a a fluir no dia em que se consuma o crime - Meu site jur\u00eddico","robots":{"index":"index","follow":"follow","max-snippet":"max-snippet:-1","max-image-preview":"max-image-preview:large","max-video-preview":"max-video-preview:-1"},"canonical":"https:\/\/meusitejuridico.editorajuspodivm.com.br\/2020\/03\/08\/o-prazo-decadencial-penal-comeca-fluir-no-dia-em-que-se-consuma-o-crime\/","og_locale":"pt_BR","og_type":"article","og_title":"O prazo decadencial penal come\u00e7a a fluir no dia em que se consuma o crime - Meu site jur\u00eddico","og_description":"ERRADO O prazo decadencial, salvo exce\u00e7\u00f5es previstas em lei, \u00e9 de seis meses e come\u00e7a a fluir da data em que o ofendido toma conhecimento sobre quem \u00e9 o autor do il\u00edcito penal. Trata-se de prazo fatal, improrrog\u00e1vel, n\u00e3o se sujeitando a nenhuma esp\u00e9cie de suspens\u00e3o ou interrup\u00e7\u00e3o. De sorte que a v\u00edtima (ou seu [&hellip;]","og_url":"https:\/\/meusitejuridico.editorajuspodivm.com.br\/2020\/03\/08\/o-prazo-decadencial-penal-comeca-fluir-no-dia-em-que-se-consuma-o-crime\/","og_site_name":"Meu site jur\u00eddico","article_published_time":"2020-03-08T11:30:37+00:00","og_image":[{"width":640,"height":480,"url":"https:\/\/meusitejuridico.editorajuspodivm.com.br\/s.meusitejuridico\/2019\/07\/57c53185-question-mark-1445990-640.jpg","type":"image\/jpeg"}],"author":"Equipe Meu Site Jur\u00eddico","twitter_card":"summary_large_image","twitter_misc":{"Escrito por":"Equipe Meu Site Jur\u00eddico","Est. tempo de leitura":"1 minuto"},"schema":{"@context":"https:\/\/schema.org","@graph":[{"@type":"Article","@id":"https:\/\/meusitejuridico.editorajuspodivm.com.br\/2020\/03\/08\/o-prazo-decadencial-penal-comeca-fluir-no-dia-em-que-se-consuma-o-crime\/#article","isPartOf":{"@id":"https:\/\/meusitejuridico.editorajuspodivm.com.br\/2020\/03\/08\/o-prazo-decadencial-penal-comeca-fluir-no-dia-em-que-se-consuma-o-crime\/"},"author":{"name":"Equipe Meu Site Jur\u00eddico","@id":"https:\/\/meusitejuridico.editorajuspodivm.com.br\/#\/schema\/person\/5c2237ac0c8ff03bcf1a09fe3e45dfce"},"headline":"O prazo decadencial penal come\u00e7a a fluir no dia em que se consuma o crime","datePublished":"2020-03-08T11:30:37+00:00","mainEntityOfPage":{"@id":"https:\/\/meusitejuridico.editorajuspodivm.com.br\/2020\/03\/08\/o-prazo-decadencial-penal-comeca-fluir-no-dia-em-que-se-consuma-o-crime\/"},"wordCount":209,"commentCount":0,"publisher":{"@id":"https:\/\/meusitejuridico.editorajuspodivm.com.br\/#organization"},"image":{"@id":"https:\/\/meusitejuridico.editorajuspodivm.com.br\/2020\/03\/08\/o-prazo-decadencial-penal-comeca-fluir-no-dia-em-que-se-consuma-o-crime\/#primaryimage"},"thumbnailUrl":"https:\/\/meusitejuridico.com.br\/s.meusitejuridico\/2019\/07\/57c53185-question-mark-1445990-640.jpg","keywords":["decad\u00eancia","Direito Penal","extin\u00e7\u00e3o da punibilidade"],"articleSection":["Certo ou errado?","Material de aula","Perguntas e Respostas"],"inLanguage":"pt-BR","potentialAction":[{"@type":"CommentAction","name":"Comment","target":["https:\/\/meusitejuridico.editorajuspodivm.com.br\/2020\/03\/08\/o-prazo-decadencial-penal-comeca-fluir-no-dia-em-que-se-consuma-o-crime\/#respond"]}]},{"@type":"WebPage","@id":"https:\/\/meusitejuridico.editorajuspodivm.com.br\/2020\/03\/08\/o-prazo-decadencial-penal-comeca-fluir-no-dia-em-que-se-consuma-o-crime\/","url":"https:\/\/meusitejuridico.editorajuspodivm.com.br\/2020\/03\/08\/o-prazo-decadencial-penal-comeca-fluir-no-dia-em-que-se-consuma-o-crime\/","name":"O prazo decadencial penal come\u00e7a a fluir no dia em que se consuma o crime - Meu site jur\u00eddico","isPartOf":{"@id":"https:\/\/meusitejuridico.editorajuspodivm.com.br\/#website"},"primaryImageOfPage":{"@id":"https:\/\/meusitejuridico.editorajuspodivm.com.br\/2020\/03\/08\/o-prazo-decadencial-penal-comeca-fluir-no-dia-em-que-se-consuma-o-crime\/#primaryimage"},"image":{"@id":"https:\/\/meusitejuridico.editorajuspodivm.com.br\/2020\/03\/08\/o-prazo-decadencial-penal-comeca-fluir-no-dia-em-que-se-consuma-o-crime\/#primaryimage"},"thumbnailUrl":"https:\/\/meusitejuridico.com.br\/s.meusitejuridico\/2019\/07\/57c53185-question-mark-1445990-640.jpg","datePublished":"2020-03-08T11:30:37+00:00","breadcrumb":{"@id":"https:\/\/meusitejuridico.editorajuspodivm.com.br\/2020\/03\/08\/o-prazo-decadencial-penal-comeca-fluir-no-dia-em-que-se-consuma-o-crime\/#breadcrumb"},"inLanguage":"pt-BR","potentialAction":[{"@type":"ReadAction","target":["https:\/\/meusitejuridico.editorajuspodivm.com.br\/2020\/03\/08\/o-prazo-decadencial-penal-comeca-fluir-no-dia-em-que-se-consuma-o-crime\/"]}]},{"@type":"ImageObject","inLanguage":"pt-BR","@id":"https:\/\/meusitejuridico.editorajuspodivm.com.br\/2020\/03\/08\/o-prazo-decadencial-penal-comeca-fluir-no-dia-em-que-se-consuma-o-crime\/#primaryimage","url":"https:\/\/meusitejuridico.com.br\/s.meusitejuridico\/2019\/07\/57c53185-question-mark-1445990-640.jpg","contentUrl":"https:\/\/meusitejuridico.com.br\/s.meusitejuridico\/2019\/07\/57c53185-question-mark-1445990-640.jpg","width":640,"height":480},{"@type":"BreadcrumbList","@id":"https:\/\/meusitejuridico.editorajuspodivm.com.br\/2020\/03\/08\/o-prazo-decadencial-penal-comeca-fluir-no-dia-em-que-se-consuma-o-crime\/#breadcrumb","itemListElement":[{"@type":"ListItem","position":1,"name":"In\u00edcio","item":"https:\/\/meusitejuridico.editorajuspodivm.com.br\/"},{"@type":"ListItem","position":2,"name":"O prazo decadencial penal come\u00e7a a fluir no dia em que se consuma o crime"}]},{"@type":"WebSite","@id":"https:\/\/meusitejuridico.editorajuspodivm.com.br\/#website","url":"https:\/\/meusitejuridico.editorajuspodivm.com.br\/","name":"Meu site jur\u00eddico","description":"Meu site jur\u00eddico","publisher":{"@id":"https:\/\/meusitejuridico.editorajuspodivm.com.br\/#organization"},"potentialAction":[{"@type":"SearchAction","target":{"@type":"EntryPoint","urlTemplate":"https:\/\/meusitejuridico.editorajuspodivm.com.br\/?s={search_term_string}"},"query-input":{"@type":"PropertyValueSpecification","valueRequired":true,"valueName":"search_term_string"}}],"inLanguage":"pt-BR"},{"@type":"Organization","@id":"https:\/\/meusitejuridico.editorajuspodivm.com.br\/#organization","name":"Meu site jur\u00eddico","url":"https:\/\/meusitejuridico.editorajuspodivm.com.br\/","logo":{"@type":"ImageObject","inLanguage":"pt-BR","@id":"https:\/\/meusitejuridico.editorajuspodivm.com.br\/#\/schema\/logo\/image\/","url":"https:\/\/meusitejuridico.com.br\/s.meusitejuridico\/2022\/03\/cropped-baeec2a3-msj-02-01-01.png","contentUrl":"https:\/\/meusitejuridico.com.br\/s.meusitejuridico\/2022\/03\/cropped-baeec2a3-msj-02-01-01.png","width":349,"height":243,"caption":"Meu site jur\u00eddico"},"image":{"@id":"https:\/\/meusitejuridico.editorajuspodivm.com.br\/#\/schema\/logo\/image\/"}},{"@type":"Person","@id":"https:\/\/meusitejuridico.editorajuspodivm.com.br\/#\/schema\/person\/5c2237ac0c8ff03bcf1a09fe3e45dfce","name":"Equipe Meu Site Jur\u00eddico","image":{"@type":"ImageObject","inLanguage":"pt-BR","@id":"https:\/\/meusitejuridico.editorajuspodivm.com.br\/#\/schema\/person\/image\/","url":"https:\/\/meusitejuridico.com.br\/s.meusitejuridico\/2020\/07\/6be289aa-logo-msj.png","contentUrl":"https:\/\/meusitejuridico.com.br\/s.meusitejuridico\/2020\/07\/6be289aa-logo-msj.png","caption":"Equipe Meu Site Jur\u00eddico"},"description":"Contem conosco!","url":"https:\/\/meusitejuridico.com.br\/author\/equipe-meu-site-juridico\/"}]}},"_links":{"self":[{"href":"https:\/\/meusitejuridico.com.br\/api\/wp\/v2\/posts\/10415","targetHints":{"allow":["GET"]}}],"collection":[{"href":"https:\/\/meusitejuridico.com.br\/api\/wp\/v2\/posts"}],"about":[{"href":"https:\/\/meusitejuridico.com.br\/api\/wp\/v2\/types\/post"}],"author":[{"embeddable":true,"href":"https:\/\/meusitejuridico.com.br\/api\/wp\/v2\/users\/7"}],"replies":[{"embeddable":true,"href":"https:\/\/meusitejuridico.com.br\/api\/wp\/v2\/comments?post=10415"}],"version-history":[{"count":3,"href":"https:\/\/meusitejuridico.com.br\/api\/wp\/v2\/posts\/10415\/revisions"}],"predecessor-version":[{"id":10418,"href":"https:\/\/meusitejuridico.com.br\/api\/wp\/v2\/posts\/10415\/revisions\/10418"}],"wp:featuredmedia":[{"embeddable":true,"href":"https:\/\/meusitejuridico.com.br\/api\/wp\/v2\/media\/8856"}],"wp:attachment":[{"href":"https:\/\/meusitejuridico.com.br\/api\/wp\/v2\/media?parent=10415"}],"wp:term":[{"taxonomy":"category","embeddable":true,"href":"https:\/\/meusitejuridico.com.br\/api\/wp\/v2\/categories?post=10415"},{"taxonomy":"post_tag","embeddable":true,"href":"https:\/\/meusitejuridico.com.br\/api\/wp\/v2\/tags?post=10415"}],"curies":[{"name":"wp","href":"https:\/\/api.w.org\/{rel}","templated":true}]}}