{"id":12157,"date":"2020-10-18T14:00:16","date_gmt":"2020-10-18T16:00:16","guid":{"rendered":"https:\/\/meusitejuridico.editorajuspodivm.com.br\/?p=12157"},"modified":"2022-01-18T16:23:33","modified_gmt":"2022-01-18T19:23:33","slug":"incidencia-da-causa-de-aumento-prevista-no-art-40-iii-da-lei-de-drogas-o-que-entendem-stf-e-stj","status":"publish","type":"post","link":"https:\/\/meusitejuridico.com.br\/2020\/10\/18\/incidencia-da-causa-de-aumento-prevista-no-art-40-iii-da-lei-de-drogas-o-que-entendem-stf-e-stj\/","title":{"rendered":"Incid\u00eancia da causa de aumento prevista no art. 40, III, da Lei de Drogas: o que entendem STF e STJ?"},"content":{"rendered":"<p>O art. 40 da Lei n. 11.343\/2006 (Lei de Drogas) prev\u00ea as <strong>causas de aumento<\/strong> para os delitos cometidos entre os arts. 33 a 37 do diploma legal. Segundo o inciso III do dispositivo, as penas previstas nos arts. 33 a 37 desta Lei s\u00e3o aumentadas de um sexto (1\/6) a dois ter\u00e7os (2\/3), se:<\/p>\n<p style=\"padding-left: 60px;\">\u201c<strong>Art. 40.<\/strong><\/p>\n<p style=\"padding-left: 60px;\">(&#8230;)<\/p>\n<p style=\"padding-left: 60px;\">III &#8211; a infra\u00e7\u00e3o tiver sido cometida nas depend\u00eancias ou imedia\u00e7\u00f5es de estabelecimentos prisionais, de ensino ou hospitalares, de sedes de entidades estudantis, sociais, culturais, recreativas, esportivas, ou beneficentes, de locais de trabalho coletivo, de recintos onde se realizem espet\u00e1culos ou divers\u00f5es de qualquer natureza, de servi\u00e7os de tratamento de dependentes de drogas ou de reinser\u00e7\u00e3o social, de unidades militares ou policiais ou em transportes p\u00fablicos;\u201d<\/p>\n<p>Cumpre registrar que para <strong>Renato Brasileiro de Lima<\/strong> (<em>Legisla\u00e7\u00e3o Criminal Especial Comentada<\/em>. Salvador: Juspodivm, 2020, p. 1099) o rol acima \u00e9 taxativo, mas para o STJ se est\u00e1 diante de rol exemplificativo \u2013 ver AgRg no <strong>AREsp 868.826\/MG<\/strong>, Rel. Min. Ribeiro Dantas, Quinta Turma, julgado em 13\/12\/2018, DJe 19\/12\/2018; <strong>REsp 1255249\/MG<\/strong>, Rel. Min. Gilson Dipp, Quinta Turma, julgado em 17\/04\/2012, DJe 23\/04\/2012).<\/p>\n<p>A ess\u00eancia do dispositivo reside no aproveitamento de aglomera\u00e7\u00f5es nesses locais para a difus\u00e3o da droga. Logo, se foi cometido em dia e hor\u00e1rio (domingo de madrugada, por exemplo) em que o estabelecimento de ensino n\u00e3o estava em funcionamento, de modo a facilitar a pr\u00e1tica criminosa e a dissemina\u00e7\u00e3o de drogas em \u00e1rea de maior aglomera\u00e7\u00e3o de pessoas, n\u00e3o h\u00e1 falar em incid\u00eancia da majorante \u2013 vide nesse sentido: <strong>REsp 1719792\/MG,<\/strong> Rel. Min. Maria Thereza de Assis Moura, Sexta Turma, julgado em 13\/03\/2018, DJe 26\/03\/2018; <strong>HC 451.260\/ES<\/strong>, Rel. Min. Rogerio Schietti Cruz, Sexta Turma, julgado em 07\/08\/2018, DJe 21\/08\/2018)<\/p>\n<p><strong>Mas para a aplica\u00e7\u00e3o do inciso III basta que a infra\u00e7\u00e3o ocorra nas depend\u00eancias ou imedia\u00e7\u00f5es desses locais ou deve se destinar aos frequentadores desses recintos?<\/strong><\/p>\n<p>Para o STJ, no que se refere \u00e0 causa de aumento de pena descrita no inciso III, do art. 40 da Lei n. 11.343\/2006, \u00e9 suficiente que o crime tenha ocorrido nas imedia\u00e7\u00f5es dos locais especialmente protegidos, sendo, pois, desnecess\u00e1ria comprova\u00e7\u00e3o da efetiva mercancia aos frequentadores dessas localidades \u2013 <strong>AgRg no HC 583.833\/SP<\/strong>, Rel. Min. Felix Fischer, Quinta Turma, julgado em 18\/08\/2020, DJe 26\/08\/2020;\u00a0 <strong>AgRg no REsp 1873630\/SP<\/strong>, Rel. Min. Joel Ilan Paciornik, Quinta Turma, julgado em 01\/09\/2020, DJe 09\/09\/2020).<\/p>\n<p>Entende-se que para a incid\u00eancia da majorante prevista no artigo 40, III, da Lei 11.343\/2006, \u00e9 suficiente que o tr\u00e1fico de drogas tenha sido praticado nas imedia\u00e7\u00f5es dos locais especialmente protegidos pela norma, sendo desnecess\u00e1rio que a mercancia tenha como alvo os frequentadores destes estabelecimentos (<strong>AgRg no HC 576.920\/SC<\/strong>, Rel. Min. Ribeiro Dantas, Quinta Turma, julgado em 04\/08\/2020, DJe 13\/08\/2020; <strong>AgRg no REsp 1873170\/SP<\/strong>, Rel. Ministro Jorge Mussi, Quinta Turma, julgado em 23\/06\/2020, DJe 04\/08\/2020).<\/p>\n<p>Tamb\u00e9m para o STF, \u201ccomprovado o tr\u00e1fico em local pr\u00f3ximo a estabelecimento de ensino, tem-se vi\u00e1vel a incid\u00eancia da causa de aumento prevista no inciso III do artigo 40 da Lei n\u00ba 11.343\/2006.\u201d (<strong>HC 180958\/SP<\/strong>, Rel. Min. Marco Aur\u00e9lio, Primeira Turma, julgado em 08\/06\/2020, 23\/06\/2020; <strong>HC 176296\/SP<\/strong>, Rel. Marco Aur\u00e9lio, Primeira Turma, julgado em 17\/03\/2020, DJe 23\/04\/2020)<\/p>\n<p>Dispensa-se, pois, a comprova\u00e7\u00e3o de que o indiv\u00edduo objetivava comercializar a droga com os frequentadores dos lugares indicados no inciso III do art. 40. De fato, o dispositivo s\u00f3 faz alus\u00e3o ao cometimento do delito nas \u201cdepend\u00eancias ou imedia\u00e7\u00f5es\u201d, n\u00e3o mencionando que o delito deve, necessariamente, ter como destinat\u00e1rios os frequentadores dos locais.\u00a0 A causa de aumento prevista no inciso III do art. 40 da Lei n. 11.343\/06 se d\u00e1, portanto, exclusivamente em fun\u00e7\u00e3o do lugar do cometimento do delito.<\/p>\n<p>***<\/p>\n<p><strong>Telegram<\/strong>:<strong>\u00a0<\/strong><a href=\"https:\/\/t.me\/pilulasjuridicasSTFSTJ\" target=\"_blank\" rel=\"noopener\"><strong>https:\/\/t.me\/pilulasjuridicasSTFSTJ<\/strong><\/a><\/p>\n<p>&nbsp;<\/p>\n","protected":false},"excerpt":{"rendered":"<p>O art. 40 da Lei n. 11.343\/2006 (Lei de Drogas) prev\u00ea as causas de aumento para os delitos cometidos entre os arts. 33 a 37 do diploma legal. Segundo o inciso III do dispositivo, as penas previstas nos arts. 33 a 37 desta Lei s\u00e3o aumentadas de um sexto (1\/6) a dois ter\u00e7os (2\/3), se: [&hellip;]<\/p>\n","protected":false},"author":131,"featured_media":8623,"comment_status":"open","ping_status":"open","sticky":false,"template":"","format":"standard","meta":{"_acf_changed":false,"footnotes":""},"categories":[75,79,80],"tags":[107,1958,153,334],"class_list":["post-12157","post","type-post","status-publish","format-standard","has-post-thumbnail","hentry","category-jurisprudencia-comentada","category-informativos-stf","category-informativos-stj","tag-direito-penal","tag-lei-11-34306","tag-majorante","tag-trafico"],"acf":[],"yoast_head":"<!-- This site is optimized with the Yoast SEO plugin v24.8.1 - https:\/\/yoast.com\/wordpress\/plugins\/seo\/ -->\n<title>Incid\u00eancia da causa de aumento prevista no art. 40, III, da Lei de Drogas: o que entendem STF e STJ? - Meu site jur\u00eddico<\/title>\n<meta name=\"robots\" content=\"index, follow, max-snippet:-1, max-image-preview:large, max-video-preview:-1\" \/>\n<link rel=\"canonical\" href=\"https:\/\/meusitejuridico.com.br\/2020\/10\/18\/incidencia-da-causa-de-aumento-prevista-no-art-40-iii-da-lei-de-drogas-o-que-entendem-stf-e-stj\/\" \/>\n<meta property=\"og:locale\" content=\"pt_BR\" \/>\n<meta property=\"og:type\" content=\"article\" \/>\n<meta property=\"og:title\" content=\"Incid\u00eancia da causa de aumento prevista no art. 40, III, da Lei de Drogas: o que entendem STF e STJ? - Meu site jur\u00eddico\" \/>\n<meta property=\"og:description\" content=\"O art. 40 da Lei n. 11.343\/2006 (Lei de Drogas) prev\u00ea as causas de aumento para os delitos cometidos entre os arts. 33 a 37 do diploma legal. Segundo o inciso III do dispositivo, as penas previstas nos arts. 33 a 37 desta Lei s\u00e3o aumentadas de um sexto (1\/6) a dois ter\u00e7os (2\/3), se: [&hellip;]\" \/>\n<meta property=\"og:url\" content=\"https:\/\/meusitejuridico.com.br\/2020\/10\/18\/incidencia-da-causa-de-aumento-prevista-no-art-40-iii-da-lei-de-drogas-o-que-entendem-stf-e-stj\/\" \/>\n<meta property=\"og:site_name\" content=\"Meu site jur\u00eddico\" \/>\n<meta property=\"article:published_time\" content=\"2020-10-18T16:00:16+00:00\" \/>\n<meta property=\"article:modified_time\" content=\"2022-01-18T19:23:33+00:00\" \/>\n<meta property=\"og:image\" content=\"https:\/\/meusitejuridico.com.br\/s.meusitejuridico\/2019\/06\/5fdcebc0-whatsapp-image-2019-06-19-at-171429.jpeg\" \/>\n\t<meta property=\"og:image:width\" content=\"950\" \/>\n\t<meta property=\"og:image:height\" content=\"496\" \/>\n\t<meta property=\"og:image:type\" content=\"image\/jpeg\" \/>\n<meta name=\"author\" content=\"Rodrigo Leite\" \/>\n<meta name=\"twitter:card\" content=\"summary_large_image\" \/>\n<meta name=\"twitter:creator\" content=\"@rodrigocrleite\" \/>\n<meta name=\"twitter:label1\" content=\"Escrito por\" \/>\n\t<meta name=\"twitter:data1\" content=\"Rodrigo Leite\" \/>\n\t<meta name=\"twitter:label2\" content=\"Est. tempo de leitura\" \/>\n\t<meta name=\"twitter:data2\" content=\"3 minutos\" \/>\n<script type=\"application\/ld+json\" class=\"yoast-schema-graph\">{\"@context\":\"https:\/\/schema.org\",\"@graph\":[{\"@type\":\"Article\",\"@id\":\"https:\/\/meusitejuridico.com.br\/2020\/10\/18\/incidencia-da-causa-de-aumento-prevista-no-art-40-iii-da-lei-de-drogas-o-que-entendem-stf-e-stj\/#article\",\"isPartOf\":{\"@id\":\"https:\/\/meusitejuridico.com.br\/2020\/10\/18\/incidencia-da-causa-de-aumento-prevista-no-art-40-iii-da-lei-de-drogas-o-que-entendem-stf-e-stj\/\"},\"author\":{\"name\":\"Rodrigo Leite\",\"@id\":\"https:\/\/meusitejuridico.editorajuspodivm.com.br\/#\/schema\/person\/ae56313f17950dccef13d0989efd6d50\"},\"headline\":\"Incid\u00eancia da causa de aumento prevista no art. 40, III, da Lei de Drogas: o que entendem STF e STJ?\",\"datePublished\":\"2020-10-18T16:00:16+00:00\",\"dateModified\":\"2022-01-18T19:23:33+00:00\",\"mainEntityOfPage\":{\"@id\":\"https:\/\/meusitejuridico.com.br\/2020\/10\/18\/incidencia-da-causa-de-aumento-prevista-no-art-40-iii-da-lei-de-drogas-o-que-entendem-stf-e-stj\/\"},\"wordCount\":628,\"commentCount\":0,\"publisher\":{\"@id\":\"https:\/\/meusitejuridico.editorajuspodivm.com.br\/#organization\"},\"image\":{\"@id\":\"https:\/\/meusitejuridico.com.br\/2020\/10\/18\/incidencia-da-causa-de-aumento-prevista-no-art-40-iii-da-lei-de-drogas-o-que-entendem-stf-e-stj\/#primaryimage\"},\"thumbnailUrl\":\"https:\/\/meusitejuridico.com.br\/s.meusitejuridico\/2019\/06\/5fdcebc0-whatsapp-image-2019-06-19-at-171429.jpeg\",\"keywords\":[\"Direito Penal\",\"Lei 11.343\/06\",\"majorante\",\"tr\u00e1fico\"],\"articleSection\":[\"Jurisprud\u00eancia\",\"STF\",\"STJ\"],\"inLanguage\":\"pt-BR\",\"potentialAction\":[{\"@type\":\"CommentAction\",\"name\":\"Comment\",\"target\":[\"https:\/\/meusitejuridico.com.br\/2020\/10\/18\/incidencia-da-causa-de-aumento-prevista-no-art-40-iii-da-lei-de-drogas-o-que-entendem-stf-e-stj\/#respond\"]}]},{\"@type\":\"WebPage\",\"@id\":\"https:\/\/meusitejuridico.com.br\/2020\/10\/18\/incidencia-da-causa-de-aumento-prevista-no-art-40-iii-da-lei-de-drogas-o-que-entendem-stf-e-stj\/\",\"url\":\"https:\/\/meusitejuridico.com.br\/2020\/10\/18\/incidencia-da-causa-de-aumento-prevista-no-art-40-iii-da-lei-de-drogas-o-que-entendem-stf-e-stj\/\",\"name\":\"Incid\u00eancia da causa de aumento prevista no art. 40, III, da Lei de Drogas: o que entendem STF e STJ? - Meu site jur\u00eddico\",\"isPartOf\":{\"@id\":\"https:\/\/meusitejuridico.editorajuspodivm.com.br\/#website\"},\"primaryImageOfPage\":{\"@id\":\"https:\/\/meusitejuridico.com.br\/2020\/10\/18\/incidencia-da-causa-de-aumento-prevista-no-art-40-iii-da-lei-de-drogas-o-que-entendem-stf-e-stj\/#primaryimage\"},\"image\":{\"@id\":\"https:\/\/meusitejuridico.com.br\/2020\/10\/18\/incidencia-da-causa-de-aumento-prevista-no-art-40-iii-da-lei-de-drogas-o-que-entendem-stf-e-stj\/#primaryimage\"},\"thumbnailUrl\":\"https:\/\/meusitejuridico.com.br\/s.meusitejuridico\/2019\/06\/5fdcebc0-whatsapp-image-2019-06-19-at-171429.jpeg\",\"datePublished\":\"2020-10-18T16:00:16+00:00\",\"dateModified\":\"2022-01-18T19:23:33+00:00\",\"breadcrumb\":{\"@id\":\"https:\/\/meusitejuridico.com.br\/2020\/10\/18\/incidencia-da-causa-de-aumento-prevista-no-art-40-iii-da-lei-de-drogas-o-que-entendem-stf-e-stj\/#breadcrumb\"},\"inLanguage\":\"pt-BR\",\"potentialAction\":[{\"@type\":\"ReadAction\",\"target\":[\"https:\/\/meusitejuridico.com.br\/2020\/10\/18\/incidencia-da-causa-de-aumento-prevista-no-art-40-iii-da-lei-de-drogas-o-que-entendem-stf-e-stj\/\"]}]},{\"@type\":\"ImageObject\",\"inLanguage\":\"pt-BR\",\"@id\":\"https:\/\/meusitejuridico.com.br\/2020\/10\/18\/incidencia-da-causa-de-aumento-prevista-no-art-40-iii-da-lei-de-drogas-o-que-entendem-stf-e-stj\/#primaryimage\",\"url\":\"https:\/\/meusitejuridico.com.br\/s.meusitejuridico\/2019\/06\/5fdcebc0-whatsapp-image-2019-06-19-at-171429.jpeg\",\"contentUrl\":\"https:\/\/meusitejuridico.com.br\/s.meusitejuridico\/2019\/06\/5fdcebc0-whatsapp-image-2019-06-19-at-171429.jpeg\",\"width\":950,\"height\":496},{\"@type\":\"BreadcrumbList\",\"@id\":\"https:\/\/meusitejuridico.com.br\/2020\/10\/18\/incidencia-da-causa-de-aumento-prevista-no-art-40-iii-da-lei-de-drogas-o-que-entendem-stf-e-stj\/#breadcrumb\",\"itemListElement\":[{\"@type\":\"ListItem\",\"position\":1,\"name\":\"In\u00edcio\",\"item\":\"https:\/\/meusitejuridico.editorajuspodivm.com.br\/\"},{\"@type\":\"ListItem\",\"position\":2,\"name\":\"Incid\u00eancia da causa de aumento prevista no art. 40, III, da Lei de Drogas: o que entendem STF e STJ?\"}]},{\"@type\":\"WebSite\",\"@id\":\"https:\/\/meusitejuridico.editorajuspodivm.com.br\/#website\",\"url\":\"https:\/\/meusitejuridico.editorajuspodivm.com.br\/\",\"name\":\"Meu site jur\u00eddico\",\"description\":\"Meu site jur\u00eddico\",\"publisher\":{\"@id\":\"https:\/\/meusitejuridico.editorajuspodivm.com.br\/#organization\"},\"potentialAction\":[{\"@type\":\"SearchAction\",\"target\":{\"@type\":\"EntryPoint\",\"urlTemplate\":\"https:\/\/meusitejuridico.editorajuspodivm.com.br\/?s={search_term_string}\"},\"query-input\":{\"@type\":\"PropertyValueSpecification\",\"valueRequired\":true,\"valueName\":\"search_term_string\"}}],\"inLanguage\":\"pt-BR\"},{\"@type\":\"Organization\",\"@id\":\"https:\/\/meusitejuridico.editorajuspodivm.com.br\/#organization\",\"name\":\"Meu site jur\u00eddico\",\"url\":\"https:\/\/meusitejuridico.editorajuspodivm.com.br\/\",\"logo\":{\"@type\":\"ImageObject\",\"inLanguage\":\"pt-BR\",\"@id\":\"https:\/\/meusitejuridico.editorajuspodivm.com.br\/#\/schema\/logo\/image\/\",\"url\":\"https:\/\/meusitejuridico.com.br\/s.meusitejuridico\/2022\/03\/cropped-baeec2a3-msj-02-01-01.png\",\"contentUrl\":\"https:\/\/meusitejuridico.com.br\/s.meusitejuridico\/2022\/03\/cropped-baeec2a3-msj-02-01-01.png\",\"width\":349,\"height\":243,\"caption\":\"Meu site jur\u00eddico\"},\"image\":{\"@id\":\"https:\/\/meusitejuridico.editorajuspodivm.com.br\/#\/schema\/logo\/image\/\"}},{\"@type\":\"Person\",\"@id\":\"https:\/\/meusitejuridico.editorajuspodivm.com.br\/#\/schema\/person\/ae56313f17950dccef13d0989efd6d50\",\"name\":\"Rodrigo Leite\",\"image\":{\"@type\":\"ImageObject\",\"inLanguage\":\"pt-BR\",\"@id\":\"https:\/\/meusitejuridico.editorajuspodivm.com.br\/#\/schema\/person\/image\/\",\"url\":\"https:\/\/meusitejuridico.com.br\/s.meusitejuridico\/2021\/05\/8455192b-foto-site-rodrigo-leite-150x150.jpeg\",\"contentUrl\":\"https:\/\/meusitejuridico.com.br\/s.meusitejuridico\/2021\/05\/8455192b-foto-site-rodrigo-leite-150x150.jpeg\",\"caption\":\"Rodrigo Leite\"},\"description\":\"Coautor do livro \u201cAn\u00e1lise das Diverg\u00eancias Jurisprudenciais no STF e STJ\u201d, Editora Juspodivm. Autor do livro \u201cTombamento \u2013 Vol. 36 \u2013 Cole\u00e7\u00e3o Leis Especiais para Concursos\u201d, Editora Juspodivm. Autor do livro \u201cDesapropria\u00e7\u00e3o \u2013 Vol. 39 \u2013 Cole\u00e7\u00e3o Especiais para Concursos\u201d, Editora Juspodivm. Coautor do livro \u201cSaberes Jurisprudenciais\u201d, Editora Saraiva. Coorganizador do livro \u201cCPC na Jurisprud\u00eancia\\\", Editora Foco. Especialista em Direito P\u00fablico e Direito Processual Civil. Mestre em Direito Constitucional. Professor da P\u00f3s-gradua\u00e7\u00e3o em Direito Civil da Rede Anhaguera-Kroton. M\u00e1ster Universit\u00e1rio em Direito Constitucional pela Universidad Del Pa\u00eds Vasco, San Sebasti\u00e1n, Espanha. Advogado licenciado. Analista Judici\u00e1rio do TJRN. Assessor de Desembargador do TJRN.\",\"sameAs\":[\"https:\/\/www.editorajuspodivm.com.br\/autores\/detalhe\/85\",\"https:\/\/www.instagram.com\/rodrigocrleite\/\",\"https:\/\/x.com\/rodrigocrleite\"],\"url\":\"https:\/\/meusitejuridico.com.br\/author\/rodrigoleiterodrigoleite\/\"}]}<\/script>\n<!-- \/ Yoast SEO plugin. -->","yoast_head_json":{"title":"Incid\u00eancia da causa de aumento prevista no art. 40, III, da Lei de Drogas: o que entendem STF e STJ? - Meu site jur\u00eddico","robots":{"index":"index","follow":"follow","max-snippet":"max-snippet:-1","max-image-preview":"max-image-preview:large","max-video-preview":"max-video-preview:-1"},"canonical":"https:\/\/meusitejuridico.com.br\/2020\/10\/18\/incidencia-da-causa-de-aumento-prevista-no-art-40-iii-da-lei-de-drogas-o-que-entendem-stf-e-stj\/","og_locale":"pt_BR","og_type":"article","og_title":"Incid\u00eancia da causa de aumento prevista no art. 40, III, da Lei de Drogas: o que entendem STF e STJ? - Meu site jur\u00eddico","og_description":"O art. 40 da Lei n. 11.343\/2006 (Lei de Drogas) prev\u00ea as causas de aumento para os delitos cometidos entre os arts. 33 a 37 do diploma legal. Segundo o inciso III do dispositivo, as penas previstas nos arts. 33 a 37 desta Lei s\u00e3o aumentadas de um sexto (1\/6) a dois ter\u00e7os (2\/3), se: [&hellip;]","og_url":"https:\/\/meusitejuridico.com.br\/2020\/10\/18\/incidencia-da-causa-de-aumento-prevista-no-art-40-iii-da-lei-de-drogas-o-que-entendem-stf-e-stj\/","og_site_name":"Meu site jur\u00eddico","article_published_time":"2020-10-18T16:00:16+00:00","article_modified_time":"2022-01-18T19:23:33+00:00","og_image":[{"width":950,"height":496,"url":"https:\/\/meusitejuridico.com.br\/s.meusitejuridico\/2019\/06\/5fdcebc0-whatsapp-image-2019-06-19-at-171429.jpeg","type":"image\/jpeg"}],"author":"Rodrigo Leite","twitter_card":"summary_large_image","twitter_creator":"@rodrigocrleite","twitter_misc":{"Escrito por":"Rodrigo Leite","Est. tempo de leitura":"3 minutos"},"schema":{"@context":"https:\/\/schema.org","@graph":[{"@type":"Article","@id":"https:\/\/meusitejuridico.com.br\/2020\/10\/18\/incidencia-da-causa-de-aumento-prevista-no-art-40-iii-da-lei-de-drogas-o-que-entendem-stf-e-stj\/#article","isPartOf":{"@id":"https:\/\/meusitejuridico.com.br\/2020\/10\/18\/incidencia-da-causa-de-aumento-prevista-no-art-40-iii-da-lei-de-drogas-o-que-entendem-stf-e-stj\/"},"author":{"name":"Rodrigo Leite","@id":"https:\/\/meusitejuridico.editorajuspodivm.com.br\/#\/schema\/person\/ae56313f17950dccef13d0989efd6d50"},"headline":"Incid\u00eancia da causa de aumento prevista no art. 40, III, da Lei de Drogas: o que entendem STF e STJ?","datePublished":"2020-10-18T16:00:16+00:00","dateModified":"2022-01-18T19:23:33+00:00","mainEntityOfPage":{"@id":"https:\/\/meusitejuridico.com.br\/2020\/10\/18\/incidencia-da-causa-de-aumento-prevista-no-art-40-iii-da-lei-de-drogas-o-que-entendem-stf-e-stj\/"},"wordCount":628,"commentCount":0,"publisher":{"@id":"https:\/\/meusitejuridico.editorajuspodivm.com.br\/#organization"},"image":{"@id":"https:\/\/meusitejuridico.com.br\/2020\/10\/18\/incidencia-da-causa-de-aumento-prevista-no-art-40-iii-da-lei-de-drogas-o-que-entendem-stf-e-stj\/#primaryimage"},"thumbnailUrl":"https:\/\/meusitejuridico.com.br\/s.meusitejuridico\/2019\/06\/5fdcebc0-whatsapp-image-2019-06-19-at-171429.jpeg","keywords":["Direito Penal","Lei 11.343\/06","majorante","tr\u00e1fico"],"articleSection":["Jurisprud\u00eancia","STF","STJ"],"inLanguage":"pt-BR","potentialAction":[{"@type":"CommentAction","name":"Comment","target":["https:\/\/meusitejuridico.com.br\/2020\/10\/18\/incidencia-da-causa-de-aumento-prevista-no-art-40-iii-da-lei-de-drogas-o-que-entendem-stf-e-stj\/#respond"]}]},{"@type":"WebPage","@id":"https:\/\/meusitejuridico.com.br\/2020\/10\/18\/incidencia-da-causa-de-aumento-prevista-no-art-40-iii-da-lei-de-drogas-o-que-entendem-stf-e-stj\/","url":"https:\/\/meusitejuridico.com.br\/2020\/10\/18\/incidencia-da-causa-de-aumento-prevista-no-art-40-iii-da-lei-de-drogas-o-que-entendem-stf-e-stj\/","name":"Incid\u00eancia da causa de aumento prevista no art. 40, III, da Lei de Drogas: o que entendem STF e STJ? - Meu site jur\u00eddico","isPartOf":{"@id":"https:\/\/meusitejuridico.editorajuspodivm.com.br\/#website"},"primaryImageOfPage":{"@id":"https:\/\/meusitejuridico.com.br\/2020\/10\/18\/incidencia-da-causa-de-aumento-prevista-no-art-40-iii-da-lei-de-drogas-o-que-entendem-stf-e-stj\/#primaryimage"},"image":{"@id":"https:\/\/meusitejuridico.com.br\/2020\/10\/18\/incidencia-da-causa-de-aumento-prevista-no-art-40-iii-da-lei-de-drogas-o-que-entendem-stf-e-stj\/#primaryimage"},"thumbnailUrl":"https:\/\/meusitejuridico.com.br\/s.meusitejuridico\/2019\/06\/5fdcebc0-whatsapp-image-2019-06-19-at-171429.jpeg","datePublished":"2020-10-18T16:00:16+00:00","dateModified":"2022-01-18T19:23:33+00:00","breadcrumb":{"@id":"https:\/\/meusitejuridico.com.br\/2020\/10\/18\/incidencia-da-causa-de-aumento-prevista-no-art-40-iii-da-lei-de-drogas-o-que-entendem-stf-e-stj\/#breadcrumb"},"inLanguage":"pt-BR","potentialAction":[{"@type":"ReadAction","target":["https:\/\/meusitejuridico.com.br\/2020\/10\/18\/incidencia-da-causa-de-aumento-prevista-no-art-40-iii-da-lei-de-drogas-o-que-entendem-stf-e-stj\/"]}]},{"@type":"ImageObject","inLanguage":"pt-BR","@id":"https:\/\/meusitejuridico.com.br\/2020\/10\/18\/incidencia-da-causa-de-aumento-prevista-no-art-40-iii-da-lei-de-drogas-o-que-entendem-stf-e-stj\/#primaryimage","url":"https:\/\/meusitejuridico.com.br\/s.meusitejuridico\/2019\/06\/5fdcebc0-whatsapp-image-2019-06-19-at-171429.jpeg","contentUrl":"https:\/\/meusitejuridico.com.br\/s.meusitejuridico\/2019\/06\/5fdcebc0-whatsapp-image-2019-06-19-at-171429.jpeg","width":950,"height":496},{"@type":"BreadcrumbList","@id":"https:\/\/meusitejuridico.com.br\/2020\/10\/18\/incidencia-da-causa-de-aumento-prevista-no-art-40-iii-da-lei-de-drogas-o-que-entendem-stf-e-stj\/#breadcrumb","itemListElement":[{"@type":"ListItem","position":1,"name":"In\u00edcio","item":"https:\/\/meusitejuridico.editorajuspodivm.com.br\/"},{"@type":"ListItem","position":2,"name":"Incid\u00eancia da causa de aumento prevista no art. 40, III, da Lei de Drogas: o que entendem STF e STJ?"}]},{"@type":"WebSite","@id":"https:\/\/meusitejuridico.editorajuspodivm.com.br\/#website","url":"https:\/\/meusitejuridico.editorajuspodivm.com.br\/","name":"Meu site jur\u00eddico","description":"Meu site jur\u00eddico","publisher":{"@id":"https:\/\/meusitejuridico.editorajuspodivm.com.br\/#organization"},"potentialAction":[{"@type":"SearchAction","target":{"@type":"EntryPoint","urlTemplate":"https:\/\/meusitejuridico.editorajuspodivm.com.br\/?s={search_term_string}"},"query-input":{"@type":"PropertyValueSpecification","valueRequired":true,"valueName":"search_term_string"}}],"inLanguage":"pt-BR"},{"@type":"Organization","@id":"https:\/\/meusitejuridico.editorajuspodivm.com.br\/#organization","name":"Meu site jur\u00eddico","url":"https:\/\/meusitejuridico.editorajuspodivm.com.br\/","logo":{"@type":"ImageObject","inLanguage":"pt-BR","@id":"https:\/\/meusitejuridico.editorajuspodivm.com.br\/#\/schema\/logo\/image\/","url":"https:\/\/meusitejuridico.com.br\/s.meusitejuridico\/2022\/03\/cropped-baeec2a3-msj-02-01-01.png","contentUrl":"https:\/\/meusitejuridico.com.br\/s.meusitejuridico\/2022\/03\/cropped-baeec2a3-msj-02-01-01.png","width":349,"height":243,"caption":"Meu site jur\u00eddico"},"image":{"@id":"https:\/\/meusitejuridico.editorajuspodivm.com.br\/#\/schema\/logo\/image\/"}},{"@type":"Person","@id":"https:\/\/meusitejuridico.editorajuspodivm.com.br\/#\/schema\/person\/ae56313f17950dccef13d0989efd6d50","name":"Rodrigo Leite","image":{"@type":"ImageObject","inLanguage":"pt-BR","@id":"https:\/\/meusitejuridico.editorajuspodivm.com.br\/#\/schema\/person\/image\/","url":"https:\/\/meusitejuridico.com.br\/s.meusitejuridico\/2021\/05\/8455192b-foto-site-rodrigo-leite-150x150.jpeg","contentUrl":"https:\/\/meusitejuridico.com.br\/s.meusitejuridico\/2021\/05\/8455192b-foto-site-rodrigo-leite-150x150.jpeg","caption":"Rodrigo Leite"},"description":"Coautor do livro \u201cAn\u00e1lise das Diverg\u00eancias Jurisprudenciais no STF e STJ\u201d, Editora Juspodivm. Autor do livro \u201cTombamento \u2013 Vol. 36 \u2013 Cole\u00e7\u00e3o Leis Especiais para Concursos\u201d, Editora Juspodivm. Autor do livro \u201cDesapropria\u00e7\u00e3o \u2013 Vol. 39 \u2013 Cole\u00e7\u00e3o Especiais para Concursos\u201d, Editora Juspodivm. Coautor do livro \u201cSaberes Jurisprudenciais\u201d, Editora Saraiva. Coorganizador do livro \u201cCPC na Jurisprud\u00eancia\", Editora Foco. Especialista em Direito P\u00fablico e Direito Processual Civil. Mestre em Direito Constitucional. Professor da P\u00f3s-gradua\u00e7\u00e3o em Direito Civil da Rede Anhaguera-Kroton. M\u00e1ster Universit\u00e1rio em Direito Constitucional pela Universidad Del Pa\u00eds Vasco, San Sebasti\u00e1n, Espanha. Advogado licenciado. Analista Judici\u00e1rio do TJRN. Assessor de Desembargador do TJRN.","sameAs":["https:\/\/www.editorajuspodivm.com.br\/autores\/detalhe\/85","https:\/\/www.instagram.com\/rodrigocrleite\/","https:\/\/x.com\/rodrigocrleite"],"url":"https:\/\/meusitejuridico.com.br\/author\/rodrigoleiterodrigoleite\/"}]}},"_links":{"self":[{"href":"https:\/\/meusitejuridico.com.br\/api\/wp\/v2\/posts\/12157","targetHints":{"allow":["GET"]}}],"collection":[{"href":"https:\/\/meusitejuridico.com.br\/api\/wp\/v2\/posts"}],"about":[{"href":"https:\/\/meusitejuridico.com.br\/api\/wp\/v2\/types\/post"}],"author":[{"embeddable":true,"href":"https:\/\/meusitejuridico.com.br\/api\/wp\/v2\/users\/131"}],"replies":[{"embeddable":true,"href":"https:\/\/meusitejuridico.com.br\/api\/wp\/v2\/comments?post=12157"}],"version-history":[{"count":1,"href":"https:\/\/meusitejuridico.com.br\/api\/wp\/v2\/posts\/12157\/revisions"}],"predecessor-version":[{"id":12158,"href":"https:\/\/meusitejuridico.com.br\/api\/wp\/v2\/posts\/12157\/revisions\/12158"}],"wp:featuredmedia":[{"embeddable":true,"href":"https:\/\/meusitejuridico.com.br\/api\/wp\/v2\/media\/8623"}],"wp:attachment":[{"href":"https:\/\/meusitejuridico.com.br\/api\/wp\/v2\/media?parent=12157"}],"wp:term":[{"taxonomy":"category","embeddable":true,"href":"https:\/\/meusitejuridico.com.br\/api\/wp\/v2\/categories?post=12157"},{"taxonomy":"post_tag","embeddable":true,"href":"https:\/\/meusitejuridico.com.br\/api\/wp\/v2\/tags?post=12157"}],"curies":[{"name":"wp","href":"https:\/\/api.w.org\/{rel}","templated":true}]}}