{"id":12690,"date":"2021-01-16T09:30:53","date_gmt":"2021-01-16T11:30:53","guid":{"rendered":"https:\/\/meusitejuridico.editorajuspodivm.com.br\/?p=12690"},"modified":"2021-01-18T08:56:45","modified_gmt":"2021-01-18T10:56:45","slug":"para-parcela-da-doutrina-brasileira-o-principio-da-personalidade-da-pena-nao-e-absoluto","status":"publish","type":"post","link":"https:\/\/meusitejuridico.com.br\/2021\/01\/16\/para-parcela-da-doutrina-brasileira-o-principio-da-personalidade-da-pena-nao-e-absoluto\/","title":{"rendered":"Para parcela da doutrina brasileira, o princ\u00edpio da personalidade da pena n\u00e3o \u00e9 absoluto"},"content":{"rendered":"<p><strong>CERTO<\/strong><\/p>\n<p>Discute-se se o princ\u00edpio da pessoalidade tem car\u00e1ter absoluto ou relativo. Para Fl\u00e1vio Monteiro de Barros, \u00e9 relativo, admitindo exce\u00e7\u00e3o prevista na pr\u00f3pria Constitui\u00e7\u00e3o, qual seja, a pena de perda de bens: \u201cA Magna Carta abre uma exce\u00e7\u00e3o a esse princ\u00edpio ao estatuir que a pena de perda de bens pode ser aplicada aos sucessores (<em>inter vivos<\/em> ou <em>causa mortis<\/em>) do condenado at\u00e9 o limite do patrim\u00f4nio transferido. \u00c9 ineg\u00e1vel o reflexo da condena\u00e7\u00e3o aos familiares do detento, que se v\u00eaem privados de seu conv\u00edvio e de seu apoio econ\u00f4mico. Visando amenizar esse inconveniente efeito, a nossa legisla\u00e7\u00e3o consagra o direito de visita ao preso e o aux\u00edlio-reclus\u00e3o aos dependentes do condenado\u201d (<em>Direito Penal \u2013 Parte Geral<\/em>, p. 435). Ousamos discordar. O princ\u00edpio deve ser encarado como garantia absoluta do cidad\u00e3o. A perda de bens, referida no art. 5\u00ba, XLV, da CF\/88, na verdade n\u00e3o \u00e9 pena, mas efeito da senten\u00e7a, uma obriga\u00e7\u00e3o. Nesse sentido ensinam Luiz Fl\u00e1vio Gomes e Antonio Garc\u00eda-Pablos de Molina: \u201cA pena n\u00e3o pode passar da pessoa do condenado (CF, art. 5\u00ba, XLV). A pris\u00e3o n\u00e3o passa ao sucessor do condenado. E a multa? Tampouco passa aos herdeiros [pois, apesar de executada como d\u00edvida ativa, n\u00e3o perde seu car\u00e1ter penal]. Quais obriga\u00e7\u00f5es passam aos sucessores? Duas obriga\u00e7\u00f5es somente obrigam os sucessores: (A) obriga\u00e7\u00e3o de indenizar (nos limites da heran\u00e7a) e (B) obriga\u00e7\u00e3o de respeitar o perdimento de bens (confisco, <em>v.g.<\/em>)\u201d (<em>Direito Penal \u2013 Parte Geral<\/em>, p. 511).<\/p>\n","protected":false},"excerpt":{"rendered":"<p>CERTO Discute-se se o princ\u00edpio da pessoalidade tem car\u00e1ter absoluto ou relativo. Para Fl\u00e1vio Monteiro de Barros, \u00e9 relativo, admitindo exce\u00e7\u00e3o prevista na pr\u00f3pria Constitui\u00e7\u00e3o, qual seja, a pena de perda de bens: \u201cA Magna Carta abre uma exce\u00e7\u00e3o a esse princ\u00edpio ao estatuir que a pena de perda de bens pode ser aplicada aos [&hellip;]<\/p>\n","protected":false},"author":7,"featured_media":12691,"comment_status":"open","ping_status":"open","sticky":false,"template":"","format":"standard","meta":{"_acf_changed":false,"footnotes":""},"categories":[3090,78,437],"tags":[107,3529,619],"class_list":["post-12690","post","type-post","status-publish","format-standard","has-post-thumbnail","hentry","category-certo-ou-errado","category-material-de-aula","category-perguntas-e-respostas","tag-direito-penal","tag-personalidade-da-pena","tag-principios"],"acf":[],"yoast_head":"<!-- This site is optimized with the Yoast SEO plugin v24.8.1 - https:\/\/yoast.com\/wordpress\/plugins\/seo\/ -->\n<title>Para parcela da doutrina brasileira, o princ\u00edpio da personalidade da pena n\u00e3o \u00e9 absoluto - Meu site jur\u00eddico<\/title>\n<meta name=\"robots\" content=\"index, follow, max-snippet:-1, max-image-preview:large, max-video-preview:-1\" \/>\n<link rel=\"canonical\" href=\"https:\/\/meusitejuridico.com.br\/2021\/01\/16\/para-parcela-da-doutrina-brasileira-o-principio-da-personalidade-da-pena-nao-e-absoluto\/\" \/>\n<meta property=\"og:locale\" content=\"pt_BR\" \/>\n<meta property=\"og:type\" content=\"article\" \/>\n<meta property=\"og:title\" content=\"Para parcela da doutrina brasileira, o princ\u00edpio da personalidade da pena n\u00e3o \u00e9 absoluto - Meu site jur\u00eddico\" \/>\n<meta property=\"og:description\" content=\"CERTO Discute-se se o princ\u00edpio da pessoalidade tem car\u00e1ter absoluto ou relativo. Para Fl\u00e1vio Monteiro de Barros, \u00e9 relativo, admitindo exce\u00e7\u00e3o prevista na pr\u00f3pria Constitui\u00e7\u00e3o, qual seja, a pena de perda de bens: \u201cA Magna Carta abre uma exce\u00e7\u00e3o a esse princ\u00edpio ao estatuir que a pena de perda de bens pode ser aplicada aos [&hellip;]\" \/>\n<meta property=\"og:url\" content=\"https:\/\/meusitejuridico.com.br\/2021\/01\/16\/para-parcela-da-doutrina-brasileira-o-principio-da-personalidade-da-pena-nao-e-absoluto\/\" \/>\n<meta property=\"og:site_name\" content=\"Meu site jur\u00eddico\" \/>\n<meta property=\"article:published_time\" content=\"2021-01-16T11:30:53+00:00\" \/>\n<meta property=\"article:modified_time\" content=\"2021-01-18T10:56:45+00:00\" \/>\n<meta property=\"og:image\" content=\"https:\/\/meusitejuridico.com.br\/s.meusitejuridico\/2021\/01\/8fa21472-student-865073-640.jpg\" \/>\n\t<meta property=\"og:image:width\" content=\"640\" \/>\n\t<meta property=\"og:image:height\" content=\"426\" \/>\n\t<meta property=\"og:image:type\" content=\"image\/jpeg\" \/>\n<meta name=\"author\" content=\"Equipe Meu Site Jur\u00eddico\" \/>\n<meta name=\"twitter:card\" content=\"summary_large_image\" \/>\n<meta name=\"twitter:label1\" content=\"Escrito por\" \/>\n\t<meta name=\"twitter:data1\" content=\"Equipe Meu Site Jur\u00eddico\" \/>\n\t<meta name=\"twitter:label2\" content=\"Est. tempo de leitura\" \/>\n\t<meta name=\"twitter:data2\" content=\"1 minuto\" \/>\n<script type=\"application\/ld+json\" class=\"yoast-schema-graph\">{\"@context\":\"https:\/\/schema.org\",\"@graph\":[{\"@type\":\"Article\",\"@id\":\"https:\/\/meusitejuridico.com.br\/2021\/01\/16\/para-parcela-da-doutrina-brasileira-o-principio-da-personalidade-da-pena-nao-e-absoluto\/#article\",\"isPartOf\":{\"@id\":\"https:\/\/meusitejuridico.com.br\/2021\/01\/16\/para-parcela-da-doutrina-brasileira-o-principio-da-personalidade-da-pena-nao-e-absoluto\/\"},\"author\":{\"name\":\"Equipe Meu Site Jur\u00eddico\",\"@id\":\"https:\/\/meusitejuridico.com.br\/#\/schema\/person\/5c2237ac0c8ff03bcf1a09fe3e45dfce\"},\"headline\":\"Para parcela da doutrina brasileira, o princ\u00edpio da personalidade da pena n\u00e3o \u00e9 absoluto\",\"datePublished\":\"2021-01-16T11:30:53+00:00\",\"dateModified\":\"2021-01-18T10:56:45+00:00\",\"mainEntityOfPage\":{\"@id\":\"https:\/\/meusitejuridico.com.br\/2021\/01\/16\/para-parcela-da-doutrina-brasileira-o-principio-da-personalidade-da-pena-nao-e-absoluto\/\"},\"wordCount\":284,\"commentCount\":0,\"publisher\":{\"@id\":\"https:\/\/meusitejuridico.com.br\/#organization\"},\"image\":{\"@id\":\"https:\/\/meusitejuridico.com.br\/2021\/01\/16\/para-parcela-da-doutrina-brasileira-o-principio-da-personalidade-da-pena-nao-e-absoluto\/#primaryimage\"},\"thumbnailUrl\":\"https:\/\/meusitejuridico.com.br\/s.meusitejuridico\/2021\/01\/8fa21472-student-865073-640.jpg\",\"keywords\":[\"Direito Penal\",\"personalidade da pena\",\"princ\u00edpios\"],\"articleSection\":[\"Certo ou errado?\",\"Material de aula\",\"Perguntas e Respostas\"],\"inLanguage\":\"pt-BR\",\"potentialAction\":[{\"@type\":\"CommentAction\",\"name\":\"Comment\",\"target\":[\"https:\/\/meusitejuridico.com.br\/2021\/01\/16\/para-parcela-da-doutrina-brasileira-o-principio-da-personalidade-da-pena-nao-e-absoluto\/#respond\"]}]},{\"@type\":\"WebPage\",\"@id\":\"https:\/\/meusitejuridico.com.br\/2021\/01\/16\/para-parcela-da-doutrina-brasileira-o-principio-da-personalidade-da-pena-nao-e-absoluto\/\",\"url\":\"https:\/\/meusitejuridico.com.br\/2021\/01\/16\/para-parcela-da-doutrina-brasileira-o-principio-da-personalidade-da-pena-nao-e-absoluto\/\",\"name\":\"Para parcela da doutrina brasileira, o princ\u00edpio da personalidade da pena n\u00e3o \u00e9 absoluto - Meu site jur\u00eddico\",\"isPartOf\":{\"@id\":\"https:\/\/meusitejuridico.com.br\/#website\"},\"primaryImageOfPage\":{\"@id\":\"https:\/\/meusitejuridico.com.br\/2021\/01\/16\/para-parcela-da-doutrina-brasileira-o-principio-da-personalidade-da-pena-nao-e-absoluto\/#primaryimage\"},\"image\":{\"@id\":\"https:\/\/meusitejuridico.com.br\/2021\/01\/16\/para-parcela-da-doutrina-brasileira-o-principio-da-personalidade-da-pena-nao-e-absoluto\/#primaryimage\"},\"thumbnailUrl\":\"https:\/\/meusitejuridico.com.br\/s.meusitejuridico\/2021\/01\/8fa21472-student-865073-640.jpg\",\"datePublished\":\"2021-01-16T11:30:53+00:00\",\"dateModified\":\"2021-01-18T10:56:45+00:00\",\"breadcrumb\":{\"@id\":\"https:\/\/meusitejuridico.com.br\/2021\/01\/16\/para-parcela-da-doutrina-brasileira-o-principio-da-personalidade-da-pena-nao-e-absoluto\/#breadcrumb\"},\"inLanguage\":\"pt-BR\",\"potentialAction\":[{\"@type\":\"ReadAction\",\"target\":[\"https:\/\/meusitejuridico.com.br\/2021\/01\/16\/para-parcela-da-doutrina-brasileira-o-principio-da-personalidade-da-pena-nao-e-absoluto\/\"]}]},{\"@type\":\"ImageObject\",\"inLanguage\":\"pt-BR\",\"@id\":\"https:\/\/meusitejuridico.com.br\/2021\/01\/16\/para-parcela-da-doutrina-brasileira-o-principio-da-personalidade-da-pena-nao-e-absoluto\/#primaryimage\",\"url\":\"https:\/\/meusitejuridico.com.br\/s.meusitejuridico\/2021\/01\/8fa21472-student-865073-640.jpg\",\"contentUrl\":\"https:\/\/meusitejuridico.com.br\/s.meusitejuridico\/2021\/01\/8fa21472-student-865073-640.jpg\",\"width\":640,\"height\":426},{\"@type\":\"BreadcrumbList\",\"@id\":\"https:\/\/meusitejuridico.com.br\/2021\/01\/16\/para-parcela-da-doutrina-brasileira-o-principio-da-personalidade-da-pena-nao-e-absoluto\/#breadcrumb\",\"itemListElement\":[{\"@type\":\"ListItem\",\"position\":1,\"name\":\"In\u00edcio\",\"item\":\"https:\/\/meusitejuridico.com.br\/\"},{\"@type\":\"ListItem\",\"position\":2,\"name\":\"Para parcela da doutrina brasileira, o princ\u00edpio da personalidade da pena n\u00e3o \u00e9 absoluto\"}]},{\"@type\":\"WebSite\",\"@id\":\"https:\/\/meusitejuridico.com.br\/#website\",\"url\":\"https:\/\/meusitejuridico.com.br\/\",\"name\":\"Meu site jur\u00eddico\",\"description\":\"Meu site jur\u00eddico\",\"publisher\":{\"@id\":\"https:\/\/meusitejuridico.com.br\/#organization\"},\"potentialAction\":[{\"@type\":\"SearchAction\",\"target\":{\"@type\":\"EntryPoint\",\"urlTemplate\":\"https:\/\/meusitejuridico.com.br\/?s={search_term_string}\"},\"query-input\":{\"@type\":\"PropertyValueSpecification\",\"valueRequired\":true,\"valueName\":\"search_term_string\"}}],\"inLanguage\":\"pt-BR\"},{\"@type\":\"Organization\",\"@id\":\"https:\/\/meusitejuridico.com.br\/#organization\",\"name\":\"Meu site jur\u00eddico\",\"url\":\"https:\/\/meusitejuridico.com.br\/\",\"logo\":{\"@type\":\"ImageObject\",\"inLanguage\":\"pt-BR\",\"@id\":\"https:\/\/meusitejuridico.com.br\/#\/schema\/logo\/image\/\",\"url\":\"https:\/\/meusitejuridico.com.br\/s.meusitejuridico\/2022\/03\/cropped-baeec2a3-msj-02-01-01.png\",\"contentUrl\":\"https:\/\/meusitejuridico.com.br\/s.meusitejuridico\/2022\/03\/cropped-baeec2a3-msj-02-01-01.png\",\"width\":349,\"height\":243,\"caption\":\"Meu site jur\u00eddico\"},\"image\":{\"@id\":\"https:\/\/meusitejuridico.com.br\/#\/schema\/logo\/image\/\"}},{\"@type\":\"Person\",\"@id\":\"https:\/\/meusitejuridico.com.br\/#\/schema\/person\/5c2237ac0c8ff03bcf1a09fe3e45dfce\",\"name\":\"Equipe Meu Site Jur\u00eddico\",\"image\":{\"@type\":\"ImageObject\",\"inLanguage\":\"pt-BR\",\"@id\":\"https:\/\/meusitejuridico.com.br\/#\/schema\/person\/image\/\",\"url\":\"https:\/\/meusitejuridico.com.br\/s.meusitejuridico\/2020\/07\/6be289aa-logo-msj.png\",\"contentUrl\":\"https:\/\/meusitejuridico.com.br\/s.meusitejuridico\/2020\/07\/6be289aa-logo-msj.png\",\"caption\":\"Equipe Meu Site Jur\u00eddico\"},\"description\":\"Contem conosco!\",\"url\":\"https:\/\/meusitejuridico.com.br\/author\/equipe-meu-site-juridico\/\"}]}<\/script>\n<!-- \/ Yoast SEO plugin. -->","yoast_head_json":{"title":"Para parcela da doutrina brasileira, o princ\u00edpio da personalidade da pena n\u00e3o \u00e9 absoluto - Meu site jur\u00eddico","robots":{"index":"index","follow":"follow","max-snippet":"max-snippet:-1","max-image-preview":"max-image-preview:large","max-video-preview":"max-video-preview:-1"},"canonical":"https:\/\/meusitejuridico.com.br\/2021\/01\/16\/para-parcela-da-doutrina-brasileira-o-principio-da-personalidade-da-pena-nao-e-absoluto\/","og_locale":"pt_BR","og_type":"article","og_title":"Para parcela da doutrina brasileira, o princ\u00edpio da personalidade da pena n\u00e3o \u00e9 absoluto - Meu site jur\u00eddico","og_description":"CERTO Discute-se se o princ\u00edpio da pessoalidade tem car\u00e1ter absoluto ou relativo. Para Fl\u00e1vio Monteiro de Barros, \u00e9 relativo, admitindo exce\u00e7\u00e3o prevista na pr\u00f3pria Constitui\u00e7\u00e3o, qual seja, a pena de perda de bens: \u201cA Magna Carta abre uma exce\u00e7\u00e3o a esse princ\u00edpio ao estatuir que a pena de perda de bens pode ser aplicada aos [&hellip;]","og_url":"https:\/\/meusitejuridico.com.br\/2021\/01\/16\/para-parcela-da-doutrina-brasileira-o-principio-da-personalidade-da-pena-nao-e-absoluto\/","og_site_name":"Meu site jur\u00eddico","article_published_time":"2021-01-16T11:30:53+00:00","article_modified_time":"2021-01-18T10:56:45+00:00","og_image":[{"width":640,"height":426,"url":"https:\/\/meusitejuridico.com.br\/s.meusitejuridico\/2021\/01\/8fa21472-student-865073-640.jpg","type":"image\/jpeg"}],"author":"Equipe Meu Site Jur\u00eddico","twitter_card":"summary_large_image","twitter_misc":{"Escrito por":"Equipe Meu Site Jur\u00eddico","Est. tempo de leitura":"1 minuto"},"schema":{"@context":"https:\/\/schema.org","@graph":[{"@type":"Article","@id":"https:\/\/meusitejuridico.com.br\/2021\/01\/16\/para-parcela-da-doutrina-brasileira-o-principio-da-personalidade-da-pena-nao-e-absoluto\/#article","isPartOf":{"@id":"https:\/\/meusitejuridico.com.br\/2021\/01\/16\/para-parcela-da-doutrina-brasileira-o-principio-da-personalidade-da-pena-nao-e-absoluto\/"},"author":{"name":"Equipe Meu Site Jur\u00eddico","@id":"https:\/\/meusitejuridico.com.br\/#\/schema\/person\/5c2237ac0c8ff03bcf1a09fe3e45dfce"},"headline":"Para parcela da doutrina brasileira, o princ\u00edpio da personalidade da pena n\u00e3o \u00e9 absoluto","datePublished":"2021-01-16T11:30:53+00:00","dateModified":"2021-01-18T10:56:45+00:00","mainEntityOfPage":{"@id":"https:\/\/meusitejuridico.com.br\/2021\/01\/16\/para-parcela-da-doutrina-brasileira-o-principio-da-personalidade-da-pena-nao-e-absoluto\/"},"wordCount":284,"commentCount":0,"publisher":{"@id":"https:\/\/meusitejuridico.com.br\/#organization"},"image":{"@id":"https:\/\/meusitejuridico.com.br\/2021\/01\/16\/para-parcela-da-doutrina-brasileira-o-principio-da-personalidade-da-pena-nao-e-absoluto\/#primaryimage"},"thumbnailUrl":"https:\/\/meusitejuridico.com.br\/s.meusitejuridico\/2021\/01\/8fa21472-student-865073-640.jpg","keywords":["Direito Penal","personalidade da pena","princ\u00edpios"],"articleSection":["Certo ou errado?","Material de aula","Perguntas e Respostas"],"inLanguage":"pt-BR","potentialAction":[{"@type":"CommentAction","name":"Comment","target":["https:\/\/meusitejuridico.com.br\/2021\/01\/16\/para-parcela-da-doutrina-brasileira-o-principio-da-personalidade-da-pena-nao-e-absoluto\/#respond"]}]},{"@type":"WebPage","@id":"https:\/\/meusitejuridico.com.br\/2021\/01\/16\/para-parcela-da-doutrina-brasileira-o-principio-da-personalidade-da-pena-nao-e-absoluto\/","url":"https:\/\/meusitejuridico.com.br\/2021\/01\/16\/para-parcela-da-doutrina-brasileira-o-principio-da-personalidade-da-pena-nao-e-absoluto\/","name":"Para parcela da doutrina brasileira, o princ\u00edpio da personalidade da pena n\u00e3o \u00e9 absoluto - Meu site jur\u00eddico","isPartOf":{"@id":"https:\/\/meusitejuridico.com.br\/#website"},"primaryImageOfPage":{"@id":"https:\/\/meusitejuridico.com.br\/2021\/01\/16\/para-parcela-da-doutrina-brasileira-o-principio-da-personalidade-da-pena-nao-e-absoluto\/#primaryimage"},"image":{"@id":"https:\/\/meusitejuridico.com.br\/2021\/01\/16\/para-parcela-da-doutrina-brasileira-o-principio-da-personalidade-da-pena-nao-e-absoluto\/#primaryimage"},"thumbnailUrl":"https:\/\/meusitejuridico.com.br\/s.meusitejuridico\/2021\/01\/8fa21472-student-865073-640.jpg","datePublished":"2021-01-16T11:30:53+00:00","dateModified":"2021-01-18T10:56:45+00:00","breadcrumb":{"@id":"https:\/\/meusitejuridico.com.br\/2021\/01\/16\/para-parcela-da-doutrina-brasileira-o-principio-da-personalidade-da-pena-nao-e-absoluto\/#breadcrumb"},"inLanguage":"pt-BR","potentialAction":[{"@type":"ReadAction","target":["https:\/\/meusitejuridico.com.br\/2021\/01\/16\/para-parcela-da-doutrina-brasileira-o-principio-da-personalidade-da-pena-nao-e-absoluto\/"]}]},{"@type":"ImageObject","inLanguage":"pt-BR","@id":"https:\/\/meusitejuridico.com.br\/2021\/01\/16\/para-parcela-da-doutrina-brasileira-o-principio-da-personalidade-da-pena-nao-e-absoluto\/#primaryimage","url":"https:\/\/meusitejuridico.com.br\/s.meusitejuridico\/2021\/01\/8fa21472-student-865073-640.jpg","contentUrl":"https:\/\/meusitejuridico.com.br\/s.meusitejuridico\/2021\/01\/8fa21472-student-865073-640.jpg","width":640,"height":426},{"@type":"BreadcrumbList","@id":"https:\/\/meusitejuridico.com.br\/2021\/01\/16\/para-parcela-da-doutrina-brasileira-o-principio-da-personalidade-da-pena-nao-e-absoluto\/#breadcrumb","itemListElement":[{"@type":"ListItem","position":1,"name":"In\u00edcio","item":"https:\/\/meusitejuridico.com.br\/"},{"@type":"ListItem","position":2,"name":"Para parcela da doutrina brasileira, o princ\u00edpio da personalidade da pena n\u00e3o \u00e9 absoluto"}]},{"@type":"WebSite","@id":"https:\/\/meusitejuridico.com.br\/#website","url":"https:\/\/meusitejuridico.com.br\/","name":"Meu site jur\u00eddico","description":"Meu site jur\u00eddico","publisher":{"@id":"https:\/\/meusitejuridico.com.br\/#organization"},"potentialAction":[{"@type":"SearchAction","target":{"@type":"EntryPoint","urlTemplate":"https:\/\/meusitejuridico.com.br\/?s={search_term_string}"},"query-input":{"@type":"PropertyValueSpecification","valueRequired":true,"valueName":"search_term_string"}}],"inLanguage":"pt-BR"},{"@type":"Organization","@id":"https:\/\/meusitejuridico.com.br\/#organization","name":"Meu site jur\u00eddico","url":"https:\/\/meusitejuridico.com.br\/","logo":{"@type":"ImageObject","inLanguage":"pt-BR","@id":"https:\/\/meusitejuridico.com.br\/#\/schema\/logo\/image\/","url":"https:\/\/meusitejuridico.com.br\/s.meusitejuridico\/2022\/03\/cropped-baeec2a3-msj-02-01-01.png","contentUrl":"https:\/\/meusitejuridico.com.br\/s.meusitejuridico\/2022\/03\/cropped-baeec2a3-msj-02-01-01.png","width":349,"height":243,"caption":"Meu site jur\u00eddico"},"image":{"@id":"https:\/\/meusitejuridico.com.br\/#\/schema\/logo\/image\/"}},{"@type":"Person","@id":"https:\/\/meusitejuridico.com.br\/#\/schema\/person\/5c2237ac0c8ff03bcf1a09fe3e45dfce","name":"Equipe Meu Site Jur\u00eddico","image":{"@type":"ImageObject","inLanguage":"pt-BR","@id":"https:\/\/meusitejuridico.com.br\/#\/schema\/person\/image\/","url":"https:\/\/meusitejuridico.com.br\/s.meusitejuridico\/2020\/07\/6be289aa-logo-msj.png","contentUrl":"https:\/\/meusitejuridico.com.br\/s.meusitejuridico\/2020\/07\/6be289aa-logo-msj.png","caption":"Equipe Meu Site Jur\u00eddico"},"description":"Contem conosco!","url":"https:\/\/meusitejuridico.com.br\/author\/equipe-meu-site-juridico\/"}]}},"_links":{"self":[{"href":"https:\/\/meusitejuridico.com.br\/api\/wp\/v2\/posts\/12690","targetHints":{"allow":["GET"]}}],"collection":[{"href":"https:\/\/meusitejuridico.com.br\/api\/wp\/v2\/posts"}],"about":[{"href":"https:\/\/meusitejuridico.com.br\/api\/wp\/v2\/types\/post"}],"author":[{"embeddable":true,"href":"https:\/\/meusitejuridico.com.br\/api\/wp\/v2\/users\/7"}],"replies":[{"embeddable":true,"href":"https:\/\/meusitejuridico.com.br\/api\/wp\/v2\/comments?post=12690"}],"version-history":[{"count":2,"href":"https:\/\/meusitejuridico.com.br\/api\/wp\/v2\/posts\/12690\/revisions"}],"predecessor-version":[{"id":12702,"href":"https:\/\/meusitejuridico.com.br\/api\/wp\/v2\/posts\/12690\/revisions\/12702"}],"wp:featuredmedia":[{"embeddable":true,"href":"https:\/\/meusitejuridico.com.br\/api\/wp\/v2\/media\/12691"}],"wp:attachment":[{"href":"https:\/\/meusitejuridico.com.br\/api\/wp\/v2\/media?parent=12690"}],"wp:term":[{"taxonomy":"category","embeddable":true,"href":"https:\/\/meusitejuridico.com.br\/api\/wp\/v2\/categories?post=12690"},{"taxonomy":"post_tag","embeddable":true,"href":"https:\/\/meusitejuridico.com.br\/api\/wp\/v2\/tags?post=12690"}],"curies":[{"name":"wp","href":"https:\/\/api.w.org\/{rel}","templated":true}]}}