{"id":12747,"date":"2021-01-27T09:30:08","date_gmt":"2021-01-27T11:30:08","guid":{"rendered":"https:\/\/meusitejuridico.editorajuspodivm.com.br\/?p=12747"},"modified":"2021-01-27T09:06:15","modified_gmt":"2021-01-27T11:06:15","slug":"o-stj-seguindo-doutrina-majoritaria-se-orienta-no-sentido-de-que-representacao-ofendido-na-acao-penal-publica-condicionada-deve-seguir-modelo-formal","status":"publish","type":"post","link":"https:\/\/meusitejuridico.com.br\/2021\/01\/27\/o-stj-seguindo-doutrina-majoritaria-se-orienta-no-sentido-de-que-representacao-ofendido-na-acao-penal-publica-condicionada-deve-seguir-modelo-formal\/","title":{"rendered":"O STJ, seguindo a doutrina majorit\u00e1ria, se orienta no sentido de que a representa\u00e7\u00e3o do ofendido na a\u00e7\u00e3o penal p\u00fablica condicionada deve seguir modelo formal"},"content":{"rendered":"<p><strong>ERRADO<\/strong><\/p>\n<p>A <strong>desnecessidade<\/strong> de se observar forma espec\u00edfica na representa\u00e7\u00e3o \u00e9 pac\u00edfica tanto na doutrina quanto na jurisprud\u00eancia. N\u00e3o h\u00e1 um formul\u00e1rio espec\u00edfico a ser preenchido, nem um padr\u00e3o com texto obrigat\u00f3rio. Basta qualquer manifesta\u00e7\u00e3o escrita no sentido de querer representar. A esse respeito: \u201c1. A representa\u00e7\u00e3o prescinde de rigores formais, n\u00e3o sendo imprescind\u00edvel, para o seu exerc\u00edcio, a exist\u00eancia de uma pe\u00e7a com tal nome jur\u00eddico, mas a manifesta\u00e7\u00e3o de vontade da v\u00edtima ou de seus representantes legais, com sinais de sua inten\u00e7\u00e3o em deflagrar a persecu\u00e7\u00e3o penal. 2.\u00a0 A condi\u00e7\u00e3o de procedibilidade da a\u00e7\u00e3o penal condicionada deve ser reconhecida quando constatado que, no dia dos fatos, a v\u00edtima compareceu \u00e0 delegacia para relatar a suposta inj\u00faria racial, registrou o boletim de ocorr\u00eancia, levou testemunha para prestar declara\u00e7\u00f5es e assinou o termo, pois inequ\u00edvoca sua inten\u00e7\u00e3o de promover a responsabilidade penal do agente\u201d (RHC 53.130\/RJ, rel. min. Rog\u00e9rio Schietti Cruz, 6\u00aa Turma, j. 01\/12\/2015).<\/p>\n","protected":false},"excerpt":{"rendered":"<p>ERRADO A desnecessidade de se observar forma espec\u00edfica na representa\u00e7\u00e3o \u00e9 pac\u00edfica tanto na doutrina quanto na jurisprud\u00eancia. N\u00e3o h\u00e1 um formul\u00e1rio espec\u00edfico a ser preenchido, nem um padr\u00e3o com texto obrigat\u00f3rio. Basta qualquer manifesta\u00e7\u00e3o escrita no sentido de querer representar. A esse respeito: \u201c1. A representa\u00e7\u00e3o prescinde de rigores formais, n\u00e3o sendo imprescind\u00edvel, para [&hellip;]<\/p>\n","protected":false},"author":7,"featured_media":9601,"comment_status":"open","ping_status":"open","sticky":false,"template":"","format":"standard","meta":{"_acf_changed":false,"footnotes":""},"categories":[3090,78,437],"tags":[481,119,348],"class_list":["post-12747","post","type-post","status-publish","format-standard","has-post-thumbnail","hentry","category-certo-ou-errado","category-material-de-aula","category-perguntas-e-respostas","tag-acao-penal","tag-processo-penal","tag-representacao"],"acf":[],"yoast_head":"<!-- This site is optimized with the Yoast SEO plugin v24.8.1 - https:\/\/yoast.com\/wordpress\/plugins\/seo\/ -->\n<title>O STJ, seguindo a doutrina majorit\u00e1ria, se orienta no sentido de que a representa\u00e7\u00e3o do ofendido na a\u00e7\u00e3o penal p\u00fablica condicionada deve seguir modelo formal - Meu site jur\u00eddico<\/title>\n<meta name=\"robots\" content=\"index, follow, max-snippet:-1, max-image-preview:large, max-video-preview:-1\" \/>\n<link rel=\"canonical\" href=\"https:\/\/meusitejuridico.editorajuspodivm.com.br\/2021\/01\/27\/o-stj-seguindo-doutrina-majoritaria-se-orienta-no-sentido-de-que-representacao-ofendido-na-acao-penal-publica-condicionada-deve-seguir-modelo-formal\/\" \/>\n<meta property=\"og:locale\" content=\"pt_BR\" \/>\n<meta property=\"og:type\" content=\"article\" \/>\n<meta property=\"og:title\" content=\"O STJ, seguindo a doutrina majorit\u00e1ria, se orienta no sentido de que a representa\u00e7\u00e3o do ofendido na a\u00e7\u00e3o penal p\u00fablica condicionada deve seguir modelo formal - Meu site jur\u00eddico\" \/>\n<meta property=\"og:description\" content=\"ERRADO A desnecessidade de se observar forma espec\u00edfica na representa\u00e7\u00e3o \u00e9 pac\u00edfica tanto na doutrina quanto na jurisprud\u00eancia. N\u00e3o h\u00e1 um formul\u00e1rio espec\u00edfico a ser preenchido, nem um padr\u00e3o com texto obrigat\u00f3rio. Basta qualquer manifesta\u00e7\u00e3o escrita no sentido de querer representar. A esse respeito: \u201c1. A representa\u00e7\u00e3o prescinde de rigores formais, n\u00e3o sendo imprescind\u00edvel, para [&hellip;]\" \/>\n<meta property=\"og:url\" content=\"https:\/\/meusitejuridico.editorajuspodivm.com.br\/2021\/01\/27\/o-stj-seguindo-doutrina-majoritaria-se-orienta-no-sentido-de-que-representacao-ofendido-na-acao-penal-publica-condicionada-deve-seguir-modelo-formal\/\" \/>\n<meta property=\"og:site_name\" content=\"Meu site jur\u00eddico\" \/>\n<meta property=\"article:published_time\" content=\"2021-01-27T11:30:08+00:00\" \/>\n<meta property=\"og:image\" content=\"https:\/\/meusitejuridico.editorajuspodivm.com.br\/s.meusitejuridico\/2019\/11\/11810255-student-2745514-640.jpg\" \/>\n\t<meta property=\"og:image:width\" content=\"640\" \/>\n\t<meta property=\"og:image:height\" content=\"409\" \/>\n\t<meta property=\"og:image:type\" content=\"image\/jpeg\" \/>\n<meta name=\"author\" content=\"Equipe Meu Site Jur\u00eddico\" \/>\n<meta name=\"twitter:card\" content=\"summary_large_image\" \/>\n<meta name=\"twitter:label1\" content=\"Escrito por\" \/>\n\t<meta name=\"twitter:data1\" content=\"Equipe Meu Site Jur\u00eddico\" \/>\n\t<meta name=\"twitter:label2\" content=\"Est. tempo de leitura\" \/>\n\t<meta name=\"twitter:data2\" content=\"1 minuto\" \/>\n<script type=\"application\/ld+json\" class=\"yoast-schema-graph\">{\"@context\":\"https:\/\/schema.org\",\"@graph\":[{\"@type\":\"Article\",\"@id\":\"https:\/\/meusitejuridico.editorajuspodivm.com.br\/2021\/01\/27\/o-stj-seguindo-doutrina-majoritaria-se-orienta-no-sentido-de-que-representacao-ofendido-na-acao-penal-publica-condicionada-deve-seguir-modelo-formal\/#article\",\"isPartOf\":{\"@id\":\"https:\/\/meusitejuridico.editorajuspodivm.com.br\/2021\/01\/27\/o-stj-seguindo-doutrina-majoritaria-se-orienta-no-sentido-de-que-representacao-ofendido-na-acao-penal-publica-condicionada-deve-seguir-modelo-formal\/\"},\"author\":{\"name\":\"Equipe Meu Site Jur\u00eddico\",\"@id\":\"https:\/\/cdn.meusitejuridico.com.br\/#\/schema\/person\/5c2237ac0c8ff03bcf1a09fe3e45dfce\"},\"headline\":\"O STJ, seguindo a doutrina majorit\u00e1ria, se orienta no sentido de que a representa\u00e7\u00e3o do ofendido na a\u00e7\u00e3o penal p\u00fablica condicionada deve seguir modelo formal\",\"datePublished\":\"2021-01-27T11:30:08+00:00\",\"mainEntityOfPage\":{\"@id\":\"https:\/\/meusitejuridico.editorajuspodivm.com.br\/2021\/01\/27\/o-stj-seguindo-doutrina-majoritaria-se-orienta-no-sentido-de-que-representacao-ofendido-na-acao-penal-publica-condicionada-deve-seguir-modelo-formal\/\"},\"wordCount\":208,\"commentCount\":0,\"publisher\":{\"@id\":\"https:\/\/cdn.meusitejuridico.com.br\/#organization\"},\"image\":{\"@id\":\"https:\/\/meusitejuridico.editorajuspodivm.com.br\/2021\/01\/27\/o-stj-seguindo-doutrina-majoritaria-se-orienta-no-sentido-de-que-representacao-ofendido-na-acao-penal-publica-condicionada-deve-seguir-modelo-formal\/#primaryimage\"},\"thumbnailUrl\":\"https:\/\/meusitejuridico.com.br\/s.meusitejuridico\/2019\/11\/11810255-student-2745514-640.jpg\",\"keywords\":[\"a\u00e7\u00e3o penal\",\"Processo Penal\",\"Representa\u00e7\u00e3o\"],\"articleSection\":[\"Certo ou errado?\",\"Material de aula\",\"Perguntas e Respostas\"],\"inLanguage\":\"pt-BR\",\"potentialAction\":[{\"@type\":\"CommentAction\",\"name\":\"Comment\",\"target\":[\"https:\/\/meusitejuridico.editorajuspodivm.com.br\/2021\/01\/27\/o-stj-seguindo-doutrina-majoritaria-se-orienta-no-sentido-de-que-representacao-ofendido-na-acao-penal-publica-condicionada-deve-seguir-modelo-formal\/#respond\"]}]},{\"@type\":\"WebPage\",\"@id\":\"https:\/\/meusitejuridico.editorajuspodivm.com.br\/2021\/01\/27\/o-stj-seguindo-doutrina-majoritaria-se-orienta-no-sentido-de-que-representacao-ofendido-na-acao-penal-publica-condicionada-deve-seguir-modelo-formal\/\",\"url\":\"https:\/\/meusitejuridico.editorajuspodivm.com.br\/2021\/01\/27\/o-stj-seguindo-doutrina-majoritaria-se-orienta-no-sentido-de-que-representacao-ofendido-na-acao-penal-publica-condicionada-deve-seguir-modelo-formal\/\",\"name\":\"O STJ, seguindo a doutrina majorit\u00e1ria, se orienta no sentido de que a representa\u00e7\u00e3o do ofendido na a\u00e7\u00e3o penal p\u00fablica condicionada deve seguir modelo formal - Meu site jur\u00eddico\",\"isPartOf\":{\"@id\":\"https:\/\/cdn.meusitejuridico.com.br\/#website\"},\"primaryImageOfPage\":{\"@id\":\"https:\/\/meusitejuridico.editorajuspodivm.com.br\/2021\/01\/27\/o-stj-seguindo-doutrina-majoritaria-se-orienta-no-sentido-de-que-representacao-ofendido-na-acao-penal-publica-condicionada-deve-seguir-modelo-formal\/#primaryimage\"},\"image\":{\"@id\":\"https:\/\/meusitejuridico.editorajuspodivm.com.br\/2021\/01\/27\/o-stj-seguindo-doutrina-majoritaria-se-orienta-no-sentido-de-que-representacao-ofendido-na-acao-penal-publica-condicionada-deve-seguir-modelo-formal\/#primaryimage\"},\"thumbnailUrl\":\"https:\/\/meusitejuridico.com.br\/s.meusitejuridico\/2019\/11\/11810255-student-2745514-640.jpg\",\"datePublished\":\"2021-01-27T11:30:08+00:00\",\"breadcrumb\":{\"@id\":\"https:\/\/meusitejuridico.editorajuspodivm.com.br\/2021\/01\/27\/o-stj-seguindo-doutrina-majoritaria-se-orienta-no-sentido-de-que-representacao-ofendido-na-acao-penal-publica-condicionada-deve-seguir-modelo-formal\/#breadcrumb\"},\"inLanguage\":\"pt-BR\",\"potentialAction\":[{\"@type\":\"ReadAction\",\"target\":[\"https:\/\/meusitejuridico.editorajuspodivm.com.br\/2021\/01\/27\/o-stj-seguindo-doutrina-majoritaria-se-orienta-no-sentido-de-que-representacao-ofendido-na-acao-penal-publica-condicionada-deve-seguir-modelo-formal\/\"]}]},{\"@type\":\"ImageObject\",\"inLanguage\":\"pt-BR\",\"@id\":\"https:\/\/meusitejuridico.editorajuspodivm.com.br\/2021\/01\/27\/o-stj-seguindo-doutrina-majoritaria-se-orienta-no-sentido-de-que-representacao-ofendido-na-acao-penal-publica-condicionada-deve-seguir-modelo-formal\/#primaryimage\",\"url\":\"https:\/\/meusitejuridico.com.br\/s.meusitejuridico\/2019\/11\/11810255-student-2745514-640.jpg\",\"contentUrl\":\"https:\/\/meusitejuridico.com.br\/s.meusitejuridico\/2019\/11\/11810255-student-2745514-640.jpg\",\"width\":640,\"height\":409},{\"@type\":\"BreadcrumbList\",\"@id\":\"https:\/\/meusitejuridico.editorajuspodivm.com.br\/2021\/01\/27\/o-stj-seguindo-doutrina-majoritaria-se-orienta-no-sentido-de-que-representacao-ofendido-na-acao-penal-publica-condicionada-deve-seguir-modelo-formal\/#breadcrumb\",\"itemListElement\":[{\"@type\":\"ListItem\",\"position\":1,\"name\":\"In\u00edcio\",\"item\":\"https:\/\/cdn.meusitejuridico.com.br\/\"},{\"@type\":\"ListItem\",\"position\":2,\"name\":\"O STJ, seguindo a doutrina majorit\u00e1ria, se orienta no sentido de que a representa\u00e7\u00e3o do ofendido na a\u00e7\u00e3o penal p\u00fablica condicionada deve seguir modelo formal\"}]},{\"@type\":\"WebSite\",\"@id\":\"https:\/\/cdn.meusitejuridico.com.br\/#website\",\"url\":\"https:\/\/cdn.meusitejuridico.com.br\/\",\"name\":\"Meu site jur\u00eddico\",\"description\":\"Meu site jur\u00eddico\",\"publisher\":{\"@id\":\"https:\/\/cdn.meusitejuridico.com.br\/#organization\"},\"potentialAction\":[{\"@type\":\"SearchAction\",\"target\":{\"@type\":\"EntryPoint\",\"urlTemplate\":\"https:\/\/cdn.meusitejuridico.com.br\/?s={search_term_string}\"},\"query-input\":{\"@type\":\"PropertyValueSpecification\",\"valueRequired\":true,\"valueName\":\"search_term_string\"}}],\"inLanguage\":\"pt-BR\"},{\"@type\":\"Organization\",\"@id\":\"https:\/\/cdn.meusitejuridico.com.br\/#organization\",\"name\":\"Meu site jur\u00eddico\",\"url\":\"https:\/\/cdn.meusitejuridico.com.br\/\",\"logo\":{\"@type\":\"ImageObject\",\"inLanguage\":\"pt-BR\",\"@id\":\"https:\/\/cdn.meusitejuridico.com.br\/#\/schema\/logo\/image\/\",\"url\":\"https:\/\/meusitejuridico.com.br\/s.meusitejuridico\/2022\/03\/cropped-baeec2a3-msj-02-01-01.png\",\"contentUrl\":\"https:\/\/meusitejuridico.com.br\/s.meusitejuridico\/2022\/03\/cropped-baeec2a3-msj-02-01-01.png\",\"width\":349,\"height\":243,\"caption\":\"Meu site jur\u00eddico\"},\"image\":{\"@id\":\"https:\/\/cdn.meusitejuridico.com.br\/#\/schema\/logo\/image\/\"}},{\"@type\":\"Person\",\"@id\":\"https:\/\/cdn.meusitejuridico.com.br\/#\/schema\/person\/5c2237ac0c8ff03bcf1a09fe3e45dfce\",\"name\":\"Equipe Meu Site Jur\u00eddico\",\"image\":{\"@type\":\"ImageObject\",\"inLanguage\":\"pt-BR\",\"@id\":\"https:\/\/cdn.meusitejuridico.com.br\/#\/schema\/person\/image\/\",\"url\":\"https:\/\/meusitejuridico.com.br\/s.meusitejuridico\/2020\/07\/6be289aa-logo-msj.png\",\"contentUrl\":\"https:\/\/meusitejuridico.com.br\/s.meusitejuridico\/2020\/07\/6be289aa-logo-msj.png\",\"caption\":\"Equipe Meu Site Jur\u00eddico\"},\"description\":\"Contem conosco!\",\"url\":\"https:\/\/meusitejuridico.com.br\/author\/equipe-meu-site-juridico\/\"}]}<\/script>\n<!-- \/ Yoast SEO plugin. -->","yoast_head_json":{"title":"O STJ, seguindo a doutrina majorit\u00e1ria, se orienta no sentido de que a representa\u00e7\u00e3o do ofendido na a\u00e7\u00e3o penal p\u00fablica condicionada deve seguir modelo formal - Meu site jur\u00eddico","robots":{"index":"index","follow":"follow","max-snippet":"max-snippet:-1","max-image-preview":"max-image-preview:large","max-video-preview":"max-video-preview:-1"},"canonical":"https:\/\/meusitejuridico.editorajuspodivm.com.br\/2021\/01\/27\/o-stj-seguindo-doutrina-majoritaria-se-orienta-no-sentido-de-que-representacao-ofendido-na-acao-penal-publica-condicionada-deve-seguir-modelo-formal\/","og_locale":"pt_BR","og_type":"article","og_title":"O STJ, seguindo a doutrina majorit\u00e1ria, se orienta no sentido de que a representa\u00e7\u00e3o do ofendido na a\u00e7\u00e3o penal p\u00fablica condicionada deve seguir modelo formal - Meu site jur\u00eddico","og_description":"ERRADO A desnecessidade de se observar forma espec\u00edfica na representa\u00e7\u00e3o \u00e9 pac\u00edfica tanto na doutrina quanto na jurisprud\u00eancia. N\u00e3o h\u00e1 um formul\u00e1rio espec\u00edfico a ser preenchido, nem um padr\u00e3o com texto obrigat\u00f3rio. Basta qualquer manifesta\u00e7\u00e3o escrita no sentido de querer representar. A esse respeito: \u201c1. A representa\u00e7\u00e3o prescinde de rigores formais, n\u00e3o sendo imprescind\u00edvel, para [&hellip;]","og_url":"https:\/\/meusitejuridico.editorajuspodivm.com.br\/2021\/01\/27\/o-stj-seguindo-doutrina-majoritaria-se-orienta-no-sentido-de-que-representacao-ofendido-na-acao-penal-publica-condicionada-deve-seguir-modelo-formal\/","og_site_name":"Meu site jur\u00eddico","article_published_time":"2021-01-27T11:30:08+00:00","og_image":[{"width":640,"height":409,"url":"https:\/\/meusitejuridico.editorajuspodivm.com.br\/s.meusitejuridico\/2019\/11\/11810255-student-2745514-640.jpg","type":"image\/jpeg"}],"author":"Equipe Meu Site Jur\u00eddico","twitter_card":"summary_large_image","twitter_misc":{"Escrito por":"Equipe Meu Site Jur\u00eddico","Est. tempo de leitura":"1 minuto"},"schema":{"@context":"https:\/\/schema.org","@graph":[{"@type":"Article","@id":"https:\/\/meusitejuridico.editorajuspodivm.com.br\/2021\/01\/27\/o-stj-seguindo-doutrina-majoritaria-se-orienta-no-sentido-de-que-representacao-ofendido-na-acao-penal-publica-condicionada-deve-seguir-modelo-formal\/#article","isPartOf":{"@id":"https:\/\/meusitejuridico.editorajuspodivm.com.br\/2021\/01\/27\/o-stj-seguindo-doutrina-majoritaria-se-orienta-no-sentido-de-que-representacao-ofendido-na-acao-penal-publica-condicionada-deve-seguir-modelo-formal\/"},"author":{"name":"Equipe Meu Site Jur\u00eddico","@id":"https:\/\/cdn.meusitejuridico.com.br\/#\/schema\/person\/5c2237ac0c8ff03bcf1a09fe3e45dfce"},"headline":"O STJ, seguindo a doutrina majorit\u00e1ria, se orienta no sentido de que a representa\u00e7\u00e3o do ofendido na a\u00e7\u00e3o penal p\u00fablica condicionada deve seguir modelo formal","datePublished":"2021-01-27T11:30:08+00:00","mainEntityOfPage":{"@id":"https:\/\/meusitejuridico.editorajuspodivm.com.br\/2021\/01\/27\/o-stj-seguindo-doutrina-majoritaria-se-orienta-no-sentido-de-que-representacao-ofendido-na-acao-penal-publica-condicionada-deve-seguir-modelo-formal\/"},"wordCount":208,"commentCount":0,"publisher":{"@id":"https:\/\/cdn.meusitejuridico.com.br\/#organization"},"image":{"@id":"https:\/\/meusitejuridico.editorajuspodivm.com.br\/2021\/01\/27\/o-stj-seguindo-doutrina-majoritaria-se-orienta-no-sentido-de-que-representacao-ofendido-na-acao-penal-publica-condicionada-deve-seguir-modelo-formal\/#primaryimage"},"thumbnailUrl":"https:\/\/meusitejuridico.com.br\/s.meusitejuridico\/2019\/11\/11810255-student-2745514-640.jpg","keywords":["a\u00e7\u00e3o penal","Processo Penal","Representa\u00e7\u00e3o"],"articleSection":["Certo ou errado?","Material de aula","Perguntas e Respostas"],"inLanguage":"pt-BR","potentialAction":[{"@type":"CommentAction","name":"Comment","target":["https:\/\/meusitejuridico.editorajuspodivm.com.br\/2021\/01\/27\/o-stj-seguindo-doutrina-majoritaria-se-orienta-no-sentido-de-que-representacao-ofendido-na-acao-penal-publica-condicionada-deve-seguir-modelo-formal\/#respond"]}]},{"@type":"WebPage","@id":"https:\/\/meusitejuridico.editorajuspodivm.com.br\/2021\/01\/27\/o-stj-seguindo-doutrina-majoritaria-se-orienta-no-sentido-de-que-representacao-ofendido-na-acao-penal-publica-condicionada-deve-seguir-modelo-formal\/","url":"https:\/\/meusitejuridico.editorajuspodivm.com.br\/2021\/01\/27\/o-stj-seguindo-doutrina-majoritaria-se-orienta-no-sentido-de-que-representacao-ofendido-na-acao-penal-publica-condicionada-deve-seguir-modelo-formal\/","name":"O STJ, seguindo a doutrina majorit\u00e1ria, se orienta no sentido de que a representa\u00e7\u00e3o do ofendido na a\u00e7\u00e3o penal p\u00fablica condicionada deve seguir modelo formal - Meu site jur\u00eddico","isPartOf":{"@id":"https:\/\/cdn.meusitejuridico.com.br\/#website"},"primaryImageOfPage":{"@id":"https:\/\/meusitejuridico.editorajuspodivm.com.br\/2021\/01\/27\/o-stj-seguindo-doutrina-majoritaria-se-orienta-no-sentido-de-que-representacao-ofendido-na-acao-penal-publica-condicionada-deve-seguir-modelo-formal\/#primaryimage"},"image":{"@id":"https:\/\/meusitejuridico.editorajuspodivm.com.br\/2021\/01\/27\/o-stj-seguindo-doutrina-majoritaria-se-orienta-no-sentido-de-que-representacao-ofendido-na-acao-penal-publica-condicionada-deve-seguir-modelo-formal\/#primaryimage"},"thumbnailUrl":"https:\/\/meusitejuridico.com.br\/s.meusitejuridico\/2019\/11\/11810255-student-2745514-640.jpg","datePublished":"2021-01-27T11:30:08+00:00","breadcrumb":{"@id":"https:\/\/meusitejuridico.editorajuspodivm.com.br\/2021\/01\/27\/o-stj-seguindo-doutrina-majoritaria-se-orienta-no-sentido-de-que-representacao-ofendido-na-acao-penal-publica-condicionada-deve-seguir-modelo-formal\/#breadcrumb"},"inLanguage":"pt-BR","potentialAction":[{"@type":"ReadAction","target":["https:\/\/meusitejuridico.editorajuspodivm.com.br\/2021\/01\/27\/o-stj-seguindo-doutrina-majoritaria-se-orienta-no-sentido-de-que-representacao-ofendido-na-acao-penal-publica-condicionada-deve-seguir-modelo-formal\/"]}]},{"@type":"ImageObject","inLanguage":"pt-BR","@id":"https:\/\/meusitejuridico.editorajuspodivm.com.br\/2021\/01\/27\/o-stj-seguindo-doutrina-majoritaria-se-orienta-no-sentido-de-que-representacao-ofendido-na-acao-penal-publica-condicionada-deve-seguir-modelo-formal\/#primaryimage","url":"https:\/\/meusitejuridico.com.br\/s.meusitejuridico\/2019\/11\/11810255-student-2745514-640.jpg","contentUrl":"https:\/\/meusitejuridico.com.br\/s.meusitejuridico\/2019\/11\/11810255-student-2745514-640.jpg","width":640,"height":409},{"@type":"BreadcrumbList","@id":"https:\/\/meusitejuridico.editorajuspodivm.com.br\/2021\/01\/27\/o-stj-seguindo-doutrina-majoritaria-se-orienta-no-sentido-de-que-representacao-ofendido-na-acao-penal-publica-condicionada-deve-seguir-modelo-formal\/#breadcrumb","itemListElement":[{"@type":"ListItem","position":1,"name":"In\u00edcio","item":"https:\/\/cdn.meusitejuridico.com.br\/"},{"@type":"ListItem","position":2,"name":"O STJ, seguindo a doutrina majorit\u00e1ria, se orienta no sentido de que a representa\u00e7\u00e3o do ofendido na a\u00e7\u00e3o penal p\u00fablica condicionada deve seguir modelo formal"}]},{"@type":"WebSite","@id":"https:\/\/cdn.meusitejuridico.com.br\/#website","url":"https:\/\/cdn.meusitejuridico.com.br\/","name":"Meu site jur\u00eddico","description":"Meu site jur\u00eddico","publisher":{"@id":"https:\/\/cdn.meusitejuridico.com.br\/#organization"},"potentialAction":[{"@type":"SearchAction","target":{"@type":"EntryPoint","urlTemplate":"https:\/\/cdn.meusitejuridico.com.br\/?s={search_term_string}"},"query-input":{"@type":"PropertyValueSpecification","valueRequired":true,"valueName":"search_term_string"}}],"inLanguage":"pt-BR"},{"@type":"Organization","@id":"https:\/\/cdn.meusitejuridico.com.br\/#organization","name":"Meu site jur\u00eddico","url":"https:\/\/cdn.meusitejuridico.com.br\/","logo":{"@type":"ImageObject","inLanguage":"pt-BR","@id":"https:\/\/cdn.meusitejuridico.com.br\/#\/schema\/logo\/image\/","url":"https:\/\/meusitejuridico.com.br\/s.meusitejuridico\/2022\/03\/cropped-baeec2a3-msj-02-01-01.png","contentUrl":"https:\/\/meusitejuridico.com.br\/s.meusitejuridico\/2022\/03\/cropped-baeec2a3-msj-02-01-01.png","width":349,"height":243,"caption":"Meu site jur\u00eddico"},"image":{"@id":"https:\/\/cdn.meusitejuridico.com.br\/#\/schema\/logo\/image\/"}},{"@type":"Person","@id":"https:\/\/cdn.meusitejuridico.com.br\/#\/schema\/person\/5c2237ac0c8ff03bcf1a09fe3e45dfce","name":"Equipe Meu Site Jur\u00eddico","image":{"@type":"ImageObject","inLanguage":"pt-BR","@id":"https:\/\/cdn.meusitejuridico.com.br\/#\/schema\/person\/image\/","url":"https:\/\/meusitejuridico.com.br\/s.meusitejuridico\/2020\/07\/6be289aa-logo-msj.png","contentUrl":"https:\/\/meusitejuridico.com.br\/s.meusitejuridico\/2020\/07\/6be289aa-logo-msj.png","caption":"Equipe Meu Site Jur\u00eddico"},"description":"Contem conosco!","url":"https:\/\/meusitejuridico.com.br\/author\/equipe-meu-site-juridico\/"}]}},"_links":{"self":[{"href":"https:\/\/meusitejuridico.com.br\/api\/wp\/v2\/posts\/12747","targetHints":{"allow":["GET"]}}],"collection":[{"href":"https:\/\/meusitejuridico.com.br\/api\/wp\/v2\/posts"}],"about":[{"href":"https:\/\/meusitejuridico.com.br\/api\/wp\/v2\/types\/post"}],"author":[{"embeddable":true,"href":"https:\/\/meusitejuridico.com.br\/api\/wp\/v2\/users\/7"}],"replies":[{"embeddable":true,"href":"https:\/\/meusitejuridico.com.br\/api\/wp\/v2\/comments?post=12747"}],"version-history":[{"count":1,"href":"https:\/\/meusitejuridico.com.br\/api\/wp\/v2\/posts\/12747\/revisions"}],"predecessor-version":[{"id":12748,"href":"https:\/\/meusitejuridico.com.br\/api\/wp\/v2\/posts\/12747\/revisions\/12748"}],"wp:featuredmedia":[{"embeddable":true,"href":"https:\/\/meusitejuridico.com.br\/api\/wp\/v2\/media\/9601"}],"wp:attachment":[{"href":"https:\/\/meusitejuridico.com.br\/api\/wp\/v2\/media?parent=12747"}],"wp:term":[{"taxonomy":"category","embeddable":true,"href":"https:\/\/meusitejuridico.com.br\/api\/wp\/v2\/categories?post=12747"},{"taxonomy":"post_tag","embeddable":true,"href":"https:\/\/meusitejuridico.com.br\/api\/wp\/v2\/tags?post=12747"}],"curies":[{"name":"wp","href":"https:\/\/api.w.org\/{rel}","templated":true}]}}