{"id":12778,"date":"2021-02-02T15:00:08","date_gmt":"2021-02-02T17:00:08","guid":{"rendered":"https:\/\/meusitejuridico.editorajuspodivm.com.br\/?p=12778"},"modified":"2022-01-18T15:17:01","modified_gmt":"2022-01-18T18:17:01","slug":"e-possivel-impetrar-habeas-corpus-para-ver-reconhecida-uma-excludente-de-ilicitude","status":"publish","type":"post","link":"https:\/\/meusitejuridico.com.br\/2021\/02\/02\/e-possivel-impetrar-habeas-corpus-para-ver-reconhecida-uma-excludente-de-ilicitude\/","title":{"rendered":"\u00c9 poss\u00edvel impetrar \u201chabeas corpus\u201d para ver reconhecida uma excludente de ilicitude?"},"content":{"rendered":"<p>Segundo tem decidido o STJ, \u00e9 <strong>incab\u00edvel<\/strong> a impetra\u00e7\u00e3o de <em>habeas corpus<\/em> no qual se sustenta a ilegalidade de pris\u00e3o porque decretada contra quem agiu em leg\u00edtima defesa.<\/p>\n<p>Destina-se o <em>habeas corpus <\/em>a tutelar a liberdade de locomo\u00e7\u00e3o do indiv\u00edduo. Protege, pois, o direito de ir, vir, ficar ou voltar. V\u00ea-se, portanto, que se assegura o livre direito de locomo\u00e7\u00e3o, o <em>jus manendi, ambulandi, e undi ultro citroque<\/em>, isto \u00e9, o direito de ir e vir para onde quer que se pretenda, mas diretamente relacionado ao indiv\u00edduo.<\/p>\n<p>Quando <em>liberat\u00f3rio<\/em> ou <em>repressivo<\/em>, o <em>habeas corpus <\/em>tem por objetivo afastar uma viol\u00eancia ou coa\u00e7\u00e3o ilegal atual, concreta, presente, que est\u00e1 ocorrendo, como sucede, por exemplo, se algu\u00e9m se acha preso sem a respectiva ordem judicial e n\u00e3o se trata de flagrante. Se <em>preventivo<\/em> ou <em>suspensivo<\/em>, o <em>habeas corpus <\/em>\u00e9 impetrado quando h\u00e1 imin\u00eancia de concretiza\u00e7\u00e3o da viol\u00eancia ou coa\u00e7\u00e3o ilegal, ou seja, o constrangimento ainda n\u00e3o se verificou, mas est\u00e1 prestes a ocorrer.<\/p>\n<p>O <em>habeas corpus <\/em>\u00e9 utilizado para <strong>garantir direito l\u00edquido e certo relativo \u00e0 liberdade de locomo\u00e7\u00e3o<\/strong>. Segundo in\u00fameras decis\u00f5es do STJ, n\u00e3o \u00e9 poss\u00edvel lan\u00e7ar m\u00e3o da a\u00e7\u00e3o constitucional fundamentada na leg\u00edtima defesa \u2013 ou em outra excludente de ilicitude \u2013 porque a avalia\u00e7\u00e3o de determinada conduta sob a \u00f3tica dos requisitos legais das justificantes pressup\u00f5e uma an\u00e1lise profunda de elementos probat\u00f3rios, algo incompat\u00edvel com o procedimento do <em>habeas corpus<\/em>. Cabe ao ju\u00edzo competente para julgar o m\u00e9rito da causa analisar se a conduta pode ser justificada:<\/p>\n<p style=\"padding-left: 60px;\">5\u00aa Turma: \u201c\u00c9 inadmiss\u00edvel o enfrentamento da alega\u00e7\u00e3o de leg\u00edtima defesa na via estreita do habeas corpus, ante a necess\u00e1ria incurs\u00e3o probat\u00f3ria, que dever\u00e1 ser realizada pelo Ju\u00edzo competente para a instru\u00e7\u00e3o e julgamento da causa, <em>in casu<\/em>, o Plen\u00e1rio do J\u00fari\u201d (HC 607.914\/RJ, j. 20\/10\/2020).<\/p>\n<p style=\"padding-left: 60px;\">6\u00aa Turma: \u201cDemonstrados os pressupostos da materialidade e ind\u00edcios de autoria, \u00e9 inadmiss\u00edvel o enfrentamento, na via estreita do habeas corpus, da alega\u00e7\u00e3o de exist\u00eancia de excludente de ilicitude \u2013 leg\u00edtima defesa \u2013, tendo em vista a necess\u00e1ria incurs\u00e3o probat\u00f3ria, inadmiss\u00edvel na via eleita, devendo tal an\u00e1lise ser realizada pelo Ju\u00edzo competente para o julgamento da causa, que, no caso dos autos, \u00e9 o Conselho de Senten\u00e7a do Tribunal do J\u00fari\u201d (HC 531.353\/RS, j. 17\/12\/2019).<\/p>\n<p><strong>Para se aprofundar, recomendamos:<\/strong><\/p>\n<p>Livro:\u00a0<a href=\"https:\/\/www.editorajuspodivm.com.br\/codigo-de-processo-penal-e-lei-de-execucao-penal-comentados-artigo-por-artigo-2021\" target=\"_blank\" rel=\"noopener\">C\u00f3digo de Processo Penal e Lei de Execu\u00e7\u00e3o Penal Comentados por Artigos<\/a><\/p>\n<p><strong>Conhe\u00e7a os cursos do Minist\u00e9rio P\u00fablico da Lesen, coordenados pelo professor Rog\u00e9rio Sanches:<\/strong><\/p>\n<p><a href=\"https:\/\/lesencursos.com.br\/ministerio-publico-estadual\" target=\"_blank\" rel=\"noopener\">Clique aqui<\/a><\/p>\n","protected":false},"excerpt":{"rendered":"<p>Segundo tem decidido o STJ, \u00e9 incab\u00edvel a impetra\u00e7\u00e3o de habeas corpus no qual se sustenta a ilegalidade de pris\u00e3o porque decretada contra quem agiu em leg\u00edtima defesa. Destina-se o habeas corpus a tutelar a liberdade de locomo\u00e7\u00e3o do indiv\u00edduo. Protege, pois, o direito de ir, vir, ficar ou voltar. V\u00ea-se, portanto, que se assegura [&hellip;]<\/p>\n","protected":false},"author":3,"featured_media":11525,"comment_status":"open","ping_status":"open","sticky":false,"template":"","format":"standard","meta":{"_acf_changed":false,"footnotes":""},"categories":[75,80],"tags":[253,433,2190,277,279],"class_list":["post-12778","post","type-post","status-publish","format-standard","has-post-thumbnail","hentry","category-jurisprudencia-comentada","category-informativos-stj","tag-exclusao-da-ilicitude","tag-habeas-corpus","tag-jurisprudencia","tag-legitima-defesa","tag-stj"],"acf":[],"yoast_head":"<!-- This site is optimized with the Yoast SEO plugin v24.8.1 - https:\/\/yoast.com\/wordpress\/plugins\/seo\/ -->\n<title>\u00c9 poss\u00edvel impetrar \u201chabeas corpus\u201d para ver reconhecida uma excludente de ilicitude? - Meu site jur\u00eddico<\/title>\n<meta name=\"robots\" content=\"index, follow, max-snippet:-1, max-image-preview:large, max-video-preview:-1\" \/>\n<link rel=\"canonical\" href=\"https:\/\/meusitejuridico.editorajuspodivm.com.br\/2021\/02\/02\/e-possivel-impetrar-habeas-corpus-para-ver-reconhecida-uma-excludente-de-ilicitude\/\" \/>\n<meta property=\"og:locale\" content=\"pt_BR\" \/>\n<meta property=\"og:type\" content=\"article\" \/>\n<meta property=\"og:title\" content=\"\u00c9 poss\u00edvel impetrar \u201chabeas corpus\u201d para ver reconhecida uma excludente de ilicitude? - Meu site jur\u00eddico\" \/>\n<meta property=\"og:description\" content=\"Segundo tem decidido o STJ, \u00e9 incab\u00edvel a impetra\u00e7\u00e3o de habeas corpus no qual se sustenta a ilegalidade de pris\u00e3o porque decretada contra quem agiu em leg\u00edtima defesa. Destina-se o habeas corpus a tutelar a liberdade de locomo\u00e7\u00e3o do indiv\u00edduo. Protege, pois, o direito de ir, vir, ficar ou voltar. V\u00ea-se, portanto, que se assegura [&hellip;]\" \/>\n<meta property=\"og:url\" content=\"https:\/\/meusitejuridico.editorajuspodivm.com.br\/2021\/02\/02\/e-possivel-impetrar-habeas-corpus-para-ver-reconhecida-uma-excludente-de-ilicitude\/\" \/>\n<meta property=\"og:site_name\" content=\"Meu site jur\u00eddico\" \/>\n<meta property=\"article:author\" content=\"https:\/\/www.facebook.com\/RogerioSanchesC\" \/>\n<meta property=\"article:published_time\" content=\"2021-02-02T17:00:08+00:00\" \/>\n<meta property=\"article:modified_time\" content=\"2022-01-18T18:17:01+00:00\" \/>\n<meta property=\"og:image\" content=\"https:\/\/meusitejuridico.editorajuspodivm.com.br\/s.meusitejuridico\/2020\/07\/ee654a7c-books.jpg\" \/>\n\t<meta property=\"og:image:width\" content=\"400\" \/>\n\t<meta property=\"og:image:height\" content=\"266\" \/>\n\t<meta property=\"og:image:type\" content=\"image\/jpeg\" \/>\n<meta name=\"author\" content=\"Rog\u00e9rio Sanches Cunha\" \/>\n<meta name=\"twitter:card\" content=\"summary_large_image\" \/>\n<meta name=\"twitter:creator\" content=\"@RogerioSanchesC\" \/>\n<meta name=\"twitter:label1\" content=\"Escrito por\" \/>\n\t<meta name=\"twitter:data1\" content=\"Rog\u00e9rio Sanches Cunha\" \/>\n\t<meta name=\"twitter:label2\" content=\"Est. tempo de leitura\" \/>\n\t<meta name=\"twitter:data2\" content=\"2 minutos\" \/>\n<script type=\"application\/ld+json\" class=\"yoast-schema-graph\">{\"@context\":\"https:\/\/schema.org\",\"@graph\":[{\"@type\":\"Article\",\"@id\":\"https:\/\/meusitejuridico.editorajuspodivm.com.br\/2021\/02\/02\/e-possivel-impetrar-habeas-corpus-para-ver-reconhecida-uma-excludente-de-ilicitude\/#article\",\"isPartOf\":{\"@id\":\"https:\/\/meusitejuridico.editorajuspodivm.com.br\/2021\/02\/02\/e-possivel-impetrar-habeas-corpus-para-ver-reconhecida-uma-excludente-de-ilicitude\/\"},\"author\":{\"name\":\"Rog\u00e9rio Sanches Cunha\",\"@id\":\"https:\/\/cdn.meusitejuridico.com.br\/#\/schema\/person\/a3cebf06fd267ee700aae09eb6722d16\"},\"headline\":\"\u00c9 poss\u00edvel impetrar \u201chabeas corpus\u201d para ver reconhecida uma excludente de ilicitude?\",\"datePublished\":\"2021-02-02T17:00:08+00:00\",\"dateModified\":\"2022-01-18T18:17:01+00:00\",\"mainEntityOfPage\":{\"@id\":\"https:\/\/meusitejuridico.editorajuspodivm.com.br\/2021\/02\/02\/e-possivel-impetrar-habeas-corpus-para-ver-reconhecida-uma-excludente-de-ilicitude\/\"},\"wordCount\":461,\"commentCount\":0,\"publisher\":{\"@id\":\"https:\/\/cdn.meusitejuridico.com.br\/#organization\"},\"image\":{\"@id\":\"https:\/\/meusitejuridico.editorajuspodivm.com.br\/2021\/02\/02\/e-possivel-impetrar-habeas-corpus-para-ver-reconhecida-uma-excludente-de-ilicitude\/#primaryimage\"},\"thumbnailUrl\":\"https:\/\/meusitejuridico.com.br\/s.meusitejuridico\/2020\/07\/ee654a7c-books.jpg\",\"keywords\":[\"exclus\u00e3o da ilicitude\",\"habeas corpus\",\"jurisprud\u00eancia\",\"leg\u00edtima defesa\",\"stj\"],\"articleSection\":[\"Jurisprud\u00eancia\",\"STJ\"],\"inLanguage\":\"pt-BR\",\"potentialAction\":[{\"@type\":\"CommentAction\",\"name\":\"Comment\",\"target\":[\"https:\/\/meusitejuridico.editorajuspodivm.com.br\/2021\/02\/02\/e-possivel-impetrar-habeas-corpus-para-ver-reconhecida-uma-excludente-de-ilicitude\/#respond\"]}]},{\"@type\":\"WebPage\",\"@id\":\"https:\/\/meusitejuridico.editorajuspodivm.com.br\/2021\/02\/02\/e-possivel-impetrar-habeas-corpus-para-ver-reconhecida-uma-excludente-de-ilicitude\/\",\"url\":\"https:\/\/meusitejuridico.editorajuspodivm.com.br\/2021\/02\/02\/e-possivel-impetrar-habeas-corpus-para-ver-reconhecida-uma-excludente-de-ilicitude\/\",\"name\":\"\u00c9 poss\u00edvel impetrar \u201chabeas corpus\u201d para ver reconhecida uma excludente de ilicitude? - Meu site jur\u00eddico\",\"isPartOf\":{\"@id\":\"https:\/\/cdn.meusitejuridico.com.br\/#website\"},\"primaryImageOfPage\":{\"@id\":\"https:\/\/meusitejuridico.editorajuspodivm.com.br\/2021\/02\/02\/e-possivel-impetrar-habeas-corpus-para-ver-reconhecida-uma-excludente-de-ilicitude\/#primaryimage\"},\"image\":{\"@id\":\"https:\/\/meusitejuridico.editorajuspodivm.com.br\/2021\/02\/02\/e-possivel-impetrar-habeas-corpus-para-ver-reconhecida-uma-excludente-de-ilicitude\/#primaryimage\"},\"thumbnailUrl\":\"https:\/\/meusitejuridico.com.br\/s.meusitejuridico\/2020\/07\/ee654a7c-books.jpg\",\"datePublished\":\"2021-02-02T17:00:08+00:00\",\"dateModified\":\"2022-01-18T18:17:01+00:00\",\"breadcrumb\":{\"@id\":\"https:\/\/meusitejuridico.editorajuspodivm.com.br\/2021\/02\/02\/e-possivel-impetrar-habeas-corpus-para-ver-reconhecida-uma-excludente-de-ilicitude\/#breadcrumb\"},\"inLanguage\":\"pt-BR\",\"potentialAction\":[{\"@type\":\"ReadAction\",\"target\":[\"https:\/\/meusitejuridico.editorajuspodivm.com.br\/2021\/02\/02\/e-possivel-impetrar-habeas-corpus-para-ver-reconhecida-uma-excludente-de-ilicitude\/\"]}]},{\"@type\":\"ImageObject\",\"inLanguage\":\"pt-BR\",\"@id\":\"https:\/\/meusitejuridico.editorajuspodivm.com.br\/2021\/02\/02\/e-possivel-impetrar-habeas-corpus-para-ver-reconhecida-uma-excludente-de-ilicitude\/#primaryimage\",\"url\":\"https:\/\/meusitejuridico.com.br\/s.meusitejuridico\/2020\/07\/ee654a7c-books.jpg\",\"contentUrl\":\"https:\/\/meusitejuridico.com.br\/s.meusitejuridico\/2020\/07\/ee654a7c-books.jpg\",\"width\":400,\"height\":266},{\"@type\":\"BreadcrumbList\",\"@id\":\"https:\/\/meusitejuridico.editorajuspodivm.com.br\/2021\/02\/02\/e-possivel-impetrar-habeas-corpus-para-ver-reconhecida-uma-excludente-de-ilicitude\/#breadcrumb\",\"itemListElement\":[{\"@type\":\"ListItem\",\"position\":1,\"name\":\"In\u00edcio\",\"item\":\"https:\/\/cdn.meusitejuridico.com.br\/\"},{\"@type\":\"ListItem\",\"position\":2,\"name\":\"\u00c9 poss\u00edvel impetrar \u201chabeas corpus\u201d para ver reconhecida uma excludente de ilicitude?\"}]},{\"@type\":\"WebSite\",\"@id\":\"https:\/\/cdn.meusitejuridico.com.br\/#website\",\"url\":\"https:\/\/cdn.meusitejuridico.com.br\/\",\"name\":\"Meu site jur\u00eddico\",\"description\":\"Meu site jur\u00eddico\",\"publisher\":{\"@id\":\"https:\/\/cdn.meusitejuridico.com.br\/#organization\"},\"potentialAction\":[{\"@type\":\"SearchAction\",\"target\":{\"@type\":\"EntryPoint\",\"urlTemplate\":\"https:\/\/cdn.meusitejuridico.com.br\/?s={search_term_string}\"},\"query-input\":{\"@type\":\"PropertyValueSpecification\",\"valueRequired\":true,\"valueName\":\"search_term_string\"}}],\"inLanguage\":\"pt-BR\"},{\"@type\":\"Organization\",\"@id\":\"https:\/\/cdn.meusitejuridico.com.br\/#organization\",\"name\":\"Meu site jur\u00eddico\",\"url\":\"https:\/\/cdn.meusitejuridico.com.br\/\",\"logo\":{\"@type\":\"ImageObject\",\"inLanguage\":\"pt-BR\",\"@id\":\"https:\/\/cdn.meusitejuridico.com.br\/#\/schema\/logo\/image\/\",\"url\":\"https:\/\/meusitejuridico.com.br\/s.meusitejuridico\/2022\/03\/cropped-baeec2a3-msj-02-01-01.png\",\"contentUrl\":\"https:\/\/meusitejuridico.com.br\/s.meusitejuridico\/2022\/03\/cropped-baeec2a3-msj-02-01-01.png\",\"width\":349,\"height\":243,\"caption\":\"Meu site jur\u00eddico\"},\"image\":{\"@id\":\"https:\/\/cdn.meusitejuridico.com.br\/#\/schema\/logo\/image\/\"}},{\"@type\":\"Person\",\"@id\":\"https:\/\/cdn.meusitejuridico.com.br\/#\/schema\/person\/a3cebf06fd267ee700aae09eb6722d16\",\"name\":\"Rog\u00e9rio Sanches Cunha\",\"image\":{\"@type\":\"ImageObject\",\"inLanguage\":\"pt-BR\",\"@id\":\"https:\/\/cdn.meusitejuridico.com.br\/#\/schema\/person\/image\/\",\"url\":\"https:\/\/meusitejuridico.com.br\/s.meusitejuridico\/2023\/04\/7de31285-rsc-0054-scaled-e1681840173909-150x150.jpg\",\"contentUrl\":\"https:\/\/meusitejuridico.com.br\/s.meusitejuridico\/2023\/04\/7de31285-rsc-0054-scaled-e1681840173909-150x150.jpg\",\"caption\":\"Rog\u00e9rio Sanches Cunha\"},\"description\":\"Membro do Ministe\u0301rio Pu\u0301blico do Estado de Sa\u0303o Paulo. Professor da Escola Superior do Ministe\u0301rio Pu\u0301blico dos estados de Sa\u0303o Paulo, Mato Grosso e Santa Catarina. Coordenador Pedag\u00f3gico e Professor de Penal e Processo Penal do Curso RSConline. Fundador do site www.meusitejuridico.com.br. Cofundador e coordenador pedago\u0301gico do JUSPLAY. Autor de obras juri\u0301dicas.\",\"sameAs\":[\"https:\/\/www.editorajuspodivm.com.br\/autores\/detalhe\/107?idtag=ebe04ee0-bb3c-4b7f-96b9-fcd9428789d5\",\"https:\/\/www.facebook.com\/RogerioSanchesC\",\"https:\/\/www.instagram.com\/rogeriosanchescunha\/\",\"https:\/\/x.com\/RogerioSanchesC\",\"https:\/\/www.youtube.com\/user\/RogerioSanchesC\"],\"url\":\"https:\/\/meusitejuridico.com.br\/author\/redesrogeriogmail-com\/\"}]}<\/script>\n<!-- \/ Yoast SEO plugin. -->","yoast_head_json":{"title":"\u00c9 poss\u00edvel impetrar \u201chabeas corpus\u201d para ver reconhecida uma excludente de ilicitude? - Meu site jur\u00eddico","robots":{"index":"index","follow":"follow","max-snippet":"max-snippet:-1","max-image-preview":"max-image-preview:large","max-video-preview":"max-video-preview:-1"},"canonical":"https:\/\/meusitejuridico.editorajuspodivm.com.br\/2021\/02\/02\/e-possivel-impetrar-habeas-corpus-para-ver-reconhecida-uma-excludente-de-ilicitude\/","og_locale":"pt_BR","og_type":"article","og_title":"\u00c9 poss\u00edvel impetrar \u201chabeas corpus\u201d para ver reconhecida uma excludente de ilicitude? - Meu site jur\u00eddico","og_description":"Segundo tem decidido o STJ, \u00e9 incab\u00edvel a impetra\u00e7\u00e3o de habeas corpus no qual se sustenta a ilegalidade de pris\u00e3o porque decretada contra quem agiu em leg\u00edtima defesa. Destina-se o habeas corpus a tutelar a liberdade de locomo\u00e7\u00e3o do indiv\u00edduo. Protege, pois, o direito de ir, vir, ficar ou voltar. V\u00ea-se, portanto, que se assegura [&hellip;]","og_url":"https:\/\/meusitejuridico.editorajuspodivm.com.br\/2021\/02\/02\/e-possivel-impetrar-habeas-corpus-para-ver-reconhecida-uma-excludente-de-ilicitude\/","og_site_name":"Meu site jur\u00eddico","article_author":"https:\/\/www.facebook.com\/RogerioSanchesC","article_published_time":"2021-02-02T17:00:08+00:00","article_modified_time":"2022-01-18T18:17:01+00:00","og_image":[{"width":400,"height":266,"url":"https:\/\/meusitejuridico.editorajuspodivm.com.br\/s.meusitejuridico\/2020\/07\/ee654a7c-books.jpg","type":"image\/jpeg"}],"author":"Rog\u00e9rio Sanches Cunha","twitter_card":"summary_large_image","twitter_creator":"@RogerioSanchesC","twitter_misc":{"Escrito por":"Rog\u00e9rio Sanches Cunha","Est. tempo de leitura":"2 minutos"},"schema":{"@context":"https:\/\/schema.org","@graph":[{"@type":"Article","@id":"https:\/\/meusitejuridico.editorajuspodivm.com.br\/2021\/02\/02\/e-possivel-impetrar-habeas-corpus-para-ver-reconhecida-uma-excludente-de-ilicitude\/#article","isPartOf":{"@id":"https:\/\/meusitejuridico.editorajuspodivm.com.br\/2021\/02\/02\/e-possivel-impetrar-habeas-corpus-para-ver-reconhecida-uma-excludente-de-ilicitude\/"},"author":{"name":"Rog\u00e9rio Sanches Cunha","@id":"https:\/\/cdn.meusitejuridico.com.br\/#\/schema\/person\/a3cebf06fd267ee700aae09eb6722d16"},"headline":"\u00c9 poss\u00edvel impetrar \u201chabeas corpus\u201d para ver reconhecida uma excludente de ilicitude?","datePublished":"2021-02-02T17:00:08+00:00","dateModified":"2022-01-18T18:17:01+00:00","mainEntityOfPage":{"@id":"https:\/\/meusitejuridico.editorajuspodivm.com.br\/2021\/02\/02\/e-possivel-impetrar-habeas-corpus-para-ver-reconhecida-uma-excludente-de-ilicitude\/"},"wordCount":461,"commentCount":0,"publisher":{"@id":"https:\/\/cdn.meusitejuridico.com.br\/#organization"},"image":{"@id":"https:\/\/meusitejuridico.editorajuspodivm.com.br\/2021\/02\/02\/e-possivel-impetrar-habeas-corpus-para-ver-reconhecida-uma-excludente-de-ilicitude\/#primaryimage"},"thumbnailUrl":"https:\/\/meusitejuridico.com.br\/s.meusitejuridico\/2020\/07\/ee654a7c-books.jpg","keywords":["exclus\u00e3o da ilicitude","habeas corpus","jurisprud\u00eancia","leg\u00edtima defesa","stj"],"articleSection":["Jurisprud\u00eancia","STJ"],"inLanguage":"pt-BR","potentialAction":[{"@type":"CommentAction","name":"Comment","target":["https:\/\/meusitejuridico.editorajuspodivm.com.br\/2021\/02\/02\/e-possivel-impetrar-habeas-corpus-para-ver-reconhecida-uma-excludente-de-ilicitude\/#respond"]}]},{"@type":"WebPage","@id":"https:\/\/meusitejuridico.editorajuspodivm.com.br\/2021\/02\/02\/e-possivel-impetrar-habeas-corpus-para-ver-reconhecida-uma-excludente-de-ilicitude\/","url":"https:\/\/meusitejuridico.editorajuspodivm.com.br\/2021\/02\/02\/e-possivel-impetrar-habeas-corpus-para-ver-reconhecida-uma-excludente-de-ilicitude\/","name":"\u00c9 poss\u00edvel impetrar \u201chabeas corpus\u201d para ver reconhecida uma excludente de ilicitude? - Meu site jur\u00eddico","isPartOf":{"@id":"https:\/\/cdn.meusitejuridico.com.br\/#website"},"primaryImageOfPage":{"@id":"https:\/\/meusitejuridico.editorajuspodivm.com.br\/2021\/02\/02\/e-possivel-impetrar-habeas-corpus-para-ver-reconhecida-uma-excludente-de-ilicitude\/#primaryimage"},"image":{"@id":"https:\/\/meusitejuridico.editorajuspodivm.com.br\/2021\/02\/02\/e-possivel-impetrar-habeas-corpus-para-ver-reconhecida-uma-excludente-de-ilicitude\/#primaryimage"},"thumbnailUrl":"https:\/\/meusitejuridico.com.br\/s.meusitejuridico\/2020\/07\/ee654a7c-books.jpg","datePublished":"2021-02-02T17:00:08+00:00","dateModified":"2022-01-18T18:17:01+00:00","breadcrumb":{"@id":"https:\/\/meusitejuridico.editorajuspodivm.com.br\/2021\/02\/02\/e-possivel-impetrar-habeas-corpus-para-ver-reconhecida-uma-excludente-de-ilicitude\/#breadcrumb"},"inLanguage":"pt-BR","potentialAction":[{"@type":"ReadAction","target":["https:\/\/meusitejuridico.editorajuspodivm.com.br\/2021\/02\/02\/e-possivel-impetrar-habeas-corpus-para-ver-reconhecida-uma-excludente-de-ilicitude\/"]}]},{"@type":"ImageObject","inLanguage":"pt-BR","@id":"https:\/\/meusitejuridico.editorajuspodivm.com.br\/2021\/02\/02\/e-possivel-impetrar-habeas-corpus-para-ver-reconhecida-uma-excludente-de-ilicitude\/#primaryimage","url":"https:\/\/meusitejuridico.com.br\/s.meusitejuridico\/2020\/07\/ee654a7c-books.jpg","contentUrl":"https:\/\/meusitejuridico.com.br\/s.meusitejuridico\/2020\/07\/ee654a7c-books.jpg","width":400,"height":266},{"@type":"BreadcrumbList","@id":"https:\/\/meusitejuridico.editorajuspodivm.com.br\/2021\/02\/02\/e-possivel-impetrar-habeas-corpus-para-ver-reconhecida-uma-excludente-de-ilicitude\/#breadcrumb","itemListElement":[{"@type":"ListItem","position":1,"name":"In\u00edcio","item":"https:\/\/cdn.meusitejuridico.com.br\/"},{"@type":"ListItem","position":2,"name":"\u00c9 poss\u00edvel impetrar \u201chabeas corpus\u201d para ver reconhecida uma excludente de ilicitude?"}]},{"@type":"WebSite","@id":"https:\/\/cdn.meusitejuridico.com.br\/#website","url":"https:\/\/cdn.meusitejuridico.com.br\/","name":"Meu site jur\u00eddico","description":"Meu site jur\u00eddico","publisher":{"@id":"https:\/\/cdn.meusitejuridico.com.br\/#organization"},"potentialAction":[{"@type":"SearchAction","target":{"@type":"EntryPoint","urlTemplate":"https:\/\/cdn.meusitejuridico.com.br\/?s={search_term_string}"},"query-input":{"@type":"PropertyValueSpecification","valueRequired":true,"valueName":"search_term_string"}}],"inLanguage":"pt-BR"},{"@type":"Organization","@id":"https:\/\/cdn.meusitejuridico.com.br\/#organization","name":"Meu site jur\u00eddico","url":"https:\/\/cdn.meusitejuridico.com.br\/","logo":{"@type":"ImageObject","inLanguage":"pt-BR","@id":"https:\/\/cdn.meusitejuridico.com.br\/#\/schema\/logo\/image\/","url":"https:\/\/meusitejuridico.com.br\/s.meusitejuridico\/2022\/03\/cropped-baeec2a3-msj-02-01-01.png","contentUrl":"https:\/\/meusitejuridico.com.br\/s.meusitejuridico\/2022\/03\/cropped-baeec2a3-msj-02-01-01.png","width":349,"height":243,"caption":"Meu site jur\u00eddico"},"image":{"@id":"https:\/\/cdn.meusitejuridico.com.br\/#\/schema\/logo\/image\/"}},{"@type":"Person","@id":"https:\/\/cdn.meusitejuridico.com.br\/#\/schema\/person\/a3cebf06fd267ee700aae09eb6722d16","name":"Rog\u00e9rio Sanches Cunha","image":{"@type":"ImageObject","inLanguage":"pt-BR","@id":"https:\/\/cdn.meusitejuridico.com.br\/#\/schema\/person\/image\/","url":"https:\/\/meusitejuridico.com.br\/s.meusitejuridico\/2023\/04\/7de31285-rsc-0054-scaled-e1681840173909-150x150.jpg","contentUrl":"https:\/\/meusitejuridico.com.br\/s.meusitejuridico\/2023\/04\/7de31285-rsc-0054-scaled-e1681840173909-150x150.jpg","caption":"Rog\u00e9rio Sanches Cunha"},"description":"Membro do Ministe\u0301rio Pu\u0301blico do Estado de Sa\u0303o Paulo. Professor da Escola Superior do Ministe\u0301rio Pu\u0301blico dos estados de Sa\u0303o Paulo, Mato Grosso e Santa Catarina. Coordenador Pedag\u00f3gico e Professor de Penal e Processo Penal do Curso RSConline. Fundador do site www.meusitejuridico.com.br. Cofundador e coordenador pedago\u0301gico do JUSPLAY. Autor de obras juri\u0301dicas.","sameAs":["https:\/\/www.editorajuspodivm.com.br\/autores\/detalhe\/107?idtag=ebe04ee0-bb3c-4b7f-96b9-fcd9428789d5","https:\/\/www.facebook.com\/RogerioSanchesC","https:\/\/www.instagram.com\/rogeriosanchescunha\/","https:\/\/x.com\/RogerioSanchesC","https:\/\/www.youtube.com\/user\/RogerioSanchesC"],"url":"https:\/\/meusitejuridico.com.br\/author\/redesrogeriogmail-com\/"}]}},"_links":{"self":[{"href":"https:\/\/meusitejuridico.com.br\/api\/wp\/v2\/posts\/12778","targetHints":{"allow":["GET"]}}],"collection":[{"href":"https:\/\/meusitejuridico.com.br\/api\/wp\/v2\/posts"}],"about":[{"href":"https:\/\/meusitejuridico.com.br\/api\/wp\/v2\/types\/post"}],"author":[{"embeddable":true,"href":"https:\/\/meusitejuridico.com.br\/api\/wp\/v2\/users\/3"}],"replies":[{"embeddable":true,"href":"https:\/\/meusitejuridico.com.br\/api\/wp\/v2\/comments?post=12778"}],"version-history":[{"count":1,"href":"https:\/\/meusitejuridico.com.br\/api\/wp\/v2\/posts\/12778\/revisions"}],"predecessor-version":[{"id":12779,"href":"https:\/\/meusitejuridico.com.br\/api\/wp\/v2\/posts\/12778\/revisions\/12779"}],"wp:featuredmedia":[{"embeddable":true,"href":"https:\/\/meusitejuridico.com.br\/api\/wp\/v2\/media\/11525"}],"wp:attachment":[{"href":"https:\/\/meusitejuridico.com.br\/api\/wp\/v2\/media?parent=12778"}],"wp:term":[{"taxonomy":"category","embeddable":true,"href":"https:\/\/meusitejuridico.com.br\/api\/wp\/v2\/categories?post=12778"},{"taxonomy":"post_tag","embeddable":true,"href":"https:\/\/meusitejuridico.com.br\/api\/wp\/v2\/tags?post=12778"}],"curies":[{"name":"wp","href":"https:\/\/api.w.org\/{rel}","templated":true}]}}