{"id":13425,"date":"2021-05-22T08:30:59","date_gmt":"2021-05-22T11:30:59","guid":{"rendered":"https:\/\/meusitejuridico.editorajuspodivm.com.br\/?p=13425"},"modified":"2021-05-21T08:41:50","modified_gmt":"2021-05-21T11:41:50","slug":"nos-crimes-sexuais-contra-vulneravel-aumenta-se-pena-de-metade-se-o-autor-e-ascendente-da-vitima-mas-lei-e-omissa-em-relacao-ao-padrasto","status":"publish","type":"post","link":"https:\/\/meusitejuridico.com.br\/2021\/05\/22\/nos-crimes-sexuais-contra-vulneravel-aumenta-se-pena-de-metade-se-o-autor-e-ascendente-da-vitima-mas-lei-e-omissa-em-relacao-ao-padrasto\/","title":{"rendered":"Nos crimes sexuais contra vulner\u00e1vel, aumenta-se a pena de metade se o autor \u00e9 ascendente da v\u00edtima, mas a lei \u00e9 omissa em rela\u00e7\u00e3o ao padrasto"},"content":{"rendered":"<p><strong>ERRADO<\/strong><\/p>\n<p>Nos crimes contra a liberdade sexual e nos crimes sexuais contra vulner\u00e1vel a pena \u00e9 aumentada de 1\/2 (metade) se o agente \u00e9 ascendente, padrasto ou madrasta, tio, irm\u00e3o, c\u00f4njuge, companheiro, tutor, curador, preceptor ou empregador da v\u00edtima ou por qualquer outro t\u00edtulo tem autoridade sobre ela (art. 226, inc. II, CP). Justifica-se o agravamento da pena em raz\u00e3o da maior reprova\u00e7\u00e3o moral da conduta, em que o agente abusa das rela\u00e7\u00f5es familiares, de intimidade ou de confian\u00e7a que mant\u00e9m com a v\u00edtima.<\/p>\n<p>A exist\u00eancia dessa causa de aumento afasta a possibilidade de aplica\u00e7\u00e3o das agravantes gen\u00e9ricas previstas no art. 61, II, <em>e<\/em> e <em>g<\/em>, do CP, sob pena de se incorrer em claro <em>bis in idem<\/em>.<\/p>\n","protected":false},"excerpt":{"rendered":"<p>ERRADO Nos crimes contra a liberdade sexual e nos crimes sexuais contra vulner\u00e1vel a pena \u00e9 aumentada de 1\/2 (metade) se o agente \u00e9 ascendente, padrasto ou madrasta, tio, irm\u00e3o, c\u00f4njuge, companheiro, tutor, curador, preceptor ou empregador da v\u00edtima ou por qualquer outro t\u00edtulo tem autoridade sobre ela (art. 226, inc. II, CP). Justifica-se o [&hellip;]<\/p>\n","protected":false},"author":7,"featured_media":7443,"comment_status":"open","ping_status":"open","sticky":false,"template":"","format":"standard","meta":{"_acf_changed":false,"footnotes":""},"categories":[3090,78,437],"tags":[584,107,2004],"class_list":["post-13425","post","type-post","status-publish","format-standard","has-post-thumbnail","hentry","category-certo-ou-errado","category-material-de-aula","category-perguntas-e-respostas","tag-crimes-sexuais","tag-direito-penal","tag-vulneraveis"],"acf":[],"yoast_head":"<!-- This site is optimized with the Yoast SEO plugin v24.8.1 - https:\/\/yoast.com\/wordpress\/plugins\/seo\/ -->\n<title>Nos crimes sexuais contra vulner\u00e1vel, aumenta-se a pena de metade se o autor \u00e9 ascendente da v\u00edtima, mas a lei \u00e9 omissa em rela\u00e7\u00e3o ao padrasto - Meu site jur\u00eddico<\/title>\n<meta name=\"robots\" content=\"index, follow, max-snippet:-1, max-image-preview:large, max-video-preview:-1\" \/>\n<link rel=\"canonical\" href=\"https:\/\/meusitejuridico.editorajuspodivm.com.br\/2021\/05\/22\/nos-crimes-sexuais-contra-vulneravel-aumenta-se-pena-de-metade-se-o-autor-e-ascendente-da-vitima-mas-lei-e-omissa-em-relacao-ao-padrasto\/\" \/>\n<meta property=\"og:locale\" content=\"pt_BR\" \/>\n<meta property=\"og:type\" content=\"article\" \/>\n<meta property=\"og:title\" content=\"Nos crimes sexuais contra vulner\u00e1vel, aumenta-se a pena de metade se o autor \u00e9 ascendente da v\u00edtima, mas a lei \u00e9 omissa em rela\u00e7\u00e3o ao padrasto - Meu site jur\u00eddico\" \/>\n<meta property=\"og:description\" content=\"ERRADO Nos crimes contra a liberdade sexual e nos crimes sexuais contra vulner\u00e1vel a pena \u00e9 aumentada de 1\/2 (metade) se o agente \u00e9 ascendente, padrasto ou madrasta, tio, irm\u00e3o, c\u00f4njuge, companheiro, tutor, curador, preceptor ou empregador da v\u00edtima ou por qualquer outro t\u00edtulo tem autoridade sobre ela (art. 226, inc. II, CP). Justifica-se o [&hellip;]\" \/>\n<meta property=\"og:url\" content=\"https:\/\/meusitejuridico.editorajuspodivm.com.br\/2021\/05\/22\/nos-crimes-sexuais-contra-vulneravel-aumenta-se-pena-de-metade-se-o-autor-e-ascendente-da-vitima-mas-lei-e-omissa-em-relacao-ao-padrasto\/\" \/>\n<meta property=\"og:site_name\" content=\"Meu site jur\u00eddico\" \/>\n<meta property=\"article:published_time\" content=\"2021-05-22T11:30:59+00:00\" \/>\n<meta property=\"og:image\" content=\"https:\/\/meusitejuridico.editorajuspodivm.com.br\/s.meusitejuridico\/2019\/01\/cd2434cf-shutterstock-1170014.jpg\" \/>\n\t<meta property=\"og:image:width\" content=\"1280\" \/>\n\t<meta property=\"og:image:height\" content=\"853\" \/>\n\t<meta property=\"og:image:type\" content=\"image\/jpeg\" \/>\n<meta name=\"author\" content=\"Equipe Meu Site Jur\u00eddico\" \/>\n<meta name=\"twitter:card\" content=\"summary_large_image\" \/>\n<meta name=\"twitter:label1\" content=\"Escrito por\" \/>\n\t<meta name=\"twitter:data1\" content=\"Equipe Meu Site Jur\u00eddico\" \/>\n\t<meta name=\"twitter:label2\" content=\"Est. tempo de leitura\" \/>\n\t<meta name=\"twitter:data2\" content=\"1 minuto\" \/>\n<script type=\"application\/ld+json\" class=\"yoast-schema-graph\">{\"@context\":\"https:\/\/schema.org\",\"@graph\":[{\"@type\":\"Article\",\"@id\":\"https:\/\/meusitejuridico.editorajuspodivm.com.br\/2021\/05\/22\/nos-crimes-sexuais-contra-vulneravel-aumenta-se-pena-de-metade-se-o-autor-e-ascendente-da-vitima-mas-lei-e-omissa-em-relacao-ao-padrasto\/#article\",\"isPartOf\":{\"@id\":\"https:\/\/meusitejuridico.editorajuspodivm.com.br\/2021\/05\/22\/nos-crimes-sexuais-contra-vulneravel-aumenta-se-pena-de-metade-se-o-autor-e-ascendente-da-vitima-mas-lei-e-omissa-em-relacao-ao-padrasto\/\"},\"author\":{\"name\":\"Equipe Meu Site Jur\u00eddico\",\"@id\":\"https:\/\/meusitejuridico.com.br\/#\/schema\/person\/5c2237ac0c8ff03bcf1a09fe3e45dfce\"},\"headline\":\"Nos crimes sexuais contra vulner\u00e1vel, aumenta-se a pena de metade se o autor \u00e9 ascendente da v\u00edtima, mas a lei \u00e9 omissa em rela\u00e7\u00e3o ao padrasto\",\"datePublished\":\"2021-05-22T11:30:59+00:00\",\"mainEntityOfPage\":{\"@id\":\"https:\/\/meusitejuridico.editorajuspodivm.com.br\/2021\/05\/22\/nos-crimes-sexuais-contra-vulneravel-aumenta-se-pena-de-metade-se-o-autor-e-ascendente-da-vitima-mas-lei-e-omissa-em-relacao-ao-padrasto\/\"},\"wordCount\":154,\"commentCount\":0,\"publisher\":{\"@id\":\"https:\/\/meusitejuridico.com.br\/#organization\"},\"image\":{\"@id\":\"https:\/\/meusitejuridico.editorajuspodivm.com.br\/2021\/05\/22\/nos-crimes-sexuais-contra-vulneravel-aumenta-se-pena-de-metade-se-o-autor-e-ascendente-da-vitima-mas-lei-e-omissa-em-relacao-ao-padrasto\/#primaryimage\"},\"thumbnailUrl\":\"https:\/\/meusitejuridico.com.br\/s.meusitejuridico\/2019\/01\/cd2434cf-shutterstock-1170014.jpg\",\"keywords\":[\"crimes sexuais\",\"Direito Penal\",\"vulner\u00e1veis\"],\"articleSection\":[\"Certo ou errado?\",\"Material de aula\",\"Perguntas e Respostas\"],\"inLanguage\":\"pt-BR\",\"potentialAction\":[{\"@type\":\"CommentAction\",\"name\":\"Comment\",\"target\":[\"https:\/\/meusitejuridico.editorajuspodivm.com.br\/2021\/05\/22\/nos-crimes-sexuais-contra-vulneravel-aumenta-se-pena-de-metade-se-o-autor-e-ascendente-da-vitima-mas-lei-e-omissa-em-relacao-ao-padrasto\/#respond\"]}]},{\"@type\":\"WebPage\",\"@id\":\"https:\/\/meusitejuridico.editorajuspodivm.com.br\/2021\/05\/22\/nos-crimes-sexuais-contra-vulneravel-aumenta-se-pena-de-metade-se-o-autor-e-ascendente-da-vitima-mas-lei-e-omissa-em-relacao-ao-padrasto\/\",\"url\":\"https:\/\/meusitejuridico.editorajuspodivm.com.br\/2021\/05\/22\/nos-crimes-sexuais-contra-vulneravel-aumenta-se-pena-de-metade-se-o-autor-e-ascendente-da-vitima-mas-lei-e-omissa-em-relacao-ao-padrasto\/\",\"name\":\"Nos crimes sexuais contra vulner\u00e1vel, aumenta-se a pena de metade se o autor \u00e9 ascendente da v\u00edtima, mas a lei \u00e9 omissa em rela\u00e7\u00e3o ao padrasto - Meu site jur\u00eddico\",\"isPartOf\":{\"@id\":\"https:\/\/meusitejuridico.com.br\/#website\"},\"primaryImageOfPage\":{\"@id\":\"https:\/\/meusitejuridico.editorajuspodivm.com.br\/2021\/05\/22\/nos-crimes-sexuais-contra-vulneravel-aumenta-se-pena-de-metade-se-o-autor-e-ascendente-da-vitima-mas-lei-e-omissa-em-relacao-ao-padrasto\/#primaryimage\"},\"image\":{\"@id\":\"https:\/\/meusitejuridico.editorajuspodivm.com.br\/2021\/05\/22\/nos-crimes-sexuais-contra-vulneravel-aumenta-se-pena-de-metade-se-o-autor-e-ascendente-da-vitima-mas-lei-e-omissa-em-relacao-ao-padrasto\/#primaryimage\"},\"thumbnailUrl\":\"https:\/\/meusitejuridico.com.br\/s.meusitejuridico\/2019\/01\/cd2434cf-shutterstock-1170014.jpg\",\"datePublished\":\"2021-05-22T11:30:59+00:00\",\"breadcrumb\":{\"@id\":\"https:\/\/meusitejuridico.editorajuspodivm.com.br\/2021\/05\/22\/nos-crimes-sexuais-contra-vulneravel-aumenta-se-pena-de-metade-se-o-autor-e-ascendente-da-vitima-mas-lei-e-omissa-em-relacao-ao-padrasto\/#breadcrumb\"},\"inLanguage\":\"pt-BR\",\"potentialAction\":[{\"@type\":\"ReadAction\",\"target\":[\"https:\/\/meusitejuridico.editorajuspodivm.com.br\/2021\/05\/22\/nos-crimes-sexuais-contra-vulneravel-aumenta-se-pena-de-metade-se-o-autor-e-ascendente-da-vitima-mas-lei-e-omissa-em-relacao-ao-padrasto\/\"]}]},{\"@type\":\"ImageObject\",\"inLanguage\":\"pt-BR\",\"@id\":\"https:\/\/meusitejuridico.editorajuspodivm.com.br\/2021\/05\/22\/nos-crimes-sexuais-contra-vulneravel-aumenta-se-pena-de-metade-se-o-autor-e-ascendente-da-vitima-mas-lei-e-omissa-em-relacao-ao-padrasto\/#primaryimage\",\"url\":\"https:\/\/meusitejuridico.com.br\/s.meusitejuridico\/2019\/01\/cd2434cf-shutterstock-1170014.jpg\",\"contentUrl\":\"https:\/\/meusitejuridico.com.br\/s.meusitejuridico\/2019\/01\/cd2434cf-shutterstock-1170014.jpg\",\"width\":1280,\"height\":853},{\"@type\":\"BreadcrumbList\",\"@id\":\"https:\/\/meusitejuridico.editorajuspodivm.com.br\/2021\/05\/22\/nos-crimes-sexuais-contra-vulneravel-aumenta-se-pena-de-metade-se-o-autor-e-ascendente-da-vitima-mas-lei-e-omissa-em-relacao-ao-padrasto\/#breadcrumb\",\"itemListElement\":[{\"@type\":\"ListItem\",\"position\":1,\"name\":\"In\u00edcio\",\"item\":\"https:\/\/meusitejuridico.com.br\/\"},{\"@type\":\"ListItem\",\"position\":2,\"name\":\"Nos crimes sexuais contra vulner\u00e1vel, aumenta-se a pena de metade se o autor \u00e9 ascendente da v\u00edtima, mas a lei \u00e9 omissa em rela\u00e7\u00e3o ao padrasto\"}]},{\"@type\":\"WebSite\",\"@id\":\"https:\/\/meusitejuridico.com.br\/#website\",\"url\":\"https:\/\/meusitejuridico.com.br\/\",\"name\":\"Meu site jur\u00eddico\",\"description\":\"Meu site jur\u00eddico\",\"publisher\":{\"@id\":\"https:\/\/meusitejuridico.com.br\/#organization\"},\"potentialAction\":[{\"@type\":\"SearchAction\",\"target\":{\"@type\":\"EntryPoint\",\"urlTemplate\":\"https:\/\/meusitejuridico.com.br\/?s={search_term_string}\"},\"query-input\":{\"@type\":\"PropertyValueSpecification\",\"valueRequired\":true,\"valueName\":\"search_term_string\"}}],\"inLanguage\":\"pt-BR\"},{\"@type\":\"Organization\",\"@id\":\"https:\/\/meusitejuridico.com.br\/#organization\",\"name\":\"Meu site jur\u00eddico\",\"url\":\"https:\/\/meusitejuridico.com.br\/\",\"logo\":{\"@type\":\"ImageObject\",\"inLanguage\":\"pt-BR\",\"@id\":\"https:\/\/meusitejuridico.com.br\/#\/schema\/logo\/image\/\",\"url\":\"https:\/\/meusitejuridico.com.br\/s.meusitejuridico\/2022\/03\/cropped-baeec2a3-msj-02-01-01.png\",\"contentUrl\":\"https:\/\/meusitejuridico.com.br\/s.meusitejuridico\/2022\/03\/cropped-baeec2a3-msj-02-01-01.png\",\"width\":349,\"height\":243,\"caption\":\"Meu site jur\u00eddico\"},\"image\":{\"@id\":\"https:\/\/meusitejuridico.com.br\/#\/schema\/logo\/image\/\"}},{\"@type\":\"Person\",\"@id\":\"https:\/\/meusitejuridico.com.br\/#\/schema\/person\/5c2237ac0c8ff03bcf1a09fe3e45dfce\",\"name\":\"Equipe Meu Site Jur\u00eddico\",\"image\":{\"@type\":\"ImageObject\",\"inLanguage\":\"pt-BR\",\"@id\":\"https:\/\/meusitejuridico.com.br\/#\/schema\/person\/image\/\",\"url\":\"https:\/\/meusitejuridico.com.br\/s.meusitejuridico\/2020\/07\/6be289aa-logo-msj.png\",\"contentUrl\":\"https:\/\/meusitejuridico.com.br\/s.meusitejuridico\/2020\/07\/6be289aa-logo-msj.png\",\"caption\":\"Equipe Meu Site Jur\u00eddico\"},\"description\":\"Contem conosco!\",\"url\":\"https:\/\/meusitejuridico.com.br\/author\/equipe-meu-site-juridico\/\"}]}<\/script>\n<!-- \/ Yoast SEO plugin. -->","yoast_head_json":{"title":"Nos crimes sexuais contra vulner\u00e1vel, aumenta-se a pena de metade se o autor \u00e9 ascendente da v\u00edtima, mas a lei \u00e9 omissa em rela\u00e7\u00e3o ao padrasto - Meu site jur\u00eddico","robots":{"index":"index","follow":"follow","max-snippet":"max-snippet:-1","max-image-preview":"max-image-preview:large","max-video-preview":"max-video-preview:-1"},"canonical":"https:\/\/meusitejuridico.editorajuspodivm.com.br\/2021\/05\/22\/nos-crimes-sexuais-contra-vulneravel-aumenta-se-pena-de-metade-se-o-autor-e-ascendente-da-vitima-mas-lei-e-omissa-em-relacao-ao-padrasto\/","og_locale":"pt_BR","og_type":"article","og_title":"Nos crimes sexuais contra vulner\u00e1vel, aumenta-se a pena de metade se o autor \u00e9 ascendente da v\u00edtima, mas a lei \u00e9 omissa em rela\u00e7\u00e3o ao padrasto - Meu site jur\u00eddico","og_description":"ERRADO Nos crimes contra a liberdade sexual e nos crimes sexuais contra vulner\u00e1vel a pena \u00e9 aumentada de 1\/2 (metade) se o agente \u00e9 ascendente, padrasto ou madrasta, tio, irm\u00e3o, c\u00f4njuge, companheiro, tutor, curador, preceptor ou empregador da v\u00edtima ou por qualquer outro t\u00edtulo tem autoridade sobre ela (art. 226, inc. II, CP). Justifica-se o [&hellip;]","og_url":"https:\/\/meusitejuridico.editorajuspodivm.com.br\/2021\/05\/22\/nos-crimes-sexuais-contra-vulneravel-aumenta-se-pena-de-metade-se-o-autor-e-ascendente-da-vitima-mas-lei-e-omissa-em-relacao-ao-padrasto\/","og_site_name":"Meu site jur\u00eddico","article_published_time":"2021-05-22T11:30:59+00:00","og_image":[{"width":1280,"height":853,"url":"https:\/\/meusitejuridico.editorajuspodivm.com.br\/s.meusitejuridico\/2019\/01\/cd2434cf-shutterstock-1170014.jpg","type":"image\/jpeg"}],"author":"Equipe Meu Site Jur\u00eddico","twitter_card":"summary_large_image","twitter_misc":{"Escrito por":"Equipe Meu Site Jur\u00eddico","Est. tempo de leitura":"1 minuto"},"schema":{"@context":"https:\/\/schema.org","@graph":[{"@type":"Article","@id":"https:\/\/meusitejuridico.editorajuspodivm.com.br\/2021\/05\/22\/nos-crimes-sexuais-contra-vulneravel-aumenta-se-pena-de-metade-se-o-autor-e-ascendente-da-vitima-mas-lei-e-omissa-em-relacao-ao-padrasto\/#article","isPartOf":{"@id":"https:\/\/meusitejuridico.editorajuspodivm.com.br\/2021\/05\/22\/nos-crimes-sexuais-contra-vulneravel-aumenta-se-pena-de-metade-se-o-autor-e-ascendente-da-vitima-mas-lei-e-omissa-em-relacao-ao-padrasto\/"},"author":{"name":"Equipe Meu Site Jur\u00eddico","@id":"https:\/\/meusitejuridico.com.br\/#\/schema\/person\/5c2237ac0c8ff03bcf1a09fe3e45dfce"},"headline":"Nos crimes sexuais contra vulner\u00e1vel, aumenta-se a pena de metade se o autor \u00e9 ascendente da v\u00edtima, mas a lei \u00e9 omissa em rela\u00e7\u00e3o ao padrasto","datePublished":"2021-05-22T11:30:59+00:00","mainEntityOfPage":{"@id":"https:\/\/meusitejuridico.editorajuspodivm.com.br\/2021\/05\/22\/nos-crimes-sexuais-contra-vulneravel-aumenta-se-pena-de-metade-se-o-autor-e-ascendente-da-vitima-mas-lei-e-omissa-em-relacao-ao-padrasto\/"},"wordCount":154,"commentCount":0,"publisher":{"@id":"https:\/\/meusitejuridico.com.br\/#organization"},"image":{"@id":"https:\/\/meusitejuridico.editorajuspodivm.com.br\/2021\/05\/22\/nos-crimes-sexuais-contra-vulneravel-aumenta-se-pena-de-metade-se-o-autor-e-ascendente-da-vitima-mas-lei-e-omissa-em-relacao-ao-padrasto\/#primaryimage"},"thumbnailUrl":"https:\/\/meusitejuridico.com.br\/s.meusitejuridico\/2019\/01\/cd2434cf-shutterstock-1170014.jpg","keywords":["crimes sexuais","Direito Penal","vulner\u00e1veis"],"articleSection":["Certo ou errado?","Material de aula","Perguntas e Respostas"],"inLanguage":"pt-BR","potentialAction":[{"@type":"CommentAction","name":"Comment","target":["https:\/\/meusitejuridico.editorajuspodivm.com.br\/2021\/05\/22\/nos-crimes-sexuais-contra-vulneravel-aumenta-se-pena-de-metade-se-o-autor-e-ascendente-da-vitima-mas-lei-e-omissa-em-relacao-ao-padrasto\/#respond"]}]},{"@type":"WebPage","@id":"https:\/\/meusitejuridico.editorajuspodivm.com.br\/2021\/05\/22\/nos-crimes-sexuais-contra-vulneravel-aumenta-se-pena-de-metade-se-o-autor-e-ascendente-da-vitima-mas-lei-e-omissa-em-relacao-ao-padrasto\/","url":"https:\/\/meusitejuridico.editorajuspodivm.com.br\/2021\/05\/22\/nos-crimes-sexuais-contra-vulneravel-aumenta-se-pena-de-metade-se-o-autor-e-ascendente-da-vitima-mas-lei-e-omissa-em-relacao-ao-padrasto\/","name":"Nos crimes sexuais contra vulner\u00e1vel, aumenta-se a pena de metade se o autor \u00e9 ascendente da v\u00edtima, mas a lei \u00e9 omissa em rela\u00e7\u00e3o ao padrasto - Meu site jur\u00eddico","isPartOf":{"@id":"https:\/\/meusitejuridico.com.br\/#website"},"primaryImageOfPage":{"@id":"https:\/\/meusitejuridico.editorajuspodivm.com.br\/2021\/05\/22\/nos-crimes-sexuais-contra-vulneravel-aumenta-se-pena-de-metade-se-o-autor-e-ascendente-da-vitima-mas-lei-e-omissa-em-relacao-ao-padrasto\/#primaryimage"},"image":{"@id":"https:\/\/meusitejuridico.editorajuspodivm.com.br\/2021\/05\/22\/nos-crimes-sexuais-contra-vulneravel-aumenta-se-pena-de-metade-se-o-autor-e-ascendente-da-vitima-mas-lei-e-omissa-em-relacao-ao-padrasto\/#primaryimage"},"thumbnailUrl":"https:\/\/meusitejuridico.com.br\/s.meusitejuridico\/2019\/01\/cd2434cf-shutterstock-1170014.jpg","datePublished":"2021-05-22T11:30:59+00:00","breadcrumb":{"@id":"https:\/\/meusitejuridico.editorajuspodivm.com.br\/2021\/05\/22\/nos-crimes-sexuais-contra-vulneravel-aumenta-se-pena-de-metade-se-o-autor-e-ascendente-da-vitima-mas-lei-e-omissa-em-relacao-ao-padrasto\/#breadcrumb"},"inLanguage":"pt-BR","potentialAction":[{"@type":"ReadAction","target":["https:\/\/meusitejuridico.editorajuspodivm.com.br\/2021\/05\/22\/nos-crimes-sexuais-contra-vulneravel-aumenta-se-pena-de-metade-se-o-autor-e-ascendente-da-vitima-mas-lei-e-omissa-em-relacao-ao-padrasto\/"]}]},{"@type":"ImageObject","inLanguage":"pt-BR","@id":"https:\/\/meusitejuridico.editorajuspodivm.com.br\/2021\/05\/22\/nos-crimes-sexuais-contra-vulneravel-aumenta-se-pena-de-metade-se-o-autor-e-ascendente-da-vitima-mas-lei-e-omissa-em-relacao-ao-padrasto\/#primaryimage","url":"https:\/\/meusitejuridico.com.br\/s.meusitejuridico\/2019\/01\/cd2434cf-shutterstock-1170014.jpg","contentUrl":"https:\/\/meusitejuridico.com.br\/s.meusitejuridico\/2019\/01\/cd2434cf-shutterstock-1170014.jpg","width":1280,"height":853},{"@type":"BreadcrumbList","@id":"https:\/\/meusitejuridico.editorajuspodivm.com.br\/2021\/05\/22\/nos-crimes-sexuais-contra-vulneravel-aumenta-se-pena-de-metade-se-o-autor-e-ascendente-da-vitima-mas-lei-e-omissa-em-relacao-ao-padrasto\/#breadcrumb","itemListElement":[{"@type":"ListItem","position":1,"name":"In\u00edcio","item":"https:\/\/meusitejuridico.com.br\/"},{"@type":"ListItem","position":2,"name":"Nos crimes sexuais contra vulner\u00e1vel, aumenta-se a pena de metade se o autor \u00e9 ascendente da v\u00edtima, mas a lei \u00e9 omissa em rela\u00e7\u00e3o ao padrasto"}]},{"@type":"WebSite","@id":"https:\/\/meusitejuridico.com.br\/#website","url":"https:\/\/meusitejuridico.com.br\/","name":"Meu site jur\u00eddico","description":"Meu site jur\u00eddico","publisher":{"@id":"https:\/\/meusitejuridico.com.br\/#organization"},"potentialAction":[{"@type":"SearchAction","target":{"@type":"EntryPoint","urlTemplate":"https:\/\/meusitejuridico.com.br\/?s={search_term_string}"},"query-input":{"@type":"PropertyValueSpecification","valueRequired":true,"valueName":"search_term_string"}}],"inLanguage":"pt-BR"},{"@type":"Organization","@id":"https:\/\/meusitejuridico.com.br\/#organization","name":"Meu site jur\u00eddico","url":"https:\/\/meusitejuridico.com.br\/","logo":{"@type":"ImageObject","inLanguage":"pt-BR","@id":"https:\/\/meusitejuridico.com.br\/#\/schema\/logo\/image\/","url":"https:\/\/meusitejuridico.com.br\/s.meusitejuridico\/2022\/03\/cropped-baeec2a3-msj-02-01-01.png","contentUrl":"https:\/\/meusitejuridico.com.br\/s.meusitejuridico\/2022\/03\/cropped-baeec2a3-msj-02-01-01.png","width":349,"height":243,"caption":"Meu site jur\u00eddico"},"image":{"@id":"https:\/\/meusitejuridico.com.br\/#\/schema\/logo\/image\/"}},{"@type":"Person","@id":"https:\/\/meusitejuridico.com.br\/#\/schema\/person\/5c2237ac0c8ff03bcf1a09fe3e45dfce","name":"Equipe Meu Site Jur\u00eddico","image":{"@type":"ImageObject","inLanguage":"pt-BR","@id":"https:\/\/meusitejuridico.com.br\/#\/schema\/person\/image\/","url":"https:\/\/meusitejuridico.com.br\/s.meusitejuridico\/2020\/07\/6be289aa-logo-msj.png","contentUrl":"https:\/\/meusitejuridico.com.br\/s.meusitejuridico\/2020\/07\/6be289aa-logo-msj.png","caption":"Equipe Meu Site Jur\u00eddico"},"description":"Contem conosco!","url":"https:\/\/meusitejuridico.com.br\/author\/equipe-meu-site-juridico\/"}]}},"_links":{"self":[{"href":"https:\/\/meusitejuridico.com.br\/api\/wp\/v2\/posts\/13425","targetHints":{"allow":["GET"]}}],"collection":[{"href":"https:\/\/meusitejuridico.com.br\/api\/wp\/v2\/posts"}],"about":[{"href":"https:\/\/meusitejuridico.com.br\/api\/wp\/v2\/types\/post"}],"author":[{"embeddable":true,"href":"https:\/\/meusitejuridico.com.br\/api\/wp\/v2\/users\/7"}],"replies":[{"embeddable":true,"href":"https:\/\/meusitejuridico.com.br\/api\/wp\/v2\/comments?post=13425"}],"version-history":[{"count":1,"href":"https:\/\/meusitejuridico.com.br\/api\/wp\/v2\/posts\/13425\/revisions"}],"predecessor-version":[{"id":13426,"href":"https:\/\/meusitejuridico.com.br\/api\/wp\/v2\/posts\/13425\/revisions\/13426"}],"wp:featuredmedia":[{"embeddable":true,"href":"https:\/\/meusitejuridico.com.br\/api\/wp\/v2\/media\/7443"}],"wp:attachment":[{"href":"https:\/\/meusitejuridico.com.br\/api\/wp\/v2\/media?parent=13425"}],"wp:term":[{"taxonomy":"category","embeddable":true,"href":"https:\/\/meusitejuridico.com.br\/api\/wp\/v2\/categories?post=13425"},{"taxonomy":"post_tag","embeddable":true,"href":"https:\/\/meusitejuridico.com.br\/api\/wp\/v2\/tags?post=13425"}],"curies":[{"name":"wp","href":"https:\/\/api.w.org\/{rel}","templated":true}]}}