{"id":13667,"date":"2021-07-05T14:00:48","date_gmt":"2021-07-05T17:00:48","guid":{"rendered":"https:\/\/meusitejuridico.editorajuspodivm.com.br\/?p=13667"},"modified":"2021-07-05T07:46:49","modified_gmt":"2021-07-05T10:46:49","slug":"policial-e-ser-humano-age-em-legitima-defesa-sim","status":"publish","type":"post","link":"https:\/\/meusitejuridico.com.br\/2021\/07\/05\/policial-e-ser-humano-age-em-legitima-defesa-sim\/","title":{"rendered":"Policial \u00e9 ser humano: age em leg\u00edtima defesa sim!"},"content":{"rendered":"<p>Na onda midi\u00e1tica do famigerado \u201cCaso L\u00e1zaro\u201d vem a lume um artigo da lavra de Bottini e Rocha, alegando, desde o chamativo t\u00edtulo, que \u201cPolicial n\u00e3o age em leg\u00edtima defesa\u201d. <a href=\"#_ftn1\" name=\"_ftnref1\">[1]<\/a><\/p>\n<p>O argumento central est\u00e1 em afirmar que o instituto da leg\u00edtima defesa \u00e9 referido somente ao particular e n\u00e3o \u00e0 atua\u00e7\u00e3o do Estado. Em suas palavras:<\/p>\n<p style=\"padding-left: 90px;\">A leg\u00edtima defesa \u00e9 a rea\u00e7\u00e3o do cidad\u00e3o diante de uma agress\u00e3o injusta. O Estado, detentor do monop\u00f3lio da viol\u00eancia, abre m\u00e3o da sua prerrogativa, e permite que o particular exer\u00e7a a autotutela, porque n\u00e3o h\u00e1 tempo ou condi\u00e7\u00f5es de acessar a prote\u00e7\u00e3o p\u00fablica (CP, artigo 25). <a href=\"#_ftn2\" name=\"_ftnref2\">[2]<\/a><\/p>\n<p>N\u00e3o h\u00e1 necessidade de rebater mais intensamente essa esp\u00e9cie de argumenta\u00e7\u00e3o com o fato not\u00f3rio de que a leg\u00edtima defesa \u00e9 um direito inerente ao ser humano, n\u00e3o importando as circunst\u00e2ncias em que se encontre, mas t\u00e3o somente a satisfa\u00e7\u00e3o das condi\u00e7\u00f5es exigidas para a configura\u00e7\u00e3o do instituto. N\u00e3o h\u00e1 qualquer esp\u00e9cie de especula\u00e7\u00e3o leg\u00edtima capaz de afastar a condi\u00e7\u00e3o humana de qualquer homem devido a circunst\u00e2ncias acidentais. Essa pretens\u00e3o, para al\u00e9m de imoral, constitui um erro crasso que faz confus\u00e3o entre acidente e ess\u00eancia. O acidental \u00e9 aquilo que n\u00e3o define o ser, que pode ser retirado ou posto sem alter\u00e1-lo consideravelmente. O essencial, ao reverso, \u00e9 aquilo que define e, se retirado ou posto, desnatura o ser. <a href=\"#_ftn3\" name=\"_ftnref3\">[3]<\/a> Ser\u00e1 que o acr\u00e9scimo da condi\u00e7\u00e3o de policial a algu\u00e9m lhe retira a condi\u00e7\u00e3o humana? Ou a retirada dessa condi\u00e7\u00e3o de policial tem o cond\u00e3o de retornar o homem \u00e0 condi\u00e7\u00e3o de ser humano? \u00c9 evidente que n\u00e3o.<\/p>\n<p>A verdade \u00e9 que o texto em discuss\u00e3o n\u00e3o comporta sequer a passagem da considera\u00e7\u00e3o da raiz intelectiva que o guia para seus aspectos t\u00e9cnicos. Na raiz j\u00e1 se pode parar, vez que n\u00e3o h\u00e1 sustenta\u00e7\u00e3o mais m\u00ednima que seja para um arbusto, quanto mais uma \u00e1rvore de fundamentos.<\/p>\n<p>A palavra \u201cargumento\u201d, como bem lembra Mar\u00edas, tem sua \u201corigem etimol\u00f3gica\u201d no grego \u201c\u00e0rgyros\u201d e no latim \u201cargentum\u201d, referindo-se ao metal \u201cbranco, brilhante, que reluz\u201d. <a href=\"#_ftn4\" name=\"_ftnref4\">[4]<\/a> Portanto, argumentar significa lan\u00e7ar luz sobre aquilo que \u00e9 objeto da argumenta\u00e7\u00e3o. Isso \u00e9 exatamente o que n\u00e3o faz o texto dos autores em destaque. Na verdade, torna obscura ou opaca a quest\u00e3o da leg\u00edtima defesa do policial devido ao seu ponto de partida desastroso que, logo de in\u00edcio, desumaniza o humano.<\/p>\n<p>Os autores partem de um racioc\u00ednio que aniquila \u201cab ovo\u201d tudo que pretendam afirmar no seguimento. Eles erram, como \u00e9, infelizmente comum ocorrer, na identifica\u00e7\u00e3o do agente. Focam no &#8220;Estado&#8221; como se este pudesse ser \u201csujeito\u201d de qualquer a\u00e7\u00e3o concreta no mundo real, isso \u00e9 um erro grotesco (embora comun\u00edssimo) de categoria. O Estado n\u00e3o \u00e9 agente de coisa nenhuma, \u00e9 um ente abstrato. A a\u00e7\u00e3o \u00e9 humana, de seres humanos. Alijar qualquer ser humano do direito \u00e0 leg\u00edtima defesa \u00e9 um absurdo, \u00e9 criar um sub &#8211; humano. \u00c9 um Direito Penal do Inimigo invertido. Dizer impunemente tudo que se disse torna-se f\u00e1cil pelo processo de desumaniza\u00e7\u00e3o empreendido (consciente ou inconscientemente). Toma-se um ente abstrato e se o indica artificialmente como suposto agente concreto, ocultando a face humana do policial envolvido. Esse tipo de coisa, tragicamente, \u00e9 um sintoma da falta de forma\u00e7\u00e3o intelectual para al\u00e9m da mera tecnicidade. Isso torna tudo mais que se afirme indigno de considera\u00e7\u00e3o.<\/p>\n<p>Estarrece constatar como pessoas sobre as quais se sup\u00f5e ou espera algum n\u00edvel intelectual ao menos mediano podem ser contaminadas por uma cegueira ao ponto de n\u00e3o perceber que a desumaniza\u00e7\u00e3o sempre tem sido, ao longo da hist\u00f3ria, o primeiro passo para a justifica\u00e7\u00e3o da viol\u00eancia, inclusive letal, sobre certas pessoas. A desumaniza\u00e7\u00e3o do humano e a sua equipara\u00e7\u00e3o a coisas ou animais tem sido, sempre e invariavelmente, o primeiro pretexto e mecanismo psicol\u00f3gico para sua elimina\u00e7\u00e3o impiedosa. Esse \u00e9 o resultado do rompimento das \u201cunidades amplas\u201d, dotadas de \u201crealidade\u201d e densidade \u201cmuito superior \u00e0 de seus componentes\u201d distintivos, enfatizando o \u201cdiferencial\u201d e \u201cdesdenhando o comum\u201d que \u00e9 de \u201cmagnitude e alcance incompar\u00e1veis\u201d. <a href=\"#_ftn5\" name=\"_ftnref5\">[5]<\/a> N\u00e3o perceber que se est\u00e1 recaindo nesse processo desumanizador ao supostamente defender uma conten\u00e7\u00e3o da atua\u00e7\u00e3o dos agentes estatais, exatamente com o fito de preservar a dignidade humana, \u00e9 o resultado inevit\u00e1vel de uma vis\u00e3o monocular, da confus\u00e3o entre categorias e da incapacidade de distin\u00e7\u00e3o entre agentes reais e abstra\u00e7\u00f5es.<\/p>\n<p>A mix\u00f3rdia entre o \u201cEstado\u201d e o policial, tornando opaca a face deste segundo enquanto \u201coutro\u201d humano \u00e9 aterrorizante e tanto pior quanto mais for inconsciente, porque \u00e9 exatamente isso que permite a falta absoluta de empatia, respeito, comisera\u00e7\u00e3o e a presen\u00e7a insensibilizada da crueldade. Trata-se da \u201cnega\u00e7\u00e3o pelo sujeito da humanidade de seu semelhante\u201d, <a href=\"#_ftn6\" name=\"_ftnref6\">[6]<\/a> sendo isso uma m\u00e3o dupla, ou seja, n\u00e3o deve ser permitido desumanizar mesmo aqueles que se pensa que agem de forma desumana. Ainda que um criminoso seja da pior esp\u00e9cie, ainda que possa haver abusos policiais por parte de alguns, isso n\u00e3o justifica o processo desumanizador seja do criminoso empedernido seja do policial infrator. Muito menos justifica generalizar um afastamento de um direito fundamental, que \u00e9 a leg\u00edtima defesa! A presen\u00e7a do \u201coutro\u201d (qualquer \u201coutro\u201d humano) diante de mim \u00e9 impositiva de uma rela\u00e7\u00e3o \u00e9tica de reciprocidade e reconhecimento. <a href=\"#_ftn7\" name=\"_ftnref7\">[7]<\/a> Trata-se de um relacionamento \u201cEu \u2013 Tu\u201d distinto substancialmente de um relacionamento \u201cEu \u2013 Isso\u201d, j\u00e1 que \u201co homem n\u00e3o \u00e9 uma coisa entre coisas ou formado por coisas\u201d. <a href=\"#_ftn8\" name=\"_ftnref8\">[8]<\/a> O artif\u00edcio da obnubila\u00e7\u00e3o do ser humano policial mediante sua dilui\u00e7\u00e3o no ente abstrato estatal \u00e9 um processo t\u00e3o sutil quanto insidioso e desastroso. Certamente isso ocorre nos autores em destaque, n\u00e3o por maldade intencional, mas, como j\u00e1 se destacou, por um erro grotesco, por uma incapacidade incr\u00edvel (embora muito comum) em identificar os verdadeiros agentes do mundo real, da hist\u00f3ria, enfim do mundo da vida cuja concretude se imp\u00f5e ao mundo das ideias.<\/p>\n<p>Portanto, salvo se h\u00e1 a pretens\u00e3o ou o equ\u00edvoco de desumanizar policiais, apagando sua face e borrando seus contornos na abstra\u00e7\u00e3o do Estado, imp\u00f5e-se reconhecer, por conhecimento direto e not\u00f3rio, que estes podem sim agir em leg\u00edtima defesa. Preocupa\u00e7\u00f5es com abuso de poder estatal, opress\u00e3o do indiv\u00edduo pelo Estado s\u00e3o quest\u00f5es que n\u00e3o podem alterar o reconhecimento de que o policial \u00e9 um ser humano como outro qualquer, dotado dos mesmos direitos e garantias. A condi\u00e7\u00e3o humana do policial \u00e9 inclusive insepar\u00e1vel de qualquer pretens\u00e3o humanizadora do Direito e do Estado, porque n\u00e3o \u00e9 poss\u00edvel pretender um sistema humanizado que admita categoriza\u00e7\u00f5es entre maior ou menor grau de humanidade circunstancial ou acidental. Isso sob pena de tamb\u00e9m abrir a porta para a legitima\u00e7\u00e3o da desumaniza\u00e7\u00e3o circunstancial dos particulares. Ao fim e ao cabo, o problema se resolve por meio da coer\u00eancia e do velho bom \u2013 senso.<\/p>\n<p>&nbsp;<\/p>\n<p><strong>REFER\u00caNCIAS<\/strong><\/p>\n<p>ARIST\u00d3TELES.\u00a0<strong><em>Categorias<\/em><\/strong>. Trad. Ricardo Santos. Lisboa: Imprensa Nacional \u2013 Casa da Moeda, 2014.<\/p>\n<p>BOTTINI, Pierpaolo Cruz, ROCHA, Tiago. Policial n\u00e3o age em leg\u00edtima defesa. Dispon\u00edvel em https:\/\/www.conjur.com.br\/2021-jun-30\/direito-defesa-policial-nao-age-legitima-defesa , acesso em 02.07.2021.<\/p>\n<p>BUBER, Martin. <em>Eu e Tu<\/em>. Trad. Newton Aquiles Von Zuben. 2\u00aa. ed. S\u00e3o Paulo: Moraes, 1977.<\/p>\n<p>FARIAS, Francisco Ramos de.\u00a0<em>Por que, afinal, matamos?<\/em>\u00a0Rio de Janeiro: 7 Letras, 2010.<\/p>\n<p>LEVINAS, Emmanuel.\u00a0<em>Totalidade e infinito. <\/em>Trad. Jos\u00e9 Pinto Ribeiro. Lisboa: Edi\u00e7\u00f5es 70, 1988.<\/p>\n<p>MAR\u00cdAS, Juli\u00e1n. <em>Tratado Sobre a Conviv\u00eancia \u2013 Conc\u00f3rdia sem Acordo<\/em>. Trad. Maria Stela Gon\u00e7alves. S\u00e3o Paulo: Martins Fontes, 2003.<\/p>\n<p>&nbsp;<\/p>\n<p><strong>NOTAS<\/strong><\/p>\n<p><a href=\"#_ftnref1\" name=\"_ftn1\">[1]<\/a> BOTTINI, Pierpaolo Cruz, ROCHA, Tiago. Policial n\u00e3o age em leg\u00edtima defesa. Dispon\u00edvel em https:\/\/www.conjur.com.br\/2021-jun-30\/direito-defesa-policial-nao-age-legitima-defesa , acesso em 02.07.2021.<\/p>\n<p><a href=\"#_ftnref2\" name=\"_ftn2\">[2]<\/a> Op. Cit.<\/p>\n<p><a href=\"#_ftnref3\" name=\"_ftn3\">[3]<\/a> ARIST\u00d3TELES.\u00a0<strong><em>Categorias<\/em><\/strong>. Trad. Ricardo Santos. Lisboa: Imprensa Nacional \u2013 Casa da Moeda, 2014, p. 2 \u2013 25.<\/p>\n<p><a href=\"#_ftnref4\" name=\"_ftn4\">[4]<\/a> MAR\u00cdAS, Juli\u00e1n. <em>Tratado Sobre a Conviv\u00eancia \u2013 Conc\u00f3rdia sem Acordo<\/em>. Trad. Maria Stela Gon\u00e7alves. S\u00e3o Paulo: Martins Fontes, 2003, p. 27.<\/p>\n<p><a href=\"#_ftnref5\" name=\"_ftn5\">[5]<\/a> Op. Cit., p. 5 \u2013 6.<\/p>\n<p><a href=\"#_ftnref6\" name=\"_ftn6\">[6]<\/a> FARIAS, Francisco Ramos de.\u00a0<em>Por que, afinal, matamos?<\/em>\u00a0Rio de Janeiro: 7 Letras, 2010, p. 91.<\/p>\n<p><a href=\"#_ftnref7\" name=\"_ftn7\">[7]<\/a> LEVINAS, Emmanuel.\u00a0<em>Totalidade e infinito. <\/em>Trad. Jos\u00e9 Pinto Ribeiro. Lisboa: Edi\u00e7\u00f5es 70, 1988, p. 177.<\/p>\n<p><a href=\"#_ftnref8\" name=\"_ftn8\">[8]<\/a> BUBER, Martin. <em>Eu e Tu<\/em>. Trad. Newton Aquiles Von Zuben. 2\u00aa. ed. S\u00e3o Paulo: Moraes, 1977, p. 9.<\/p>\n","protected":false},"excerpt":{"rendered":"<p>Na onda midi\u00e1tica do famigerado \u201cCaso L\u00e1zaro\u201d vem a lume um artigo da lavra de Bottini e Rocha, alegando, desde o chamativo t\u00edtulo, que \u201cPolicial n\u00e3o age em leg\u00edtima defesa\u201d. [1] O argumento central est\u00e1 em afirmar que o instituto da leg\u00edtima defesa \u00e9 referido somente ao particular e n\u00e3o \u00e0 atua\u00e7\u00e3o do Estado. Em [&hellip;]<\/p>\n","protected":false},"author":14,"featured_media":11618,"comment_status":"open","ping_status":"open","sticky":false,"template":"","format":"standard","meta":{"_acf_changed":false,"footnotes":""},"categories":[1,106],"tags":[],"class_list":["post-13667","post","type-post","status-publish","format-standard","has-post-thumbnail","hentry","category-artigos","category-direito-penal-disciplinas"],"acf":[],"yoast_head":"<!-- This site is optimized with the Yoast SEO plugin v24.8.1 - https:\/\/yoast.com\/wordpress\/plugins\/seo\/ -->\n<title>Policial \u00e9 ser humano: age em leg\u00edtima defesa sim! - Meu site jur\u00eddico<\/title>\n<meta name=\"robots\" content=\"index, follow, max-snippet:-1, max-image-preview:large, max-video-preview:-1\" \/>\n<link rel=\"canonical\" href=\"https:\/\/meusitejuridico.editorajuspodivm.com.br\/2021\/07\/05\/policial-e-ser-humano-age-em-legitima-defesa-sim\/\" \/>\n<meta property=\"og:locale\" content=\"pt_BR\" \/>\n<meta property=\"og:type\" content=\"article\" \/>\n<meta property=\"og:title\" content=\"Policial \u00e9 ser humano: age em leg\u00edtima defesa sim! - Meu site jur\u00eddico\" \/>\n<meta property=\"og:description\" content=\"Na onda midi\u00e1tica do famigerado \u201cCaso L\u00e1zaro\u201d vem a lume um artigo da lavra de Bottini e Rocha, alegando, desde o chamativo t\u00edtulo, que \u201cPolicial n\u00e3o age em leg\u00edtima defesa\u201d. [1] O argumento central est\u00e1 em afirmar que o instituto da leg\u00edtima defesa \u00e9 referido somente ao particular e n\u00e3o \u00e0 atua\u00e7\u00e3o do Estado. Em [&hellip;]\" \/>\n<meta property=\"og:url\" content=\"https:\/\/meusitejuridico.editorajuspodivm.com.br\/2021\/07\/05\/policial-e-ser-humano-age-em-legitima-defesa-sim\/\" \/>\n<meta property=\"og:site_name\" content=\"Meu site jur\u00eddico\" \/>\n<meta property=\"article:published_time\" content=\"2021-07-05T17:00:48+00:00\" \/>\n<meta property=\"og:image\" content=\"https:\/\/meusitejuridico.editorajuspodivm.com.br\/s.meusitejuridico\/2020\/07\/baf1f45d-shutterstock-397249174.jpg\" \/>\n\t<meta property=\"og:image:width\" content=\"1280\" \/>\n\t<meta property=\"og:image:height\" content=\"852\" \/>\n\t<meta property=\"og:image:type\" content=\"image\/jpeg\" \/>\n<meta name=\"author\" content=\"Eduardo Luiz Santos Cabette\" \/>\n<meta name=\"twitter:card\" content=\"summary_large_image\" \/>\n<meta name=\"twitter:label1\" content=\"Escrito por\" \/>\n\t<meta name=\"twitter:data1\" content=\"Eduardo Luiz Santos Cabette\" \/>\n\t<meta name=\"twitter:label2\" content=\"Est. tempo de leitura\" \/>\n\t<meta name=\"twitter:data2\" content=\"7 minutos\" \/>\n<script type=\"application\/ld+json\" class=\"yoast-schema-graph\">{\"@context\":\"https:\/\/schema.org\",\"@graph\":[{\"@type\":\"Article\",\"@id\":\"https:\/\/meusitejuridico.editorajuspodivm.com.br\/2021\/07\/05\/policial-e-ser-humano-age-em-legitima-defesa-sim\/#article\",\"isPartOf\":{\"@id\":\"https:\/\/meusitejuridico.editorajuspodivm.com.br\/2021\/07\/05\/policial-e-ser-humano-age-em-legitima-defesa-sim\/\"},\"author\":{\"name\":\"Eduardo Luiz Santos Cabette\",\"@id\":\"https:\/\/meusitejuridico.editorajuspodivm.com.br\/#\/schema\/person\/8b773c6b3452b86fbd88dbfe07bc42db\"},\"headline\":\"Policial \u00e9 ser humano: age em leg\u00edtima defesa sim!\",\"datePublished\":\"2021-07-05T17:00:48+00:00\",\"mainEntityOfPage\":{\"@id\":\"https:\/\/meusitejuridico.editorajuspodivm.com.br\/2021\/07\/05\/policial-e-ser-humano-age-em-legitima-defesa-sim\/\"},\"wordCount\":1427,\"commentCount\":0,\"publisher\":{\"@id\":\"https:\/\/meusitejuridico.editorajuspodivm.com.br\/#organization\"},\"image\":{\"@id\":\"https:\/\/meusitejuridico.editorajuspodivm.com.br\/2021\/07\/05\/policial-e-ser-humano-age-em-legitima-defesa-sim\/#primaryimage\"},\"thumbnailUrl\":\"https:\/\/meusitejuridico.com.br\/s.meusitejuridico\/2020\/07\/baf1f45d-shutterstock-397249174.jpg\",\"articleSection\":[\"Artigos\",\"Direito Penal\"],\"inLanguage\":\"pt-BR\",\"potentialAction\":[{\"@type\":\"CommentAction\",\"name\":\"Comment\",\"target\":[\"https:\/\/meusitejuridico.editorajuspodivm.com.br\/2021\/07\/05\/policial-e-ser-humano-age-em-legitima-defesa-sim\/#respond\"]}]},{\"@type\":\"WebPage\",\"@id\":\"https:\/\/meusitejuridico.editorajuspodivm.com.br\/2021\/07\/05\/policial-e-ser-humano-age-em-legitima-defesa-sim\/\",\"url\":\"https:\/\/meusitejuridico.editorajuspodivm.com.br\/2021\/07\/05\/policial-e-ser-humano-age-em-legitima-defesa-sim\/\",\"name\":\"Policial \u00e9 ser humano: age em leg\u00edtima defesa sim! - Meu site jur\u00eddico\",\"isPartOf\":{\"@id\":\"https:\/\/meusitejuridico.editorajuspodivm.com.br\/#website\"},\"primaryImageOfPage\":{\"@id\":\"https:\/\/meusitejuridico.editorajuspodivm.com.br\/2021\/07\/05\/policial-e-ser-humano-age-em-legitima-defesa-sim\/#primaryimage\"},\"image\":{\"@id\":\"https:\/\/meusitejuridico.editorajuspodivm.com.br\/2021\/07\/05\/policial-e-ser-humano-age-em-legitima-defesa-sim\/#primaryimage\"},\"thumbnailUrl\":\"https:\/\/meusitejuridico.com.br\/s.meusitejuridico\/2020\/07\/baf1f45d-shutterstock-397249174.jpg\",\"datePublished\":\"2021-07-05T17:00:48+00:00\",\"breadcrumb\":{\"@id\":\"https:\/\/meusitejuridico.editorajuspodivm.com.br\/2021\/07\/05\/policial-e-ser-humano-age-em-legitima-defesa-sim\/#breadcrumb\"},\"inLanguage\":\"pt-BR\",\"potentialAction\":[{\"@type\":\"ReadAction\",\"target\":[\"https:\/\/meusitejuridico.editorajuspodivm.com.br\/2021\/07\/05\/policial-e-ser-humano-age-em-legitima-defesa-sim\/\"]}]},{\"@type\":\"ImageObject\",\"inLanguage\":\"pt-BR\",\"@id\":\"https:\/\/meusitejuridico.editorajuspodivm.com.br\/2021\/07\/05\/policial-e-ser-humano-age-em-legitima-defesa-sim\/#primaryimage\",\"url\":\"https:\/\/meusitejuridico.com.br\/s.meusitejuridico\/2020\/07\/baf1f45d-shutterstock-397249174.jpg\",\"contentUrl\":\"https:\/\/meusitejuridico.com.br\/s.meusitejuridico\/2020\/07\/baf1f45d-shutterstock-397249174.jpg\",\"width\":1280,\"height\":852},{\"@type\":\"BreadcrumbList\",\"@id\":\"https:\/\/meusitejuridico.editorajuspodivm.com.br\/2021\/07\/05\/policial-e-ser-humano-age-em-legitima-defesa-sim\/#breadcrumb\",\"itemListElement\":[{\"@type\":\"ListItem\",\"position\":1,\"name\":\"In\u00edcio\",\"item\":\"https:\/\/meusitejuridico.editorajuspodivm.com.br\/\"},{\"@type\":\"ListItem\",\"position\":2,\"name\":\"Policial \u00e9 ser humano: age em leg\u00edtima defesa sim!\"}]},{\"@type\":\"WebSite\",\"@id\":\"https:\/\/meusitejuridico.editorajuspodivm.com.br\/#website\",\"url\":\"https:\/\/meusitejuridico.editorajuspodivm.com.br\/\",\"name\":\"Meu site jur\u00eddico\",\"description\":\"Meu site jur\u00eddico\",\"publisher\":{\"@id\":\"https:\/\/meusitejuridico.editorajuspodivm.com.br\/#organization\"},\"potentialAction\":[{\"@type\":\"SearchAction\",\"target\":{\"@type\":\"EntryPoint\",\"urlTemplate\":\"https:\/\/meusitejuridico.editorajuspodivm.com.br\/?s={search_term_string}\"},\"query-input\":{\"@type\":\"PropertyValueSpecification\",\"valueRequired\":true,\"valueName\":\"search_term_string\"}}],\"inLanguage\":\"pt-BR\"},{\"@type\":\"Organization\",\"@id\":\"https:\/\/meusitejuridico.editorajuspodivm.com.br\/#organization\",\"name\":\"Meu site jur\u00eddico\",\"url\":\"https:\/\/meusitejuridico.editorajuspodivm.com.br\/\",\"logo\":{\"@type\":\"ImageObject\",\"inLanguage\":\"pt-BR\",\"@id\":\"https:\/\/meusitejuridico.editorajuspodivm.com.br\/#\/schema\/logo\/image\/\",\"url\":\"https:\/\/meusitejuridico.com.br\/s.meusitejuridico\/2022\/03\/cropped-baeec2a3-msj-02-01-01.png\",\"contentUrl\":\"https:\/\/meusitejuridico.com.br\/s.meusitejuridico\/2022\/03\/cropped-baeec2a3-msj-02-01-01.png\",\"width\":349,\"height\":243,\"caption\":\"Meu site jur\u00eddico\"},\"image\":{\"@id\":\"https:\/\/meusitejuridico.editorajuspodivm.com.br\/#\/schema\/logo\/image\/\"}},{\"@type\":\"Person\",\"@id\":\"https:\/\/meusitejuridico.editorajuspodivm.com.br\/#\/schema\/person\/8b773c6b3452b86fbd88dbfe07bc42db\",\"name\":\"Eduardo Luiz Santos Cabette\",\"image\":{\"@type\":\"ImageObject\",\"inLanguage\":\"pt-BR\",\"@id\":\"https:\/\/meusitejuridico.editorajuspodivm.com.br\/#\/schema\/person\/image\/\",\"url\":\"https:\/\/meusitejuridico.com.br\/s.meusitejuridico\/2017\/04\/9ddea50d-cabette-150x150.jpg\",\"contentUrl\":\"https:\/\/meusitejuridico.com.br\/s.meusitejuridico\/2017\/04\/9ddea50d-cabette-150x150.jpg\",\"caption\":\"Eduardo Luiz Santos Cabette\"},\"description\":\"Delegado de Pol\u00edcia Aposentado, Mestre em Direito Social, P\u00f3s \u2013 graduado em Direito Penal e Criminologia e Professor de Direito Penal, Processo Penal, Medicina Legal, Criminologia e Legisla\u00e7\u00e3o Penal e Processual Penal Especial em gradua\u00e7\u00e3o, p\u00f3s \u2013 gradua\u00e7\u00e3o e cursos preparat\u00f3rios\",\"url\":\"https:\/\/meusitejuridico.com.br\/author\/503679806421\/\"}]}<\/script>\n<!-- \/ Yoast SEO plugin. -->","yoast_head_json":{"title":"Policial \u00e9 ser humano: age em leg\u00edtima defesa sim! - Meu site jur\u00eddico","robots":{"index":"index","follow":"follow","max-snippet":"max-snippet:-1","max-image-preview":"max-image-preview:large","max-video-preview":"max-video-preview:-1"},"canonical":"https:\/\/meusitejuridico.editorajuspodivm.com.br\/2021\/07\/05\/policial-e-ser-humano-age-em-legitima-defesa-sim\/","og_locale":"pt_BR","og_type":"article","og_title":"Policial \u00e9 ser humano: age em leg\u00edtima defesa sim! - Meu site jur\u00eddico","og_description":"Na onda midi\u00e1tica do famigerado \u201cCaso L\u00e1zaro\u201d vem a lume um artigo da lavra de Bottini e Rocha, alegando, desde o chamativo t\u00edtulo, que \u201cPolicial n\u00e3o age em leg\u00edtima defesa\u201d. [1] O argumento central est\u00e1 em afirmar que o instituto da leg\u00edtima defesa \u00e9 referido somente ao particular e n\u00e3o \u00e0 atua\u00e7\u00e3o do Estado. Em [&hellip;]","og_url":"https:\/\/meusitejuridico.editorajuspodivm.com.br\/2021\/07\/05\/policial-e-ser-humano-age-em-legitima-defesa-sim\/","og_site_name":"Meu site jur\u00eddico","article_published_time":"2021-07-05T17:00:48+00:00","og_image":[{"width":1280,"height":852,"url":"https:\/\/meusitejuridico.editorajuspodivm.com.br\/s.meusitejuridico\/2020\/07\/baf1f45d-shutterstock-397249174.jpg","type":"image\/jpeg"}],"author":"Eduardo Luiz Santos Cabette","twitter_card":"summary_large_image","twitter_misc":{"Escrito por":"Eduardo Luiz Santos Cabette","Est. tempo de leitura":"7 minutos"},"schema":{"@context":"https:\/\/schema.org","@graph":[{"@type":"Article","@id":"https:\/\/meusitejuridico.editorajuspodivm.com.br\/2021\/07\/05\/policial-e-ser-humano-age-em-legitima-defesa-sim\/#article","isPartOf":{"@id":"https:\/\/meusitejuridico.editorajuspodivm.com.br\/2021\/07\/05\/policial-e-ser-humano-age-em-legitima-defesa-sim\/"},"author":{"name":"Eduardo Luiz Santos Cabette","@id":"https:\/\/meusitejuridico.editorajuspodivm.com.br\/#\/schema\/person\/8b773c6b3452b86fbd88dbfe07bc42db"},"headline":"Policial \u00e9 ser humano: age em leg\u00edtima defesa sim!","datePublished":"2021-07-05T17:00:48+00:00","mainEntityOfPage":{"@id":"https:\/\/meusitejuridico.editorajuspodivm.com.br\/2021\/07\/05\/policial-e-ser-humano-age-em-legitima-defesa-sim\/"},"wordCount":1427,"commentCount":0,"publisher":{"@id":"https:\/\/meusitejuridico.editorajuspodivm.com.br\/#organization"},"image":{"@id":"https:\/\/meusitejuridico.editorajuspodivm.com.br\/2021\/07\/05\/policial-e-ser-humano-age-em-legitima-defesa-sim\/#primaryimage"},"thumbnailUrl":"https:\/\/meusitejuridico.com.br\/s.meusitejuridico\/2020\/07\/baf1f45d-shutterstock-397249174.jpg","articleSection":["Artigos","Direito Penal"],"inLanguage":"pt-BR","potentialAction":[{"@type":"CommentAction","name":"Comment","target":["https:\/\/meusitejuridico.editorajuspodivm.com.br\/2021\/07\/05\/policial-e-ser-humano-age-em-legitima-defesa-sim\/#respond"]}]},{"@type":"WebPage","@id":"https:\/\/meusitejuridico.editorajuspodivm.com.br\/2021\/07\/05\/policial-e-ser-humano-age-em-legitima-defesa-sim\/","url":"https:\/\/meusitejuridico.editorajuspodivm.com.br\/2021\/07\/05\/policial-e-ser-humano-age-em-legitima-defesa-sim\/","name":"Policial \u00e9 ser humano: age em leg\u00edtima defesa sim! - Meu site jur\u00eddico","isPartOf":{"@id":"https:\/\/meusitejuridico.editorajuspodivm.com.br\/#website"},"primaryImageOfPage":{"@id":"https:\/\/meusitejuridico.editorajuspodivm.com.br\/2021\/07\/05\/policial-e-ser-humano-age-em-legitima-defesa-sim\/#primaryimage"},"image":{"@id":"https:\/\/meusitejuridico.editorajuspodivm.com.br\/2021\/07\/05\/policial-e-ser-humano-age-em-legitima-defesa-sim\/#primaryimage"},"thumbnailUrl":"https:\/\/meusitejuridico.com.br\/s.meusitejuridico\/2020\/07\/baf1f45d-shutterstock-397249174.jpg","datePublished":"2021-07-05T17:00:48+00:00","breadcrumb":{"@id":"https:\/\/meusitejuridico.editorajuspodivm.com.br\/2021\/07\/05\/policial-e-ser-humano-age-em-legitima-defesa-sim\/#breadcrumb"},"inLanguage":"pt-BR","potentialAction":[{"@type":"ReadAction","target":["https:\/\/meusitejuridico.editorajuspodivm.com.br\/2021\/07\/05\/policial-e-ser-humano-age-em-legitima-defesa-sim\/"]}]},{"@type":"ImageObject","inLanguage":"pt-BR","@id":"https:\/\/meusitejuridico.editorajuspodivm.com.br\/2021\/07\/05\/policial-e-ser-humano-age-em-legitima-defesa-sim\/#primaryimage","url":"https:\/\/meusitejuridico.com.br\/s.meusitejuridico\/2020\/07\/baf1f45d-shutterstock-397249174.jpg","contentUrl":"https:\/\/meusitejuridico.com.br\/s.meusitejuridico\/2020\/07\/baf1f45d-shutterstock-397249174.jpg","width":1280,"height":852},{"@type":"BreadcrumbList","@id":"https:\/\/meusitejuridico.editorajuspodivm.com.br\/2021\/07\/05\/policial-e-ser-humano-age-em-legitima-defesa-sim\/#breadcrumb","itemListElement":[{"@type":"ListItem","position":1,"name":"In\u00edcio","item":"https:\/\/meusitejuridico.editorajuspodivm.com.br\/"},{"@type":"ListItem","position":2,"name":"Policial \u00e9 ser humano: age em leg\u00edtima defesa sim!"}]},{"@type":"WebSite","@id":"https:\/\/meusitejuridico.editorajuspodivm.com.br\/#website","url":"https:\/\/meusitejuridico.editorajuspodivm.com.br\/","name":"Meu site jur\u00eddico","description":"Meu site jur\u00eddico","publisher":{"@id":"https:\/\/meusitejuridico.editorajuspodivm.com.br\/#organization"},"potentialAction":[{"@type":"SearchAction","target":{"@type":"EntryPoint","urlTemplate":"https:\/\/meusitejuridico.editorajuspodivm.com.br\/?s={search_term_string}"},"query-input":{"@type":"PropertyValueSpecification","valueRequired":true,"valueName":"search_term_string"}}],"inLanguage":"pt-BR"},{"@type":"Organization","@id":"https:\/\/meusitejuridico.editorajuspodivm.com.br\/#organization","name":"Meu site jur\u00eddico","url":"https:\/\/meusitejuridico.editorajuspodivm.com.br\/","logo":{"@type":"ImageObject","inLanguage":"pt-BR","@id":"https:\/\/meusitejuridico.editorajuspodivm.com.br\/#\/schema\/logo\/image\/","url":"https:\/\/meusitejuridico.com.br\/s.meusitejuridico\/2022\/03\/cropped-baeec2a3-msj-02-01-01.png","contentUrl":"https:\/\/meusitejuridico.com.br\/s.meusitejuridico\/2022\/03\/cropped-baeec2a3-msj-02-01-01.png","width":349,"height":243,"caption":"Meu site jur\u00eddico"},"image":{"@id":"https:\/\/meusitejuridico.editorajuspodivm.com.br\/#\/schema\/logo\/image\/"}},{"@type":"Person","@id":"https:\/\/meusitejuridico.editorajuspodivm.com.br\/#\/schema\/person\/8b773c6b3452b86fbd88dbfe07bc42db","name":"Eduardo Luiz Santos Cabette","image":{"@type":"ImageObject","inLanguage":"pt-BR","@id":"https:\/\/meusitejuridico.editorajuspodivm.com.br\/#\/schema\/person\/image\/","url":"https:\/\/meusitejuridico.com.br\/s.meusitejuridico\/2017\/04\/9ddea50d-cabette-150x150.jpg","contentUrl":"https:\/\/meusitejuridico.com.br\/s.meusitejuridico\/2017\/04\/9ddea50d-cabette-150x150.jpg","caption":"Eduardo Luiz Santos Cabette"},"description":"Delegado de Pol\u00edcia Aposentado, Mestre em Direito Social, P\u00f3s \u2013 graduado em Direito Penal e Criminologia e Professor de Direito Penal, Processo Penal, Medicina Legal, Criminologia e Legisla\u00e7\u00e3o Penal e Processual Penal Especial em gradua\u00e7\u00e3o, p\u00f3s \u2013 gradua\u00e7\u00e3o e cursos preparat\u00f3rios","url":"https:\/\/meusitejuridico.com.br\/author\/503679806421\/"}]}},"_links":{"self":[{"href":"https:\/\/meusitejuridico.com.br\/api\/wp\/v2\/posts\/13667","targetHints":{"allow":["GET"]}}],"collection":[{"href":"https:\/\/meusitejuridico.com.br\/api\/wp\/v2\/posts"}],"about":[{"href":"https:\/\/meusitejuridico.com.br\/api\/wp\/v2\/types\/post"}],"author":[{"embeddable":true,"href":"https:\/\/meusitejuridico.com.br\/api\/wp\/v2\/users\/14"}],"replies":[{"embeddable":true,"href":"https:\/\/meusitejuridico.com.br\/api\/wp\/v2\/comments?post=13667"}],"version-history":[{"count":2,"href":"https:\/\/meusitejuridico.com.br\/api\/wp\/v2\/posts\/13667\/revisions"}],"predecessor-version":[{"id":13669,"href":"https:\/\/meusitejuridico.com.br\/api\/wp\/v2\/posts\/13667\/revisions\/13669"}],"wp:featuredmedia":[{"embeddable":true,"href":"https:\/\/meusitejuridico.com.br\/api\/wp\/v2\/media\/11618"}],"wp:attachment":[{"href":"https:\/\/meusitejuridico.com.br\/api\/wp\/v2\/media?parent=13667"}],"wp:term":[{"taxonomy":"category","embeddable":true,"href":"https:\/\/meusitejuridico.com.br\/api\/wp\/v2\/categories?post=13667"},{"taxonomy":"post_tag","embeddable":true,"href":"https:\/\/meusitejuridico.com.br\/api\/wp\/v2\/tags?post=13667"}],"curies":[{"name":"wp","href":"https:\/\/api.w.org\/{rel}","templated":true}]}}