{"id":16636,"date":"2022-07-11T17:01:21","date_gmt":"2022-07-11T20:01:21","guid":{"rendered":"https:\/\/meusitejuridico.editorajuspodivm.com.br\/?p=16636"},"modified":"2022-07-11T17:01:23","modified_gmt":"2022-07-11T20:01:23","slug":"edital-publicado-cebraspe-soldado-pm-ro","status":"publish","type":"post","link":"https:\/\/meusitejuridico.com.br\/2022\/07\/11\/edital-publicado-cebraspe-soldado-pm-ro\/","title":{"rendered":"Edital Publicado: Cebraspe &#8211; Soldado &#8211; PM\/RO"},"content":{"rendered":"\n<p>O concurso p\u00fablico da<strong> Pol\u00edcia Militar do Estado de Rond\u00f4nia <\/strong>est\u00e1 com o <strong>edital publicado.<\/strong><\/p>\n\n\n\n<p>Organizado pela <strong>CEBRASPE, <\/strong>o certame oferecer\u00e1 <strong>20 vagas, mais 20 vagas de cadastro de reserva <\/strong>para o cargo de <strong>Soldado<\/strong>. A remunera\u00e7\u00e3o inicial \u00e9 de R$7.015,91.<\/p>\n\n\n\n<p>As inscri\u00e7\u00f5es devem ser feitas pelo site oficial da banca organizadora, do dia<strong> 15 de julho a 05 de agosto de 2022.<\/strong> O valor da taxa de inscri\u00e7\u00e3o \u00e9 de R$204,96.<\/p>\n\n\n\n<p>A previs\u00e3o de data para aplica\u00e7\u00e3o da prova objetiva ser\u00e1 no dia<strong> 25 de setembro de 2022.<\/strong><\/p>\n\n\n\n<p><a href=\"https:\/\/cdnv2.moovin.com.br\/editorajuspodivm\/arquivos\/399f2379ffafbae323111261f5e447ce.pdf\">Clique aqui para conferir o edital completo.<\/a><\/p>\n\n\n\n<p><a href=\"https:\/\/www.editorajuspodivm.com.br\/concursos\/detalhe\/377?idtag=a4bb9a03-e22e-4339-a386-a7d55457bbd3\" target=\"_blank\" rel=\"noreferrer noopener\">A Editora Juspodivm preparou uma sele\u00e7\u00e3o de livros especial para esse concurso, confira!<\/a><\/p>\n\n\n\n<figure class=\"wp-block-table is-style-stripes\"><table><tbody><tr><td><strong>PM\/RO<\/strong><\/td><\/tr><tr><td><strong>Vagas:<\/strong> 20+20CR<\/td><\/tr><tr><td><strong>Sal\u00e1rio inicial: <\/strong>R$7.015,91<\/td><\/tr><tr><td><strong>Inscri\u00e7\u00f5es:<\/strong> 15 de julho a 05 de agosto de 2022<\/td><\/tr><tr><td><strong>Data da prova:<\/strong> 25 de setembro de 2022<\/td><\/tr><tr><td><strong>Banca:<\/strong> CEBRASPE<\/td><\/tr><tr><td><strong>Taxa Inscri\u00e7\u00e3o:<\/strong> R$204,96<\/td><\/tr><\/tbody><\/table><\/figure>\n","protected":false},"excerpt":{"rendered":"<p>O concurso p\u00fablico da Pol\u00edcia Militar do Estado de Rond\u00f4nia est\u00e1 com o edital publicado. Organizado pela CEBRASPE, o certame oferecer\u00e1 20 vagas, mais 20 vagas de cadastro de reserva para o cargo de Soldado. A remunera\u00e7\u00e3o inicial \u00e9 de R$7.015,91. As inscri\u00e7\u00f5es devem ser feitas pelo site oficial da banca organizadora, do dia 15 [&hellip;]<\/p>\n","protected":false},"author":7,"featured_media":15724,"comment_status":"open","ping_status":"open","sticky":false,"template":"","format":"standard","meta":{"_acf_changed":false,"footnotes":""},"categories":[3848,3846],"tags":[3942,3881,4036,3932],"class_list":["post-16636","post","type-post","status-publish","format-standard","has-post-thumbnail","hentry","category-carreiras-policiais","category-informacao-concursos","tag-cebraspe","tag-edital-publicado","tag-pm-ro","tag-soldado"],"acf":[],"yoast_head":"<!-- This site is optimized with the Yoast SEO plugin v24.8.1 - https:\/\/yoast.com\/wordpress\/plugins\/seo\/ -->\n<title>Edital Publicado: Cebraspe - Soldado - PM\/RO - Meu site jur\u00eddico<\/title>\n<meta name=\"description\" content=\"O concurso p\u00fablico da Pol\u00edcia Militar do Estado de Rond\u00f4nia est\u00e1 com o edital publicado.\" \/>\n<meta name=\"robots\" content=\"index, follow, max-snippet:-1, max-image-preview:large, max-video-preview:-1\" \/>\n<link rel=\"canonical\" href=\"https:\/\/meusitejuridico.com.br\/2022\/07\/11\/edital-publicado-cebraspe-soldado-pm-ro\/\" \/>\n<meta property=\"og:locale\" content=\"pt_BR\" \/>\n<meta property=\"og:type\" content=\"article\" \/>\n<meta property=\"og:title\" content=\"Edital Publicado: Cebraspe - Soldado - PM\/RO - Meu site jur\u00eddico\" \/>\n<meta property=\"og:description\" content=\"O concurso p\u00fablico da Pol\u00edcia Militar do Estado de Rond\u00f4nia est\u00e1 com o edital publicado.\" \/>\n<meta property=\"og:url\" content=\"https:\/\/meusitejuridico.com.br\/2022\/07\/11\/edital-publicado-cebraspe-soldado-pm-ro\/\" \/>\n<meta property=\"og:site_name\" content=\"Meu site jur\u00eddico\" \/>\n<meta property=\"article:published_time\" content=\"2022-07-11T20:01:21+00:00\" \/>\n<meta property=\"article:modified_time\" content=\"2022-07-11T20:01:23+00:00\" \/>\n<meta property=\"og:image\" content=\"https:\/\/meusitejuridico.com.br\/s.meusitejuridico\/2022\/05\/d65fdd27-policia-vermelho.png\" \/>\n\t<meta property=\"og:image:width\" content=\"4167\" \/>\n\t<meta property=\"og:image:height\" content=\"2780\" \/>\n\t<meta property=\"og:image:type\" content=\"image\/png\" \/>\n<meta name=\"author\" content=\"Equipe Meu Site Jur\u00eddico\" \/>\n<meta name=\"twitter:card\" content=\"summary_large_image\" \/>\n<meta name=\"twitter:label1\" content=\"Escrito por\" \/>\n\t<meta name=\"twitter:data1\" content=\"Equipe Meu Site Jur\u00eddico\" \/>\n\t<meta name=\"twitter:label2\" content=\"Est. tempo de leitura\" \/>\n\t<meta name=\"twitter:data2\" content=\"1 minuto\" \/>\n<script type=\"application\/ld+json\" class=\"yoast-schema-graph\">{\"@context\":\"https:\/\/schema.org\",\"@graph\":[{\"@type\":\"Article\",\"@id\":\"https:\/\/meusitejuridico.com.br\/2022\/07\/11\/edital-publicado-cebraspe-soldado-pm-ro\/#article\",\"isPartOf\":{\"@id\":\"https:\/\/meusitejuridico.com.br\/2022\/07\/11\/edital-publicado-cebraspe-soldado-pm-ro\/\"},\"author\":{\"name\":\"Equipe Meu Site Jur\u00eddico\",\"@id\":\"https:\/\/meusitejuridico.editorajuspodivm.com.br\/#\/schema\/person\/5c2237ac0c8ff03bcf1a09fe3e45dfce\"},\"headline\":\"Edital Publicado: Cebraspe &#8211; Soldado &#8211; PM\/RO\",\"datePublished\":\"2022-07-11T20:01:21+00:00\",\"dateModified\":\"2022-07-11T20:01:23+00:00\",\"mainEntityOfPage\":{\"@id\":\"https:\/\/meusitejuridico.com.br\/2022\/07\/11\/edital-publicado-cebraspe-soldado-pm-ro\/\"},\"wordCount\":145,\"commentCount\":0,\"publisher\":{\"@id\":\"https:\/\/meusitejuridico.editorajuspodivm.com.br\/#organization\"},\"image\":{\"@id\":\"https:\/\/meusitejuridico.com.br\/2022\/07\/11\/edital-publicado-cebraspe-soldado-pm-ro\/#primaryimage\"},\"thumbnailUrl\":\"https:\/\/meusitejuridico.com.br\/s.meusitejuridico\/2022\/05\/d65fdd27-policia-vermelho.png\",\"keywords\":[\"Cebraspe\",\"Edital Publicado\",\"PM\/RO\",\"Soldado\"],\"articleSection\":[\"Carreiras Policiais\",\"Informa\u00e7\u00f5es de Concursos\"],\"inLanguage\":\"pt-BR\",\"potentialAction\":[{\"@type\":\"CommentAction\",\"name\":\"Comment\",\"target\":[\"https:\/\/meusitejuridico.com.br\/2022\/07\/11\/edital-publicado-cebraspe-soldado-pm-ro\/#respond\"]}]},{\"@type\":\"WebPage\",\"@id\":\"https:\/\/meusitejuridico.com.br\/2022\/07\/11\/edital-publicado-cebraspe-soldado-pm-ro\/\",\"url\":\"https:\/\/meusitejuridico.com.br\/2022\/07\/11\/edital-publicado-cebraspe-soldado-pm-ro\/\",\"name\":\"Edital Publicado: Cebraspe - Soldado - PM\/RO - Meu site jur\u00eddico\",\"isPartOf\":{\"@id\":\"https:\/\/meusitejuridico.editorajuspodivm.com.br\/#website\"},\"primaryImageOfPage\":{\"@id\":\"https:\/\/meusitejuridico.com.br\/2022\/07\/11\/edital-publicado-cebraspe-soldado-pm-ro\/#primaryimage\"},\"image\":{\"@id\":\"https:\/\/meusitejuridico.com.br\/2022\/07\/11\/edital-publicado-cebraspe-soldado-pm-ro\/#primaryimage\"},\"thumbnailUrl\":\"https:\/\/meusitejuridico.com.br\/s.meusitejuridico\/2022\/05\/d65fdd27-policia-vermelho.png\",\"datePublished\":\"2022-07-11T20:01:21+00:00\",\"dateModified\":\"2022-07-11T20:01:23+00:00\",\"description\":\"O concurso p\u00fablico da Pol\u00edcia Militar do Estado de Rond\u00f4nia est\u00e1 com o edital publicado.\",\"breadcrumb\":{\"@id\":\"https:\/\/meusitejuridico.com.br\/2022\/07\/11\/edital-publicado-cebraspe-soldado-pm-ro\/#breadcrumb\"},\"inLanguage\":\"pt-BR\",\"potentialAction\":[{\"@type\":\"ReadAction\",\"target\":[\"https:\/\/meusitejuridico.com.br\/2022\/07\/11\/edital-publicado-cebraspe-soldado-pm-ro\/\"]}]},{\"@type\":\"ImageObject\",\"inLanguage\":\"pt-BR\",\"@id\":\"https:\/\/meusitejuridico.com.br\/2022\/07\/11\/edital-publicado-cebraspe-soldado-pm-ro\/#primaryimage\",\"url\":\"https:\/\/meusitejuridico.com.br\/s.meusitejuridico\/2022\/05\/d65fdd27-policia-vermelho.png\",\"contentUrl\":\"https:\/\/meusitejuridico.com.br\/s.meusitejuridico\/2022\/05\/d65fdd27-policia-vermelho.png\",\"width\":4167,\"height\":2780},{\"@type\":\"BreadcrumbList\",\"@id\":\"https:\/\/meusitejuridico.com.br\/2022\/07\/11\/edital-publicado-cebraspe-soldado-pm-ro\/#breadcrumb\",\"itemListElement\":[{\"@type\":\"ListItem\",\"position\":1,\"name\":\"In\u00edcio\",\"item\":\"https:\/\/meusitejuridico.editorajuspodivm.com.br\/\"},{\"@type\":\"ListItem\",\"position\":2,\"name\":\"Edital Publicado: Cebraspe &#8211; Soldado &#8211; PM\/RO\"}]},{\"@type\":\"WebSite\",\"@id\":\"https:\/\/meusitejuridico.editorajuspodivm.com.br\/#website\",\"url\":\"https:\/\/meusitejuridico.editorajuspodivm.com.br\/\",\"name\":\"Meu site jur\u00eddico\",\"description\":\"Meu site jur\u00eddico\",\"publisher\":{\"@id\":\"https:\/\/meusitejuridico.editorajuspodivm.com.br\/#organization\"},\"potentialAction\":[{\"@type\":\"SearchAction\",\"target\":{\"@type\":\"EntryPoint\",\"urlTemplate\":\"https:\/\/meusitejuridico.editorajuspodivm.com.br\/?s={search_term_string}\"},\"query-input\":{\"@type\":\"PropertyValueSpecification\",\"valueRequired\":true,\"valueName\":\"search_term_string\"}}],\"inLanguage\":\"pt-BR\"},{\"@type\":\"Organization\",\"@id\":\"https:\/\/meusitejuridico.editorajuspodivm.com.br\/#organization\",\"name\":\"Meu site jur\u00eddico\",\"url\":\"https:\/\/meusitejuridico.editorajuspodivm.com.br\/\",\"logo\":{\"@type\":\"ImageObject\",\"inLanguage\":\"pt-BR\",\"@id\":\"https:\/\/meusitejuridico.editorajuspodivm.com.br\/#\/schema\/logo\/image\/\",\"url\":\"https:\/\/meusitejuridico.com.br\/s.meusitejuridico\/2022\/03\/cropped-baeec2a3-msj-02-01-01.png\",\"contentUrl\":\"https:\/\/meusitejuridico.com.br\/s.meusitejuridico\/2022\/03\/cropped-baeec2a3-msj-02-01-01.png\",\"width\":349,\"height\":243,\"caption\":\"Meu site jur\u00eddico\"},\"image\":{\"@id\":\"https:\/\/meusitejuridico.editorajuspodivm.com.br\/#\/schema\/logo\/image\/\"}},{\"@type\":\"Person\",\"@id\":\"https:\/\/meusitejuridico.editorajuspodivm.com.br\/#\/schema\/person\/5c2237ac0c8ff03bcf1a09fe3e45dfce\",\"name\":\"Equipe Meu Site Jur\u00eddico\",\"image\":{\"@type\":\"ImageObject\",\"inLanguage\":\"pt-BR\",\"@id\":\"https:\/\/meusitejuridico.editorajuspodivm.com.br\/#\/schema\/person\/image\/\",\"url\":\"https:\/\/meusitejuridico.com.br\/s.meusitejuridico\/2020\/07\/6be289aa-logo-msj.png\",\"contentUrl\":\"https:\/\/meusitejuridico.com.br\/s.meusitejuridico\/2020\/07\/6be289aa-logo-msj.png\",\"caption\":\"Equipe Meu Site Jur\u00eddico\"},\"description\":\"Contem conosco!\",\"url\":\"https:\/\/meusitejuridico.com.br\/author\/equipe-meu-site-juridico\/\"}]}<\/script>\n<!-- \/ Yoast SEO plugin. -->","yoast_head_json":{"title":"Edital Publicado: Cebraspe - Soldado - PM\/RO - Meu site jur\u00eddico","description":"O concurso p\u00fablico da Pol\u00edcia Militar do Estado de Rond\u00f4nia est\u00e1 com o edital publicado.","robots":{"index":"index","follow":"follow","max-snippet":"max-snippet:-1","max-image-preview":"max-image-preview:large","max-video-preview":"max-video-preview:-1"},"canonical":"https:\/\/meusitejuridico.com.br\/2022\/07\/11\/edital-publicado-cebraspe-soldado-pm-ro\/","og_locale":"pt_BR","og_type":"article","og_title":"Edital Publicado: Cebraspe - Soldado - PM\/RO - Meu site jur\u00eddico","og_description":"O concurso p\u00fablico da Pol\u00edcia Militar do Estado de Rond\u00f4nia est\u00e1 com o edital publicado.","og_url":"https:\/\/meusitejuridico.com.br\/2022\/07\/11\/edital-publicado-cebraspe-soldado-pm-ro\/","og_site_name":"Meu site jur\u00eddico","article_published_time":"2022-07-11T20:01:21+00:00","article_modified_time":"2022-07-11T20:01:23+00:00","og_image":[{"width":4167,"height":2780,"url":"https:\/\/meusitejuridico.com.br\/s.meusitejuridico\/2022\/05\/d65fdd27-policia-vermelho.png","type":"image\/png"}],"author":"Equipe Meu Site Jur\u00eddico","twitter_card":"summary_large_image","twitter_misc":{"Escrito por":"Equipe Meu Site Jur\u00eddico","Est. tempo de leitura":"1 minuto"},"schema":{"@context":"https:\/\/schema.org","@graph":[{"@type":"Article","@id":"https:\/\/meusitejuridico.com.br\/2022\/07\/11\/edital-publicado-cebraspe-soldado-pm-ro\/#article","isPartOf":{"@id":"https:\/\/meusitejuridico.com.br\/2022\/07\/11\/edital-publicado-cebraspe-soldado-pm-ro\/"},"author":{"name":"Equipe Meu Site Jur\u00eddico","@id":"https:\/\/meusitejuridico.editorajuspodivm.com.br\/#\/schema\/person\/5c2237ac0c8ff03bcf1a09fe3e45dfce"},"headline":"Edital Publicado: Cebraspe &#8211; Soldado &#8211; PM\/RO","datePublished":"2022-07-11T20:01:21+00:00","dateModified":"2022-07-11T20:01:23+00:00","mainEntityOfPage":{"@id":"https:\/\/meusitejuridico.com.br\/2022\/07\/11\/edital-publicado-cebraspe-soldado-pm-ro\/"},"wordCount":145,"commentCount":0,"publisher":{"@id":"https:\/\/meusitejuridico.editorajuspodivm.com.br\/#organization"},"image":{"@id":"https:\/\/meusitejuridico.com.br\/2022\/07\/11\/edital-publicado-cebraspe-soldado-pm-ro\/#primaryimage"},"thumbnailUrl":"https:\/\/meusitejuridico.com.br\/s.meusitejuridico\/2022\/05\/d65fdd27-policia-vermelho.png","keywords":["Cebraspe","Edital Publicado","PM\/RO","Soldado"],"articleSection":["Carreiras Policiais","Informa\u00e7\u00f5es de Concursos"],"inLanguage":"pt-BR","potentialAction":[{"@type":"CommentAction","name":"Comment","target":["https:\/\/meusitejuridico.com.br\/2022\/07\/11\/edital-publicado-cebraspe-soldado-pm-ro\/#respond"]}]},{"@type":"WebPage","@id":"https:\/\/meusitejuridico.com.br\/2022\/07\/11\/edital-publicado-cebraspe-soldado-pm-ro\/","url":"https:\/\/meusitejuridico.com.br\/2022\/07\/11\/edital-publicado-cebraspe-soldado-pm-ro\/","name":"Edital Publicado: Cebraspe - Soldado - PM\/RO - Meu site jur\u00eddico","isPartOf":{"@id":"https:\/\/meusitejuridico.editorajuspodivm.com.br\/#website"},"primaryImageOfPage":{"@id":"https:\/\/meusitejuridico.com.br\/2022\/07\/11\/edital-publicado-cebraspe-soldado-pm-ro\/#primaryimage"},"image":{"@id":"https:\/\/meusitejuridico.com.br\/2022\/07\/11\/edital-publicado-cebraspe-soldado-pm-ro\/#primaryimage"},"thumbnailUrl":"https:\/\/meusitejuridico.com.br\/s.meusitejuridico\/2022\/05\/d65fdd27-policia-vermelho.png","datePublished":"2022-07-11T20:01:21+00:00","dateModified":"2022-07-11T20:01:23+00:00","description":"O concurso p\u00fablico da Pol\u00edcia Militar do Estado de Rond\u00f4nia est\u00e1 com o edital publicado.","breadcrumb":{"@id":"https:\/\/meusitejuridico.com.br\/2022\/07\/11\/edital-publicado-cebraspe-soldado-pm-ro\/#breadcrumb"},"inLanguage":"pt-BR","potentialAction":[{"@type":"ReadAction","target":["https:\/\/meusitejuridico.com.br\/2022\/07\/11\/edital-publicado-cebraspe-soldado-pm-ro\/"]}]},{"@type":"ImageObject","inLanguage":"pt-BR","@id":"https:\/\/meusitejuridico.com.br\/2022\/07\/11\/edital-publicado-cebraspe-soldado-pm-ro\/#primaryimage","url":"https:\/\/meusitejuridico.com.br\/s.meusitejuridico\/2022\/05\/d65fdd27-policia-vermelho.png","contentUrl":"https:\/\/meusitejuridico.com.br\/s.meusitejuridico\/2022\/05\/d65fdd27-policia-vermelho.png","width":4167,"height":2780},{"@type":"BreadcrumbList","@id":"https:\/\/meusitejuridico.com.br\/2022\/07\/11\/edital-publicado-cebraspe-soldado-pm-ro\/#breadcrumb","itemListElement":[{"@type":"ListItem","position":1,"name":"In\u00edcio","item":"https:\/\/meusitejuridico.editorajuspodivm.com.br\/"},{"@type":"ListItem","position":2,"name":"Edital Publicado: Cebraspe &#8211; Soldado &#8211; PM\/RO"}]},{"@type":"WebSite","@id":"https:\/\/meusitejuridico.editorajuspodivm.com.br\/#website","url":"https:\/\/meusitejuridico.editorajuspodivm.com.br\/","name":"Meu site jur\u00eddico","description":"Meu site jur\u00eddico","publisher":{"@id":"https:\/\/meusitejuridico.editorajuspodivm.com.br\/#organization"},"potentialAction":[{"@type":"SearchAction","target":{"@type":"EntryPoint","urlTemplate":"https:\/\/meusitejuridico.editorajuspodivm.com.br\/?s={search_term_string}"},"query-input":{"@type":"PropertyValueSpecification","valueRequired":true,"valueName":"search_term_string"}}],"inLanguage":"pt-BR"},{"@type":"Organization","@id":"https:\/\/meusitejuridico.editorajuspodivm.com.br\/#organization","name":"Meu site jur\u00eddico","url":"https:\/\/meusitejuridico.editorajuspodivm.com.br\/","logo":{"@type":"ImageObject","inLanguage":"pt-BR","@id":"https:\/\/meusitejuridico.editorajuspodivm.com.br\/#\/schema\/logo\/image\/","url":"https:\/\/meusitejuridico.com.br\/s.meusitejuridico\/2022\/03\/cropped-baeec2a3-msj-02-01-01.png","contentUrl":"https:\/\/meusitejuridico.com.br\/s.meusitejuridico\/2022\/03\/cropped-baeec2a3-msj-02-01-01.png","width":349,"height":243,"caption":"Meu site jur\u00eddico"},"image":{"@id":"https:\/\/meusitejuridico.editorajuspodivm.com.br\/#\/schema\/logo\/image\/"}},{"@type":"Person","@id":"https:\/\/meusitejuridico.editorajuspodivm.com.br\/#\/schema\/person\/5c2237ac0c8ff03bcf1a09fe3e45dfce","name":"Equipe Meu Site Jur\u00eddico","image":{"@type":"ImageObject","inLanguage":"pt-BR","@id":"https:\/\/meusitejuridico.editorajuspodivm.com.br\/#\/schema\/person\/image\/","url":"https:\/\/meusitejuridico.com.br\/s.meusitejuridico\/2020\/07\/6be289aa-logo-msj.png","contentUrl":"https:\/\/meusitejuridico.com.br\/s.meusitejuridico\/2020\/07\/6be289aa-logo-msj.png","caption":"Equipe Meu Site Jur\u00eddico"},"description":"Contem conosco!","url":"https:\/\/meusitejuridico.com.br\/author\/equipe-meu-site-juridico\/"}]}},"_links":{"self":[{"href":"https:\/\/meusitejuridico.com.br\/api\/wp\/v2\/posts\/16636","targetHints":{"allow":["GET"]}}],"collection":[{"href":"https:\/\/meusitejuridico.com.br\/api\/wp\/v2\/posts"}],"about":[{"href":"https:\/\/meusitejuridico.com.br\/api\/wp\/v2\/types\/post"}],"author":[{"embeddable":true,"href":"https:\/\/meusitejuridico.com.br\/api\/wp\/v2\/users\/7"}],"replies":[{"embeddable":true,"href":"https:\/\/meusitejuridico.com.br\/api\/wp\/v2\/comments?post=16636"}],"version-history":[{"count":1,"href":"https:\/\/meusitejuridico.com.br\/api\/wp\/v2\/posts\/16636\/revisions"}],"predecessor-version":[{"id":16637,"href":"https:\/\/meusitejuridico.com.br\/api\/wp\/v2\/posts\/16636\/revisions\/16637"}],"wp:featuredmedia":[{"embeddable":true,"href":"https:\/\/meusitejuridico.com.br\/api\/wp\/v2\/media\/15724"}],"wp:attachment":[{"href":"https:\/\/meusitejuridico.com.br\/api\/wp\/v2\/media?parent=16636"}],"wp:term":[{"taxonomy":"category","embeddable":true,"href":"https:\/\/meusitejuridico.com.br\/api\/wp\/v2\/categories?post=16636"},{"taxonomy":"post_tag","embeddable":true,"href":"https:\/\/meusitejuridico.com.br\/api\/wp\/v2\/tags?post=16636"}],"curies":[{"name":"wp","href":"https:\/\/api.w.org\/{rel}","templated":true}]}}