{"id":17074,"date":"2022-10-10T06:47:48","date_gmt":"2022-10-10T09:47:48","guid":{"rendered":"https:\/\/meusitejuridico.editorajuspodivm.com.br\/?p=17074"},"modified":"2022-10-10T06:47:49","modified_gmt":"2022-10-10T09:47:49","slug":"resumo-informativo-1-069-do-stf-de-30-de-setembro-de-2022","status":"publish","type":"post","link":"https:\/\/meusitejuridico.com.br\/2022\/10\/10\/resumo-informativo-1-069-do-stf-de-30-de-setembro-de-2022\/","title":{"rendered":"Resumo &#8211; Informativo 1.069 do STF, de 30 de setembro de 2022"},"content":{"rendered":"\n<p><strong>PLEN\u00c1RIO<\/strong><strong><\/strong><\/p>\n\n\n\n<p>&#8211; A flexibiliza\u00e7\u00e3o, via decreto presidencial, dos crit\u00e9rios e requisitos para a aquisi\u00e7\u00e3o de armas de fogo prejudica a fiscaliza\u00e7\u00e3o do Poder P\u00fablico, al\u00e9m de violar a compet\u00eancia legislativa em sentido estrito para a normatiza\u00e7\u00e3o das hip\u00f3teses legais quanto \u00e0 sua efetiva necessidade \u2013 <strong>ADI 6119 MC-Ref\/DF<\/strong>, <strong>ADI 6139 Mc-Ref\/DF<\/strong> e <strong>ADI 6466 Mc-Ref\/DF<\/strong>, julgamento virtual finalizado em 20\/09\/2022.<\/p>\n\n\n\n<p>&#8211; &#8220;1. A educa\u00e7\u00e3o b\u00e1sica em todas as suas fases \u2014 educa\u00e7\u00e3o infantil, ensino fundamental e ensino m\u00e9dio \u2014 constitui direito fundamental de todas as crian\u00e7as e jovens, assegurado por normas constitucionais de efic\u00e1cia plena e aplicabilidade direta e imediata. 2. A educa\u00e7\u00e3o infantil compreende creche (de zero a 3 anos) e a pr\u00e9-escola (de 4 a 5 anos). Sua oferta pelo Poder P\u00fablico pode ser exigida individualmente, como no caso examinado neste processo. 3. O Poder P\u00fablico tem o dever jur\u00eddico de dar efetividade integral \u00e0s normas constitucionais sobre acesso \u00e0 educa\u00e7\u00e3o b\u00e1sica.&#8221; \u2013 <strong>RE 1.008.166\/SC<\/strong>, Tema 548, julgamento finalizado em 22\/09\/2022.<\/p>\n\n\n\n<p>&#8211; \u00c9 constitucional lei estadual, de iniciativa parlamentar, que determina a reserva de vagas, no mesmo estabelecimento de ensino, para irm\u00e3os que frequentem a mesma etapa ou ciclo escolar, pois disciplina medida que visa consolidar pol\u00edticas p\u00fablicas de acesso ao sistema educacional e do maior conv\u00edvio familiar poss\u00edvel \u2013<strong> ADI&nbsp; 7149\/RJ, <\/strong>julgamento virtual finalizado em 23\/09\/2022.<\/p>\n\n\n\n<p>&#8211; \u00c9 inconstitucional, por disciplinar mat\u00e9ria concernente ao Estatuto da Magistratura, norma estadual que prev\u00ea a ado\u00e7\u00e3o do maior tempo de servi\u00e7o p\u00fablico como crit\u00e9rio de desempate para a promo\u00e7\u00e3o de magistrados \u2013<strong> ADI 6772\/AL<\/strong>,julgamento virtual finalizado em 23\/09\/2022.<\/p>\n\n\n\n<p>&#8211; \u00c9 inconstitucional, por violar compet\u00eancia da Uni\u00e3o para legislar sobre materiais b\u00e9licos, norma estadual que reconhece o risco da atividade e a efetiva necessidade do porte de arma de fogo ao atirador desportivo integrante de entidades de desporto legalmente constitu\u00eddas e ao vigilante de empresa de seguran\u00e7a privada \u2013<strong> ADI 7188\/AC <\/strong>e<strong> ADI 7189\/AC<\/strong>,julgamento virtual finalizado em 23\/09\/2022.<\/p>\n\n\n\n<p>&#8211; \u00c9 inconstitucional a limita\u00e7\u00e3o de despesas da folha complementar do Minist\u00e9rio P\u00fablico Estadual do Estado do Cear\u00e1 em percentual da despesa anual da folha normal de pagamento, sem a devida participa\u00e7\u00e3o efetiva do \u00f3rg\u00e3o financeiramente aut\u00f4nomo no ato de estipula\u00e7\u00e3o em conjunto dessa limita\u00e7\u00e3o na Lei de Diretrizes Or\u00e7ament\u00e1rias \u2013 <strong>ADI 7073\/CE<\/strong>, julgamento virtual finalizado em 23\/09\/2022.<\/p>\n\n\n\n<p>***<\/p>\n\n\n\n<p><strong>Telegram<\/strong>:<strong>&nbsp;<\/strong><a href=\"https:\/\/t.me\/pilulasjuridicasSTFSTJ\" target=\"_blank\" rel=\"noreferrer noopener\"><strong>https:\/\/t.me\/pilulasjuridicasSTFSTJ<\/strong><\/a><strong>&nbsp;| Instagram: @rodrigocrleite<\/strong><\/p>\n","protected":false},"excerpt":{"rendered":"<p>PLEN\u00c1RIO &#8211; A flexibiliza\u00e7\u00e3o, via decreto presidencial, dos crit\u00e9rios e requisitos para a aquisi\u00e7\u00e3o de armas de fogo prejudica a fiscaliza\u00e7\u00e3o do Poder P\u00fablico, al\u00e9m de violar a compet\u00eancia legislativa em sentido estrito para a normatiza\u00e7\u00e3o das hip\u00f3teses legais quanto \u00e0 sua efetiva necessidade \u2013 ADI 6119 MC-Ref\/DF, ADI 6139 Mc-Ref\/DF e ADI 6466 Mc-Ref\/DF, [&hellip;]<\/p>\n","protected":false},"author":131,"featured_media":4037,"comment_status":"open","ping_status":"open","sticky":false,"template":"","format":"standard","meta":{"_acf_changed":false,"footnotes":""},"categories":[70],"tags":[],"class_list":["post-17074","post","type-post","status-publish","format-standard","has-post-thumbnail","hentry","category-informativos-comentados"],"acf":[],"yoast_head":"<!-- This site is optimized with the Yoast SEO plugin v24.8.1 - https:\/\/yoast.com\/wordpress\/plugins\/seo\/ -->\n<title>Resumo - Informativo 1.069 do STF, de 30 de setembro de 2022 - Meu site jur\u00eddico<\/title>\n<meta name=\"robots\" content=\"index, follow, max-snippet:-1, max-image-preview:large, max-video-preview:-1\" \/>\n<link rel=\"canonical\" href=\"https:\/\/meusitejuridico.com.br\/2022\/10\/10\/resumo-informativo-1-069-do-stf-de-30-de-setembro-de-2022\/\" \/>\n<meta property=\"og:locale\" content=\"pt_BR\" \/>\n<meta property=\"og:type\" content=\"article\" \/>\n<meta property=\"og:title\" content=\"Resumo - Informativo 1.069 do STF, de 30 de setembro de 2022 - Meu site jur\u00eddico\" \/>\n<meta property=\"og:description\" content=\"PLEN\u00c1RIO &#8211; A flexibiliza\u00e7\u00e3o, via decreto presidencial, dos crit\u00e9rios e requisitos para a aquisi\u00e7\u00e3o de armas de fogo prejudica a fiscaliza\u00e7\u00e3o do Poder P\u00fablico, al\u00e9m de violar a compet\u00eancia legislativa em sentido estrito para a normatiza\u00e7\u00e3o das hip\u00f3teses legais quanto \u00e0 sua efetiva necessidade \u2013 ADI 6119 MC-Ref\/DF, ADI 6139 Mc-Ref\/DF e ADI 6466 Mc-Ref\/DF, [&hellip;]\" \/>\n<meta property=\"og:url\" content=\"https:\/\/meusitejuridico.com.br\/2022\/10\/10\/resumo-informativo-1-069-do-stf-de-30-de-setembro-de-2022\/\" \/>\n<meta property=\"og:site_name\" content=\"Meu site jur\u00eddico\" \/>\n<meta property=\"article:published_time\" content=\"2022-10-10T09:47:48+00:00\" \/>\n<meta property=\"article:modified_time\" content=\"2022-10-10T09:47:49+00:00\" \/>\n<meta property=\"og:image\" content=\"https:\/\/meusitejuridico.com.br\/s.meusitejuridico\/2017\/12\/2379c840-shutterstock-243776203.jpg\" \/>\n\t<meta property=\"og:image:width\" content=\"1000\" \/>\n\t<meta property=\"og:image:height\" content=\"667\" \/>\n\t<meta property=\"og:image:type\" content=\"image\/jpeg\" \/>\n<meta name=\"author\" content=\"Rodrigo Leite\" \/>\n<meta name=\"twitter:card\" content=\"summary_large_image\" \/>\n<meta name=\"twitter:creator\" content=\"@rodrigocrleite\" \/>\n<meta name=\"twitter:label1\" content=\"Escrito por\" \/>\n\t<meta name=\"twitter:data1\" content=\"Rodrigo Leite\" \/>\n\t<meta name=\"twitter:label2\" content=\"Est. tempo de leitura\" \/>\n\t<meta name=\"twitter:data2\" content=\"2 minutos\" \/>\n<script type=\"application\/ld+json\" class=\"yoast-schema-graph\">{\"@context\":\"https:\/\/schema.org\",\"@graph\":[{\"@type\":\"Article\",\"@id\":\"https:\/\/meusitejuridico.com.br\/2022\/10\/10\/resumo-informativo-1-069-do-stf-de-30-de-setembro-de-2022\/#article\",\"isPartOf\":{\"@id\":\"https:\/\/meusitejuridico.com.br\/2022\/10\/10\/resumo-informativo-1-069-do-stf-de-30-de-setembro-de-2022\/\"},\"author\":{\"name\":\"Rodrigo Leite\",\"@id\":\"https:\/\/meusitejuridico.editorajuspodivm.com.br\/#\/schema\/person\/ae56313f17950dccef13d0989efd6d50\"},\"headline\":\"Resumo &#8211; Informativo 1.069 do STF, de 30 de setembro de 2022\",\"datePublished\":\"2022-10-10T09:47:48+00:00\",\"dateModified\":\"2022-10-10T09:47:49+00:00\",\"mainEntityOfPage\":{\"@id\":\"https:\/\/meusitejuridico.com.br\/2022\/10\/10\/resumo-informativo-1-069-do-stf-de-30-de-setembro-de-2022\/\"},\"wordCount\":418,\"commentCount\":0,\"publisher\":{\"@id\":\"https:\/\/meusitejuridico.editorajuspodivm.com.br\/#organization\"},\"image\":{\"@id\":\"https:\/\/meusitejuridico.com.br\/2022\/10\/10\/resumo-informativo-1-069-do-stf-de-30-de-setembro-de-2022\/#primaryimage\"},\"thumbnailUrl\":\"https:\/\/meusitejuridico.com.br\/s.meusitejuridico\/2017\/12\/2379c840-shutterstock-243776203.jpg\",\"articleSection\":[\"Informativos\"],\"inLanguage\":\"pt-BR\",\"potentialAction\":[{\"@type\":\"CommentAction\",\"name\":\"Comment\",\"target\":[\"https:\/\/meusitejuridico.com.br\/2022\/10\/10\/resumo-informativo-1-069-do-stf-de-30-de-setembro-de-2022\/#respond\"]}]},{\"@type\":\"WebPage\",\"@id\":\"https:\/\/meusitejuridico.com.br\/2022\/10\/10\/resumo-informativo-1-069-do-stf-de-30-de-setembro-de-2022\/\",\"url\":\"https:\/\/meusitejuridico.com.br\/2022\/10\/10\/resumo-informativo-1-069-do-stf-de-30-de-setembro-de-2022\/\",\"name\":\"Resumo - Informativo 1.069 do STF, de 30 de setembro de 2022 - Meu site jur\u00eddico\",\"isPartOf\":{\"@id\":\"https:\/\/meusitejuridico.editorajuspodivm.com.br\/#website\"},\"primaryImageOfPage\":{\"@id\":\"https:\/\/meusitejuridico.com.br\/2022\/10\/10\/resumo-informativo-1-069-do-stf-de-30-de-setembro-de-2022\/#primaryimage\"},\"image\":{\"@id\":\"https:\/\/meusitejuridico.com.br\/2022\/10\/10\/resumo-informativo-1-069-do-stf-de-30-de-setembro-de-2022\/#primaryimage\"},\"thumbnailUrl\":\"https:\/\/meusitejuridico.com.br\/s.meusitejuridico\/2017\/12\/2379c840-shutterstock-243776203.jpg\",\"datePublished\":\"2022-10-10T09:47:48+00:00\",\"dateModified\":\"2022-10-10T09:47:49+00:00\",\"breadcrumb\":{\"@id\":\"https:\/\/meusitejuridico.com.br\/2022\/10\/10\/resumo-informativo-1-069-do-stf-de-30-de-setembro-de-2022\/#breadcrumb\"},\"inLanguage\":\"pt-BR\",\"potentialAction\":[{\"@type\":\"ReadAction\",\"target\":[\"https:\/\/meusitejuridico.com.br\/2022\/10\/10\/resumo-informativo-1-069-do-stf-de-30-de-setembro-de-2022\/\"]}]},{\"@type\":\"ImageObject\",\"inLanguage\":\"pt-BR\",\"@id\":\"https:\/\/meusitejuridico.com.br\/2022\/10\/10\/resumo-informativo-1-069-do-stf-de-30-de-setembro-de-2022\/#primaryimage\",\"url\":\"https:\/\/meusitejuridico.com.br\/s.meusitejuridico\/2017\/12\/2379c840-shutterstock-243776203.jpg\",\"contentUrl\":\"https:\/\/meusitejuridico.com.br\/s.meusitejuridico\/2017\/12\/2379c840-shutterstock-243776203.jpg\",\"width\":1000,\"height\":667},{\"@type\":\"BreadcrumbList\",\"@id\":\"https:\/\/meusitejuridico.com.br\/2022\/10\/10\/resumo-informativo-1-069-do-stf-de-30-de-setembro-de-2022\/#breadcrumb\",\"itemListElement\":[{\"@type\":\"ListItem\",\"position\":1,\"name\":\"In\u00edcio\",\"item\":\"https:\/\/meusitejuridico.editorajuspodivm.com.br\/\"},{\"@type\":\"ListItem\",\"position\":2,\"name\":\"Resumo &#8211; Informativo 1.069 do STF, de 30 de setembro de 2022\"}]},{\"@type\":\"WebSite\",\"@id\":\"https:\/\/meusitejuridico.editorajuspodivm.com.br\/#website\",\"url\":\"https:\/\/meusitejuridico.editorajuspodivm.com.br\/\",\"name\":\"Meu site jur\u00eddico\",\"description\":\"Meu site jur\u00eddico\",\"publisher\":{\"@id\":\"https:\/\/meusitejuridico.editorajuspodivm.com.br\/#organization\"},\"potentialAction\":[{\"@type\":\"SearchAction\",\"target\":{\"@type\":\"EntryPoint\",\"urlTemplate\":\"https:\/\/meusitejuridico.editorajuspodivm.com.br\/?s={search_term_string}\"},\"query-input\":{\"@type\":\"PropertyValueSpecification\",\"valueRequired\":true,\"valueName\":\"search_term_string\"}}],\"inLanguage\":\"pt-BR\"},{\"@type\":\"Organization\",\"@id\":\"https:\/\/meusitejuridico.editorajuspodivm.com.br\/#organization\",\"name\":\"Meu site jur\u00eddico\",\"url\":\"https:\/\/meusitejuridico.editorajuspodivm.com.br\/\",\"logo\":{\"@type\":\"ImageObject\",\"inLanguage\":\"pt-BR\",\"@id\":\"https:\/\/meusitejuridico.editorajuspodivm.com.br\/#\/schema\/logo\/image\/\",\"url\":\"https:\/\/meusitejuridico.com.br\/s.meusitejuridico\/2022\/03\/cropped-baeec2a3-msj-02-01-01.png\",\"contentUrl\":\"https:\/\/meusitejuridico.com.br\/s.meusitejuridico\/2022\/03\/cropped-baeec2a3-msj-02-01-01.png\",\"width\":349,\"height\":243,\"caption\":\"Meu site jur\u00eddico\"},\"image\":{\"@id\":\"https:\/\/meusitejuridico.editorajuspodivm.com.br\/#\/schema\/logo\/image\/\"}},{\"@type\":\"Person\",\"@id\":\"https:\/\/meusitejuridico.editorajuspodivm.com.br\/#\/schema\/person\/ae56313f17950dccef13d0989efd6d50\",\"name\":\"Rodrigo Leite\",\"image\":{\"@type\":\"ImageObject\",\"inLanguage\":\"pt-BR\",\"@id\":\"https:\/\/meusitejuridico.editorajuspodivm.com.br\/#\/schema\/person\/image\/\",\"url\":\"https:\/\/meusitejuridico.com.br\/s.meusitejuridico\/2021\/05\/8455192b-foto-site-rodrigo-leite-150x150.jpeg\",\"contentUrl\":\"https:\/\/meusitejuridico.com.br\/s.meusitejuridico\/2021\/05\/8455192b-foto-site-rodrigo-leite-150x150.jpeg\",\"caption\":\"Rodrigo Leite\"},\"description\":\"Coautor do livro \u201cAn\u00e1lise das Diverg\u00eancias Jurisprudenciais no STF e STJ\u201d, Editora Juspodivm. Autor do livro \u201cTombamento \u2013 Vol. 36 \u2013 Cole\u00e7\u00e3o Leis Especiais para Concursos\u201d, Editora Juspodivm. Autor do livro \u201cDesapropria\u00e7\u00e3o \u2013 Vol. 39 \u2013 Cole\u00e7\u00e3o Especiais para Concursos\u201d, Editora Juspodivm. Coautor do livro \u201cSaberes Jurisprudenciais\u201d, Editora Saraiva. Coorganizador do livro \u201cCPC na Jurisprud\u00eancia\\\", Editora Foco. Especialista em Direito P\u00fablico e Direito Processual Civil. Mestre em Direito Constitucional. Professor da P\u00f3s-gradua\u00e7\u00e3o em Direito Civil da Rede Anhaguera-Kroton. M\u00e1ster Universit\u00e1rio em Direito Constitucional pela Universidad Del Pa\u00eds Vasco, San Sebasti\u00e1n, Espanha. Advogado licenciado. Analista Judici\u00e1rio do TJRN. Assessor de Desembargador do TJRN.\",\"sameAs\":[\"https:\/\/www.editorajuspodivm.com.br\/autores\/detalhe\/85\",\"https:\/\/www.instagram.com\/rodrigocrleite\/\",\"https:\/\/x.com\/rodrigocrleite\"],\"url\":\"https:\/\/meusitejuridico.com.br\/author\/rodrigoleiterodrigoleite\/\"}]}<\/script>\n<!-- \/ Yoast SEO plugin. -->","yoast_head_json":{"title":"Resumo - Informativo 1.069 do STF, de 30 de setembro de 2022 - Meu site jur\u00eddico","robots":{"index":"index","follow":"follow","max-snippet":"max-snippet:-1","max-image-preview":"max-image-preview:large","max-video-preview":"max-video-preview:-1"},"canonical":"https:\/\/meusitejuridico.com.br\/2022\/10\/10\/resumo-informativo-1-069-do-stf-de-30-de-setembro-de-2022\/","og_locale":"pt_BR","og_type":"article","og_title":"Resumo - Informativo 1.069 do STF, de 30 de setembro de 2022 - Meu site jur\u00eddico","og_description":"PLEN\u00c1RIO &#8211; A flexibiliza\u00e7\u00e3o, via decreto presidencial, dos crit\u00e9rios e requisitos para a aquisi\u00e7\u00e3o de armas de fogo prejudica a fiscaliza\u00e7\u00e3o do Poder P\u00fablico, al\u00e9m de violar a compet\u00eancia legislativa em sentido estrito para a normatiza\u00e7\u00e3o das hip\u00f3teses legais quanto \u00e0 sua efetiva necessidade \u2013 ADI 6119 MC-Ref\/DF, ADI 6139 Mc-Ref\/DF e ADI 6466 Mc-Ref\/DF, [&hellip;]","og_url":"https:\/\/meusitejuridico.com.br\/2022\/10\/10\/resumo-informativo-1-069-do-stf-de-30-de-setembro-de-2022\/","og_site_name":"Meu site jur\u00eddico","article_published_time":"2022-10-10T09:47:48+00:00","article_modified_time":"2022-10-10T09:47:49+00:00","og_image":[{"width":1000,"height":667,"url":"https:\/\/meusitejuridico.com.br\/s.meusitejuridico\/2017\/12\/2379c840-shutterstock-243776203.jpg","type":"image\/jpeg"}],"author":"Rodrigo Leite","twitter_card":"summary_large_image","twitter_creator":"@rodrigocrleite","twitter_misc":{"Escrito por":"Rodrigo Leite","Est. tempo de leitura":"2 minutos"},"schema":{"@context":"https:\/\/schema.org","@graph":[{"@type":"Article","@id":"https:\/\/meusitejuridico.com.br\/2022\/10\/10\/resumo-informativo-1-069-do-stf-de-30-de-setembro-de-2022\/#article","isPartOf":{"@id":"https:\/\/meusitejuridico.com.br\/2022\/10\/10\/resumo-informativo-1-069-do-stf-de-30-de-setembro-de-2022\/"},"author":{"name":"Rodrigo Leite","@id":"https:\/\/meusitejuridico.editorajuspodivm.com.br\/#\/schema\/person\/ae56313f17950dccef13d0989efd6d50"},"headline":"Resumo &#8211; Informativo 1.069 do STF, de 30 de setembro de 2022","datePublished":"2022-10-10T09:47:48+00:00","dateModified":"2022-10-10T09:47:49+00:00","mainEntityOfPage":{"@id":"https:\/\/meusitejuridico.com.br\/2022\/10\/10\/resumo-informativo-1-069-do-stf-de-30-de-setembro-de-2022\/"},"wordCount":418,"commentCount":0,"publisher":{"@id":"https:\/\/meusitejuridico.editorajuspodivm.com.br\/#organization"},"image":{"@id":"https:\/\/meusitejuridico.com.br\/2022\/10\/10\/resumo-informativo-1-069-do-stf-de-30-de-setembro-de-2022\/#primaryimage"},"thumbnailUrl":"https:\/\/meusitejuridico.com.br\/s.meusitejuridico\/2017\/12\/2379c840-shutterstock-243776203.jpg","articleSection":["Informativos"],"inLanguage":"pt-BR","potentialAction":[{"@type":"CommentAction","name":"Comment","target":["https:\/\/meusitejuridico.com.br\/2022\/10\/10\/resumo-informativo-1-069-do-stf-de-30-de-setembro-de-2022\/#respond"]}]},{"@type":"WebPage","@id":"https:\/\/meusitejuridico.com.br\/2022\/10\/10\/resumo-informativo-1-069-do-stf-de-30-de-setembro-de-2022\/","url":"https:\/\/meusitejuridico.com.br\/2022\/10\/10\/resumo-informativo-1-069-do-stf-de-30-de-setembro-de-2022\/","name":"Resumo - Informativo 1.069 do STF, de 30 de setembro de 2022 - Meu site jur\u00eddico","isPartOf":{"@id":"https:\/\/meusitejuridico.editorajuspodivm.com.br\/#website"},"primaryImageOfPage":{"@id":"https:\/\/meusitejuridico.com.br\/2022\/10\/10\/resumo-informativo-1-069-do-stf-de-30-de-setembro-de-2022\/#primaryimage"},"image":{"@id":"https:\/\/meusitejuridico.com.br\/2022\/10\/10\/resumo-informativo-1-069-do-stf-de-30-de-setembro-de-2022\/#primaryimage"},"thumbnailUrl":"https:\/\/meusitejuridico.com.br\/s.meusitejuridico\/2017\/12\/2379c840-shutterstock-243776203.jpg","datePublished":"2022-10-10T09:47:48+00:00","dateModified":"2022-10-10T09:47:49+00:00","breadcrumb":{"@id":"https:\/\/meusitejuridico.com.br\/2022\/10\/10\/resumo-informativo-1-069-do-stf-de-30-de-setembro-de-2022\/#breadcrumb"},"inLanguage":"pt-BR","potentialAction":[{"@type":"ReadAction","target":["https:\/\/meusitejuridico.com.br\/2022\/10\/10\/resumo-informativo-1-069-do-stf-de-30-de-setembro-de-2022\/"]}]},{"@type":"ImageObject","inLanguage":"pt-BR","@id":"https:\/\/meusitejuridico.com.br\/2022\/10\/10\/resumo-informativo-1-069-do-stf-de-30-de-setembro-de-2022\/#primaryimage","url":"https:\/\/meusitejuridico.com.br\/s.meusitejuridico\/2017\/12\/2379c840-shutterstock-243776203.jpg","contentUrl":"https:\/\/meusitejuridico.com.br\/s.meusitejuridico\/2017\/12\/2379c840-shutterstock-243776203.jpg","width":1000,"height":667},{"@type":"BreadcrumbList","@id":"https:\/\/meusitejuridico.com.br\/2022\/10\/10\/resumo-informativo-1-069-do-stf-de-30-de-setembro-de-2022\/#breadcrumb","itemListElement":[{"@type":"ListItem","position":1,"name":"In\u00edcio","item":"https:\/\/meusitejuridico.editorajuspodivm.com.br\/"},{"@type":"ListItem","position":2,"name":"Resumo &#8211; Informativo 1.069 do STF, de 30 de setembro de 2022"}]},{"@type":"WebSite","@id":"https:\/\/meusitejuridico.editorajuspodivm.com.br\/#website","url":"https:\/\/meusitejuridico.editorajuspodivm.com.br\/","name":"Meu site jur\u00eddico","description":"Meu site jur\u00eddico","publisher":{"@id":"https:\/\/meusitejuridico.editorajuspodivm.com.br\/#organization"},"potentialAction":[{"@type":"SearchAction","target":{"@type":"EntryPoint","urlTemplate":"https:\/\/meusitejuridico.editorajuspodivm.com.br\/?s={search_term_string}"},"query-input":{"@type":"PropertyValueSpecification","valueRequired":true,"valueName":"search_term_string"}}],"inLanguage":"pt-BR"},{"@type":"Organization","@id":"https:\/\/meusitejuridico.editorajuspodivm.com.br\/#organization","name":"Meu site jur\u00eddico","url":"https:\/\/meusitejuridico.editorajuspodivm.com.br\/","logo":{"@type":"ImageObject","inLanguage":"pt-BR","@id":"https:\/\/meusitejuridico.editorajuspodivm.com.br\/#\/schema\/logo\/image\/","url":"https:\/\/meusitejuridico.com.br\/s.meusitejuridico\/2022\/03\/cropped-baeec2a3-msj-02-01-01.png","contentUrl":"https:\/\/meusitejuridico.com.br\/s.meusitejuridico\/2022\/03\/cropped-baeec2a3-msj-02-01-01.png","width":349,"height":243,"caption":"Meu site jur\u00eddico"},"image":{"@id":"https:\/\/meusitejuridico.editorajuspodivm.com.br\/#\/schema\/logo\/image\/"}},{"@type":"Person","@id":"https:\/\/meusitejuridico.editorajuspodivm.com.br\/#\/schema\/person\/ae56313f17950dccef13d0989efd6d50","name":"Rodrigo Leite","image":{"@type":"ImageObject","inLanguage":"pt-BR","@id":"https:\/\/meusitejuridico.editorajuspodivm.com.br\/#\/schema\/person\/image\/","url":"https:\/\/meusitejuridico.com.br\/s.meusitejuridico\/2021\/05\/8455192b-foto-site-rodrigo-leite-150x150.jpeg","contentUrl":"https:\/\/meusitejuridico.com.br\/s.meusitejuridico\/2021\/05\/8455192b-foto-site-rodrigo-leite-150x150.jpeg","caption":"Rodrigo Leite"},"description":"Coautor do livro \u201cAn\u00e1lise das Diverg\u00eancias Jurisprudenciais no STF e STJ\u201d, Editora Juspodivm. Autor do livro \u201cTombamento \u2013 Vol. 36 \u2013 Cole\u00e7\u00e3o Leis Especiais para Concursos\u201d, Editora Juspodivm. Autor do livro \u201cDesapropria\u00e7\u00e3o \u2013 Vol. 39 \u2013 Cole\u00e7\u00e3o Especiais para Concursos\u201d, Editora Juspodivm. Coautor do livro \u201cSaberes Jurisprudenciais\u201d, Editora Saraiva. Coorganizador do livro \u201cCPC na Jurisprud\u00eancia\", Editora Foco. Especialista em Direito P\u00fablico e Direito Processual Civil. Mestre em Direito Constitucional. Professor da P\u00f3s-gradua\u00e7\u00e3o em Direito Civil da Rede Anhaguera-Kroton. M\u00e1ster Universit\u00e1rio em Direito Constitucional pela Universidad Del Pa\u00eds Vasco, San Sebasti\u00e1n, Espanha. Advogado licenciado. Analista Judici\u00e1rio do TJRN. Assessor de Desembargador do TJRN.","sameAs":["https:\/\/www.editorajuspodivm.com.br\/autores\/detalhe\/85","https:\/\/www.instagram.com\/rodrigocrleite\/","https:\/\/x.com\/rodrigocrleite"],"url":"https:\/\/meusitejuridico.com.br\/author\/rodrigoleiterodrigoleite\/"}]}},"_links":{"self":[{"href":"https:\/\/meusitejuridico.com.br\/api\/wp\/v2\/posts\/17074","targetHints":{"allow":["GET"]}}],"collection":[{"href":"https:\/\/meusitejuridico.com.br\/api\/wp\/v2\/posts"}],"about":[{"href":"https:\/\/meusitejuridico.com.br\/api\/wp\/v2\/types\/post"}],"author":[{"embeddable":true,"href":"https:\/\/meusitejuridico.com.br\/api\/wp\/v2\/users\/131"}],"replies":[{"embeddable":true,"href":"https:\/\/meusitejuridico.com.br\/api\/wp\/v2\/comments?post=17074"}],"version-history":[{"count":1,"href":"https:\/\/meusitejuridico.com.br\/api\/wp\/v2\/posts\/17074\/revisions"}],"predecessor-version":[{"id":17075,"href":"https:\/\/meusitejuridico.com.br\/api\/wp\/v2\/posts\/17074\/revisions\/17075"}],"wp:featuredmedia":[{"embeddable":true,"href":"https:\/\/meusitejuridico.com.br\/api\/wp\/v2\/media\/4037"}],"wp:attachment":[{"href":"https:\/\/meusitejuridico.com.br\/api\/wp\/v2\/media?parent=17074"}],"wp:term":[{"taxonomy":"category","embeddable":true,"href":"https:\/\/meusitejuridico.com.br\/api\/wp\/v2\/categories?post=17074"},{"taxonomy":"post_tag","embeddable":true,"href":"https:\/\/meusitejuridico.com.br\/api\/wp\/v2\/tags?post=17074"}],"curies":[{"name":"wp","href":"https:\/\/api.w.org\/{rel}","templated":true}]}}