{"id":17570,"date":"2023-04-17T17:18:24","date_gmt":"2023-04-17T20:18:24","guid":{"rendered":"https:\/\/meusitejuridico.editorajuspodivm.com.br\/?p=17570"},"modified":"2023-04-17T17:18:25","modified_gmt":"2023-04-17T20:18:25","slug":"comissao-formada-delegado-e-area-de-apoio-pc-sp-3-500-vagas","status":"publish","type":"post","link":"https:\/\/meusitejuridico.com.br\/2023\/04\/17\/comissao-formada-delegado-e-area-de-apoio-pc-sp-3-500-vagas\/","title":{"rendered":"Comiss\u00e3o Formada: Delegado e \u00c1rea de Apoio &#8211; PC\/SP (3.500 vagas)"},"content":{"rendered":"\n<p>Novidades para os concurseiros que almejam a carreira policial! <\/p>\n\n\n\n<p>A <strong>Comiss\u00e3o Examinadora<\/strong> para o concurso da <strong>Pol\u00edcia Civil do Estado de S\u00e3o Paulo <\/strong>est\u00e1 <strong>formada<\/strong>.<\/p>\n\n\n\n<p>O certame\u00a0ofertar\u00e1\u00a0<strong>3.500 vagas, <\/strong>divididas entre os cargos de <strong>Delegado de Pol\u00edcia e \u00c1reas de Apoio<\/strong>. Todas exigir\u00e3o do candidato n\u00edvel superior: <\/p>\n\n\n\n<p>\u2022 Delegado de pol\u00edcia: 552 vagas<\/p>\n\n\n\n<p>\u2022 Escriv\u00e3o de pol\u00edcia: 1.333 vagas<\/p>\n\n\n\n<p>\u2022 Investigador de pol\u00edcia: 1.250 vagas<\/p>\n\n\n\n<p>\u2022 Perito criminal: 249 vagas<\/p>\n\n\n\n<p>\u2022 M\u00e9dico-Legista: 116 vagas<\/p>\n\n\n\n<p>Em breve mais informa\u00e7\u00f5es sobre este concurso.\u00a0<\/p>\n\n\n\n<figure class=\"wp-block-table is-style-stripes\"><table><tbody><tr><td><strong>PC\/SP<\/strong><\/td><\/tr><tr><td><strong>Vagas: <\/strong>3.500<\/td><\/tr><tr><td><strong>Sal\u00e1rio:<\/strong> Em defini\u00e7\u00e3o<\/td><\/tr><tr><td><strong>Banca: <\/strong>Em defini\u00e7\u00e3o<\/td><\/tr><tr><td><strong>Status:<\/strong> Comiss\u00e3o Formada&nbsp;<\/td><\/tr><\/tbody><\/table><\/figure>\n","protected":false},"excerpt":{"rendered":"<p>Novidades para os concurseiros que almejam a carreira policial! A Comiss\u00e3o Examinadora para o concurso da Pol\u00edcia Civil do Estado de S\u00e3o Paulo est\u00e1 formada. O certame\u00a0ofertar\u00e1\u00a03.500 vagas, divididas entre os cargos de Delegado de Pol\u00edcia e \u00c1reas de Apoio. Todas exigir\u00e3o do candidato n\u00edvel superior: \u2022 Delegado de pol\u00edcia: 552 vagas \u2022 Escriv\u00e3o de [&hellip;]<\/p>\n","protected":false},"author":7,"featured_media":15725,"comment_status":"open","ping_status":"open","sticky":false,"template":"","format":"standard","meta":{"_acf_changed":false,"footnotes":""},"categories":[3848,3846],"tags":[],"class_list":["post-17570","post","type-post","status-publish","format-standard","has-post-thumbnail","hentry","category-carreiras-policiais","category-informacao-concursos"],"acf":[],"yoast_head":"<!-- This site is optimized with the Yoast SEO plugin v24.8.1 - https:\/\/yoast.com\/wordpress\/plugins\/seo\/ -->\n<title>Comiss\u00e3o Formada: Delegado e \u00c1rea de Apoio - PC\/SP (3.500 vagas) - Meu site jur\u00eddico<\/title>\n<meta name=\"description\" content=\"A Comiss\u00e3o Examinadora para o concurso da Pol\u00edcia Civil do Estado de S\u00e3o Paulo est\u00e1 formada.\" \/>\n<meta name=\"robots\" content=\"index, follow, max-snippet:-1, max-image-preview:large, max-video-preview:-1\" \/>\n<link rel=\"canonical\" href=\"https:\/\/meusitejuridico.com.br\/2023\/04\/17\/comissao-formada-delegado-e-area-de-apoio-pc-sp-3-500-vagas\/\" \/>\n<meta property=\"og:locale\" content=\"pt_BR\" \/>\n<meta property=\"og:type\" content=\"article\" \/>\n<meta property=\"og:title\" content=\"Comiss\u00e3o Formada: Delegado e \u00c1rea de Apoio - PC\/SP (3.500 vagas) - Meu site jur\u00eddico\" \/>\n<meta property=\"og:description\" content=\"A Comiss\u00e3o Examinadora para o concurso da Pol\u00edcia Civil do Estado de S\u00e3o Paulo est\u00e1 formada.\" \/>\n<meta property=\"og:url\" content=\"https:\/\/meusitejuridico.com.br\/2023\/04\/17\/comissao-formada-delegado-e-area-de-apoio-pc-sp-3-500-vagas\/\" \/>\n<meta property=\"og:site_name\" content=\"Meu site jur\u00eddico\" \/>\n<meta property=\"article:published_time\" content=\"2023-04-17T20:18:24+00:00\" \/>\n<meta property=\"article:modified_time\" content=\"2023-04-17T20:18:25+00:00\" \/>\n<meta property=\"og:image\" content=\"https:\/\/meusitejuridico.com.br\/s.meusitejuridico\/2022\/05\/f1afe965-policia-azul.png\" \/>\n\t<meta property=\"og:image:width\" content=\"4167\" \/>\n\t<meta property=\"og:image:height\" content=\"2780\" \/>\n\t<meta property=\"og:image:type\" content=\"image\/png\" \/>\n<meta name=\"author\" content=\"Equipe Meu Site Jur\u00eddico\" \/>\n<meta name=\"twitter:card\" content=\"summary_large_image\" \/>\n<meta name=\"twitter:label1\" content=\"Escrito por\" \/>\n\t<meta name=\"twitter:data1\" content=\"Equipe Meu Site Jur\u00eddico\" \/>\n\t<meta name=\"twitter:label2\" content=\"Est. tempo de leitura\" \/>\n\t<meta name=\"twitter:data2\" content=\"1 minuto\" \/>\n<script type=\"application\/ld+json\" class=\"yoast-schema-graph\">{\"@context\":\"https:\/\/schema.org\",\"@graph\":[{\"@type\":\"Article\",\"@id\":\"https:\/\/meusitejuridico.com.br\/2023\/04\/17\/comissao-formada-delegado-e-area-de-apoio-pc-sp-3-500-vagas\/#article\",\"isPartOf\":{\"@id\":\"https:\/\/meusitejuridico.com.br\/2023\/04\/17\/comissao-formada-delegado-e-area-de-apoio-pc-sp-3-500-vagas\/\"},\"author\":{\"name\":\"Equipe Meu Site Jur\u00eddico\",\"@id\":\"https:\/\/cdn.meusitejuridico.com.br\/#\/schema\/person\/5c2237ac0c8ff03bcf1a09fe3e45dfce\"},\"headline\":\"Comiss\u00e3o Formada: Delegado e \u00c1rea de Apoio &#8211; PC\/SP (3.500 vagas)\",\"datePublished\":\"2023-04-17T20:18:24+00:00\",\"dateModified\":\"2023-04-17T20:18:25+00:00\",\"mainEntityOfPage\":{\"@id\":\"https:\/\/meusitejuridico.com.br\/2023\/04\/17\/comissao-formada-delegado-e-area-de-apoio-pc-sp-3-500-vagas\/\"},\"wordCount\":112,\"commentCount\":0,\"publisher\":{\"@id\":\"https:\/\/cdn.meusitejuridico.com.br\/#organization\"},\"image\":{\"@id\":\"https:\/\/meusitejuridico.com.br\/2023\/04\/17\/comissao-formada-delegado-e-area-de-apoio-pc-sp-3-500-vagas\/#primaryimage\"},\"thumbnailUrl\":\"https:\/\/meusitejuridico.com.br\/s.meusitejuridico\/2022\/05\/f1afe965-policia-azul.png\",\"articleSection\":[\"Carreiras Policiais\",\"Informa\u00e7\u00f5es de Concursos\"],\"inLanguage\":\"pt-BR\",\"potentialAction\":[{\"@type\":\"CommentAction\",\"name\":\"Comment\",\"target\":[\"https:\/\/meusitejuridico.com.br\/2023\/04\/17\/comissao-formada-delegado-e-area-de-apoio-pc-sp-3-500-vagas\/#respond\"]}]},{\"@type\":\"WebPage\",\"@id\":\"https:\/\/meusitejuridico.com.br\/2023\/04\/17\/comissao-formada-delegado-e-area-de-apoio-pc-sp-3-500-vagas\/\",\"url\":\"https:\/\/meusitejuridico.com.br\/2023\/04\/17\/comissao-formada-delegado-e-area-de-apoio-pc-sp-3-500-vagas\/\",\"name\":\"Comiss\u00e3o Formada: Delegado e \u00c1rea de Apoio - PC\/SP (3.500 vagas) - Meu site jur\u00eddico\",\"isPartOf\":{\"@id\":\"https:\/\/cdn.meusitejuridico.com.br\/#website\"},\"primaryImageOfPage\":{\"@id\":\"https:\/\/meusitejuridico.com.br\/2023\/04\/17\/comissao-formada-delegado-e-area-de-apoio-pc-sp-3-500-vagas\/#primaryimage\"},\"image\":{\"@id\":\"https:\/\/meusitejuridico.com.br\/2023\/04\/17\/comissao-formada-delegado-e-area-de-apoio-pc-sp-3-500-vagas\/#primaryimage\"},\"thumbnailUrl\":\"https:\/\/meusitejuridico.com.br\/s.meusitejuridico\/2022\/05\/f1afe965-policia-azul.png\",\"datePublished\":\"2023-04-17T20:18:24+00:00\",\"dateModified\":\"2023-04-17T20:18:25+00:00\",\"description\":\"A Comiss\u00e3o Examinadora para o concurso da Pol\u00edcia Civil do Estado de S\u00e3o Paulo est\u00e1 formada.\",\"breadcrumb\":{\"@id\":\"https:\/\/meusitejuridico.com.br\/2023\/04\/17\/comissao-formada-delegado-e-area-de-apoio-pc-sp-3-500-vagas\/#breadcrumb\"},\"inLanguage\":\"pt-BR\",\"potentialAction\":[{\"@type\":\"ReadAction\",\"target\":[\"https:\/\/meusitejuridico.com.br\/2023\/04\/17\/comissao-formada-delegado-e-area-de-apoio-pc-sp-3-500-vagas\/\"]}]},{\"@type\":\"ImageObject\",\"inLanguage\":\"pt-BR\",\"@id\":\"https:\/\/meusitejuridico.com.br\/2023\/04\/17\/comissao-formada-delegado-e-area-de-apoio-pc-sp-3-500-vagas\/#primaryimage\",\"url\":\"https:\/\/meusitejuridico.com.br\/s.meusitejuridico\/2022\/05\/f1afe965-policia-azul.png\",\"contentUrl\":\"https:\/\/meusitejuridico.com.br\/s.meusitejuridico\/2022\/05\/f1afe965-policia-azul.png\",\"width\":4167,\"height\":2780},{\"@type\":\"BreadcrumbList\",\"@id\":\"https:\/\/meusitejuridico.com.br\/2023\/04\/17\/comissao-formada-delegado-e-area-de-apoio-pc-sp-3-500-vagas\/#breadcrumb\",\"itemListElement\":[{\"@type\":\"ListItem\",\"position\":1,\"name\":\"In\u00edcio\",\"item\":\"https:\/\/cdn.meusitejuridico.com.br\/\"},{\"@type\":\"ListItem\",\"position\":2,\"name\":\"Comiss\u00e3o Formada: Delegado e \u00c1rea de Apoio &#8211; PC\/SP (3.500 vagas)\"}]},{\"@type\":\"WebSite\",\"@id\":\"https:\/\/cdn.meusitejuridico.com.br\/#website\",\"url\":\"https:\/\/cdn.meusitejuridico.com.br\/\",\"name\":\"Meu site jur\u00eddico\",\"description\":\"Meu site jur\u00eddico\",\"publisher\":{\"@id\":\"https:\/\/cdn.meusitejuridico.com.br\/#organization\"},\"potentialAction\":[{\"@type\":\"SearchAction\",\"target\":{\"@type\":\"EntryPoint\",\"urlTemplate\":\"https:\/\/cdn.meusitejuridico.com.br\/?s={search_term_string}\"},\"query-input\":{\"@type\":\"PropertyValueSpecification\",\"valueRequired\":true,\"valueName\":\"search_term_string\"}}],\"inLanguage\":\"pt-BR\"},{\"@type\":\"Organization\",\"@id\":\"https:\/\/cdn.meusitejuridico.com.br\/#organization\",\"name\":\"Meu site jur\u00eddico\",\"url\":\"https:\/\/cdn.meusitejuridico.com.br\/\",\"logo\":{\"@type\":\"ImageObject\",\"inLanguage\":\"pt-BR\",\"@id\":\"https:\/\/cdn.meusitejuridico.com.br\/#\/schema\/logo\/image\/\",\"url\":\"https:\/\/meusitejuridico.com.br\/s.meusitejuridico\/2022\/03\/cropped-baeec2a3-msj-02-01-01.png\",\"contentUrl\":\"https:\/\/meusitejuridico.com.br\/s.meusitejuridico\/2022\/03\/cropped-baeec2a3-msj-02-01-01.png\",\"width\":349,\"height\":243,\"caption\":\"Meu site jur\u00eddico\"},\"image\":{\"@id\":\"https:\/\/cdn.meusitejuridico.com.br\/#\/schema\/logo\/image\/\"}},{\"@type\":\"Person\",\"@id\":\"https:\/\/cdn.meusitejuridico.com.br\/#\/schema\/person\/5c2237ac0c8ff03bcf1a09fe3e45dfce\",\"name\":\"Equipe Meu Site Jur\u00eddico\",\"image\":{\"@type\":\"ImageObject\",\"inLanguage\":\"pt-BR\",\"@id\":\"https:\/\/cdn.meusitejuridico.com.br\/#\/schema\/person\/image\/\",\"url\":\"https:\/\/meusitejuridico.com.br\/s.meusitejuridico\/2020\/07\/6be289aa-logo-msj.png\",\"contentUrl\":\"https:\/\/meusitejuridico.com.br\/s.meusitejuridico\/2020\/07\/6be289aa-logo-msj.png\",\"caption\":\"Equipe Meu Site Jur\u00eddico\"},\"description\":\"Contem conosco!\",\"url\":\"https:\/\/meusitejuridico.com.br\/author\/equipe-meu-site-juridico\/\"}]}<\/script>\n<!-- \/ Yoast SEO plugin. -->","yoast_head_json":{"title":"Comiss\u00e3o Formada: Delegado e \u00c1rea de Apoio - PC\/SP (3.500 vagas) - Meu site jur\u00eddico","description":"A Comiss\u00e3o Examinadora para o concurso da Pol\u00edcia Civil do Estado de S\u00e3o Paulo est\u00e1 formada.","robots":{"index":"index","follow":"follow","max-snippet":"max-snippet:-1","max-image-preview":"max-image-preview:large","max-video-preview":"max-video-preview:-1"},"canonical":"https:\/\/meusitejuridico.com.br\/2023\/04\/17\/comissao-formada-delegado-e-area-de-apoio-pc-sp-3-500-vagas\/","og_locale":"pt_BR","og_type":"article","og_title":"Comiss\u00e3o Formada: Delegado e \u00c1rea de Apoio - PC\/SP (3.500 vagas) - Meu site jur\u00eddico","og_description":"A Comiss\u00e3o Examinadora para o concurso da Pol\u00edcia Civil do Estado de S\u00e3o Paulo est\u00e1 formada.","og_url":"https:\/\/meusitejuridico.com.br\/2023\/04\/17\/comissao-formada-delegado-e-area-de-apoio-pc-sp-3-500-vagas\/","og_site_name":"Meu site jur\u00eddico","article_published_time":"2023-04-17T20:18:24+00:00","article_modified_time":"2023-04-17T20:18:25+00:00","og_image":[{"width":4167,"height":2780,"url":"https:\/\/meusitejuridico.com.br\/s.meusitejuridico\/2022\/05\/f1afe965-policia-azul.png","type":"image\/png"}],"author":"Equipe Meu Site Jur\u00eddico","twitter_card":"summary_large_image","twitter_misc":{"Escrito por":"Equipe Meu Site Jur\u00eddico","Est. tempo de leitura":"1 minuto"},"schema":{"@context":"https:\/\/schema.org","@graph":[{"@type":"Article","@id":"https:\/\/meusitejuridico.com.br\/2023\/04\/17\/comissao-formada-delegado-e-area-de-apoio-pc-sp-3-500-vagas\/#article","isPartOf":{"@id":"https:\/\/meusitejuridico.com.br\/2023\/04\/17\/comissao-formada-delegado-e-area-de-apoio-pc-sp-3-500-vagas\/"},"author":{"name":"Equipe Meu Site Jur\u00eddico","@id":"https:\/\/cdn.meusitejuridico.com.br\/#\/schema\/person\/5c2237ac0c8ff03bcf1a09fe3e45dfce"},"headline":"Comiss\u00e3o Formada: Delegado e \u00c1rea de Apoio &#8211; PC\/SP (3.500 vagas)","datePublished":"2023-04-17T20:18:24+00:00","dateModified":"2023-04-17T20:18:25+00:00","mainEntityOfPage":{"@id":"https:\/\/meusitejuridico.com.br\/2023\/04\/17\/comissao-formada-delegado-e-area-de-apoio-pc-sp-3-500-vagas\/"},"wordCount":112,"commentCount":0,"publisher":{"@id":"https:\/\/cdn.meusitejuridico.com.br\/#organization"},"image":{"@id":"https:\/\/meusitejuridico.com.br\/2023\/04\/17\/comissao-formada-delegado-e-area-de-apoio-pc-sp-3-500-vagas\/#primaryimage"},"thumbnailUrl":"https:\/\/meusitejuridico.com.br\/s.meusitejuridico\/2022\/05\/f1afe965-policia-azul.png","articleSection":["Carreiras Policiais","Informa\u00e7\u00f5es de Concursos"],"inLanguage":"pt-BR","potentialAction":[{"@type":"CommentAction","name":"Comment","target":["https:\/\/meusitejuridico.com.br\/2023\/04\/17\/comissao-formada-delegado-e-area-de-apoio-pc-sp-3-500-vagas\/#respond"]}]},{"@type":"WebPage","@id":"https:\/\/meusitejuridico.com.br\/2023\/04\/17\/comissao-formada-delegado-e-area-de-apoio-pc-sp-3-500-vagas\/","url":"https:\/\/meusitejuridico.com.br\/2023\/04\/17\/comissao-formada-delegado-e-area-de-apoio-pc-sp-3-500-vagas\/","name":"Comiss\u00e3o Formada: Delegado e \u00c1rea de Apoio - PC\/SP (3.500 vagas) - Meu site jur\u00eddico","isPartOf":{"@id":"https:\/\/cdn.meusitejuridico.com.br\/#website"},"primaryImageOfPage":{"@id":"https:\/\/meusitejuridico.com.br\/2023\/04\/17\/comissao-formada-delegado-e-area-de-apoio-pc-sp-3-500-vagas\/#primaryimage"},"image":{"@id":"https:\/\/meusitejuridico.com.br\/2023\/04\/17\/comissao-formada-delegado-e-area-de-apoio-pc-sp-3-500-vagas\/#primaryimage"},"thumbnailUrl":"https:\/\/meusitejuridico.com.br\/s.meusitejuridico\/2022\/05\/f1afe965-policia-azul.png","datePublished":"2023-04-17T20:18:24+00:00","dateModified":"2023-04-17T20:18:25+00:00","description":"A Comiss\u00e3o Examinadora para o concurso da Pol\u00edcia Civil do Estado de S\u00e3o Paulo est\u00e1 formada.","breadcrumb":{"@id":"https:\/\/meusitejuridico.com.br\/2023\/04\/17\/comissao-formada-delegado-e-area-de-apoio-pc-sp-3-500-vagas\/#breadcrumb"},"inLanguage":"pt-BR","potentialAction":[{"@type":"ReadAction","target":["https:\/\/meusitejuridico.com.br\/2023\/04\/17\/comissao-formada-delegado-e-area-de-apoio-pc-sp-3-500-vagas\/"]}]},{"@type":"ImageObject","inLanguage":"pt-BR","@id":"https:\/\/meusitejuridico.com.br\/2023\/04\/17\/comissao-formada-delegado-e-area-de-apoio-pc-sp-3-500-vagas\/#primaryimage","url":"https:\/\/meusitejuridico.com.br\/s.meusitejuridico\/2022\/05\/f1afe965-policia-azul.png","contentUrl":"https:\/\/meusitejuridico.com.br\/s.meusitejuridico\/2022\/05\/f1afe965-policia-azul.png","width":4167,"height":2780},{"@type":"BreadcrumbList","@id":"https:\/\/meusitejuridico.com.br\/2023\/04\/17\/comissao-formada-delegado-e-area-de-apoio-pc-sp-3-500-vagas\/#breadcrumb","itemListElement":[{"@type":"ListItem","position":1,"name":"In\u00edcio","item":"https:\/\/cdn.meusitejuridico.com.br\/"},{"@type":"ListItem","position":2,"name":"Comiss\u00e3o Formada: Delegado e \u00c1rea de Apoio &#8211; PC\/SP (3.500 vagas)"}]},{"@type":"WebSite","@id":"https:\/\/cdn.meusitejuridico.com.br\/#website","url":"https:\/\/cdn.meusitejuridico.com.br\/","name":"Meu site jur\u00eddico","description":"Meu site jur\u00eddico","publisher":{"@id":"https:\/\/cdn.meusitejuridico.com.br\/#organization"},"potentialAction":[{"@type":"SearchAction","target":{"@type":"EntryPoint","urlTemplate":"https:\/\/cdn.meusitejuridico.com.br\/?s={search_term_string}"},"query-input":{"@type":"PropertyValueSpecification","valueRequired":true,"valueName":"search_term_string"}}],"inLanguage":"pt-BR"},{"@type":"Organization","@id":"https:\/\/cdn.meusitejuridico.com.br\/#organization","name":"Meu site jur\u00eddico","url":"https:\/\/cdn.meusitejuridico.com.br\/","logo":{"@type":"ImageObject","inLanguage":"pt-BR","@id":"https:\/\/cdn.meusitejuridico.com.br\/#\/schema\/logo\/image\/","url":"https:\/\/meusitejuridico.com.br\/s.meusitejuridico\/2022\/03\/cropped-baeec2a3-msj-02-01-01.png","contentUrl":"https:\/\/meusitejuridico.com.br\/s.meusitejuridico\/2022\/03\/cropped-baeec2a3-msj-02-01-01.png","width":349,"height":243,"caption":"Meu site jur\u00eddico"},"image":{"@id":"https:\/\/cdn.meusitejuridico.com.br\/#\/schema\/logo\/image\/"}},{"@type":"Person","@id":"https:\/\/cdn.meusitejuridico.com.br\/#\/schema\/person\/5c2237ac0c8ff03bcf1a09fe3e45dfce","name":"Equipe Meu Site Jur\u00eddico","image":{"@type":"ImageObject","inLanguage":"pt-BR","@id":"https:\/\/cdn.meusitejuridico.com.br\/#\/schema\/person\/image\/","url":"https:\/\/meusitejuridico.com.br\/s.meusitejuridico\/2020\/07\/6be289aa-logo-msj.png","contentUrl":"https:\/\/meusitejuridico.com.br\/s.meusitejuridico\/2020\/07\/6be289aa-logo-msj.png","caption":"Equipe Meu Site Jur\u00eddico"},"description":"Contem conosco!","url":"https:\/\/meusitejuridico.com.br\/author\/equipe-meu-site-juridico\/"}]}},"_links":{"self":[{"href":"https:\/\/meusitejuridico.com.br\/api\/wp\/v2\/posts\/17570","targetHints":{"allow":["GET"]}}],"collection":[{"href":"https:\/\/meusitejuridico.com.br\/api\/wp\/v2\/posts"}],"about":[{"href":"https:\/\/meusitejuridico.com.br\/api\/wp\/v2\/types\/post"}],"author":[{"embeddable":true,"href":"https:\/\/meusitejuridico.com.br\/api\/wp\/v2\/users\/7"}],"replies":[{"embeddable":true,"href":"https:\/\/meusitejuridico.com.br\/api\/wp\/v2\/comments?post=17570"}],"version-history":[{"count":2,"href":"https:\/\/meusitejuridico.com.br\/api\/wp\/v2\/posts\/17570\/revisions"}],"predecessor-version":[{"id":18696,"href":"https:\/\/meusitejuridico.com.br\/api\/wp\/v2\/posts\/17570\/revisions\/18696"}],"wp:featuredmedia":[{"embeddable":true,"href":"https:\/\/meusitejuridico.com.br\/api\/wp\/v2\/media\/15725"}],"wp:attachment":[{"href":"https:\/\/meusitejuridico.com.br\/api\/wp\/v2\/media?parent=17570"}],"wp:term":[{"taxonomy":"category","embeddable":true,"href":"https:\/\/meusitejuridico.com.br\/api\/wp\/v2\/categories?post=17570"},{"taxonomy":"post_tag","embeddable":true,"href":"https:\/\/meusitejuridico.com.br\/api\/wp\/v2\/tags?post=17570"}],"curies":[{"name":"wp","href":"https:\/\/api.w.org\/{rel}","templated":true}]}}