{"id":17666,"date":"2023-05-02T11:25:28","date_gmt":"2023-05-02T14:25:28","guid":{"rendered":"https:\/\/meusitejuridico.editorajuspodivm.com.br\/?p=17666"},"modified":"2023-05-02T11:29:12","modified_gmt":"2023-05-02T14:29:12","slug":"concurso-autorizado-funai","status":"publish","type":"post","link":"https:\/\/meusitejuridico.com.br\/2023\/05\/02\/concurso-autorizado-funai\/","title":{"rendered":"Concurso Autorizado: Funda\u00e7\u00e3o Nacional dos Povos Ind\u00edgenas &#8211; FUNAI"},"content":{"rendered":"\n<p>Nesta ter\u00e7a-feira, 02\/05\/2023, foi&nbsp;oficializada no Di\u00e1rio Oficial da Uni\u00e3o a autoriza\u00e7\u00e3o para a realiza\u00e7\u00e3o de <strong>concurso para preenchimento de vagas na Funda\u00e7\u00e3o Nacional dos Povos Ind\u00edgenas &#8211; FUNAI.<\/strong><\/p>\n\n\n\n<p>A expectativa \u00e9 que a nova sele\u00e7\u00e3o ofere\u00e7a<strong> 502 vagas<\/strong>, distribu\u00eddas entre os cargos de Agente em Indigenismo (onde se exige n\u00edvel m\u00e9dio) e Indigenista Especializado (103 vagas) Administrador (26 vagas), Antrop\u00f3logo (19 vagas), Assistente Social (21 vagas), Engenheiro Agr\u00f4nomo (31 vagas), dentre outras especialidades onde o n\u00edvel superior \u00e9 exigido dos candidatos:<\/p>\n\n\n\n<ul class=\"wp-block-list\"><li>Administrador \u2013 26 vagas;<\/li><li>Antrop\u00f3logo \u2013 19 vagas;<\/li><li>Arquiteto \u2013 01 vaga;<\/li><li>Arquivista \u2013 01 vaga;<\/li><li>Assistente Social \u2013 21 vagas;<\/li><li>Bibliotec\u00e1rio \u2013 06 vagas;<\/li><li>Contador \u2013 12 vagas;<\/li><li>Economista \u2013 24 vagas;<\/li><li>Engenheiro \u2013 20 vagas;<\/li><li>Engenheiro Agr\u00f4nomo \u2013 31 vagas;<\/li><li>Engenheiro Florestal \u2013 02 vagas;<\/li><li>Estat\u00edstico \u2013 01 vagas;<\/li><li>Ge\u00f3grafo- 04 vagas;<\/li><li>Indigenista Especializado \u2013 152 vagas;<\/li><li>Psic\u00f3logo- 06 vagas;<\/li><li>Soci\u00f3logo \u2013 12 vagas;<\/li><li>T\u00e9cnico em Assuntos Educacionais \u2013 02 vagas;<\/li><li>T\u00e9cnico em Comunica\u00e7\u00e3o Social \u2013 10 vagas;<\/li><\/ul>\n\n\n\n<p>Abaixo, a autoriza\u00e7\u00e3o publicada no Di\u00e1rio Oficial da Uni\u00e3o:<\/p>\n\n\n\n<div data-wp-interactive=\"core\/file\" class=\"wp-block-file\"><object data-wp-bind--hidden=\"!state.hasPdfPreview\" hidden class=\"wp-block-file__embed\" data=\"https:\/\/meusitejuridico.editorajuspodivm.com.br\/s.meusitejuridico\/2023\/05\/d68156e6-autorizacao-funai.pdf\" type=\"application\/pdf\" style=\"width:100%;height:600px\" aria-label=\"Incorporado de Incorporado de Autoriza\u00e7\u00e3o - FUNAI..\"><\/object><a href=\"https:\/\/meusitejuridico.editorajuspodivm.com.br\/s.meusitejuridico\/2023\/05\/d68156e6-autorizacao-funai.pdf\">Autoriza\u00e7\u00e3o &#8211; FUNAI<\/a><a href=\"https:\/\/meusitejuridico.editorajuspodivm.com.br\/s.meusitejuridico\/2023\/05\/d68156e6-autorizacao-funai.pdf\" class=\"wp-block-file__button\" download>Baixar<\/a><\/div>\n\n\n\n<p>Em breve, mais informa\u00e7\u00f5es sobre o concurso.&nbsp;<\/p>\n\n\n\n<p><strong>Informa\u00e7\u00f5es do concurso:&nbsp;<\/strong><\/p>\n\n\n\n<figure class=\"wp-block-table is-style-stripes\"><table><tbody><tr><td><strong>FUNAI<\/strong><\/td><\/tr><tr><td><strong>Cargo:<\/strong> Diversos Cargos<\/td><\/tr><tr><td><strong>Vagas: <\/strong>502<\/td><\/tr><tr><td><strong>Banca:<\/strong> A definir&nbsp;<\/td><\/tr><\/tbody><\/table><\/figure>\n\n\n\n<p><\/p>\n","protected":false},"excerpt":{"rendered":"<p>Nesta ter\u00e7a-feira, 02\/05\/2023, foi&nbsp;oficializada no Di\u00e1rio Oficial da Uni\u00e3o a autoriza\u00e7\u00e3o para a realiza\u00e7\u00e3o de concurso para preenchimento de vagas na Funda\u00e7\u00e3o Nacional dos Povos Ind\u00edgenas &#8211; FUNAI. A expectativa \u00e9 que a nova sele\u00e7\u00e3o ofere\u00e7a 502 vagas, distribu\u00eddas entre os cargos de Agente em Indigenismo (onde se exige n\u00edvel m\u00e9dio) e Indigenista Especializado (103 [&hellip;]<\/p>\n","protected":false},"author":7,"featured_media":15711,"comment_status":"open","ping_status":"open","sticky":false,"template":"","format":"standard","meta":{"_acf_changed":false,"footnotes":""},"categories":[3846],"tags":[],"class_list":["post-17666","post","type-post","status-publish","format-standard","has-post-thumbnail","hentry","category-informacao-concursos"],"acf":[],"yoast_head":"<!-- This site is optimized with the Yoast SEO plugin v24.8.1 - https:\/\/yoast.com\/wordpress\/plugins\/seo\/ -->\n<title>Concurso Autorizado: Funda\u00e7\u00e3o Nacional dos Povos Ind\u00edgenas - FUNAI - Meu site jur\u00eddico<\/title>\n<meta name=\"description\" content=\"Nesta ter\u00e7a-feira, 02\/05\/2023, foi\u00a0oficializada no Di\u00e1rio Oficial da Uni\u00e3o a autoriza\u00e7\u00e3o para o concurso da Funda\u00e7\u00e3o Nacional dos Povos Ind\u00edgenas - FUNAI.\" \/>\n<meta name=\"robots\" content=\"index, follow, max-snippet:-1, max-image-preview:large, max-video-preview:-1\" \/>\n<link rel=\"canonical\" href=\"https:\/\/meusitejuridico.editorajuspodivm.com.br\/2023\/05\/02\/concurso-autorizado-funai\/\" \/>\n<meta property=\"og:locale\" content=\"pt_BR\" \/>\n<meta property=\"og:type\" content=\"article\" \/>\n<meta property=\"og:title\" content=\"Concurso Autorizado: Funda\u00e7\u00e3o Nacional dos Povos Ind\u00edgenas - FUNAI - Meu site jur\u00eddico\" \/>\n<meta property=\"og:description\" content=\"Nesta ter\u00e7a-feira, 02\/05\/2023, foi\u00a0oficializada no Di\u00e1rio Oficial da Uni\u00e3o a autoriza\u00e7\u00e3o para o concurso da Funda\u00e7\u00e3o Nacional dos Povos Ind\u00edgenas - FUNAI.\" \/>\n<meta property=\"og:url\" content=\"https:\/\/meusitejuridico.editorajuspodivm.com.br\/2023\/05\/02\/concurso-autorizado-funai\/\" \/>\n<meta property=\"og:site_name\" content=\"Meu site jur\u00eddico\" \/>\n<meta property=\"article:published_time\" content=\"2023-05-02T14:25:28+00:00\" \/>\n<meta property=\"article:modified_time\" content=\"2023-05-02T14:29:12+00:00\" \/>\n<meta property=\"og:image\" content=\"https:\/\/meusitejuridico.editorajuspodivm.com.br\/s.meusitejuridico\/2022\/05\/6c3b727c-at-vermelho.png\" \/>\n\t<meta property=\"og:image:width\" content=\"1000\" \/>\n\t<meta property=\"og:image:height\" content=\"667\" \/>\n\t<meta property=\"og:image:type\" content=\"image\/png\" \/>\n<meta name=\"author\" content=\"Equipe Meu Site Jur\u00eddico\" \/>\n<meta name=\"twitter:card\" content=\"summary_large_image\" \/>\n<meta name=\"twitter:label1\" content=\"Escrito por\" \/>\n\t<meta name=\"twitter:data1\" content=\"Equipe Meu Site Jur\u00eddico\" \/>\n\t<meta name=\"twitter:label2\" content=\"Est. tempo de leitura\" \/>\n\t<meta name=\"twitter:data2\" content=\"1 minuto\" \/>\n<script type=\"application\/ld+json\" class=\"yoast-schema-graph\">{\"@context\":\"https:\/\/schema.org\",\"@graph\":[{\"@type\":\"Article\",\"@id\":\"https:\/\/meusitejuridico.editorajuspodivm.com.br\/2023\/05\/02\/concurso-autorizado-funai\/#article\",\"isPartOf\":{\"@id\":\"https:\/\/meusitejuridico.editorajuspodivm.com.br\/2023\/05\/02\/concurso-autorizado-funai\/\"},\"author\":{\"name\":\"Equipe Meu Site Jur\u00eddico\",\"@id\":\"https:\/\/cdn.meusitejuridico.com.br\/#\/schema\/person\/5c2237ac0c8ff03bcf1a09fe3e45dfce\"},\"headline\":\"Concurso Autorizado: Funda\u00e7\u00e3o Nacional dos Povos Ind\u00edgenas &#8211; FUNAI\",\"datePublished\":\"2023-05-02T14:25:28+00:00\",\"dateModified\":\"2023-05-02T14:29:12+00:00\",\"mainEntityOfPage\":{\"@id\":\"https:\/\/meusitejuridico.editorajuspodivm.com.br\/2023\/05\/02\/concurso-autorizado-funai\/\"},\"wordCount\":196,\"commentCount\":0,\"publisher\":{\"@id\":\"https:\/\/cdn.meusitejuridico.com.br\/#organization\"},\"image\":{\"@id\":\"https:\/\/meusitejuridico.editorajuspodivm.com.br\/2023\/05\/02\/concurso-autorizado-funai\/#primaryimage\"},\"thumbnailUrl\":\"https:\/\/meusitejuridico.com.br\/s.meusitejuridico\/2022\/05\/6c3b727c-at-vermelho.png\",\"articleSection\":[\"Informa\u00e7\u00f5es de Concursos\"],\"inLanguage\":\"pt-BR\",\"potentialAction\":[{\"@type\":\"CommentAction\",\"name\":\"Comment\",\"target\":[\"https:\/\/meusitejuridico.editorajuspodivm.com.br\/2023\/05\/02\/concurso-autorizado-funai\/#respond\"]}]},{\"@type\":\"WebPage\",\"@id\":\"https:\/\/meusitejuridico.editorajuspodivm.com.br\/2023\/05\/02\/concurso-autorizado-funai\/\",\"url\":\"https:\/\/meusitejuridico.editorajuspodivm.com.br\/2023\/05\/02\/concurso-autorizado-funai\/\",\"name\":\"Concurso Autorizado: Funda\u00e7\u00e3o Nacional dos Povos Ind\u00edgenas - FUNAI - Meu site jur\u00eddico\",\"isPartOf\":{\"@id\":\"https:\/\/cdn.meusitejuridico.com.br\/#website\"},\"primaryImageOfPage\":{\"@id\":\"https:\/\/meusitejuridico.editorajuspodivm.com.br\/2023\/05\/02\/concurso-autorizado-funai\/#primaryimage\"},\"image\":{\"@id\":\"https:\/\/meusitejuridico.editorajuspodivm.com.br\/2023\/05\/02\/concurso-autorizado-funai\/#primaryimage\"},\"thumbnailUrl\":\"https:\/\/meusitejuridico.com.br\/s.meusitejuridico\/2022\/05\/6c3b727c-at-vermelho.png\",\"datePublished\":\"2023-05-02T14:25:28+00:00\",\"dateModified\":\"2023-05-02T14:29:12+00:00\",\"description\":\"Nesta ter\u00e7a-feira, 02\/05\/2023, foi\u00a0oficializada no Di\u00e1rio Oficial da Uni\u00e3o a autoriza\u00e7\u00e3o para o concurso da Funda\u00e7\u00e3o Nacional dos Povos Ind\u00edgenas - FUNAI.\",\"breadcrumb\":{\"@id\":\"https:\/\/meusitejuridico.editorajuspodivm.com.br\/2023\/05\/02\/concurso-autorizado-funai\/#breadcrumb\"},\"inLanguage\":\"pt-BR\",\"potentialAction\":[{\"@type\":\"ReadAction\",\"target\":[\"https:\/\/meusitejuridico.editorajuspodivm.com.br\/2023\/05\/02\/concurso-autorizado-funai\/\"]}]},{\"@type\":\"ImageObject\",\"inLanguage\":\"pt-BR\",\"@id\":\"https:\/\/meusitejuridico.editorajuspodivm.com.br\/2023\/05\/02\/concurso-autorizado-funai\/#primaryimage\",\"url\":\"https:\/\/meusitejuridico.com.br\/s.meusitejuridico\/2022\/05\/6c3b727c-at-vermelho.png\",\"contentUrl\":\"https:\/\/meusitejuridico.com.br\/s.meusitejuridico\/2022\/05\/6c3b727c-at-vermelho.png\",\"width\":1000,\"height\":667},{\"@type\":\"BreadcrumbList\",\"@id\":\"https:\/\/meusitejuridico.editorajuspodivm.com.br\/2023\/05\/02\/concurso-autorizado-funai\/#breadcrumb\",\"itemListElement\":[{\"@type\":\"ListItem\",\"position\":1,\"name\":\"In\u00edcio\",\"item\":\"https:\/\/cdn.meusitejuridico.com.br\/\"},{\"@type\":\"ListItem\",\"position\":2,\"name\":\"Concurso Autorizado: Funda\u00e7\u00e3o Nacional dos Povos Ind\u00edgenas &#8211; FUNAI\"}]},{\"@type\":\"WebSite\",\"@id\":\"https:\/\/cdn.meusitejuridico.com.br\/#website\",\"url\":\"https:\/\/cdn.meusitejuridico.com.br\/\",\"name\":\"Meu site jur\u00eddico\",\"description\":\"Meu site jur\u00eddico\",\"publisher\":{\"@id\":\"https:\/\/cdn.meusitejuridico.com.br\/#organization\"},\"potentialAction\":[{\"@type\":\"SearchAction\",\"target\":{\"@type\":\"EntryPoint\",\"urlTemplate\":\"https:\/\/cdn.meusitejuridico.com.br\/?s={search_term_string}\"},\"query-input\":{\"@type\":\"PropertyValueSpecification\",\"valueRequired\":true,\"valueName\":\"search_term_string\"}}],\"inLanguage\":\"pt-BR\"},{\"@type\":\"Organization\",\"@id\":\"https:\/\/cdn.meusitejuridico.com.br\/#organization\",\"name\":\"Meu site jur\u00eddico\",\"url\":\"https:\/\/cdn.meusitejuridico.com.br\/\",\"logo\":{\"@type\":\"ImageObject\",\"inLanguage\":\"pt-BR\",\"@id\":\"https:\/\/cdn.meusitejuridico.com.br\/#\/schema\/logo\/image\/\",\"url\":\"https:\/\/meusitejuridico.com.br\/s.meusitejuridico\/2022\/03\/cropped-baeec2a3-msj-02-01-01.png\",\"contentUrl\":\"https:\/\/meusitejuridico.com.br\/s.meusitejuridico\/2022\/03\/cropped-baeec2a3-msj-02-01-01.png\",\"width\":349,\"height\":243,\"caption\":\"Meu site jur\u00eddico\"},\"image\":{\"@id\":\"https:\/\/cdn.meusitejuridico.com.br\/#\/schema\/logo\/image\/\"}},{\"@type\":\"Person\",\"@id\":\"https:\/\/cdn.meusitejuridico.com.br\/#\/schema\/person\/5c2237ac0c8ff03bcf1a09fe3e45dfce\",\"name\":\"Equipe Meu Site Jur\u00eddico\",\"image\":{\"@type\":\"ImageObject\",\"inLanguage\":\"pt-BR\",\"@id\":\"https:\/\/cdn.meusitejuridico.com.br\/#\/schema\/person\/image\/\",\"url\":\"https:\/\/meusitejuridico.com.br\/s.meusitejuridico\/2020\/07\/6be289aa-logo-msj.png\",\"contentUrl\":\"https:\/\/meusitejuridico.com.br\/s.meusitejuridico\/2020\/07\/6be289aa-logo-msj.png\",\"caption\":\"Equipe Meu Site Jur\u00eddico\"},\"description\":\"Contem conosco!\",\"url\":\"https:\/\/meusitejuridico.com.br\/author\/equipe-meu-site-juridico\/\"}]}<\/script>\n<!-- \/ Yoast SEO plugin. -->","yoast_head_json":{"title":"Concurso Autorizado: Funda\u00e7\u00e3o Nacional dos Povos Ind\u00edgenas - FUNAI - Meu site jur\u00eddico","description":"Nesta ter\u00e7a-feira, 02\/05\/2023, foi\u00a0oficializada no Di\u00e1rio Oficial da Uni\u00e3o a autoriza\u00e7\u00e3o para o concurso da Funda\u00e7\u00e3o Nacional dos Povos Ind\u00edgenas - FUNAI.","robots":{"index":"index","follow":"follow","max-snippet":"max-snippet:-1","max-image-preview":"max-image-preview:large","max-video-preview":"max-video-preview:-1"},"canonical":"https:\/\/meusitejuridico.editorajuspodivm.com.br\/2023\/05\/02\/concurso-autorizado-funai\/","og_locale":"pt_BR","og_type":"article","og_title":"Concurso Autorizado: Funda\u00e7\u00e3o Nacional dos Povos Ind\u00edgenas - FUNAI - Meu site jur\u00eddico","og_description":"Nesta ter\u00e7a-feira, 02\/05\/2023, foi\u00a0oficializada no Di\u00e1rio Oficial da Uni\u00e3o a autoriza\u00e7\u00e3o para o concurso da Funda\u00e7\u00e3o Nacional dos Povos Ind\u00edgenas - FUNAI.","og_url":"https:\/\/meusitejuridico.editorajuspodivm.com.br\/2023\/05\/02\/concurso-autorizado-funai\/","og_site_name":"Meu site jur\u00eddico","article_published_time":"2023-05-02T14:25:28+00:00","article_modified_time":"2023-05-02T14:29:12+00:00","og_image":[{"width":1000,"height":667,"url":"https:\/\/meusitejuridico.editorajuspodivm.com.br\/s.meusitejuridico\/2022\/05\/6c3b727c-at-vermelho.png","type":"image\/png"}],"author":"Equipe Meu Site Jur\u00eddico","twitter_card":"summary_large_image","twitter_misc":{"Escrito por":"Equipe Meu Site Jur\u00eddico","Est. tempo de leitura":"1 minuto"},"schema":{"@context":"https:\/\/schema.org","@graph":[{"@type":"Article","@id":"https:\/\/meusitejuridico.editorajuspodivm.com.br\/2023\/05\/02\/concurso-autorizado-funai\/#article","isPartOf":{"@id":"https:\/\/meusitejuridico.editorajuspodivm.com.br\/2023\/05\/02\/concurso-autorizado-funai\/"},"author":{"name":"Equipe Meu Site Jur\u00eddico","@id":"https:\/\/cdn.meusitejuridico.com.br\/#\/schema\/person\/5c2237ac0c8ff03bcf1a09fe3e45dfce"},"headline":"Concurso Autorizado: Funda\u00e7\u00e3o Nacional dos Povos Ind\u00edgenas &#8211; FUNAI","datePublished":"2023-05-02T14:25:28+00:00","dateModified":"2023-05-02T14:29:12+00:00","mainEntityOfPage":{"@id":"https:\/\/meusitejuridico.editorajuspodivm.com.br\/2023\/05\/02\/concurso-autorizado-funai\/"},"wordCount":196,"commentCount":0,"publisher":{"@id":"https:\/\/cdn.meusitejuridico.com.br\/#organization"},"image":{"@id":"https:\/\/meusitejuridico.editorajuspodivm.com.br\/2023\/05\/02\/concurso-autorizado-funai\/#primaryimage"},"thumbnailUrl":"https:\/\/meusitejuridico.com.br\/s.meusitejuridico\/2022\/05\/6c3b727c-at-vermelho.png","articleSection":["Informa\u00e7\u00f5es de Concursos"],"inLanguage":"pt-BR","potentialAction":[{"@type":"CommentAction","name":"Comment","target":["https:\/\/meusitejuridico.editorajuspodivm.com.br\/2023\/05\/02\/concurso-autorizado-funai\/#respond"]}]},{"@type":"WebPage","@id":"https:\/\/meusitejuridico.editorajuspodivm.com.br\/2023\/05\/02\/concurso-autorizado-funai\/","url":"https:\/\/meusitejuridico.editorajuspodivm.com.br\/2023\/05\/02\/concurso-autorizado-funai\/","name":"Concurso Autorizado: Funda\u00e7\u00e3o Nacional dos Povos Ind\u00edgenas - FUNAI - Meu site jur\u00eddico","isPartOf":{"@id":"https:\/\/cdn.meusitejuridico.com.br\/#website"},"primaryImageOfPage":{"@id":"https:\/\/meusitejuridico.editorajuspodivm.com.br\/2023\/05\/02\/concurso-autorizado-funai\/#primaryimage"},"image":{"@id":"https:\/\/meusitejuridico.editorajuspodivm.com.br\/2023\/05\/02\/concurso-autorizado-funai\/#primaryimage"},"thumbnailUrl":"https:\/\/meusitejuridico.com.br\/s.meusitejuridico\/2022\/05\/6c3b727c-at-vermelho.png","datePublished":"2023-05-02T14:25:28+00:00","dateModified":"2023-05-02T14:29:12+00:00","description":"Nesta ter\u00e7a-feira, 02\/05\/2023, foi\u00a0oficializada no Di\u00e1rio Oficial da Uni\u00e3o a autoriza\u00e7\u00e3o para o concurso da Funda\u00e7\u00e3o Nacional dos Povos Ind\u00edgenas - FUNAI.","breadcrumb":{"@id":"https:\/\/meusitejuridico.editorajuspodivm.com.br\/2023\/05\/02\/concurso-autorizado-funai\/#breadcrumb"},"inLanguage":"pt-BR","potentialAction":[{"@type":"ReadAction","target":["https:\/\/meusitejuridico.editorajuspodivm.com.br\/2023\/05\/02\/concurso-autorizado-funai\/"]}]},{"@type":"ImageObject","inLanguage":"pt-BR","@id":"https:\/\/meusitejuridico.editorajuspodivm.com.br\/2023\/05\/02\/concurso-autorizado-funai\/#primaryimage","url":"https:\/\/meusitejuridico.com.br\/s.meusitejuridico\/2022\/05\/6c3b727c-at-vermelho.png","contentUrl":"https:\/\/meusitejuridico.com.br\/s.meusitejuridico\/2022\/05\/6c3b727c-at-vermelho.png","width":1000,"height":667},{"@type":"BreadcrumbList","@id":"https:\/\/meusitejuridico.editorajuspodivm.com.br\/2023\/05\/02\/concurso-autorizado-funai\/#breadcrumb","itemListElement":[{"@type":"ListItem","position":1,"name":"In\u00edcio","item":"https:\/\/cdn.meusitejuridico.com.br\/"},{"@type":"ListItem","position":2,"name":"Concurso Autorizado: Funda\u00e7\u00e3o Nacional dos Povos Ind\u00edgenas &#8211; FUNAI"}]},{"@type":"WebSite","@id":"https:\/\/cdn.meusitejuridico.com.br\/#website","url":"https:\/\/cdn.meusitejuridico.com.br\/","name":"Meu site jur\u00eddico","description":"Meu site jur\u00eddico","publisher":{"@id":"https:\/\/cdn.meusitejuridico.com.br\/#organization"},"potentialAction":[{"@type":"SearchAction","target":{"@type":"EntryPoint","urlTemplate":"https:\/\/cdn.meusitejuridico.com.br\/?s={search_term_string}"},"query-input":{"@type":"PropertyValueSpecification","valueRequired":true,"valueName":"search_term_string"}}],"inLanguage":"pt-BR"},{"@type":"Organization","@id":"https:\/\/cdn.meusitejuridico.com.br\/#organization","name":"Meu site jur\u00eddico","url":"https:\/\/cdn.meusitejuridico.com.br\/","logo":{"@type":"ImageObject","inLanguage":"pt-BR","@id":"https:\/\/cdn.meusitejuridico.com.br\/#\/schema\/logo\/image\/","url":"https:\/\/meusitejuridico.com.br\/s.meusitejuridico\/2022\/03\/cropped-baeec2a3-msj-02-01-01.png","contentUrl":"https:\/\/meusitejuridico.com.br\/s.meusitejuridico\/2022\/03\/cropped-baeec2a3-msj-02-01-01.png","width":349,"height":243,"caption":"Meu site jur\u00eddico"},"image":{"@id":"https:\/\/cdn.meusitejuridico.com.br\/#\/schema\/logo\/image\/"}},{"@type":"Person","@id":"https:\/\/cdn.meusitejuridico.com.br\/#\/schema\/person\/5c2237ac0c8ff03bcf1a09fe3e45dfce","name":"Equipe Meu Site Jur\u00eddico","image":{"@type":"ImageObject","inLanguage":"pt-BR","@id":"https:\/\/cdn.meusitejuridico.com.br\/#\/schema\/person\/image\/","url":"https:\/\/meusitejuridico.com.br\/s.meusitejuridico\/2020\/07\/6be289aa-logo-msj.png","contentUrl":"https:\/\/meusitejuridico.com.br\/s.meusitejuridico\/2020\/07\/6be289aa-logo-msj.png","caption":"Equipe Meu Site Jur\u00eddico"},"description":"Contem conosco!","url":"https:\/\/meusitejuridico.com.br\/author\/equipe-meu-site-juridico\/"}]}},"_links":{"self":[{"href":"https:\/\/meusitejuridico.com.br\/api\/wp\/v2\/posts\/17666","targetHints":{"allow":["GET"]}}],"collection":[{"href":"https:\/\/meusitejuridico.com.br\/api\/wp\/v2\/posts"}],"about":[{"href":"https:\/\/meusitejuridico.com.br\/api\/wp\/v2\/types\/post"}],"author":[{"embeddable":true,"href":"https:\/\/meusitejuridico.com.br\/api\/wp\/v2\/users\/7"}],"replies":[{"embeddable":true,"href":"https:\/\/meusitejuridico.com.br\/api\/wp\/v2\/comments?post=17666"}],"version-history":[{"count":4,"href":"https:\/\/meusitejuridico.com.br\/api\/wp\/v2\/posts\/17666\/revisions"}],"predecessor-version":[{"id":17673,"href":"https:\/\/meusitejuridico.com.br\/api\/wp\/v2\/posts\/17666\/revisions\/17673"}],"wp:featuredmedia":[{"embeddable":true,"href":"https:\/\/meusitejuridico.com.br\/api\/wp\/v2\/media\/15711"}],"wp:attachment":[{"href":"https:\/\/meusitejuridico.com.br\/api\/wp\/v2\/media?parent=17666"}],"wp:term":[{"taxonomy":"category","embeddable":true,"href":"https:\/\/meusitejuridico.com.br\/api\/wp\/v2\/categories?post=17666"},{"taxonomy":"post_tag","embeddable":true,"href":"https:\/\/meusitejuridico.com.br\/api\/wp\/v2\/tags?post=17666"}],"curies":[{"name":"wp","href":"https:\/\/api.w.org\/{rel}","templated":true}]}}