{"id":17764,"date":"2023-05-12T09:45:22","date_gmt":"2023-05-12T12:45:22","guid":{"rendered":"https:\/\/meusitejuridico.editorajuspodivm.com.br\/?p=17764"},"modified":"2023-05-16T11:11:05","modified_gmt":"2023-05-16T14:11:05","slug":"inscricoes-prorrogadas-delegado-pc-al","status":"publish","type":"post","link":"https:\/\/meusitejuridico.com.br\/2023\/05\/12\/inscricoes-prorrogadas-delegado-pc-al\/","title":{"rendered":"Inscri\u00e7\u00f5es Prorrogadas: Delegado &#8211; PC\/AL"},"content":{"rendered":"\n<p>Aten\u00e7\u00e3o, concurseiros! Em recente comunicado, a CEBRASPE prorrogou at\u00e9 \u00e0s 18 horas do dia de hoje, 12\/05\/2023, o per\u00edodo de recebimento de inscri\u00e7\u00f5es para aqueles que desejam concorrer a uma das vagas de Delegado da Pol\u00edcia Civil de Alagoas.<\/p>\n\n\n\n<p>Os interessados dever\u00e3o acessar o&nbsp;<a href=\"https:\/\/www.cebraspe.org.br\/concursos\/pc_al_22_delegado\">site oficial do concurso,<\/a> preencher os dados necess\u00e1rios e realizar o pagamento da taxa de inscri\u00e7\u00e3o no valor de R$400,00 at\u00e9 26\/06\/2023.<\/p>\n\n\n\n<p>O \u00f3rg\u00e3o oferta 40 vagas (e mais 40 em cadastro reserva), e oferece a remunera\u00e7\u00e3o de R$20.665,50<\/p>\n\n\n\n<p>A<a href=\"https:\/\/www.editorajuspodivm.com.br\/delegado-pcal-2023\"> Editora JusPodivm preparou uma sele\u00e7\u00e3o de livros especial para esse concurso!<\/a><\/p>\n\n\n\n<p><\/p>\n\n\n\n<div data-wp-interactive=\"core\/file\" class=\"wp-block-file\"><object data-wp-bind--hidden=\"!state.hasPdfPreview\" hidden class=\"wp-block-file__embed\" data=\"https:\/\/meusitejuridico.editorajuspodivm.com.br\/s.meusitejuridico\/2023\/05\/cf6a7677-concurso-pc-al-delegado-inscricoes-prorrogadas.pdf\" type=\"application\/pdf\" style=\"width:100%;height:600px\" aria-label=\"Incorporado de Incorporado de PC\/AL - Prorroga\u00e7\u00e3o de Inscri\u00e7\u00f5es..\"><\/object><a href=\"https:\/\/meusitejuridico.editorajuspodivm.com.br\/s.meusitejuridico\/2023\/05\/cf6a7677-concurso-pc-al-delegado-inscricoes-prorrogadas.pdf\">PC\/AL &#8211; Prorroga\u00e7\u00e3o de Inscri\u00e7\u00f5es<\/a><a href=\"https:\/\/meusitejuridico.editorajuspodivm.com.br\/s.meusitejuridico\/2023\/05\/cf6a7677-concurso-pc-al-delegado-inscricoes-prorrogadas.pdf\" class=\"wp-block-file__button\" download>Baixar<\/a><\/div>\n\n\n\n<figure class=\"wp-block-table is-style-stripes\"><table><tbody><tr><td><strong>PC\/AL<\/strong><\/td><\/tr><tr><td><strong>Vagas:<\/strong>&nbsp;40 + CR<\/td><\/tr><tr><td><strong>Sal\u00e1rio inicial:&nbsp;<\/strong> R$20.665,50 <\/td><\/tr><tr><td><strong>Data da prova:\u00a0<\/strong>Em defini\u00e7\u00e3o<\/td><\/tr><tr><td><strong>Banca:<\/strong>&nbsp;CEBRASPE<\/td><\/tr><\/tbody><\/table><\/figure>\n","protected":false},"excerpt":{"rendered":"<p>Aten\u00e7\u00e3o, concurseiros! Em recente comunicado, a CEBRASPE prorrogou at\u00e9 \u00e0s 18 horas do dia de hoje, 12\/05\/2023, o per\u00edodo de recebimento de inscri\u00e7\u00f5es para aqueles que desejam concorrer a uma das vagas de Delegado da Pol\u00edcia Civil de Alagoas. Os interessados dever\u00e3o acessar o&nbsp;site oficial do concurso, preencher os dados necess\u00e1rios e realizar o pagamento [&hellip;]<\/p>\n","protected":false},"author":7,"featured_media":15724,"comment_status":"open","ping_status":"open","sticky":false,"template":"","format":"standard","meta":{"_acf_changed":false,"footnotes":""},"categories":[3848,3846],"tags":[],"class_list":["post-17764","post","type-post","status-publish","format-standard","has-post-thumbnail","hentry","category-carreiras-policiais","category-informacao-concursos"],"acf":[],"yoast_head":"<!-- This site is optimized with the Yoast SEO plugin v24.8.1 - https:\/\/yoast.com\/wordpress\/plugins\/seo\/ -->\n<title>Inscri\u00e7\u00f5es Prorrogadas: Delegado - PC\/AL - Meu site jur\u00eddico<\/title>\n<meta name=\"description\" content=\"A CEBRASPE prorrogou at\u00e9 \u00e0s 18 horas do dia de hoje o per\u00edodo de recebimento de inscri\u00e7\u00f5es para aqueles que desejam concorrer a uma das vagas de Delegado da PC\/AL\" \/>\n<meta name=\"robots\" content=\"index, follow, max-snippet:-1, max-image-preview:large, max-video-preview:-1\" \/>\n<link rel=\"canonical\" href=\"https:\/\/meusitejuridico.com.br\/2023\/05\/12\/inscricoes-prorrogadas-delegado-pc-al\/\" \/>\n<meta property=\"og:locale\" content=\"pt_BR\" \/>\n<meta property=\"og:type\" content=\"article\" \/>\n<meta property=\"og:title\" content=\"Inscri\u00e7\u00f5es Prorrogadas: Delegado - PC\/AL - Meu site jur\u00eddico\" \/>\n<meta property=\"og:description\" content=\"A CEBRASPE prorrogou at\u00e9 \u00e0s 18 horas do dia de hoje o per\u00edodo de recebimento de inscri\u00e7\u00f5es para aqueles que desejam concorrer a uma das vagas de Delegado da PC\/AL\" \/>\n<meta property=\"og:url\" content=\"https:\/\/meusitejuridico.com.br\/2023\/05\/12\/inscricoes-prorrogadas-delegado-pc-al\/\" \/>\n<meta property=\"og:site_name\" content=\"Meu site jur\u00eddico\" \/>\n<meta property=\"article:published_time\" content=\"2023-05-12T12:45:22+00:00\" \/>\n<meta property=\"article:modified_time\" content=\"2023-05-16T14:11:05+00:00\" \/>\n<meta property=\"og:image\" content=\"https:\/\/meusitejuridico.com.br\/s.meusitejuridico\/2022\/05\/d65fdd27-policia-vermelho.png\" \/>\n\t<meta property=\"og:image:width\" content=\"4167\" \/>\n\t<meta property=\"og:image:height\" content=\"2780\" \/>\n\t<meta property=\"og:image:type\" content=\"image\/png\" \/>\n<meta name=\"author\" content=\"Equipe Meu Site Jur\u00eddico\" \/>\n<meta name=\"twitter:card\" content=\"summary_large_image\" \/>\n<meta name=\"twitter:label1\" content=\"Escrito por\" \/>\n\t<meta name=\"twitter:data1\" content=\"Equipe Meu Site Jur\u00eddico\" \/>\n\t<meta name=\"twitter:label2\" content=\"Est. tempo de leitura\" \/>\n\t<meta name=\"twitter:data2\" content=\"1 minuto\" \/>\n<script type=\"application\/ld+json\" class=\"yoast-schema-graph\">{\"@context\":\"https:\/\/schema.org\",\"@graph\":[{\"@type\":\"Article\",\"@id\":\"https:\/\/meusitejuridico.com.br\/2023\/05\/12\/inscricoes-prorrogadas-delegado-pc-al\/#article\",\"isPartOf\":{\"@id\":\"https:\/\/meusitejuridico.com.br\/2023\/05\/12\/inscricoes-prorrogadas-delegado-pc-al\/\"},\"author\":{\"name\":\"Equipe Meu Site Jur\u00eddico\",\"@id\":\"https:\/\/cdn.meusitejuridico.com.br\/#\/schema\/person\/5c2237ac0c8ff03bcf1a09fe3e45dfce\"},\"headline\":\"Inscri\u00e7\u00f5es Prorrogadas: Delegado &#8211; PC\/AL\",\"datePublished\":\"2023-05-12T12:45:22+00:00\",\"dateModified\":\"2023-05-16T14:11:05+00:00\",\"mainEntityOfPage\":{\"@id\":\"https:\/\/meusitejuridico.com.br\/2023\/05\/12\/inscricoes-prorrogadas-delegado-pc-al\/\"},\"wordCount\":136,\"commentCount\":0,\"publisher\":{\"@id\":\"https:\/\/cdn.meusitejuridico.com.br\/#organization\"},\"image\":{\"@id\":\"https:\/\/meusitejuridico.com.br\/2023\/05\/12\/inscricoes-prorrogadas-delegado-pc-al\/#primaryimage\"},\"thumbnailUrl\":\"https:\/\/meusitejuridico.com.br\/s.meusitejuridico\/2022\/05\/d65fdd27-policia-vermelho.png\",\"articleSection\":[\"Carreiras Policiais\",\"Informa\u00e7\u00f5es de Concursos\"],\"inLanguage\":\"pt-BR\",\"potentialAction\":[{\"@type\":\"CommentAction\",\"name\":\"Comment\",\"target\":[\"https:\/\/meusitejuridico.com.br\/2023\/05\/12\/inscricoes-prorrogadas-delegado-pc-al\/#respond\"]}]},{\"@type\":\"WebPage\",\"@id\":\"https:\/\/meusitejuridico.com.br\/2023\/05\/12\/inscricoes-prorrogadas-delegado-pc-al\/\",\"url\":\"https:\/\/meusitejuridico.com.br\/2023\/05\/12\/inscricoes-prorrogadas-delegado-pc-al\/\",\"name\":\"Inscri\u00e7\u00f5es Prorrogadas: Delegado - PC\/AL - Meu site jur\u00eddico\",\"isPartOf\":{\"@id\":\"https:\/\/cdn.meusitejuridico.com.br\/#website\"},\"primaryImageOfPage\":{\"@id\":\"https:\/\/meusitejuridico.com.br\/2023\/05\/12\/inscricoes-prorrogadas-delegado-pc-al\/#primaryimage\"},\"image\":{\"@id\":\"https:\/\/meusitejuridico.com.br\/2023\/05\/12\/inscricoes-prorrogadas-delegado-pc-al\/#primaryimage\"},\"thumbnailUrl\":\"https:\/\/meusitejuridico.com.br\/s.meusitejuridico\/2022\/05\/d65fdd27-policia-vermelho.png\",\"datePublished\":\"2023-05-12T12:45:22+00:00\",\"dateModified\":\"2023-05-16T14:11:05+00:00\",\"description\":\"A CEBRASPE prorrogou at\u00e9 \u00e0s 18 horas do dia de hoje o per\u00edodo de recebimento de inscri\u00e7\u00f5es para aqueles que desejam concorrer a uma das vagas de Delegado da PC\/AL\",\"breadcrumb\":{\"@id\":\"https:\/\/meusitejuridico.com.br\/2023\/05\/12\/inscricoes-prorrogadas-delegado-pc-al\/#breadcrumb\"},\"inLanguage\":\"pt-BR\",\"potentialAction\":[{\"@type\":\"ReadAction\",\"target\":[\"https:\/\/meusitejuridico.com.br\/2023\/05\/12\/inscricoes-prorrogadas-delegado-pc-al\/\"]}]},{\"@type\":\"ImageObject\",\"inLanguage\":\"pt-BR\",\"@id\":\"https:\/\/meusitejuridico.com.br\/2023\/05\/12\/inscricoes-prorrogadas-delegado-pc-al\/#primaryimage\",\"url\":\"https:\/\/meusitejuridico.com.br\/s.meusitejuridico\/2022\/05\/d65fdd27-policia-vermelho.png\",\"contentUrl\":\"https:\/\/meusitejuridico.com.br\/s.meusitejuridico\/2022\/05\/d65fdd27-policia-vermelho.png\",\"width\":4167,\"height\":2780},{\"@type\":\"BreadcrumbList\",\"@id\":\"https:\/\/meusitejuridico.com.br\/2023\/05\/12\/inscricoes-prorrogadas-delegado-pc-al\/#breadcrumb\",\"itemListElement\":[{\"@type\":\"ListItem\",\"position\":1,\"name\":\"In\u00edcio\",\"item\":\"https:\/\/cdn.meusitejuridico.com.br\/\"},{\"@type\":\"ListItem\",\"position\":2,\"name\":\"Inscri\u00e7\u00f5es Prorrogadas: Delegado &#8211; PC\/AL\"}]},{\"@type\":\"WebSite\",\"@id\":\"https:\/\/cdn.meusitejuridico.com.br\/#website\",\"url\":\"https:\/\/cdn.meusitejuridico.com.br\/\",\"name\":\"Meu site jur\u00eddico\",\"description\":\"Meu site jur\u00eddico\",\"publisher\":{\"@id\":\"https:\/\/cdn.meusitejuridico.com.br\/#organization\"},\"potentialAction\":[{\"@type\":\"SearchAction\",\"target\":{\"@type\":\"EntryPoint\",\"urlTemplate\":\"https:\/\/cdn.meusitejuridico.com.br\/?s={search_term_string}\"},\"query-input\":{\"@type\":\"PropertyValueSpecification\",\"valueRequired\":true,\"valueName\":\"search_term_string\"}}],\"inLanguage\":\"pt-BR\"},{\"@type\":\"Organization\",\"@id\":\"https:\/\/cdn.meusitejuridico.com.br\/#organization\",\"name\":\"Meu site jur\u00eddico\",\"url\":\"https:\/\/cdn.meusitejuridico.com.br\/\",\"logo\":{\"@type\":\"ImageObject\",\"inLanguage\":\"pt-BR\",\"@id\":\"https:\/\/cdn.meusitejuridico.com.br\/#\/schema\/logo\/image\/\",\"url\":\"https:\/\/meusitejuridico.com.br\/s.meusitejuridico\/2022\/03\/cropped-baeec2a3-msj-02-01-01.png\",\"contentUrl\":\"https:\/\/meusitejuridico.com.br\/s.meusitejuridico\/2022\/03\/cropped-baeec2a3-msj-02-01-01.png\",\"width\":349,\"height\":243,\"caption\":\"Meu site jur\u00eddico\"},\"image\":{\"@id\":\"https:\/\/cdn.meusitejuridico.com.br\/#\/schema\/logo\/image\/\"}},{\"@type\":\"Person\",\"@id\":\"https:\/\/cdn.meusitejuridico.com.br\/#\/schema\/person\/5c2237ac0c8ff03bcf1a09fe3e45dfce\",\"name\":\"Equipe Meu Site Jur\u00eddico\",\"image\":{\"@type\":\"ImageObject\",\"inLanguage\":\"pt-BR\",\"@id\":\"https:\/\/cdn.meusitejuridico.com.br\/#\/schema\/person\/image\/\",\"url\":\"https:\/\/meusitejuridico.com.br\/s.meusitejuridico\/2020\/07\/6be289aa-logo-msj.png\",\"contentUrl\":\"https:\/\/meusitejuridico.com.br\/s.meusitejuridico\/2020\/07\/6be289aa-logo-msj.png\",\"caption\":\"Equipe Meu Site Jur\u00eddico\"},\"description\":\"Contem conosco!\",\"url\":\"https:\/\/meusitejuridico.com.br\/author\/equipe-meu-site-juridico\/\"}]}<\/script>\n<!-- \/ Yoast SEO plugin. -->","yoast_head_json":{"title":"Inscri\u00e7\u00f5es Prorrogadas: Delegado - PC\/AL - Meu site jur\u00eddico","description":"A CEBRASPE prorrogou at\u00e9 \u00e0s 18 horas do dia de hoje o per\u00edodo de recebimento de inscri\u00e7\u00f5es para aqueles que desejam concorrer a uma das vagas de Delegado da PC\/AL","robots":{"index":"index","follow":"follow","max-snippet":"max-snippet:-1","max-image-preview":"max-image-preview:large","max-video-preview":"max-video-preview:-1"},"canonical":"https:\/\/meusitejuridico.com.br\/2023\/05\/12\/inscricoes-prorrogadas-delegado-pc-al\/","og_locale":"pt_BR","og_type":"article","og_title":"Inscri\u00e7\u00f5es Prorrogadas: Delegado - PC\/AL - Meu site jur\u00eddico","og_description":"A CEBRASPE prorrogou at\u00e9 \u00e0s 18 horas do dia de hoje o per\u00edodo de recebimento de inscri\u00e7\u00f5es para aqueles que desejam concorrer a uma das vagas de Delegado da PC\/AL","og_url":"https:\/\/meusitejuridico.com.br\/2023\/05\/12\/inscricoes-prorrogadas-delegado-pc-al\/","og_site_name":"Meu site jur\u00eddico","article_published_time":"2023-05-12T12:45:22+00:00","article_modified_time":"2023-05-16T14:11:05+00:00","og_image":[{"width":4167,"height":2780,"url":"https:\/\/meusitejuridico.com.br\/s.meusitejuridico\/2022\/05\/d65fdd27-policia-vermelho.png","type":"image\/png"}],"author":"Equipe Meu Site Jur\u00eddico","twitter_card":"summary_large_image","twitter_misc":{"Escrito por":"Equipe Meu Site Jur\u00eddico","Est. tempo de leitura":"1 minuto"},"schema":{"@context":"https:\/\/schema.org","@graph":[{"@type":"Article","@id":"https:\/\/meusitejuridico.com.br\/2023\/05\/12\/inscricoes-prorrogadas-delegado-pc-al\/#article","isPartOf":{"@id":"https:\/\/meusitejuridico.com.br\/2023\/05\/12\/inscricoes-prorrogadas-delegado-pc-al\/"},"author":{"name":"Equipe Meu Site Jur\u00eddico","@id":"https:\/\/cdn.meusitejuridico.com.br\/#\/schema\/person\/5c2237ac0c8ff03bcf1a09fe3e45dfce"},"headline":"Inscri\u00e7\u00f5es Prorrogadas: Delegado &#8211; PC\/AL","datePublished":"2023-05-12T12:45:22+00:00","dateModified":"2023-05-16T14:11:05+00:00","mainEntityOfPage":{"@id":"https:\/\/meusitejuridico.com.br\/2023\/05\/12\/inscricoes-prorrogadas-delegado-pc-al\/"},"wordCount":136,"commentCount":0,"publisher":{"@id":"https:\/\/cdn.meusitejuridico.com.br\/#organization"},"image":{"@id":"https:\/\/meusitejuridico.com.br\/2023\/05\/12\/inscricoes-prorrogadas-delegado-pc-al\/#primaryimage"},"thumbnailUrl":"https:\/\/meusitejuridico.com.br\/s.meusitejuridico\/2022\/05\/d65fdd27-policia-vermelho.png","articleSection":["Carreiras Policiais","Informa\u00e7\u00f5es de Concursos"],"inLanguage":"pt-BR","potentialAction":[{"@type":"CommentAction","name":"Comment","target":["https:\/\/meusitejuridico.com.br\/2023\/05\/12\/inscricoes-prorrogadas-delegado-pc-al\/#respond"]}]},{"@type":"WebPage","@id":"https:\/\/meusitejuridico.com.br\/2023\/05\/12\/inscricoes-prorrogadas-delegado-pc-al\/","url":"https:\/\/meusitejuridico.com.br\/2023\/05\/12\/inscricoes-prorrogadas-delegado-pc-al\/","name":"Inscri\u00e7\u00f5es Prorrogadas: Delegado - PC\/AL - Meu site jur\u00eddico","isPartOf":{"@id":"https:\/\/cdn.meusitejuridico.com.br\/#website"},"primaryImageOfPage":{"@id":"https:\/\/meusitejuridico.com.br\/2023\/05\/12\/inscricoes-prorrogadas-delegado-pc-al\/#primaryimage"},"image":{"@id":"https:\/\/meusitejuridico.com.br\/2023\/05\/12\/inscricoes-prorrogadas-delegado-pc-al\/#primaryimage"},"thumbnailUrl":"https:\/\/meusitejuridico.com.br\/s.meusitejuridico\/2022\/05\/d65fdd27-policia-vermelho.png","datePublished":"2023-05-12T12:45:22+00:00","dateModified":"2023-05-16T14:11:05+00:00","description":"A CEBRASPE prorrogou at\u00e9 \u00e0s 18 horas do dia de hoje o per\u00edodo de recebimento de inscri\u00e7\u00f5es para aqueles que desejam concorrer a uma das vagas de Delegado da PC\/AL","breadcrumb":{"@id":"https:\/\/meusitejuridico.com.br\/2023\/05\/12\/inscricoes-prorrogadas-delegado-pc-al\/#breadcrumb"},"inLanguage":"pt-BR","potentialAction":[{"@type":"ReadAction","target":["https:\/\/meusitejuridico.com.br\/2023\/05\/12\/inscricoes-prorrogadas-delegado-pc-al\/"]}]},{"@type":"ImageObject","inLanguage":"pt-BR","@id":"https:\/\/meusitejuridico.com.br\/2023\/05\/12\/inscricoes-prorrogadas-delegado-pc-al\/#primaryimage","url":"https:\/\/meusitejuridico.com.br\/s.meusitejuridico\/2022\/05\/d65fdd27-policia-vermelho.png","contentUrl":"https:\/\/meusitejuridico.com.br\/s.meusitejuridico\/2022\/05\/d65fdd27-policia-vermelho.png","width":4167,"height":2780},{"@type":"BreadcrumbList","@id":"https:\/\/meusitejuridico.com.br\/2023\/05\/12\/inscricoes-prorrogadas-delegado-pc-al\/#breadcrumb","itemListElement":[{"@type":"ListItem","position":1,"name":"In\u00edcio","item":"https:\/\/cdn.meusitejuridico.com.br\/"},{"@type":"ListItem","position":2,"name":"Inscri\u00e7\u00f5es Prorrogadas: Delegado &#8211; PC\/AL"}]},{"@type":"WebSite","@id":"https:\/\/cdn.meusitejuridico.com.br\/#website","url":"https:\/\/cdn.meusitejuridico.com.br\/","name":"Meu site jur\u00eddico","description":"Meu site jur\u00eddico","publisher":{"@id":"https:\/\/cdn.meusitejuridico.com.br\/#organization"},"potentialAction":[{"@type":"SearchAction","target":{"@type":"EntryPoint","urlTemplate":"https:\/\/cdn.meusitejuridico.com.br\/?s={search_term_string}"},"query-input":{"@type":"PropertyValueSpecification","valueRequired":true,"valueName":"search_term_string"}}],"inLanguage":"pt-BR"},{"@type":"Organization","@id":"https:\/\/cdn.meusitejuridico.com.br\/#organization","name":"Meu site jur\u00eddico","url":"https:\/\/cdn.meusitejuridico.com.br\/","logo":{"@type":"ImageObject","inLanguage":"pt-BR","@id":"https:\/\/cdn.meusitejuridico.com.br\/#\/schema\/logo\/image\/","url":"https:\/\/meusitejuridico.com.br\/s.meusitejuridico\/2022\/03\/cropped-baeec2a3-msj-02-01-01.png","contentUrl":"https:\/\/meusitejuridico.com.br\/s.meusitejuridico\/2022\/03\/cropped-baeec2a3-msj-02-01-01.png","width":349,"height":243,"caption":"Meu site jur\u00eddico"},"image":{"@id":"https:\/\/cdn.meusitejuridico.com.br\/#\/schema\/logo\/image\/"}},{"@type":"Person","@id":"https:\/\/cdn.meusitejuridico.com.br\/#\/schema\/person\/5c2237ac0c8ff03bcf1a09fe3e45dfce","name":"Equipe Meu Site Jur\u00eddico","image":{"@type":"ImageObject","inLanguage":"pt-BR","@id":"https:\/\/cdn.meusitejuridico.com.br\/#\/schema\/person\/image\/","url":"https:\/\/meusitejuridico.com.br\/s.meusitejuridico\/2020\/07\/6be289aa-logo-msj.png","contentUrl":"https:\/\/meusitejuridico.com.br\/s.meusitejuridico\/2020\/07\/6be289aa-logo-msj.png","caption":"Equipe Meu Site Jur\u00eddico"},"description":"Contem conosco!","url":"https:\/\/meusitejuridico.com.br\/author\/equipe-meu-site-juridico\/"}]}},"_links":{"self":[{"href":"https:\/\/meusitejuridico.com.br\/api\/wp\/v2\/posts\/17764","targetHints":{"allow":["GET"]}}],"collection":[{"href":"https:\/\/meusitejuridico.com.br\/api\/wp\/v2\/posts"}],"about":[{"href":"https:\/\/meusitejuridico.com.br\/api\/wp\/v2\/types\/post"}],"author":[{"embeddable":true,"href":"https:\/\/meusitejuridico.com.br\/api\/wp\/v2\/users\/7"}],"replies":[{"embeddable":true,"href":"https:\/\/meusitejuridico.com.br\/api\/wp\/v2\/comments?post=17764"}],"version-history":[{"count":3,"href":"https:\/\/meusitejuridico.com.br\/api\/wp\/v2\/posts\/17764\/revisions"}],"predecessor-version":[{"id":17775,"href":"https:\/\/meusitejuridico.com.br\/api\/wp\/v2\/posts\/17764\/revisions\/17775"}],"wp:featuredmedia":[{"embeddable":true,"href":"https:\/\/meusitejuridico.com.br\/api\/wp\/v2\/media\/15724"}],"wp:attachment":[{"href":"https:\/\/meusitejuridico.com.br\/api\/wp\/v2\/media?parent=17764"}],"wp:term":[{"taxonomy":"category","embeddable":true,"href":"https:\/\/meusitejuridico.com.br\/api\/wp\/v2\/categories?post=17764"},{"taxonomy":"post_tag","embeddable":true,"href":"https:\/\/meusitejuridico.com.br\/api\/wp\/v2\/tags?post=17764"}],"curies":[{"name":"wp","href":"https:\/\/api.w.org\/{rel}","templated":true}]}}