{"id":17807,"date":"2023-05-23T09:47:21","date_gmt":"2023-05-23T12:47:21","guid":{"rendered":"https:\/\/meusitejuridico.editorajuspodivm.com.br\/?p=17807"},"modified":"2023-05-23T09:47:21","modified_gmt":"2023-05-23T12:47:21","slug":"dpe-sp-agente-ultimos-dias-de-inscricoes","status":"publish","type":"post","link":"https:\/\/meusitejuridico.com.br\/2023\/05\/23\/dpe-sp-agente-ultimos-dias-de-inscricoes\/","title":{"rendered":"DPE\/SP &#8211; Agente: \u00daltimos dias de inscri\u00e7\u00f5es!"},"content":{"rendered":"\n<p>Aten\u00e7\u00e3o concurseiros! Restam apenas dois dias para a realiza\u00e7\u00e3o das inscri\u00e7\u00f5es no\u00a0<strong>concurso para o cargo de Agente de Defensoria P\u00fablica da DPE\/SP<\/strong>! <\/p>\n\n\n\n<p>De acordo com o edital da <a href=\"https:\/\/www.vunesp.com.br\/DPSP2202\">VUNESP<\/a>, o recebimento das inscri\u00e7\u00f5es ser\u00e1 encerrado em 24\/05\/2023 e o pagamento da taxa de inscri\u00e7\u00e3o, no valor de R$117,00, dever\u00e1 ser realizado at\u00e9 o dia 25\/05\/2023. <\/p>\n\n\n\n<p>S\u00e3o, ao todo,\u00a0<strong>42 vagas imediatas<\/strong>, em diversas especialidades, com remunera\u00e7\u00e3o inicial de R$ 7.532,39. <\/p>\n\n\n\n<p>A aplica\u00e7\u00e3o das provas objetivas ser\u00e1 em <strong>16\/07\/2023<\/strong>! <\/p>\n\n\n\n<figure class=\"wp-block-table is-style-stripes\"><table><tbody><tr><td><strong>DPE\/SP &#8211; Agente<\/strong><\/td><\/tr><tr><td><strong>Banca: <\/strong>VUNESP<\/td><\/tr><tr><td><strong>Prova objetiva: <\/strong>16\/07\/2023<\/td><\/tr><\/tbody><\/table><\/figure>\n","protected":false},"excerpt":{"rendered":"<p>Aten\u00e7\u00e3o concurseiros! Restam apenas dois dias para a realiza\u00e7\u00e3o das inscri\u00e7\u00f5es no\u00a0concurso para o cargo de Agente de Defensoria P\u00fablica da DPE\/SP! De acordo com o edital da VUNESP, o recebimento das inscri\u00e7\u00f5es ser\u00e1 encerrado em 24\/05\/2023 e o pagamento da taxa de inscri\u00e7\u00e3o, no valor de R$117,00, dever\u00e1 ser realizado at\u00e9 o dia 25\/05\/2023. [&hellip;]<\/p>\n","protected":false},"author":7,"featured_media":15709,"comment_status":"open","ping_status":"open","sticky":false,"template":"","format":"standard","meta":{"_acf_changed":false,"footnotes":""},"categories":[3851,3846],"tags":[],"class_list":["post-17807","post","type-post","status-publish","format-standard","has-post-thumbnail","hentry","category-analista-e-tecnico","category-informacao-concursos"],"acf":[],"yoast_head":"<!-- This site is optimized with the Yoast SEO plugin v24.8.1 - https:\/\/yoast.com\/wordpress\/plugins\/seo\/ -->\n<title>DPE\/SP - Agente: \u00daltimos dias de inscri\u00e7\u00f5es! - Meu site jur\u00eddico<\/title>\n<meta name=\"description\" content=\"Aten\u00e7\u00e3o concurseiros! Restam apenas dois dias para a realiza\u00e7\u00e3o das inscri\u00e7\u00f5es no\u00a0concurso para o cargo de Agente de Defensoria P\u00fablica da DPE\/SP!\" \/>\n<meta name=\"robots\" content=\"index, follow, max-snippet:-1, max-image-preview:large, max-video-preview:-1\" \/>\n<link rel=\"canonical\" href=\"https:\/\/meusitejuridico.editorajuspodivm.com.br\/2023\/05\/23\/dpe-sp-agente-ultimos-dias-de-inscricoes\/\" \/>\n<meta property=\"og:locale\" content=\"pt_BR\" \/>\n<meta property=\"og:type\" content=\"article\" \/>\n<meta property=\"og:title\" content=\"DPE\/SP - Agente: \u00daltimos dias de inscri\u00e7\u00f5es! - Meu site jur\u00eddico\" \/>\n<meta property=\"og:description\" content=\"Aten\u00e7\u00e3o concurseiros! Restam apenas dois dias para a realiza\u00e7\u00e3o das inscri\u00e7\u00f5es no\u00a0concurso para o cargo de Agente de Defensoria P\u00fablica da DPE\/SP!\" \/>\n<meta property=\"og:url\" content=\"https:\/\/meusitejuridico.editorajuspodivm.com.br\/2023\/05\/23\/dpe-sp-agente-ultimos-dias-de-inscricoes\/\" \/>\n<meta property=\"og:site_name\" content=\"Meu site jur\u00eddico\" \/>\n<meta property=\"article:published_time\" content=\"2023-05-23T12:47:21+00:00\" \/>\n<meta property=\"og:image\" content=\"https:\/\/meusitejuridico.editorajuspodivm.com.br\/s.meusitejuridico\/2022\/05\/0c5dc2ff-at-roxo.png\" \/>\n\t<meta property=\"og:image:width\" content=\"1000\" \/>\n\t<meta property=\"og:image:height\" content=\"667\" \/>\n\t<meta property=\"og:image:type\" content=\"image\/png\" \/>\n<meta name=\"author\" content=\"Equipe Meu Site Jur\u00eddico\" \/>\n<meta name=\"twitter:card\" content=\"summary_large_image\" \/>\n<meta name=\"twitter:label1\" content=\"Escrito por\" \/>\n\t<meta name=\"twitter:data1\" content=\"Equipe Meu Site Jur\u00eddico\" \/>\n\t<meta name=\"twitter:label2\" content=\"Est. tempo de leitura\" \/>\n\t<meta name=\"twitter:data2\" content=\"1 minuto\" \/>\n<script type=\"application\/ld+json\" class=\"yoast-schema-graph\">{\"@context\":\"https:\/\/schema.org\",\"@graph\":[{\"@type\":\"Article\",\"@id\":\"https:\/\/meusitejuridico.editorajuspodivm.com.br\/2023\/05\/23\/dpe-sp-agente-ultimos-dias-de-inscricoes\/#article\",\"isPartOf\":{\"@id\":\"https:\/\/meusitejuridico.editorajuspodivm.com.br\/2023\/05\/23\/dpe-sp-agente-ultimos-dias-de-inscricoes\/\"},\"author\":{\"name\":\"Equipe Meu Site Jur\u00eddico\",\"@id\":\"https:\/\/cdn.meusitejuridico.com.br\/#\/schema\/person\/5c2237ac0c8ff03bcf1a09fe3e45dfce\"},\"headline\":\"DPE\/SP &#8211; Agente: \u00daltimos dias de inscri\u00e7\u00f5es!\",\"datePublished\":\"2023-05-23T12:47:21+00:00\",\"mainEntityOfPage\":{\"@id\":\"https:\/\/meusitejuridico.editorajuspodivm.com.br\/2023\/05\/23\/dpe-sp-agente-ultimos-dias-de-inscricoes\/\"},\"wordCount\":101,\"commentCount\":0,\"publisher\":{\"@id\":\"https:\/\/cdn.meusitejuridico.com.br\/#organization\"},\"image\":{\"@id\":\"https:\/\/meusitejuridico.editorajuspodivm.com.br\/2023\/05\/23\/dpe-sp-agente-ultimos-dias-de-inscricoes\/#primaryimage\"},\"thumbnailUrl\":\"https:\/\/meusitejuridico.com.br\/s.meusitejuridico\/2022\/05\/0c5dc2ff-at-roxo.png\",\"articleSection\":[\"Analista e T\u00e9cnico\",\"Informa\u00e7\u00f5es de Concursos\"],\"inLanguage\":\"pt-BR\",\"potentialAction\":[{\"@type\":\"CommentAction\",\"name\":\"Comment\",\"target\":[\"https:\/\/meusitejuridico.editorajuspodivm.com.br\/2023\/05\/23\/dpe-sp-agente-ultimos-dias-de-inscricoes\/#respond\"]}]},{\"@type\":\"WebPage\",\"@id\":\"https:\/\/meusitejuridico.editorajuspodivm.com.br\/2023\/05\/23\/dpe-sp-agente-ultimos-dias-de-inscricoes\/\",\"url\":\"https:\/\/meusitejuridico.editorajuspodivm.com.br\/2023\/05\/23\/dpe-sp-agente-ultimos-dias-de-inscricoes\/\",\"name\":\"DPE\/SP - Agente: \u00daltimos dias de inscri\u00e7\u00f5es! - Meu site jur\u00eddico\",\"isPartOf\":{\"@id\":\"https:\/\/cdn.meusitejuridico.com.br\/#website\"},\"primaryImageOfPage\":{\"@id\":\"https:\/\/meusitejuridico.editorajuspodivm.com.br\/2023\/05\/23\/dpe-sp-agente-ultimos-dias-de-inscricoes\/#primaryimage\"},\"image\":{\"@id\":\"https:\/\/meusitejuridico.editorajuspodivm.com.br\/2023\/05\/23\/dpe-sp-agente-ultimos-dias-de-inscricoes\/#primaryimage\"},\"thumbnailUrl\":\"https:\/\/meusitejuridico.com.br\/s.meusitejuridico\/2022\/05\/0c5dc2ff-at-roxo.png\",\"datePublished\":\"2023-05-23T12:47:21+00:00\",\"description\":\"Aten\u00e7\u00e3o concurseiros! Restam apenas dois dias para a realiza\u00e7\u00e3o das inscri\u00e7\u00f5es no\u00a0concurso para o cargo de Agente de Defensoria P\u00fablica da DPE\/SP!\",\"breadcrumb\":{\"@id\":\"https:\/\/meusitejuridico.editorajuspodivm.com.br\/2023\/05\/23\/dpe-sp-agente-ultimos-dias-de-inscricoes\/#breadcrumb\"},\"inLanguage\":\"pt-BR\",\"potentialAction\":[{\"@type\":\"ReadAction\",\"target\":[\"https:\/\/meusitejuridico.editorajuspodivm.com.br\/2023\/05\/23\/dpe-sp-agente-ultimos-dias-de-inscricoes\/\"]}]},{\"@type\":\"ImageObject\",\"inLanguage\":\"pt-BR\",\"@id\":\"https:\/\/meusitejuridico.editorajuspodivm.com.br\/2023\/05\/23\/dpe-sp-agente-ultimos-dias-de-inscricoes\/#primaryimage\",\"url\":\"https:\/\/meusitejuridico.com.br\/s.meusitejuridico\/2022\/05\/0c5dc2ff-at-roxo.png\",\"contentUrl\":\"https:\/\/meusitejuridico.com.br\/s.meusitejuridico\/2022\/05\/0c5dc2ff-at-roxo.png\",\"width\":1000,\"height\":667},{\"@type\":\"BreadcrumbList\",\"@id\":\"https:\/\/meusitejuridico.editorajuspodivm.com.br\/2023\/05\/23\/dpe-sp-agente-ultimos-dias-de-inscricoes\/#breadcrumb\",\"itemListElement\":[{\"@type\":\"ListItem\",\"position\":1,\"name\":\"In\u00edcio\",\"item\":\"https:\/\/cdn.meusitejuridico.com.br\/\"},{\"@type\":\"ListItem\",\"position\":2,\"name\":\"DPE\/SP &#8211; Agente: \u00daltimos dias de inscri\u00e7\u00f5es!\"}]},{\"@type\":\"WebSite\",\"@id\":\"https:\/\/cdn.meusitejuridico.com.br\/#website\",\"url\":\"https:\/\/cdn.meusitejuridico.com.br\/\",\"name\":\"Meu site jur\u00eddico\",\"description\":\"Meu site jur\u00eddico\",\"publisher\":{\"@id\":\"https:\/\/cdn.meusitejuridico.com.br\/#organization\"},\"potentialAction\":[{\"@type\":\"SearchAction\",\"target\":{\"@type\":\"EntryPoint\",\"urlTemplate\":\"https:\/\/cdn.meusitejuridico.com.br\/?s={search_term_string}\"},\"query-input\":{\"@type\":\"PropertyValueSpecification\",\"valueRequired\":true,\"valueName\":\"search_term_string\"}}],\"inLanguage\":\"pt-BR\"},{\"@type\":\"Organization\",\"@id\":\"https:\/\/cdn.meusitejuridico.com.br\/#organization\",\"name\":\"Meu site jur\u00eddico\",\"url\":\"https:\/\/cdn.meusitejuridico.com.br\/\",\"logo\":{\"@type\":\"ImageObject\",\"inLanguage\":\"pt-BR\",\"@id\":\"https:\/\/cdn.meusitejuridico.com.br\/#\/schema\/logo\/image\/\",\"url\":\"https:\/\/meusitejuridico.com.br\/s.meusitejuridico\/2022\/03\/cropped-baeec2a3-msj-02-01-01.png\",\"contentUrl\":\"https:\/\/meusitejuridico.com.br\/s.meusitejuridico\/2022\/03\/cropped-baeec2a3-msj-02-01-01.png\",\"width\":349,\"height\":243,\"caption\":\"Meu site jur\u00eddico\"},\"image\":{\"@id\":\"https:\/\/cdn.meusitejuridico.com.br\/#\/schema\/logo\/image\/\"}},{\"@type\":\"Person\",\"@id\":\"https:\/\/cdn.meusitejuridico.com.br\/#\/schema\/person\/5c2237ac0c8ff03bcf1a09fe3e45dfce\",\"name\":\"Equipe Meu Site Jur\u00eddico\",\"image\":{\"@type\":\"ImageObject\",\"inLanguage\":\"pt-BR\",\"@id\":\"https:\/\/cdn.meusitejuridico.com.br\/#\/schema\/person\/image\/\",\"url\":\"https:\/\/meusitejuridico.com.br\/s.meusitejuridico\/2020\/07\/6be289aa-logo-msj.png\",\"contentUrl\":\"https:\/\/meusitejuridico.com.br\/s.meusitejuridico\/2020\/07\/6be289aa-logo-msj.png\",\"caption\":\"Equipe Meu Site Jur\u00eddico\"},\"description\":\"Contem conosco!\",\"url\":\"https:\/\/meusitejuridico.com.br\/author\/equipe-meu-site-juridico\/\"}]}<\/script>\n<!-- \/ Yoast SEO plugin. -->","yoast_head_json":{"title":"DPE\/SP - Agente: \u00daltimos dias de inscri\u00e7\u00f5es! - Meu site jur\u00eddico","description":"Aten\u00e7\u00e3o concurseiros! Restam apenas dois dias para a realiza\u00e7\u00e3o das inscri\u00e7\u00f5es no\u00a0concurso para o cargo de Agente de Defensoria P\u00fablica da DPE\/SP!","robots":{"index":"index","follow":"follow","max-snippet":"max-snippet:-1","max-image-preview":"max-image-preview:large","max-video-preview":"max-video-preview:-1"},"canonical":"https:\/\/meusitejuridico.editorajuspodivm.com.br\/2023\/05\/23\/dpe-sp-agente-ultimos-dias-de-inscricoes\/","og_locale":"pt_BR","og_type":"article","og_title":"DPE\/SP - Agente: \u00daltimos dias de inscri\u00e7\u00f5es! - Meu site jur\u00eddico","og_description":"Aten\u00e7\u00e3o concurseiros! Restam apenas dois dias para a realiza\u00e7\u00e3o das inscri\u00e7\u00f5es no\u00a0concurso para o cargo de Agente de Defensoria P\u00fablica da DPE\/SP!","og_url":"https:\/\/meusitejuridico.editorajuspodivm.com.br\/2023\/05\/23\/dpe-sp-agente-ultimos-dias-de-inscricoes\/","og_site_name":"Meu site jur\u00eddico","article_published_time":"2023-05-23T12:47:21+00:00","og_image":[{"width":1000,"height":667,"url":"https:\/\/meusitejuridico.editorajuspodivm.com.br\/s.meusitejuridico\/2022\/05\/0c5dc2ff-at-roxo.png","type":"image\/png"}],"author":"Equipe Meu Site Jur\u00eddico","twitter_card":"summary_large_image","twitter_misc":{"Escrito por":"Equipe Meu Site Jur\u00eddico","Est. tempo de leitura":"1 minuto"},"schema":{"@context":"https:\/\/schema.org","@graph":[{"@type":"Article","@id":"https:\/\/meusitejuridico.editorajuspodivm.com.br\/2023\/05\/23\/dpe-sp-agente-ultimos-dias-de-inscricoes\/#article","isPartOf":{"@id":"https:\/\/meusitejuridico.editorajuspodivm.com.br\/2023\/05\/23\/dpe-sp-agente-ultimos-dias-de-inscricoes\/"},"author":{"name":"Equipe Meu Site Jur\u00eddico","@id":"https:\/\/cdn.meusitejuridico.com.br\/#\/schema\/person\/5c2237ac0c8ff03bcf1a09fe3e45dfce"},"headline":"DPE\/SP &#8211; Agente: \u00daltimos dias de inscri\u00e7\u00f5es!","datePublished":"2023-05-23T12:47:21+00:00","mainEntityOfPage":{"@id":"https:\/\/meusitejuridico.editorajuspodivm.com.br\/2023\/05\/23\/dpe-sp-agente-ultimos-dias-de-inscricoes\/"},"wordCount":101,"commentCount":0,"publisher":{"@id":"https:\/\/cdn.meusitejuridico.com.br\/#organization"},"image":{"@id":"https:\/\/meusitejuridico.editorajuspodivm.com.br\/2023\/05\/23\/dpe-sp-agente-ultimos-dias-de-inscricoes\/#primaryimage"},"thumbnailUrl":"https:\/\/meusitejuridico.com.br\/s.meusitejuridico\/2022\/05\/0c5dc2ff-at-roxo.png","articleSection":["Analista e T\u00e9cnico","Informa\u00e7\u00f5es de Concursos"],"inLanguage":"pt-BR","potentialAction":[{"@type":"CommentAction","name":"Comment","target":["https:\/\/meusitejuridico.editorajuspodivm.com.br\/2023\/05\/23\/dpe-sp-agente-ultimos-dias-de-inscricoes\/#respond"]}]},{"@type":"WebPage","@id":"https:\/\/meusitejuridico.editorajuspodivm.com.br\/2023\/05\/23\/dpe-sp-agente-ultimos-dias-de-inscricoes\/","url":"https:\/\/meusitejuridico.editorajuspodivm.com.br\/2023\/05\/23\/dpe-sp-agente-ultimos-dias-de-inscricoes\/","name":"DPE\/SP - Agente: \u00daltimos dias de inscri\u00e7\u00f5es! - Meu site jur\u00eddico","isPartOf":{"@id":"https:\/\/cdn.meusitejuridico.com.br\/#website"},"primaryImageOfPage":{"@id":"https:\/\/meusitejuridico.editorajuspodivm.com.br\/2023\/05\/23\/dpe-sp-agente-ultimos-dias-de-inscricoes\/#primaryimage"},"image":{"@id":"https:\/\/meusitejuridico.editorajuspodivm.com.br\/2023\/05\/23\/dpe-sp-agente-ultimos-dias-de-inscricoes\/#primaryimage"},"thumbnailUrl":"https:\/\/meusitejuridico.com.br\/s.meusitejuridico\/2022\/05\/0c5dc2ff-at-roxo.png","datePublished":"2023-05-23T12:47:21+00:00","description":"Aten\u00e7\u00e3o concurseiros! Restam apenas dois dias para a realiza\u00e7\u00e3o das inscri\u00e7\u00f5es no\u00a0concurso para o cargo de Agente de Defensoria P\u00fablica da DPE\/SP!","breadcrumb":{"@id":"https:\/\/meusitejuridico.editorajuspodivm.com.br\/2023\/05\/23\/dpe-sp-agente-ultimos-dias-de-inscricoes\/#breadcrumb"},"inLanguage":"pt-BR","potentialAction":[{"@type":"ReadAction","target":["https:\/\/meusitejuridico.editorajuspodivm.com.br\/2023\/05\/23\/dpe-sp-agente-ultimos-dias-de-inscricoes\/"]}]},{"@type":"ImageObject","inLanguage":"pt-BR","@id":"https:\/\/meusitejuridico.editorajuspodivm.com.br\/2023\/05\/23\/dpe-sp-agente-ultimos-dias-de-inscricoes\/#primaryimage","url":"https:\/\/meusitejuridico.com.br\/s.meusitejuridico\/2022\/05\/0c5dc2ff-at-roxo.png","contentUrl":"https:\/\/meusitejuridico.com.br\/s.meusitejuridico\/2022\/05\/0c5dc2ff-at-roxo.png","width":1000,"height":667},{"@type":"BreadcrumbList","@id":"https:\/\/meusitejuridico.editorajuspodivm.com.br\/2023\/05\/23\/dpe-sp-agente-ultimos-dias-de-inscricoes\/#breadcrumb","itemListElement":[{"@type":"ListItem","position":1,"name":"In\u00edcio","item":"https:\/\/cdn.meusitejuridico.com.br\/"},{"@type":"ListItem","position":2,"name":"DPE\/SP &#8211; Agente: \u00daltimos dias de inscri\u00e7\u00f5es!"}]},{"@type":"WebSite","@id":"https:\/\/cdn.meusitejuridico.com.br\/#website","url":"https:\/\/cdn.meusitejuridico.com.br\/","name":"Meu site jur\u00eddico","description":"Meu site jur\u00eddico","publisher":{"@id":"https:\/\/cdn.meusitejuridico.com.br\/#organization"},"potentialAction":[{"@type":"SearchAction","target":{"@type":"EntryPoint","urlTemplate":"https:\/\/cdn.meusitejuridico.com.br\/?s={search_term_string}"},"query-input":{"@type":"PropertyValueSpecification","valueRequired":true,"valueName":"search_term_string"}}],"inLanguage":"pt-BR"},{"@type":"Organization","@id":"https:\/\/cdn.meusitejuridico.com.br\/#organization","name":"Meu site jur\u00eddico","url":"https:\/\/cdn.meusitejuridico.com.br\/","logo":{"@type":"ImageObject","inLanguage":"pt-BR","@id":"https:\/\/cdn.meusitejuridico.com.br\/#\/schema\/logo\/image\/","url":"https:\/\/meusitejuridico.com.br\/s.meusitejuridico\/2022\/03\/cropped-baeec2a3-msj-02-01-01.png","contentUrl":"https:\/\/meusitejuridico.com.br\/s.meusitejuridico\/2022\/03\/cropped-baeec2a3-msj-02-01-01.png","width":349,"height":243,"caption":"Meu site jur\u00eddico"},"image":{"@id":"https:\/\/cdn.meusitejuridico.com.br\/#\/schema\/logo\/image\/"}},{"@type":"Person","@id":"https:\/\/cdn.meusitejuridico.com.br\/#\/schema\/person\/5c2237ac0c8ff03bcf1a09fe3e45dfce","name":"Equipe Meu Site Jur\u00eddico","image":{"@type":"ImageObject","inLanguage":"pt-BR","@id":"https:\/\/cdn.meusitejuridico.com.br\/#\/schema\/person\/image\/","url":"https:\/\/meusitejuridico.com.br\/s.meusitejuridico\/2020\/07\/6be289aa-logo-msj.png","contentUrl":"https:\/\/meusitejuridico.com.br\/s.meusitejuridico\/2020\/07\/6be289aa-logo-msj.png","caption":"Equipe Meu Site Jur\u00eddico"},"description":"Contem conosco!","url":"https:\/\/meusitejuridico.com.br\/author\/equipe-meu-site-juridico\/"}]}},"_links":{"self":[{"href":"https:\/\/meusitejuridico.com.br\/api\/wp\/v2\/posts\/17807","targetHints":{"allow":["GET"]}}],"collection":[{"href":"https:\/\/meusitejuridico.com.br\/api\/wp\/v2\/posts"}],"about":[{"href":"https:\/\/meusitejuridico.com.br\/api\/wp\/v2\/types\/post"}],"author":[{"embeddable":true,"href":"https:\/\/meusitejuridico.com.br\/api\/wp\/v2\/users\/7"}],"replies":[{"embeddable":true,"href":"https:\/\/meusitejuridico.com.br\/api\/wp\/v2\/comments?post=17807"}],"version-history":[{"count":2,"href":"https:\/\/meusitejuridico.com.br\/api\/wp\/v2\/posts\/17807\/revisions"}],"predecessor-version":[{"id":18133,"href":"https:\/\/meusitejuridico.com.br\/api\/wp\/v2\/posts\/17807\/revisions\/18133"}],"wp:featuredmedia":[{"embeddable":true,"href":"https:\/\/meusitejuridico.com.br\/api\/wp\/v2\/media\/15709"}],"wp:attachment":[{"href":"https:\/\/meusitejuridico.com.br\/api\/wp\/v2\/media?parent=17807"}],"wp:term":[{"taxonomy":"category","embeddable":true,"href":"https:\/\/meusitejuridico.com.br\/api\/wp\/v2\/categories?post=17807"},{"taxonomy":"post_tag","embeddable":true,"href":"https:\/\/meusitejuridico.com.br\/api\/wp\/v2\/tags?post=17807"}],"curies":[{"name":"wp","href":"https:\/\/api.w.org\/{rel}","templated":true}]}}