{"id":17822,"date":"2023-05-25T09:48:13","date_gmt":"2023-05-25T12:48:13","guid":{"rendered":"https:\/\/meusitejuridico.editorajuspodivm.com.br\/?p=17822"},"modified":"2023-05-25T09:48:14","modified_gmt":"2023-05-25T12:48:14","slug":"concurso-autorizado-analista-e-tecnico-legislativo-da-camara-dos-deputados","status":"publish","type":"post","link":"https:\/\/meusitejuridico.com.br\/2023\/05\/25\/concurso-autorizado-analista-e-tecnico-legislativo-da-camara-dos-deputados\/","title":{"rendered":"Concurso Autorizado: Analista e T\u00e9cnico Legislativo da C\u00e2mara dos Deputados"},"content":{"rendered":"\n<p>A Mesa Diretora da C\u00e2mara dos Deputados acaba de autorizar a realiza\u00e7\u00e3o de concurso p\u00fablico para o preenchimento de vagas na Casa. <\/p>\n\n\n\n<p>A expectativa \u00e9 que a nova sele\u00e7\u00e3o ofere\u00e7a<strong> 140 vagas<\/strong>, distribu\u00eddas entre os cargos de Analista Legislativo e T\u00e9cnico Legislativo, com remunera\u00e7\u00e3o de at\u00e9 R$31.000,00! <\/p>\n\n\n\n<p>Em breve, mais informa\u00e7\u00f5es sobre a sele\u00e7\u00e3o. <\/p>\n\n\n\n<figure class=\"wp-block-table is-style-stripes\"><table><tbody><tr><td>C\u00e2mara dos Deputados <\/td><\/tr><tr><td><strong>Cargo:<\/strong> Analista Legislativo e T\u00e9cnico Legislativo<\/td><\/tr><tr><td><strong>Vagas: <\/strong>140<\/td><\/tr><tr><td><strong>Banca:<\/strong> A definir\u00a0<\/td><\/tr><\/tbody><\/table><\/figure>\n","protected":false},"excerpt":{"rendered":"<p>A Mesa Diretora da C\u00e2mara dos Deputados acaba de autorizar a realiza\u00e7\u00e3o de concurso p\u00fablico para o preenchimento de vagas na Casa. A expectativa \u00e9 que a nova sele\u00e7\u00e3o ofere\u00e7a 140 vagas, distribu\u00eddas entre os cargos de Analista Legislativo e T\u00e9cnico Legislativo, com remunera\u00e7\u00e3o de at\u00e9 R$31.000,00! Em breve, mais informa\u00e7\u00f5es sobre a sele\u00e7\u00e3o. C\u00e2mara [&hellip;]<\/p>\n","protected":false},"author":7,"featured_media":15709,"comment_status":"open","ping_status":"open","sticky":false,"template":"","format":"standard","meta":{"_acf_changed":false,"footnotes":""},"categories":[3851,3846],"tags":[],"class_list":["post-17822","post","type-post","status-publish","format-standard","has-post-thumbnail","hentry","category-analista-e-tecnico","category-informacao-concursos"],"acf":[],"yoast_head":"<!-- This site is optimized with the Yoast SEO plugin v24.8.1 - https:\/\/yoast.com\/wordpress\/plugins\/seo\/ -->\n<title>Concurso Autorizado: Analista e T\u00e9cnico Legislativo da C\u00e2mara dos Deputados - Meu site jur\u00eddico<\/title>\n<meta name=\"description\" content=\"A Mesa Diretora da C\u00e2mara dos Deputados acaba de autorizar a realiza\u00e7\u00e3o de concurso p\u00fablico para o preenchimento de vagas na Casa.\" \/>\n<meta name=\"robots\" content=\"index, follow, max-snippet:-1, max-image-preview:large, max-video-preview:-1\" \/>\n<link rel=\"canonical\" href=\"https:\/\/meusitejuridico.com.br\/2023\/05\/25\/concurso-autorizado-analista-e-tecnico-legislativo-da-camara-dos-deputados\/\" \/>\n<meta property=\"og:locale\" content=\"pt_BR\" \/>\n<meta property=\"og:type\" content=\"article\" \/>\n<meta property=\"og:title\" content=\"Concurso Autorizado: Analista e T\u00e9cnico Legislativo da C\u00e2mara dos Deputados - Meu site jur\u00eddico\" \/>\n<meta property=\"og:description\" content=\"A Mesa Diretora da C\u00e2mara dos Deputados acaba de autorizar a realiza\u00e7\u00e3o de concurso p\u00fablico para o preenchimento de vagas na Casa.\" \/>\n<meta property=\"og:url\" content=\"https:\/\/meusitejuridico.com.br\/2023\/05\/25\/concurso-autorizado-analista-e-tecnico-legislativo-da-camara-dos-deputados\/\" \/>\n<meta property=\"og:site_name\" content=\"Meu site jur\u00eddico\" \/>\n<meta property=\"article:published_time\" content=\"2023-05-25T12:48:13+00:00\" \/>\n<meta property=\"article:modified_time\" content=\"2023-05-25T12:48:14+00:00\" \/>\n<meta property=\"og:image\" content=\"https:\/\/meusitejuridico.com.br\/s.meusitejuridico\/2022\/05\/0c5dc2ff-at-roxo.png\" \/>\n\t<meta property=\"og:image:width\" content=\"1000\" \/>\n\t<meta property=\"og:image:height\" content=\"667\" \/>\n\t<meta property=\"og:image:type\" content=\"image\/png\" \/>\n<meta name=\"author\" content=\"Equipe Meu Site Jur\u00eddico\" \/>\n<meta name=\"twitter:card\" content=\"summary_large_image\" \/>\n<meta name=\"twitter:label1\" content=\"Escrito por\" \/>\n\t<meta name=\"twitter:data1\" content=\"Equipe Meu Site Jur\u00eddico\" \/>\n\t<meta name=\"twitter:label2\" content=\"Est. tempo de leitura\" \/>\n\t<meta name=\"twitter:data2\" content=\"1 minuto\" \/>\n<script type=\"application\/ld+json\" class=\"yoast-schema-graph\">{\"@context\":\"https:\/\/schema.org\",\"@graph\":[{\"@type\":\"Article\",\"@id\":\"https:\/\/meusitejuridico.com.br\/2023\/05\/25\/concurso-autorizado-analista-e-tecnico-legislativo-da-camara-dos-deputados\/#article\",\"isPartOf\":{\"@id\":\"https:\/\/meusitejuridico.com.br\/2023\/05\/25\/concurso-autorizado-analista-e-tecnico-legislativo-da-camara-dos-deputados\/\"},\"author\":{\"name\":\"Equipe Meu Site Jur\u00eddico\",\"@id\":\"https:\/\/cdn.meusitejuridico.com.br\/#\/schema\/person\/5c2237ac0c8ff03bcf1a09fe3e45dfce\"},\"headline\":\"Concurso Autorizado: Analista e T\u00e9cnico Legislativo da C\u00e2mara dos Deputados\",\"datePublished\":\"2023-05-25T12:48:13+00:00\",\"dateModified\":\"2023-05-25T12:48:14+00:00\",\"mainEntityOfPage\":{\"@id\":\"https:\/\/meusitejuridico.com.br\/2023\/05\/25\/concurso-autorizado-analista-e-tecnico-legislativo-da-camara-dos-deputados\/\"},\"wordCount\":89,\"commentCount\":0,\"publisher\":{\"@id\":\"https:\/\/cdn.meusitejuridico.com.br\/#organization\"},\"image\":{\"@id\":\"https:\/\/meusitejuridico.com.br\/2023\/05\/25\/concurso-autorizado-analista-e-tecnico-legislativo-da-camara-dos-deputados\/#primaryimage\"},\"thumbnailUrl\":\"https:\/\/meusitejuridico.com.br\/s.meusitejuridico\/2022\/05\/0c5dc2ff-at-roxo.png\",\"articleSection\":[\"Analista e T\u00e9cnico\",\"Informa\u00e7\u00f5es de Concursos\"],\"inLanguage\":\"pt-BR\",\"potentialAction\":[{\"@type\":\"CommentAction\",\"name\":\"Comment\",\"target\":[\"https:\/\/meusitejuridico.com.br\/2023\/05\/25\/concurso-autorizado-analista-e-tecnico-legislativo-da-camara-dos-deputados\/#respond\"]}]},{\"@type\":\"WebPage\",\"@id\":\"https:\/\/meusitejuridico.com.br\/2023\/05\/25\/concurso-autorizado-analista-e-tecnico-legislativo-da-camara-dos-deputados\/\",\"url\":\"https:\/\/meusitejuridico.com.br\/2023\/05\/25\/concurso-autorizado-analista-e-tecnico-legislativo-da-camara-dos-deputados\/\",\"name\":\"Concurso Autorizado: Analista e T\u00e9cnico Legislativo da C\u00e2mara dos Deputados - Meu site jur\u00eddico\",\"isPartOf\":{\"@id\":\"https:\/\/cdn.meusitejuridico.com.br\/#website\"},\"primaryImageOfPage\":{\"@id\":\"https:\/\/meusitejuridico.com.br\/2023\/05\/25\/concurso-autorizado-analista-e-tecnico-legislativo-da-camara-dos-deputados\/#primaryimage\"},\"image\":{\"@id\":\"https:\/\/meusitejuridico.com.br\/2023\/05\/25\/concurso-autorizado-analista-e-tecnico-legislativo-da-camara-dos-deputados\/#primaryimage\"},\"thumbnailUrl\":\"https:\/\/meusitejuridico.com.br\/s.meusitejuridico\/2022\/05\/0c5dc2ff-at-roxo.png\",\"datePublished\":\"2023-05-25T12:48:13+00:00\",\"dateModified\":\"2023-05-25T12:48:14+00:00\",\"description\":\"A Mesa Diretora da C\u00e2mara dos Deputados acaba de autorizar a realiza\u00e7\u00e3o de concurso p\u00fablico para o preenchimento de vagas na Casa.\",\"breadcrumb\":{\"@id\":\"https:\/\/meusitejuridico.com.br\/2023\/05\/25\/concurso-autorizado-analista-e-tecnico-legislativo-da-camara-dos-deputados\/#breadcrumb\"},\"inLanguage\":\"pt-BR\",\"potentialAction\":[{\"@type\":\"ReadAction\",\"target\":[\"https:\/\/meusitejuridico.com.br\/2023\/05\/25\/concurso-autorizado-analista-e-tecnico-legislativo-da-camara-dos-deputados\/\"]}]},{\"@type\":\"ImageObject\",\"inLanguage\":\"pt-BR\",\"@id\":\"https:\/\/meusitejuridico.com.br\/2023\/05\/25\/concurso-autorizado-analista-e-tecnico-legislativo-da-camara-dos-deputados\/#primaryimage\",\"url\":\"https:\/\/meusitejuridico.com.br\/s.meusitejuridico\/2022\/05\/0c5dc2ff-at-roxo.png\",\"contentUrl\":\"https:\/\/meusitejuridico.com.br\/s.meusitejuridico\/2022\/05\/0c5dc2ff-at-roxo.png\",\"width\":1000,\"height\":667},{\"@type\":\"BreadcrumbList\",\"@id\":\"https:\/\/meusitejuridico.com.br\/2023\/05\/25\/concurso-autorizado-analista-e-tecnico-legislativo-da-camara-dos-deputados\/#breadcrumb\",\"itemListElement\":[{\"@type\":\"ListItem\",\"position\":1,\"name\":\"In\u00edcio\",\"item\":\"https:\/\/cdn.meusitejuridico.com.br\/\"},{\"@type\":\"ListItem\",\"position\":2,\"name\":\"Concurso Autorizado: Analista e T\u00e9cnico Legislativo da C\u00e2mara dos Deputados\"}]},{\"@type\":\"WebSite\",\"@id\":\"https:\/\/cdn.meusitejuridico.com.br\/#website\",\"url\":\"https:\/\/cdn.meusitejuridico.com.br\/\",\"name\":\"Meu site jur\u00eddico\",\"description\":\"Meu site jur\u00eddico\",\"publisher\":{\"@id\":\"https:\/\/cdn.meusitejuridico.com.br\/#organization\"},\"potentialAction\":[{\"@type\":\"SearchAction\",\"target\":{\"@type\":\"EntryPoint\",\"urlTemplate\":\"https:\/\/cdn.meusitejuridico.com.br\/?s={search_term_string}\"},\"query-input\":{\"@type\":\"PropertyValueSpecification\",\"valueRequired\":true,\"valueName\":\"search_term_string\"}}],\"inLanguage\":\"pt-BR\"},{\"@type\":\"Organization\",\"@id\":\"https:\/\/cdn.meusitejuridico.com.br\/#organization\",\"name\":\"Meu site jur\u00eddico\",\"url\":\"https:\/\/cdn.meusitejuridico.com.br\/\",\"logo\":{\"@type\":\"ImageObject\",\"inLanguage\":\"pt-BR\",\"@id\":\"https:\/\/cdn.meusitejuridico.com.br\/#\/schema\/logo\/image\/\",\"url\":\"https:\/\/meusitejuridico.com.br\/s.meusitejuridico\/2022\/03\/cropped-baeec2a3-msj-02-01-01.png\",\"contentUrl\":\"https:\/\/meusitejuridico.com.br\/s.meusitejuridico\/2022\/03\/cropped-baeec2a3-msj-02-01-01.png\",\"width\":349,\"height\":243,\"caption\":\"Meu site jur\u00eddico\"},\"image\":{\"@id\":\"https:\/\/cdn.meusitejuridico.com.br\/#\/schema\/logo\/image\/\"}},{\"@type\":\"Person\",\"@id\":\"https:\/\/cdn.meusitejuridico.com.br\/#\/schema\/person\/5c2237ac0c8ff03bcf1a09fe3e45dfce\",\"name\":\"Equipe Meu Site Jur\u00eddico\",\"image\":{\"@type\":\"ImageObject\",\"inLanguage\":\"pt-BR\",\"@id\":\"https:\/\/cdn.meusitejuridico.com.br\/#\/schema\/person\/image\/\",\"url\":\"https:\/\/meusitejuridico.com.br\/s.meusitejuridico\/2020\/07\/6be289aa-logo-msj.png\",\"contentUrl\":\"https:\/\/meusitejuridico.com.br\/s.meusitejuridico\/2020\/07\/6be289aa-logo-msj.png\",\"caption\":\"Equipe Meu Site Jur\u00eddico\"},\"description\":\"Contem conosco!\",\"url\":\"https:\/\/meusitejuridico.com.br\/author\/equipe-meu-site-juridico\/\"}]}<\/script>\n<!-- \/ Yoast SEO plugin. -->","yoast_head_json":{"title":"Concurso Autorizado: Analista e T\u00e9cnico Legislativo da C\u00e2mara dos Deputados - Meu site jur\u00eddico","description":"A Mesa Diretora da C\u00e2mara dos Deputados acaba de autorizar a realiza\u00e7\u00e3o de concurso p\u00fablico para o preenchimento de vagas na Casa.","robots":{"index":"index","follow":"follow","max-snippet":"max-snippet:-1","max-image-preview":"max-image-preview:large","max-video-preview":"max-video-preview:-1"},"canonical":"https:\/\/meusitejuridico.com.br\/2023\/05\/25\/concurso-autorizado-analista-e-tecnico-legislativo-da-camara-dos-deputados\/","og_locale":"pt_BR","og_type":"article","og_title":"Concurso Autorizado: Analista e T\u00e9cnico Legislativo da C\u00e2mara dos Deputados - Meu site jur\u00eddico","og_description":"A Mesa Diretora da C\u00e2mara dos Deputados acaba de autorizar a realiza\u00e7\u00e3o de concurso p\u00fablico para o preenchimento de vagas na Casa.","og_url":"https:\/\/meusitejuridico.com.br\/2023\/05\/25\/concurso-autorizado-analista-e-tecnico-legislativo-da-camara-dos-deputados\/","og_site_name":"Meu site jur\u00eddico","article_published_time":"2023-05-25T12:48:13+00:00","article_modified_time":"2023-05-25T12:48:14+00:00","og_image":[{"width":1000,"height":667,"url":"https:\/\/meusitejuridico.com.br\/s.meusitejuridico\/2022\/05\/0c5dc2ff-at-roxo.png","type":"image\/png"}],"author":"Equipe Meu Site Jur\u00eddico","twitter_card":"summary_large_image","twitter_misc":{"Escrito por":"Equipe Meu Site Jur\u00eddico","Est. tempo de leitura":"1 minuto"},"schema":{"@context":"https:\/\/schema.org","@graph":[{"@type":"Article","@id":"https:\/\/meusitejuridico.com.br\/2023\/05\/25\/concurso-autorizado-analista-e-tecnico-legislativo-da-camara-dos-deputados\/#article","isPartOf":{"@id":"https:\/\/meusitejuridico.com.br\/2023\/05\/25\/concurso-autorizado-analista-e-tecnico-legislativo-da-camara-dos-deputados\/"},"author":{"name":"Equipe Meu Site Jur\u00eddico","@id":"https:\/\/cdn.meusitejuridico.com.br\/#\/schema\/person\/5c2237ac0c8ff03bcf1a09fe3e45dfce"},"headline":"Concurso Autorizado: Analista e T\u00e9cnico Legislativo da C\u00e2mara dos Deputados","datePublished":"2023-05-25T12:48:13+00:00","dateModified":"2023-05-25T12:48:14+00:00","mainEntityOfPage":{"@id":"https:\/\/meusitejuridico.com.br\/2023\/05\/25\/concurso-autorizado-analista-e-tecnico-legislativo-da-camara-dos-deputados\/"},"wordCount":89,"commentCount":0,"publisher":{"@id":"https:\/\/cdn.meusitejuridico.com.br\/#organization"},"image":{"@id":"https:\/\/meusitejuridico.com.br\/2023\/05\/25\/concurso-autorizado-analista-e-tecnico-legislativo-da-camara-dos-deputados\/#primaryimage"},"thumbnailUrl":"https:\/\/meusitejuridico.com.br\/s.meusitejuridico\/2022\/05\/0c5dc2ff-at-roxo.png","articleSection":["Analista e T\u00e9cnico","Informa\u00e7\u00f5es de Concursos"],"inLanguage":"pt-BR","potentialAction":[{"@type":"CommentAction","name":"Comment","target":["https:\/\/meusitejuridico.com.br\/2023\/05\/25\/concurso-autorizado-analista-e-tecnico-legislativo-da-camara-dos-deputados\/#respond"]}]},{"@type":"WebPage","@id":"https:\/\/meusitejuridico.com.br\/2023\/05\/25\/concurso-autorizado-analista-e-tecnico-legislativo-da-camara-dos-deputados\/","url":"https:\/\/meusitejuridico.com.br\/2023\/05\/25\/concurso-autorizado-analista-e-tecnico-legislativo-da-camara-dos-deputados\/","name":"Concurso Autorizado: Analista e T\u00e9cnico Legislativo da C\u00e2mara dos Deputados - Meu site jur\u00eddico","isPartOf":{"@id":"https:\/\/cdn.meusitejuridico.com.br\/#website"},"primaryImageOfPage":{"@id":"https:\/\/meusitejuridico.com.br\/2023\/05\/25\/concurso-autorizado-analista-e-tecnico-legislativo-da-camara-dos-deputados\/#primaryimage"},"image":{"@id":"https:\/\/meusitejuridico.com.br\/2023\/05\/25\/concurso-autorizado-analista-e-tecnico-legislativo-da-camara-dos-deputados\/#primaryimage"},"thumbnailUrl":"https:\/\/meusitejuridico.com.br\/s.meusitejuridico\/2022\/05\/0c5dc2ff-at-roxo.png","datePublished":"2023-05-25T12:48:13+00:00","dateModified":"2023-05-25T12:48:14+00:00","description":"A Mesa Diretora da C\u00e2mara dos Deputados acaba de autorizar a realiza\u00e7\u00e3o de concurso p\u00fablico para o preenchimento de vagas na Casa.","breadcrumb":{"@id":"https:\/\/meusitejuridico.com.br\/2023\/05\/25\/concurso-autorizado-analista-e-tecnico-legislativo-da-camara-dos-deputados\/#breadcrumb"},"inLanguage":"pt-BR","potentialAction":[{"@type":"ReadAction","target":["https:\/\/meusitejuridico.com.br\/2023\/05\/25\/concurso-autorizado-analista-e-tecnico-legislativo-da-camara-dos-deputados\/"]}]},{"@type":"ImageObject","inLanguage":"pt-BR","@id":"https:\/\/meusitejuridico.com.br\/2023\/05\/25\/concurso-autorizado-analista-e-tecnico-legislativo-da-camara-dos-deputados\/#primaryimage","url":"https:\/\/meusitejuridico.com.br\/s.meusitejuridico\/2022\/05\/0c5dc2ff-at-roxo.png","contentUrl":"https:\/\/meusitejuridico.com.br\/s.meusitejuridico\/2022\/05\/0c5dc2ff-at-roxo.png","width":1000,"height":667},{"@type":"BreadcrumbList","@id":"https:\/\/meusitejuridico.com.br\/2023\/05\/25\/concurso-autorizado-analista-e-tecnico-legislativo-da-camara-dos-deputados\/#breadcrumb","itemListElement":[{"@type":"ListItem","position":1,"name":"In\u00edcio","item":"https:\/\/cdn.meusitejuridico.com.br\/"},{"@type":"ListItem","position":2,"name":"Concurso Autorizado: Analista e T\u00e9cnico Legislativo da C\u00e2mara dos Deputados"}]},{"@type":"WebSite","@id":"https:\/\/cdn.meusitejuridico.com.br\/#website","url":"https:\/\/cdn.meusitejuridico.com.br\/","name":"Meu site jur\u00eddico","description":"Meu site jur\u00eddico","publisher":{"@id":"https:\/\/cdn.meusitejuridico.com.br\/#organization"},"potentialAction":[{"@type":"SearchAction","target":{"@type":"EntryPoint","urlTemplate":"https:\/\/cdn.meusitejuridico.com.br\/?s={search_term_string}"},"query-input":{"@type":"PropertyValueSpecification","valueRequired":true,"valueName":"search_term_string"}}],"inLanguage":"pt-BR"},{"@type":"Organization","@id":"https:\/\/cdn.meusitejuridico.com.br\/#organization","name":"Meu site jur\u00eddico","url":"https:\/\/cdn.meusitejuridico.com.br\/","logo":{"@type":"ImageObject","inLanguage":"pt-BR","@id":"https:\/\/cdn.meusitejuridico.com.br\/#\/schema\/logo\/image\/","url":"https:\/\/meusitejuridico.com.br\/s.meusitejuridico\/2022\/03\/cropped-baeec2a3-msj-02-01-01.png","contentUrl":"https:\/\/meusitejuridico.com.br\/s.meusitejuridico\/2022\/03\/cropped-baeec2a3-msj-02-01-01.png","width":349,"height":243,"caption":"Meu site jur\u00eddico"},"image":{"@id":"https:\/\/cdn.meusitejuridico.com.br\/#\/schema\/logo\/image\/"}},{"@type":"Person","@id":"https:\/\/cdn.meusitejuridico.com.br\/#\/schema\/person\/5c2237ac0c8ff03bcf1a09fe3e45dfce","name":"Equipe Meu Site Jur\u00eddico","image":{"@type":"ImageObject","inLanguage":"pt-BR","@id":"https:\/\/cdn.meusitejuridico.com.br\/#\/schema\/person\/image\/","url":"https:\/\/meusitejuridico.com.br\/s.meusitejuridico\/2020\/07\/6be289aa-logo-msj.png","contentUrl":"https:\/\/meusitejuridico.com.br\/s.meusitejuridico\/2020\/07\/6be289aa-logo-msj.png","caption":"Equipe Meu Site Jur\u00eddico"},"description":"Contem conosco!","url":"https:\/\/meusitejuridico.com.br\/author\/equipe-meu-site-juridico\/"}]}},"_links":{"self":[{"href":"https:\/\/meusitejuridico.com.br\/api\/wp\/v2\/posts\/17822","targetHints":{"allow":["GET"]}}],"collection":[{"href":"https:\/\/meusitejuridico.com.br\/api\/wp\/v2\/posts"}],"about":[{"href":"https:\/\/meusitejuridico.com.br\/api\/wp\/v2\/types\/post"}],"author":[{"embeddable":true,"href":"https:\/\/meusitejuridico.com.br\/api\/wp\/v2\/users\/7"}],"replies":[{"embeddable":true,"href":"https:\/\/meusitejuridico.com.br\/api\/wp\/v2\/comments?post=17822"}],"version-history":[{"count":2,"href":"https:\/\/meusitejuridico.com.br\/api\/wp\/v2\/posts\/17822\/revisions"}],"predecessor-version":[{"id":18201,"href":"https:\/\/meusitejuridico.com.br\/api\/wp\/v2\/posts\/17822\/revisions\/18201"}],"wp:featuredmedia":[{"embeddable":true,"href":"https:\/\/meusitejuridico.com.br\/api\/wp\/v2\/media\/15709"}],"wp:attachment":[{"href":"https:\/\/meusitejuridico.com.br\/api\/wp\/v2\/media?parent=17822"}],"wp:term":[{"taxonomy":"category","embeddable":true,"href":"https:\/\/meusitejuridico.com.br\/api\/wp\/v2\/categories?post=17822"},{"taxonomy":"post_tag","embeddable":true,"href":"https:\/\/meusitejuridico.com.br\/api\/wp\/v2\/tags?post=17822"}],"curies":[{"name":"wp","href":"https:\/\/api.w.org\/{rel}","templated":true}]}}