{"id":1833,"date":"2017-04-11T15:04:10","date_gmt":"2017-04-11T18:04:10","guid":{"rendered":"https:\/\/meusitejuridico.com.br\/?p=1833"},"modified":"2018-06-14T12:04:18","modified_gmt":"2018-06-14T15:04:18","slug":"remicao-da-pena-segundo-o-stj","status":"publish","type":"post","link":"https:\/\/meusitejuridico.com.br\/2017\/04\/11\/remicao-da-pena-segundo-o-stj\/","title":{"rendered":"Especial: remi\u00e7\u00e3o da pena na vis\u00e3o do STJ"},"content":{"rendered":"<p>Dentre as finalidades da pena, talvez a de maior relev\u00e2ncia atualmente seja a ressocializa\u00e7\u00e3o, em nome da qual s\u00e3o adotadas, durante a execu\u00e7\u00e3o, medidas para que o condenado se reinsira gradativamente no meio social e n\u00e3o volte a cometer delitos. Tanto que o art. 1\u00ba da <a href=\"http:\/\/www.planalto.gov.br\/ccivil_03\/leis\/L7210compilado.htm\">Lei n\u00ba 7.210\/84<\/a> disp\u00f5e que um dos objetivos da execu\u00e7\u00e3o, para al\u00e9m de efetivar as disposi\u00e7\u00f5es da senten\u00e7a, \u00e9 o de \u201cproporcionar condi\u00e7\u00f5es para a harm\u00f4nica integra\u00e7\u00e3o social do condenado e do internado\u201d.<\/p>\n<p>As principais medidas que podem viabilizar a ressocializa\u00e7\u00e3o s\u00e3o o trabalho e o estudo desenvolvidos no per\u00edodo de c\u00e1rcere. O trabalho, ali\u00e1s, constitui dever do condenado (art. 39, V), e sua recusa em desempenh\u00e1-lo pode acarretar puni\u00e7\u00e3o por falta grave (art. 50, VI). O estudo, por outro lado, est\u00e1 inserido na disciplina da assist\u00eancia educacional (arts. 17 a 21-A).<\/p>\n<p>N\u00e3o obstante j\u00e1 se tratasse de uma obriga\u00e7\u00e3o do preso, o trabalho havia sido contemplado, na reda\u00e7\u00e3o original do art. 126 da Lei n\u00ba 7.210\/84, como hip\u00f3tese de remi\u00e7\u00e3o na qualidade de medida de incentivo \u00e0 ressocializa\u00e7\u00e3o. Dessa forma, para cada tr\u00eas dias trabalhos o condenado j\u00e1 tinha descontado um dia da pena a cumprir. O estudo, no entanto, n\u00e3o atra\u00eda o mesmo benef\u00edcio, pois n\u00e3o havia disciplina legal que o autorizasse.<\/p>\n<p>Mas o sil\u00eancio da lei n\u00e3o impediu que os tribunais estendessem o direito de remi\u00e7\u00e3o da pena aos presos que se dedicavam ao estudo durante o per\u00edodo de encarceramento, tanto que o STJ editou a <a class='qlabs_tooltip_top qlabs_tooltip_style_1 cursor_pointer event_hover' style=''  aria-haspopup='true'>s\u00famula n\u00ba 341<span style='width: 180px; '  >S\u00famula n\u00ba 341: A frequ\u00eancia a curso de ensino formal \u00e9 causa de remi\u00e7\u00e3o de parte do tempo de execu\u00e7\u00e3o de pena sob regime fechado ou semiaberto.<\/span><\/a> neste exato sentido. Para adequar formalmente o procedimento de execu\u00e7\u00e3o ao entendimento sedimentado pela jurisprud\u00eancia, editou-se a Lei n\u00ba 12.433\/11, que inseriu no j\u00e1 mencionado art. 126 a possibilidade de remi\u00e7\u00e3o de um dia de pena a cada doze horas de frequ\u00eancia escolar, dividias em no m\u00ednimo tr\u00eas dias. A remi\u00e7\u00e3o pelo trabalho continua na propor\u00e7\u00e3o de um dia de pena para cada tr\u00eas dias trabalhados.<\/p>\n<p>Ocorre que, no curso da execu\u00e7\u00e3o, s\u00e3o in\u00fameras as situa\u00e7\u00f5es envolvendo o exerc\u00edcio do trabalho e do estudo que podem suscitar d\u00favidas a respeito da subsun\u00e7\u00e3o do caso concreto \u00e0 disciplina legal. S\u00e3o infind\u00e1veis as decis\u00f5es \u2013 especialmente no \u00e2mbito do Superior Tribunal de Justi\u00e7a \u2013 tratando de situa\u00e7\u00f5es n\u00e3o disciplinadas literalmente no art. 126 da Lei de Execu\u00e7\u00e3o Penal. Sucintamente, podemos destacar as seguintes decis\u00f5es mais recentes que trataram do direito \u00e0 remi\u00e7\u00e3o:<\/p>\n<ul>\n<li>S\u00famula n\u00ba 562: \u00c9 poss\u00edvel a remi\u00e7\u00e3o de parte do tempo de execu\u00e7\u00e3o da pena quando o condenado, em regime fechado ou semiaberto, desempenha atividade laborativa, ainda que extramuros. O tribunal sumulou esse entendimento em virtude do intenso questionamento a respeito da viabilidade da fiscaliza\u00e7\u00e3o do trabalho externo, raz\u00e3o pela qual se argumentava que apenas a atividade interna poderia servir para o desconto da pena. N\u00e3o foi a tese que prevaleceu.<\/li>\n<li>A remi\u00e7\u00e3o pelo trabalho se d\u00e1 na propor\u00e7\u00e3o um dia de pena para cada tr\u00eas dias trabalhados. A contagem da jornada \u00e9 feita em dias, nos quais deve haver o cumprimento de no m\u00ednimo seis e no m\u00e1ximo oito horas de trabalho. N\u00e3o \u00e9 poss\u00edvel, diante da jornada m\u00ednima di\u00e1ria, simplesmente efetuar o somat\u00f3rio de horas para chegar \u00e0 quantidade de dias (<a href=\"https:\/\/ww2.stj.jus.br\/processo\/revista\/inteiroteor\/?num_registro=201602890016&amp;dt_publicacao=13\/03\/2017\">AgRg no REsp 1.635.935<\/a>\/MG, j. 07\/03\/2017).<\/li>\n<li>A soma das horas \u00e9 admitida apenas quando, excedida a oitava hora di\u00e1ria, sejam computadas as horas extras at\u00e9 que somem seis, quando ent\u00e3o o produto da soma ser\u00e1 considerado como um dia de trabalho para fins de remi\u00e7\u00e3o (<a href=\"https:\/\/ww2.stj.jus.br\/processo\/revista\/inteiroteor\/?num_registro=201502535212&amp;dt_publicacao=29\/06\/2016\">HC 338.220<\/a>\/MG, j. 21\/06\/2016).<\/li>\n<li>A remi\u00e7\u00e3o por leitura deve ser concedida em analogia <em>in bonam partem<\/em> em rela\u00e7\u00e3o \u00e0 possibilidade de desconto da pena por meio do estudo. No entanto, para que o benef\u00edcio seja criterioso o tribunal tem decidido que deve haver a instala\u00e7\u00e3o de projeto de leitura com a observ\u00e2ncia das diretrizes estabelecidas na Recomenda\u00e7\u00e3o n\u00ba 44\/13 do CNJ (<a href=\"https:\/\/ww2.stj.jus.br\/processo\/revista\/inteiroteor\/?num_registro=201601932110&amp;dt_publicacao=07\/10\/2016\">AgRg no REsp 1.616.049<\/a>\/PR, j. 27\/09\/2016).<\/li>\n<li>Os condenados que cumprem pena em regime aberto n\u00e3o t\u00eam direito a remi\u00e7\u00e3o pelo trabalho, benef\u00edcio restrito aos presos em regime fechado ou semiaberto (<a href=\"https:\/\/ww2.stj.jus.br\/processo\/revista\/inteiroteor\/?num_registro=201601526437&amp;dt_publicacao=23\/08\/2016\">HC 359.072<\/a>\/RS, j. 16\/08\/2016).<\/li>\n<li>A culpa do Estado na falha fiscaliza\u00e7\u00e3o do cumprimento da carga hor\u00e1ria de trabalho n\u00e3o afasta a necessidade de demonstrar que os requisitos para a remi\u00e7\u00e3o foram cumpridos (<a href=\"https:\/\/ww2.stj.jus.br\/processo\/revista\/inteiroteor\/?num_registro=201600737971&amp;dt_publicacao=22\/08\/2016\">AgRg no HC 351.918<\/a>\/SC, j. 09\/08\/2016).<\/li>\n<li>A remi\u00e7\u00e3o pelo trabalho beneficia o condenado mesmo na situa\u00e7\u00e3o em que a atividade laborativa efetivamente desempenhada o tenha sido sem autoriza\u00e7\u00e3o do ju\u00edzo ou da dire\u00e7\u00e3o do estabelecimento prisional, e ainda que em decorr\u00eancia de trabalho desempenhado em domingos e feriados (<a href=\"https:\/\/ww2.stj.jus.br\/processo\/revista\/inteiroteor\/?num_registro=201600066945&amp;dt_publicacao=29\/06\/2016\">HC 346.948<\/a>\/RS, j. 21\/06\/2016).<\/li>\n<li>O c\u00e1lculo da remi\u00e7\u00e3o deve ser efetuado com base no disposto no s\u00famula n\u00ba 715 do STF, ou seja, a subtra\u00e7\u00e3o dos dias incide no total da pena aplicada, n\u00e3o no m\u00e1ximo de trinta anos de que trata o art. 75 do CP (<a href=\"https:\/\/ww2.stj.jus.br\/processo\/revista\/inteiroteor\/?num_registro=201501544771&amp;dt_publicacao=24\/06\/2016\">HC 328.548<\/a>\/SP, j. 16\/06\/2016).<\/li>\n<li>A quantidade dos dias remidos perdidos em raz\u00e3o do cometimento de falta grave deve ser fundamentada. Por isso, o juiz n\u00e3o pode simplesmente declarar a perda do m\u00e1ximo de 1\/3 sem especificar as circunst\u00e2ncias que o levaram a decidir daquela forma (<a href=\"https:\/\/ww2.stj.jus.br\/processo\/revista\/inteiroteor\/?num_registro=201502534061&amp;dt_publicacao=08\/06\/2016\">HC 338.188<\/a>\/SP, j. 02\/06\/2016).<\/li>\n<li>A remi\u00e7\u00e3o pelo estudo n\u00e3o pressup\u00f5e frequ\u00eancia m\u00ednima no curso nem \u00e9 condicionada a desempenho satisfat\u00f3rio (<a href=\"https:\/\/ww2.stj.jus.br\/processo\/revista\/inteiroteor\/?num_registro=201401102200&amp;dt_publicacao=10\/06\/2016\">AgRg no REsp 1.453.257<\/a>\/MS, j. 02\/06\/2016).<\/li>\n<\/ul>\n<p><strong>Para se aprofundar, recomendamos:<\/strong><\/p>\n<p>Curso: <a href=\"https:\/\/goo.gl\/vDVTu9\">Carreira Jur\u00eddica (m\u00f3d. I e II)<\/a><\/p>\n<p>Curso: <a href=\"https:\/\/goo.gl\/HWHJAI\">Intensivo para o Minist\u00e9rio P\u00fablico e Magistratura Estaduais + Legisla\u00e7\u00e3o Penal Especial<\/a><\/p>\n<p>Livro: <a href=\"https:\/\/goo.gl\/GxtIjn\">Manual de Direito Penal (parte geral)<\/a><\/p>\n","protected":false},"excerpt":{"rendered":"<p>Dentre as finalidades da pena, talvez a de maior relev\u00e2ncia atualmente seja a ressocializa\u00e7\u00e3o, em nome da qual s\u00e3o adotadas, durante a execu\u00e7\u00e3o, medidas para que o condenado se reinsira gradativamente no meio social e n\u00e3o volte a cometer delitos. Tanto que o art. 1\u00ba da Lei n\u00ba 7.210\/84 disp\u00f5e que um dos objetivos da [&hellip;]<\/p>\n","protected":false},"author":3,"featured_media":1839,"comment_status":"open","ping_status":"open","sticky":false,"template":"","format":"standard","meta":{"_acf_changed":false,"footnotes":""},"categories":[1,114],"tags":[280,181,279,214],"class_list":["post-1833","post","type-post","status-publish","format-standard","has-post-thumbnail","hentry","category-artigos","category-direito-processual-penal","tag-estudo","tag-remicao-da-pena","tag-stj","tag-trabalho"],"acf":[],"yoast_head":"<!-- This site is optimized with the Yoast SEO plugin v24.8.1 - https:\/\/yoast.com\/wordpress\/plugins\/seo\/ -->\n<title>Especial: remi\u00e7\u00e3o da pena na vis\u00e3o do STJ - Meu site jur\u00eddico<\/title>\n<meta name=\"robots\" content=\"index, follow, max-snippet:-1, max-image-preview:large, max-video-preview:-1\" \/>\n<link rel=\"canonical\" href=\"https:\/\/meusitejuridico.com.br\/2017\/04\/11\/remicao-da-pena-segundo-o-stj\/\" \/>\n<meta property=\"og:locale\" content=\"pt_BR\" \/>\n<meta property=\"og:type\" content=\"article\" \/>\n<meta property=\"og:title\" content=\"Especial: remi\u00e7\u00e3o da pena na vis\u00e3o do STJ - Meu site jur\u00eddico\" \/>\n<meta property=\"og:description\" content=\"Dentre as finalidades da pena, talvez a de maior relev\u00e2ncia atualmente seja a ressocializa\u00e7\u00e3o, em nome da qual s\u00e3o adotadas, durante a execu\u00e7\u00e3o, medidas para que o condenado se reinsira gradativamente no meio social e n\u00e3o volte a cometer delitos. Tanto que o art. 1\u00ba da Lei n\u00ba 7.210\/84 disp\u00f5e que um dos objetivos da [&hellip;]\" \/>\n<meta property=\"og:url\" content=\"https:\/\/meusitejuridico.com.br\/2017\/04\/11\/remicao-da-pena-segundo-o-stj\/\" \/>\n<meta property=\"og:site_name\" content=\"Meu site jur\u00eddico\" \/>\n<meta property=\"article:author\" content=\"https:\/\/www.facebook.com\/RogerioSanchesC\" \/>\n<meta property=\"article:published_time\" content=\"2017-04-11T18:04:10+00:00\" \/>\n<meta property=\"article:modified_time\" content=\"2018-06-14T15:04:18+00:00\" \/>\n<meta property=\"og:image\" content=\"https:\/\/meusitejuridico.com.br\/s.meusitejuridico\/2017\/04\/4ca7a84c-shutterstock-174659255.jpg\" \/>\n\t<meta property=\"og:image:width\" content=\"5616\" \/>\n\t<meta property=\"og:image:height\" content=\"3744\" \/>\n\t<meta property=\"og:image:type\" content=\"image\/jpeg\" \/>\n<meta name=\"author\" content=\"Rog\u00e9rio Sanches Cunha\" \/>\n<meta name=\"twitter:card\" content=\"summary_large_image\" \/>\n<meta name=\"twitter:creator\" content=\"@RogerioSanchesC\" \/>\n<meta name=\"twitter:label1\" content=\"Escrito por\" \/>\n\t<meta name=\"twitter:data1\" content=\"Rog\u00e9rio Sanches Cunha\" \/>\n\t<meta name=\"twitter:label2\" content=\"Est. tempo de leitura\" \/>\n\t<meta name=\"twitter:data2\" content=\"5 minutos\" \/>\n<script type=\"application\/ld+json\" class=\"yoast-schema-graph\">{\"@context\":\"https:\/\/schema.org\",\"@graph\":[{\"@type\":\"Article\",\"@id\":\"https:\/\/meusitejuridico.com.br\/2017\/04\/11\/remicao-da-pena-segundo-o-stj\/#article\",\"isPartOf\":{\"@id\":\"https:\/\/meusitejuridico.com.br\/2017\/04\/11\/remicao-da-pena-segundo-o-stj\/\"},\"author\":{\"name\":\"Rog\u00e9rio Sanches Cunha\",\"@id\":\"https:\/\/meusitejuridico.com.br\/#\/schema\/person\/a3cebf06fd267ee700aae09eb6722d16\"},\"headline\":\"Especial: remi\u00e7\u00e3o da pena na vis\u00e3o do STJ\",\"datePublished\":\"2017-04-11T18:04:10+00:00\",\"dateModified\":\"2018-06-14T15:04:18+00:00\",\"mainEntityOfPage\":{\"@id\":\"https:\/\/meusitejuridico.com.br\/2017\/04\/11\/remicao-da-pena-segundo-o-stj\/\"},\"wordCount\":1027,\"commentCount\":3,\"publisher\":{\"@id\":\"https:\/\/meusitejuridico.com.br\/#organization\"},\"image\":{\"@id\":\"https:\/\/meusitejuridico.com.br\/2017\/04\/11\/remicao-da-pena-segundo-o-stj\/#primaryimage\"},\"thumbnailUrl\":\"https:\/\/meusitejuridico.com.br\/s.meusitejuridico\/2017\/04\/4ca7a84c-shutterstock-174659255.jpg\",\"keywords\":[\"estudo\",\"remi\u00e7\u00e3o da pena\",\"stj\",\"trabalho\"],\"articleSection\":[\"Artigos\",\"Direito Processual Penal\"],\"inLanguage\":\"pt-BR\",\"potentialAction\":[{\"@type\":\"CommentAction\",\"name\":\"Comment\",\"target\":[\"https:\/\/meusitejuridico.com.br\/2017\/04\/11\/remicao-da-pena-segundo-o-stj\/#respond\"]}]},{\"@type\":\"WebPage\",\"@id\":\"https:\/\/meusitejuridico.com.br\/2017\/04\/11\/remicao-da-pena-segundo-o-stj\/\",\"url\":\"https:\/\/meusitejuridico.com.br\/2017\/04\/11\/remicao-da-pena-segundo-o-stj\/\",\"name\":\"Especial: remi\u00e7\u00e3o da pena na vis\u00e3o do STJ - Meu site jur\u00eddico\",\"isPartOf\":{\"@id\":\"https:\/\/meusitejuridico.com.br\/#website\"},\"primaryImageOfPage\":{\"@id\":\"https:\/\/meusitejuridico.com.br\/2017\/04\/11\/remicao-da-pena-segundo-o-stj\/#primaryimage\"},\"image\":{\"@id\":\"https:\/\/meusitejuridico.com.br\/2017\/04\/11\/remicao-da-pena-segundo-o-stj\/#primaryimage\"},\"thumbnailUrl\":\"https:\/\/meusitejuridico.com.br\/s.meusitejuridico\/2017\/04\/4ca7a84c-shutterstock-174659255.jpg\",\"datePublished\":\"2017-04-11T18:04:10+00:00\",\"dateModified\":\"2018-06-14T15:04:18+00:00\",\"breadcrumb\":{\"@id\":\"https:\/\/meusitejuridico.com.br\/2017\/04\/11\/remicao-da-pena-segundo-o-stj\/#breadcrumb\"},\"inLanguage\":\"pt-BR\",\"potentialAction\":[{\"@type\":\"ReadAction\",\"target\":[\"https:\/\/meusitejuridico.com.br\/2017\/04\/11\/remicao-da-pena-segundo-o-stj\/\"]}]},{\"@type\":\"ImageObject\",\"inLanguage\":\"pt-BR\",\"@id\":\"https:\/\/meusitejuridico.com.br\/2017\/04\/11\/remicao-da-pena-segundo-o-stj\/#primaryimage\",\"url\":\"https:\/\/meusitejuridico.com.br\/s.meusitejuridico\/2017\/04\/4ca7a84c-shutterstock-174659255.jpg\",\"contentUrl\":\"https:\/\/meusitejuridico.com.br\/s.meusitejuridico\/2017\/04\/4ca7a84c-shutterstock-174659255.jpg\",\"width\":5616,\"height\":3744},{\"@type\":\"BreadcrumbList\",\"@id\":\"https:\/\/meusitejuridico.com.br\/2017\/04\/11\/remicao-da-pena-segundo-o-stj\/#breadcrumb\",\"itemListElement\":[{\"@type\":\"ListItem\",\"position\":1,\"name\":\"In\u00edcio\",\"item\":\"https:\/\/meusitejuridico.com.br\/\"},{\"@type\":\"ListItem\",\"position\":2,\"name\":\"Especial: remi\u00e7\u00e3o da pena na vis\u00e3o do STJ\"}]},{\"@type\":\"WebSite\",\"@id\":\"https:\/\/meusitejuridico.com.br\/#website\",\"url\":\"https:\/\/meusitejuridico.com.br\/\",\"name\":\"Meu site jur\u00eddico\",\"description\":\"Meu site jur\u00eddico\",\"publisher\":{\"@id\":\"https:\/\/meusitejuridico.com.br\/#organization\"},\"potentialAction\":[{\"@type\":\"SearchAction\",\"target\":{\"@type\":\"EntryPoint\",\"urlTemplate\":\"https:\/\/meusitejuridico.com.br\/?s={search_term_string}\"},\"query-input\":{\"@type\":\"PropertyValueSpecification\",\"valueRequired\":true,\"valueName\":\"search_term_string\"}}],\"inLanguage\":\"pt-BR\"},{\"@type\":\"Organization\",\"@id\":\"https:\/\/meusitejuridico.com.br\/#organization\",\"name\":\"Meu site jur\u00eddico\",\"url\":\"https:\/\/meusitejuridico.com.br\/\",\"logo\":{\"@type\":\"ImageObject\",\"inLanguage\":\"pt-BR\",\"@id\":\"https:\/\/meusitejuridico.com.br\/#\/schema\/logo\/image\/\",\"url\":\"https:\/\/meusitejuridico.com.br\/s.meusitejuridico\/2022\/03\/cropped-baeec2a3-msj-02-01-01.png\",\"contentUrl\":\"https:\/\/meusitejuridico.com.br\/s.meusitejuridico\/2022\/03\/cropped-baeec2a3-msj-02-01-01.png\",\"width\":349,\"height\":243,\"caption\":\"Meu site jur\u00eddico\"},\"image\":{\"@id\":\"https:\/\/meusitejuridico.com.br\/#\/schema\/logo\/image\/\"}},{\"@type\":\"Person\",\"@id\":\"https:\/\/meusitejuridico.com.br\/#\/schema\/person\/a3cebf06fd267ee700aae09eb6722d16\",\"name\":\"Rog\u00e9rio Sanches Cunha\",\"image\":{\"@type\":\"ImageObject\",\"inLanguage\":\"pt-BR\",\"@id\":\"https:\/\/meusitejuridico.com.br\/#\/schema\/person\/image\/\",\"url\":\"https:\/\/meusitejuridico.com.br\/s.meusitejuridico\/2023\/04\/7de31285-rsc-0054-scaled-e1681840173909-150x150.jpg\",\"contentUrl\":\"https:\/\/meusitejuridico.com.br\/s.meusitejuridico\/2023\/04\/7de31285-rsc-0054-scaled-e1681840173909-150x150.jpg\",\"caption\":\"Rog\u00e9rio Sanches Cunha\"},\"description\":\"Membro do Ministe\u0301rio Pu\u0301blico do Estado de Sa\u0303o Paulo. Professor da Escola Superior do Ministe\u0301rio Pu\u0301blico dos estados de Sa\u0303o Paulo, Mato Grosso e Santa Catarina. Coordenador Pedag\u00f3gico e Professor de Penal e Processo Penal do Curso RSConline. Fundador do site www.meusitejuridico.com.br. Cofundador e coordenador pedago\u0301gico do JUSPLAY. Autor de obras juri\u0301dicas.\",\"sameAs\":[\"https:\/\/www.editorajuspodivm.com.br\/autores\/detalhe\/107?idtag=ebe04ee0-bb3c-4b7f-96b9-fcd9428789d5\",\"https:\/\/www.facebook.com\/RogerioSanchesC\",\"https:\/\/www.instagram.com\/rogeriosanchescunha\/\",\"https:\/\/x.com\/RogerioSanchesC\",\"https:\/\/www.youtube.com\/user\/RogerioSanchesC\"],\"url\":\"https:\/\/meusitejuridico.com.br\/author\/redesrogeriogmail-com\/\"}]}<\/script>\n<!-- \/ Yoast SEO plugin. -->","yoast_head_json":{"title":"Especial: remi\u00e7\u00e3o da pena na vis\u00e3o do STJ - Meu site jur\u00eddico","robots":{"index":"index","follow":"follow","max-snippet":"max-snippet:-1","max-image-preview":"max-image-preview:large","max-video-preview":"max-video-preview:-1"},"canonical":"https:\/\/meusitejuridico.com.br\/2017\/04\/11\/remicao-da-pena-segundo-o-stj\/","og_locale":"pt_BR","og_type":"article","og_title":"Especial: remi\u00e7\u00e3o da pena na vis\u00e3o do STJ - Meu site jur\u00eddico","og_description":"Dentre as finalidades da pena, talvez a de maior relev\u00e2ncia atualmente seja a ressocializa\u00e7\u00e3o, em nome da qual s\u00e3o adotadas, durante a execu\u00e7\u00e3o, medidas para que o condenado se reinsira gradativamente no meio social e n\u00e3o volte a cometer delitos. Tanto que o art. 1\u00ba da Lei n\u00ba 7.210\/84 disp\u00f5e que um dos objetivos da [&hellip;]","og_url":"https:\/\/meusitejuridico.com.br\/2017\/04\/11\/remicao-da-pena-segundo-o-stj\/","og_site_name":"Meu site jur\u00eddico","article_author":"https:\/\/www.facebook.com\/RogerioSanchesC","article_published_time":"2017-04-11T18:04:10+00:00","article_modified_time":"2018-06-14T15:04:18+00:00","og_image":[{"width":5616,"height":3744,"url":"https:\/\/meusitejuridico.com.br\/s.meusitejuridico\/2017\/04\/4ca7a84c-shutterstock-174659255.jpg","type":"image\/jpeg"}],"author":"Rog\u00e9rio Sanches Cunha","twitter_card":"summary_large_image","twitter_creator":"@RogerioSanchesC","twitter_misc":{"Escrito por":"Rog\u00e9rio Sanches Cunha","Est. tempo de leitura":"5 minutos"},"schema":{"@context":"https:\/\/schema.org","@graph":[{"@type":"Article","@id":"https:\/\/meusitejuridico.com.br\/2017\/04\/11\/remicao-da-pena-segundo-o-stj\/#article","isPartOf":{"@id":"https:\/\/meusitejuridico.com.br\/2017\/04\/11\/remicao-da-pena-segundo-o-stj\/"},"author":{"name":"Rog\u00e9rio Sanches Cunha","@id":"https:\/\/meusitejuridico.com.br\/#\/schema\/person\/a3cebf06fd267ee700aae09eb6722d16"},"headline":"Especial: remi\u00e7\u00e3o da pena na vis\u00e3o do STJ","datePublished":"2017-04-11T18:04:10+00:00","dateModified":"2018-06-14T15:04:18+00:00","mainEntityOfPage":{"@id":"https:\/\/meusitejuridico.com.br\/2017\/04\/11\/remicao-da-pena-segundo-o-stj\/"},"wordCount":1027,"commentCount":3,"publisher":{"@id":"https:\/\/meusitejuridico.com.br\/#organization"},"image":{"@id":"https:\/\/meusitejuridico.com.br\/2017\/04\/11\/remicao-da-pena-segundo-o-stj\/#primaryimage"},"thumbnailUrl":"https:\/\/meusitejuridico.com.br\/s.meusitejuridico\/2017\/04\/4ca7a84c-shutterstock-174659255.jpg","keywords":["estudo","remi\u00e7\u00e3o da pena","stj","trabalho"],"articleSection":["Artigos","Direito Processual Penal"],"inLanguage":"pt-BR","potentialAction":[{"@type":"CommentAction","name":"Comment","target":["https:\/\/meusitejuridico.com.br\/2017\/04\/11\/remicao-da-pena-segundo-o-stj\/#respond"]}]},{"@type":"WebPage","@id":"https:\/\/meusitejuridico.com.br\/2017\/04\/11\/remicao-da-pena-segundo-o-stj\/","url":"https:\/\/meusitejuridico.com.br\/2017\/04\/11\/remicao-da-pena-segundo-o-stj\/","name":"Especial: remi\u00e7\u00e3o da pena na vis\u00e3o do STJ - Meu site jur\u00eddico","isPartOf":{"@id":"https:\/\/meusitejuridico.com.br\/#website"},"primaryImageOfPage":{"@id":"https:\/\/meusitejuridico.com.br\/2017\/04\/11\/remicao-da-pena-segundo-o-stj\/#primaryimage"},"image":{"@id":"https:\/\/meusitejuridico.com.br\/2017\/04\/11\/remicao-da-pena-segundo-o-stj\/#primaryimage"},"thumbnailUrl":"https:\/\/meusitejuridico.com.br\/s.meusitejuridico\/2017\/04\/4ca7a84c-shutterstock-174659255.jpg","datePublished":"2017-04-11T18:04:10+00:00","dateModified":"2018-06-14T15:04:18+00:00","breadcrumb":{"@id":"https:\/\/meusitejuridico.com.br\/2017\/04\/11\/remicao-da-pena-segundo-o-stj\/#breadcrumb"},"inLanguage":"pt-BR","potentialAction":[{"@type":"ReadAction","target":["https:\/\/meusitejuridico.com.br\/2017\/04\/11\/remicao-da-pena-segundo-o-stj\/"]}]},{"@type":"ImageObject","inLanguage":"pt-BR","@id":"https:\/\/meusitejuridico.com.br\/2017\/04\/11\/remicao-da-pena-segundo-o-stj\/#primaryimage","url":"https:\/\/meusitejuridico.com.br\/s.meusitejuridico\/2017\/04\/4ca7a84c-shutterstock-174659255.jpg","contentUrl":"https:\/\/meusitejuridico.com.br\/s.meusitejuridico\/2017\/04\/4ca7a84c-shutterstock-174659255.jpg","width":5616,"height":3744},{"@type":"BreadcrumbList","@id":"https:\/\/meusitejuridico.com.br\/2017\/04\/11\/remicao-da-pena-segundo-o-stj\/#breadcrumb","itemListElement":[{"@type":"ListItem","position":1,"name":"In\u00edcio","item":"https:\/\/meusitejuridico.com.br\/"},{"@type":"ListItem","position":2,"name":"Especial: remi\u00e7\u00e3o da pena na vis\u00e3o do STJ"}]},{"@type":"WebSite","@id":"https:\/\/meusitejuridico.com.br\/#website","url":"https:\/\/meusitejuridico.com.br\/","name":"Meu site jur\u00eddico","description":"Meu site jur\u00eddico","publisher":{"@id":"https:\/\/meusitejuridico.com.br\/#organization"},"potentialAction":[{"@type":"SearchAction","target":{"@type":"EntryPoint","urlTemplate":"https:\/\/meusitejuridico.com.br\/?s={search_term_string}"},"query-input":{"@type":"PropertyValueSpecification","valueRequired":true,"valueName":"search_term_string"}}],"inLanguage":"pt-BR"},{"@type":"Organization","@id":"https:\/\/meusitejuridico.com.br\/#organization","name":"Meu site jur\u00eddico","url":"https:\/\/meusitejuridico.com.br\/","logo":{"@type":"ImageObject","inLanguage":"pt-BR","@id":"https:\/\/meusitejuridico.com.br\/#\/schema\/logo\/image\/","url":"https:\/\/meusitejuridico.com.br\/s.meusitejuridico\/2022\/03\/cropped-baeec2a3-msj-02-01-01.png","contentUrl":"https:\/\/meusitejuridico.com.br\/s.meusitejuridico\/2022\/03\/cropped-baeec2a3-msj-02-01-01.png","width":349,"height":243,"caption":"Meu site jur\u00eddico"},"image":{"@id":"https:\/\/meusitejuridico.com.br\/#\/schema\/logo\/image\/"}},{"@type":"Person","@id":"https:\/\/meusitejuridico.com.br\/#\/schema\/person\/a3cebf06fd267ee700aae09eb6722d16","name":"Rog\u00e9rio Sanches Cunha","image":{"@type":"ImageObject","inLanguage":"pt-BR","@id":"https:\/\/meusitejuridico.com.br\/#\/schema\/person\/image\/","url":"https:\/\/meusitejuridico.com.br\/s.meusitejuridico\/2023\/04\/7de31285-rsc-0054-scaled-e1681840173909-150x150.jpg","contentUrl":"https:\/\/meusitejuridico.com.br\/s.meusitejuridico\/2023\/04\/7de31285-rsc-0054-scaled-e1681840173909-150x150.jpg","caption":"Rog\u00e9rio Sanches Cunha"},"description":"Membro do Ministe\u0301rio Pu\u0301blico do Estado de Sa\u0303o Paulo. Professor da Escola Superior do Ministe\u0301rio Pu\u0301blico dos estados de Sa\u0303o Paulo, Mato Grosso e Santa Catarina. Coordenador Pedag\u00f3gico e Professor de Penal e Processo Penal do Curso RSConline. Fundador do site www.meusitejuridico.com.br. Cofundador e coordenador pedago\u0301gico do JUSPLAY. Autor de obras juri\u0301dicas.","sameAs":["https:\/\/www.editorajuspodivm.com.br\/autores\/detalhe\/107?idtag=ebe04ee0-bb3c-4b7f-96b9-fcd9428789d5","https:\/\/www.facebook.com\/RogerioSanchesC","https:\/\/www.instagram.com\/rogeriosanchescunha\/","https:\/\/x.com\/RogerioSanchesC","https:\/\/www.youtube.com\/user\/RogerioSanchesC"],"url":"https:\/\/meusitejuridico.com.br\/author\/redesrogeriogmail-com\/"}]}},"_links":{"self":[{"href":"https:\/\/meusitejuridico.com.br\/api\/wp\/v2\/posts\/1833","targetHints":{"allow":["GET"]}}],"collection":[{"href":"https:\/\/meusitejuridico.com.br\/api\/wp\/v2\/posts"}],"about":[{"href":"https:\/\/meusitejuridico.com.br\/api\/wp\/v2\/types\/post"}],"author":[{"embeddable":true,"href":"https:\/\/meusitejuridico.com.br\/api\/wp\/v2\/users\/3"}],"replies":[{"embeddable":true,"href":"https:\/\/meusitejuridico.com.br\/api\/wp\/v2\/comments?post=1833"}],"version-history":[{"count":5,"href":"https:\/\/meusitejuridico.com.br\/api\/wp\/v2\/posts\/1833\/revisions"}],"predecessor-version":[{"id":1842,"href":"https:\/\/meusitejuridico.com.br\/api\/wp\/v2\/posts\/1833\/revisions\/1842"}],"wp:featuredmedia":[{"embeddable":true,"href":"https:\/\/meusitejuridico.com.br\/api\/wp\/v2\/media\/1839"}],"wp:attachment":[{"href":"https:\/\/meusitejuridico.com.br\/api\/wp\/v2\/media?parent=1833"}],"wp:term":[{"taxonomy":"category","embeddable":true,"href":"https:\/\/meusitejuridico.com.br\/api\/wp\/v2\/categories?post=1833"},{"taxonomy":"post_tag","embeddable":true,"href":"https:\/\/meusitejuridico.com.br\/api\/wp\/v2\/tags?post=1833"}],"curies":[{"name":"wp","href":"https:\/\/api.w.org\/{rel}","templated":true}]}}