{"id":20002,"date":"2024-01-18T08:18:22","date_gmt":"2024-01-18T11:18:22","guid":{"rendered":"https:\/\/meusitejuridico.editorajuspodivm.com.br\/?p=20002"},"modified":"2024-01-18T08:23:14","modified_gmt":"2024-01-18T11:23:14","slug":"pge-sp-procurador-ultimo-dia-de-inscricao","status":"publish","type":"post","link":"https:\/\/meusitejuridico.com.br\/2024\/01\/18\/pge-sp-procurador-ultimo-dia-de-inscricao\/","title":{"rendered":"PGE\/SP &#8211; Procurador &#8211; \u00daltimo dia de inscri\u00e7\u00e3o"},"content":{"rendered":"\n<p id=\"block-aba8f11a-e59d-4ba2-b7ce-a98eaf868462\">Aten\u00e7\u00e3o concurseiros! Hoje \u00e9 o \u00faltimo dia para a realiza\u00e7\u00e3o das inscri\u00e7\u00f5es no&nbsp;concurso para o cargo de<strong>&nbsp;Procurador <\/strong>da<strong>&nbsp;Procuradoria Geral de S\u00e3o Paulo.<\/strong><\/p>\n\n\n\n<p id=\"block-5651e1c2-cd1f-4e03-8641-e41277771b21\">De acordo com o edital<strong>&nbsp;<\/strong>o recebimento das inscri\u00e7\u00f5es ser\u00e1 encerrado em&nbsp;<strong>18\/01\/2024<\/strong>&nbsp;\u00e0s&nbsp;<strong>23:59 horas<\/strong>, e o pagamento da taxa de inscri\u00e7\u00e3o, no valor de&nbsp;<strong>R$280,00&nbsp;<\/strong>dever\u00e1 ser realizado at\u00e9 o dia&nbsp;<strong>19\/01\/2024<\/strong>.<\/p>\n\n\n\n<p id=\"block-d7b3c342-f6e5-47a3-b21f-4a4d14938826\"> Organizado pela&nbsp; banca <strong>VUNESP <\/strong>o certame oferecer\u00e1<strong> 135 vagas, <\/strong>para o cargo de<strong> Procurador, <\/strong>com remunera\u00e7\u00e3o de <strong>R$35.459,71<\/strong>.  <\/p>\n\n\n\n<p id=\"block-e1cfbfdc-4f03-44ae-bc39-9283ce32b5ee\">  A data para aplica\u00e7\u00e3o da <strong>prova objetiva<\/strong> est\u00e1 marcada para o dia<strong> 25\/02\/2024.<\/strong>  <\/p>\n\n\n\n<p id=\"block-3f587bf4-af9e-493f-bca2-b5cb555f7dff\"><\/p>\n\n\n\n<div data-wp-interactive=\"core\/file\" class=\"wp-block-file\"><object data-wp-bind--hidden=\"!state.hasPdfPreview\" hidden class=\"wp-block-file__embed\" data=\"https:\/\/meusitejuridico.editorajuspodivm.com.br\/s.meusitejuridico\/2024\/01\/ffa39a05-pge.pdf\" type=\"application\/pdf\" style=\"width:100%;height:600px\" aria-label=\"Incorporado de Incorporado de Edital PGE\/SP..\"><\/object><a href=\"https:\/\/meusitejuridico.editorajuspodivm.com.br\/s.meusitejuridico\/2024\/01\/ffa39a05-pge.pdf\">Edital PGE\/SP<\/a><a href=\"https:\/\/meusitejuridico.editorajuspodivm.com.br\/s.meusitejuridico\/2024\/01\/ffa39a05-pge.pdf\" class=\"wp-block-file__button\" download>Baixar<\/a><\/div>\n\n\n\n<p> <a href=\"https:\/\/www.editorajuspodivm.com.br\/concurso-pgesp-procurador2023\" target=\"_blank\" rel=\"noreferrer noopener\">A Editora Juspodivm preparou uma sele\u00e7\u00e3o de livros especial para esse concurso, confira!<\/a> <\/p>\n\n\n\n<p id=\"block-ee80cc13-cc36-44a7-8fff-7f7d535b26fb\"><strong>&nbsp;Informa\u00e7\u00f5es do concurso:&nbsp;<\/strong><\/p>\n\n\n\n<figure class=\"wp-block-table is-style-stripes\"><table><tbody><tr><td><strong>Concurso PGE\/SP<\/strong><\/td><\/tr><tr><td><strong>Banca<\/strong>: VUNESP.<\/td><\/tr><tr><td><strong>Vagas:<\/strong> 135.<\/td><\/tr><tr><td><strong>Sal\u00e1rio inicial:<\/strong>&nbsp; R$35.459,71.<\/td><\/tr><tr><td><strong>Status:&nbsp;<\/strong>\u00daltimo dia de inscri\u00e7\u00f5es.<\/td><\/tr><tr><td><strong>Link para inscri\u00e7\u00e3o<\/strong>: <a href=\"https:\/\/www.vunesp.com.br\/PGES2302\" target=\"_blank\" rel=\"noreferrer noopener\">https:\/\/www.vunesp.com.br\/PGES2302<\/a><\/td><\/tr><\/tbody><\/table><\/figure>\n","protected":false},"excerpt":{"rendered":"<p>Aten\u00e7\u00e3o concurseiros! Hoje \u00e9 o \u00faltimo dia para a realiza\u00e7\u00e3o das inscri\u00e7\u00f5es no&nbsp;concurso para o cargo de&nbsp;Procurador da&nbsp;Procuradoria Geral de S\u00e3o Paulo. De acordo com o edital&nbsp;o recebimento das inscri\u00e7\u00f5es ser\u00e1 encerrado em&nbsp;18\/01\/2024&nbsp;\u00e0s&nbsp;23:59 horas, e o pagamento da taxa de inscri\u00e7\u00e3o, no valor de&nbsp;R$280,00&nbsp;dever\u00e1 ser realizado at\u00e9 o dia&nbsp;19\/01\/2024. Organizado pela&nbsp; banca VUNESP o certame [&hellip;]<\/p>\n","protected":false},"author":7,"featured_media":15718,"comment_status":"open","ping_status":"open","sticky":false,"template":"","format":"standard","meta":{"_acf_changed":false,"footnotes":""},"categories":[3847,3846],"tags":[190,4290,818,4646,3935],"class_list":["post-20002","post","type-post","status-publish","format-standard","has-post-thumbnail","hentry","category-carreiras-juridicas","category-informacao-concursos","tag-concursos-publicos","tag-pge-sp","tag-procurador","tag-ultimo-dia-de-inscricao","tag-vunesp"],"acf":[],"yoast_head":"<!-- This site is optimized with the Yoast SEO plugin v24.8.1 - https:\/\/yoast.com\/wordpress\/plugins\/seo\/ -->\n<title>PGE\/SP - Procurador - \u00daltimo dia de inscri\u00e7\u00e3o - Meu site jur\u00eddico<\/title>\n<meta name=\"description\" content=\"Hoje \u00e9 o \u00faltimo dia para a realiza\u00e7\u00e3o das inscri\u00e7\u00f5es no\u00a0concurso para o cargo de\u00a0Procurador da\u00a0Procuradoria Geral de S\u00e3o Paulo.\" \/>\n<meta name=\"robots\" content=\"index, follow, max-snippet:-1, max-image-preview:large, max-video-preview:-1\" \/>\n<link rel=\"canonical\" href=\"https:\/\/meusitejuridico.editorajuspodivm.com.br\/2024\/01\/18\/pge-sp-procurador-ultimo-dia-de-inscricao\/\" \/>\n<meta property=\"og:locale\" content=\"pt_BR\" \/>\n<meta property=\"og:type\" content=\"article\" \/>\n<meta property=\"og:title\" content=\"PGE\/SP - Procurador - \u00daltimo dia de inscri\u00e7\u00e3o - Meu site jur\u00eddico\" \/>\n<meta property=\"og:description\" content=\"Hoje \u00e9 o \u00faltimo dia para a realiza\u00e7\u00e3o das inscri\u00e7\u00f5es no\u00a0concurso para o cargo de\u00a0Procurador da\u00a0Procuradoria Geral de S\u00e3o Paulo.\" \/>\n<meta property=\"og:url\" content=\"https:\/\/meusitejuridico.editorajuspodivm.com.br\/2024\/01\/18\/pge-sp-procurador-ultimo-dia-de-inscricao\/\" \/>\n<meta property=\"og:site_name\" content=\"Meu site jur\u00eddico\" \/>\n<meta property=\"article:published_time\" content=\"2024-01-18T11:18:22+00:00\" \/>\n<meta property=\"article:modified_time\" content=\"2024-01-18T11:23:14+00:00\" \/>\n<meta property=\"og:image\" content=\"https:\/\/meusitejuridico.editorajuspodivm.com.br\/s.meusitejuridico\/2022\/05\/33735aa4-jur-verde.png\" \/>\n\t<meta property=\"og:image:width\" content=\"4167\" \/>\n\t<meta property=\"og:image:height\" content=\"2825\" \/>\n\t<meta property=\"og:image:type\" content=\"image\/png\" \/>\n<meta name=\"author\" content=\"Equipe Meu Site Jur\u00eddico\" \/>\n<meta name=\"twitter:card\" content=\"summary_large_image\" \/>\n<meta name=\"twitter:label1\" content=\"Escrito por\" \/>\n\t<meta name=\"twitter:data1\" content=\"Equipe Meu Site Jur\u00eddico\" \/>\n\t<meta name=\"twitter:label2\" content=\"Est. tempo de leitura\" \/>\n\t<meta name=\"twitter:data2\" content=\"1 minuto\" \/>\n<script type=\"application\/ld+json\" class=\"yoast-schema-graph\">{\"@context\":\"https:\/\/schema.org\",\"@graph\":[{\"@type\":\"Article\",\"@id\":\"https:\/\/meusitejuridico.editorajuspodivm.com.br\/2024\/01\/18\/pge-sp-procurador-ultimo-dia-de-inscricao\/#article\",\"isPartOf\":{\"@id\":\"https:\/\/meusitejuridico.editorajuspodivm.com.br\/2024\/01\/18\/pge-sp-procurador-ultimo-dia-de-inscricao\/\"},\"author\":{\"name\":\"Equipe Meu Site Jur\u00eddico\",\"@id\":\"https:\/\/cdn.meusitejuridico.com.br\/#\/schema\/person\/5c2237ac0c8ff03bcf1a09fe3e45dfce\"},\"headline\":\"PGE\/SP &#8211; Procurador &#8211; \u00daltimo dia de inscri\u00e7\u00e3o\",\"datePublished\":\"2024-01-18T11:18:22+00:00\",\"dateModified\":\"2024-01-18T11:23:14+00:00\",\"mainEntityOfPage\":{\"@id\":\"https:\/\/meusitejuridico.editorajuspodivm.com.br\/2024\/01\/18\/pge-sp-procurador-ultimo-dia-de-inscricao\/\"},\"wordCount\":165,\"commentCount\":0,\"publisher\":{\"@id\":\"https:\/\/cdn.meusitejuridico.com.br\/#organization\"},\"image\":{\"@id\":\"https:\/\/meusitejuridico.editorajuspodivm.com.br\/2024\/01\/18\/pge-sp-procurador-ultimo-dia-de-inscricao\/#primaryimage\"},\"thumbnailUrl\":\"https:\/\/meusitejuridico.com.br\/s.meusitejuridico\/2022\/05\/33735aa4-jur-verde.png\",\"keywords\":[\"Concursos P\u00fablicos\",\"PGE\/SP\",\"Procurador\",\"\u00faltimo dia de inscri\u00e7\u00e3o\",\"Vunesp\"],\"articleSection\":[\"Carreiras Jur\u00eddicas\",\"Informa\u00e7\u00f5es de Concursos\"],\"inLanguage\":\"pt-BR\",\"potentialAction\":[{\"@type\":\"CommentAction\",\"name\":\"Comment\",\"target\":[\"https:\/\/meusitejuridico.editorajuspodivm.com.br\/2024\/01\/18\/pge-sp-procurador-ultimo-dia-de-inscricao\/#respond\"]}]},{\"@type\":\"WebPage\",\"@id\":\"https:\/\/meusitejuridico.editorajuspodivm.com.br\/2024\/01\/18\/pge-sp-procurador-ultimo-dia-de-inscricao\/\",\"url\":\"https:\/\/meusitejuridico.editorajuspodivm.com.br\/2024\/01\/18\/pge-sp-procurador-ultimo-dia-de-inscricao\/\",\"name\":\"PGE\/SP - Procurador - \u00daltimo dia de inscri\u00e7\u00e3o - Meu site jur\u00eddico\",\"isPartOf\":{\"@id\":\"https:\/\/cdn.meusitejuridico.com.br\/#website\"},\"primaryImageOfPage\":{\"@id\":\"https:\/\/meusitejuridico.editorajuspodivm.com.br\/2024\/01\/18\/pge-sp-procurador-ultimo-dia-de-inscricao\/#primaryimage\"},\"image\":{\"@id\":\"https:\/\/meusitejuridico.editorajuspodivm.com.br\/2024\/01\/18\/pge-sp-procurador-ultimo-dia-de-inscricao\/#primaryimage\"},\"thumbnailUrl\":\"https:\/\/meusitejuridico.com.br\/s.meusitejuridico\/2022\/05\/33735aa4-jur-verde.png\",\"datePublished\":\"2024-01-18T11:18:22+00:00\",\"dateModified\":\"2024-01-18T11:23:14+00:00\",\"description\":\"Hoje \u00e9 o \u00faltimo dia para a realiza\u00e7\u00e3o das inscri\u00e7\u00f5es no\u00a0concurso para o cargo de\u00a0Procurador da\u00a0Procuradoria Geral de S\u00e3o Paulo.\",\"breadcrumb\":{\"@id\":\"https:\/\/meusitejuridico.editorajuspodivm.com.br\/2024\/01\/18\/pge-sp-procurador-ultimo-dia-de-inscricao\/#breadcrumb\"},\"inLanguage\":\"pt-BR\",\"potentialAction\":[{\"@type\":\"ReadAction\",\"target\":[\"https:\/\/meusitejuridico.editorajuspodivm.com.br\/2024\/01\/18\/pge-sp-procurador-ultimo-dia-de-inscricao\/\"]}]},{\"@type\":\"ImageObject\",\"inLanguage\":\"pt-BR\",\"@id\":\"https:\/\/meusitejuridico.editorajuspodivm.com.br\/2024\/01\/18\/pge-sp-procurador-ultimo-dia-de-inscricao\/#primaryimage\",\"url\":\"https:\/\/meusitejuridico.com.br\/s.meusitejuridico\/2022\/05\/33735aa4-jur-verde.png\",\"contentUrl\":\"https:\/\/meusitejuridico.com.br\/s.meusitejuridico\/2022\/05\/33735aa4-jur-verde.png\",\"width\":4167,\"height\":2825},{\"@type\":\"BreadcrumbList\",\"@id\":\"https:\/\/meusitejuridico.editorajuspodivm.com.br\/2024\/01\/18\/pge-sp-procurador-ultimo-dia-de-inscricao\/#breadcrumb\",\"itemListElement\":[{\"@type\":\"ListItem\",\"position\":1,\"name\":\"In\u00edcio\",\"item\":\"https:\/\/cdn.meusitejuridico.com.br\/\"},{\"@type\":\"ListItem\",\"position\":2,\"name\":\"PGE\/SP &#8211; Procurador &#8211; \u00daltimo dia de inscri\u00e7\u00e3o\"}]},{\"@type\":\"WebSite\",\"@id\":\"https:\/\/cdn.meusitejuridico.com.br\/#website\",\"url\":\"https:\/\/cdn.meusitejuridico.com.br\/\",\"name\":\"Meu site jur\u00eddico\",\"description\":\"Meu site jur\u00eddico\",\"publisher\":{\"@id\":\"https:\/\/cdn.meusitejuridico.com.br\/#organization\"},\"potentialAction\":[{\"@type\":\"SearchAction\",\"target\":{\"@type\":\"EntryPoint\",\"urlTemplate\":\"https:\/\/cdn.meusitejuridico.com.br\/?s={search_term_string}\"},\"query-input\":{\"@type\":\"PropertyValueSpecification\",\"valueRequired\":true,\"valueName\":\"search_term_string\"}}],\"inLanguage\":\"pt-BR\"},{\"@type\":\"Organization\",\"@id\":\"https:\/\/cdn.meusitejuridico.com.br\/#organization\",\"name\":\"Meu site jur\u00eddico\",\"url\":\"https:\/\/cdn.meusitejuridico.com.br\/\",\"logo\":{\"@type\":\"ImageObject\",\"inLanguage\":\"pt-BR\",\"@id\":\"https:\/\/cdn.meusitejuridico.com.br\/#\/schema\/logo\/image\/\",\"url\":\"https:\/\/meusitejuridico.com.br\/s.meusitejuridico\/2022\/03\/cropped-baeec2a3-msj-02-01-01.png\",\"contentUrl\":\"https:\/\/meusitejuridico.com.br\/s.meusitejuridico\/2022\/03\/cropped-baeec2a3-msj-02-01-01.png\",\"width\":349,\"height\":243,\"caption\":\"Meu site jur\u00eddico\"},\"image\":{\"@id\":\"https:\/\/cdn.meusitejuridico.com.br\/#\/schema\/logo\/image\/\"}},{\"@type\":\"Person\",\"@id\":\"https:\/\/cdn.meusitejuridico.com.br\/#\/schema\/person\/5c2237ac0c8ff03bcf1a09fe3e45dfce\",\"name\":\"Equipe Meu Site Jur\u00eddico\",\"image\":{\"@type\":\"ImageObject\",\"inLanguage\":\"pt-BR\",\"@id\":\"https:\/\/cdn.meusitejuridico.com.br\/#\/schema\/person\/image\/\",\"url\":\"https:\/\/meusitejuridico.com.br\/s.meusitejuridico\/2020\/07\/6be289aa-logo-msj.png\",\"contentUrl\":\"https:\/\/meusitejuridico.com.br\/s.meusitejuridico\/2020\/07\/6be289aa-logo-msj.png\",\"caption\":\"Equipe Meu Site Jur\u00eddico\"},\"description\":\"Contem conosco!\",\"url\":\"https:\/\/meusitejuridico.com.br\/author\/equipe-meu-site-juridico\/\"}]}<\/script>\n<!-- \/ Yoast SEO plugin. -->","yoast_head_json":{"title":"PGE\/SP - Procurador - \u00daltimo dia de inscri\u00e7\u00e3o - Meu site jur\u00eddico","description":"Hoje \u00e9 o \u00faltimo dia para a realiza\u00e7\u00e3o das inscri\u00e7\u00f5es no\u00a0concurso para o cargo de\u00a0Procurador da\u00a0Procuradoria Geral de S\u00e3o Paulo.","robots":{"index":"index","follow":"follow","max-snippet":"max-snippet:-1","max-image-preview":"max-image-preview:large","max-video-preview":"max-video-preview:-1"},"canonical":"https:\/\/meusitejuridico.editorajuspodivm.com.br\/2024\/01\/18\/pge-sp-procurador-ultimo-dia-de-inscricao\/","og_locale":"pt_BR","og_type":"article","og_title":"PGE\/SP - Procurador - \u00daltimo dia de inscri\u00e7\u00e3o - Meu site jur\u00eddico","og_description":"Hoje \u00e9 o \u00faltimo dia para a realiza\u00e7\u00e3o das inscri\u00e7\u00f5es no\u00a0concurso para o cargo de\u00a0Procurador da\u00a0Procuradoria Geral de S\u00e3o Paulo.","og_url":"https:\/\/meusitejuridico.editorajuspodivm.com.br\/2024\/01\/18\/pge-sp-procurador-ultimo-dia-de-inscricao\/","og_site_name":"Meu site jur\u00eddico","article_published_time":"2024-01-18T11:18:22+00:00","article_modified_time":"2024-01-18T11:23:14+00:00","og_image":[{"width":4167,"height":2825,"url":"https:\/\/meusitejuridico.editorajuspodivm.com.br\/s.meusitejuridico\/2022\/05\/33735aa4-jur-verde.png","type":"image\/png"}],"author":"Equipe Meu Site Jur\u00eddico","twitter_card":"summary_large_image","twitter_misc":{"Escrito por":"Equipe Meu Site Jur\u00eddico","Est. tempo de leitura":"1 minuto"},"schema":{"@context":"https:\/\/schema.org","@graph":[{"@type":"Article","@id":"https:\/\/meusitejuridico.editorajuspodivm.com.br\/2024\/01\/18\/pge-sp-procurador-ultimo-dia-de-inscricao\/#article","isPartOf":{"@id":"https:\/\/meusitejuridico.editorajuspodivm.com.br\/2024\/01\/18\/pge-sp-procurador-ultimo-dia-de-inscricao\/"},"author":{"name":"Equipe Meu Site Jur\u00eddico","@id":"https:\/\/cdn.meusitejuridico.com.br\/#\/schema\/person\/5c2237ac0c8ff03bcf1a09fe3e45dfce"},"headline":"PGE\/SP &#8211; Procurador &#8211; \u00daltimo dia de inscri\u00e7\u00e3o","datePublished":"2024-01-18T11:18:22+00:00","dateModified":"2024-01-18T11:23:14+00:00","mainEntityOfPage":{"@id":"https:\/\/meusitejuridico.editorajuspodivm.com.br\/2024\/01\/18\/pge-sp-procurador-ultimo-dia-de-inscricao\/"},"wordCount":165,"commentCount":0,"publisher":{"@id":"https:\/\/cdn.meusitejuridico.com.br\/#organization"},"image":{"@id":"https:\/\/meusitejuridico.editorajuspodivm.com.br\/2024\/01\/18\/pge-sp-procurador-ultimo-dia-de-inscricao\/#primaryimage"},"thumbnailUrl":"https:\/\/meusitejuridico.com.br\/s.meusitejuridico\/2022\/05\/33735aa4-jur-verde.png","keywords":["Concursos P\u00fablicos","PGE\/SP","Procurador","\u00faltimo dia de inscri\u00e7\u00e3o","Vunesp"],"articleSection":["Carreiras Jur\u00eddicas","Informa\u00e7\u00f5es de Concursos"],"inLanguage":"pt-BR","potentialAction":[{"@type":"CommentAction","name":"Comment","target":["https:\/\/meusitejuridico.editorajuspodivm.com.br\/2024\/01\/18\/pge-sp-procurador-ultimo-dia-de-inscricao\/#respond"]}]},{"@type":"WebPage","@id":"https:\/\/meusitejuridico.editorajuspodivm.com.br\/2024\/01\/18\/pge-sp-procurador-ultimo-dia-de-inscricao\/","url":"https:\/\/meusitejuridico.editorajuspodivm.com.br\/2024\/01\/18\/pge-sp-procurador-ultimo-dia-de-inscricao\/","name":"PGE\/SP - Procurador - \u00daltimo dia de inscri\u00e7\u00e3o - Meu site jur\u00eddico","isPartOf":{"@id":"https:\/\/cdn.meusitejuridico.com.br\/#website"},"primaryImageOfPage":{"@id":"https:\/\/meusitejuridico.editorajuspodivm.com.br\/2024\/01\/18\/pge-sp-procurador-ultimo-dia-de-inscricao\/#primaryimage"},"image":{"@id":"https:\/\/meusitejuridico.editorajuspodivm.com.br\/2024\/01\/18\/pge-sp-procurador-ultimo-dia-de-inscricao\/#primaryimage"},"thumbnailUrl":"https:\/\/meusitejuridico.com.br\/s.meusitejuridico\/2022\/05\/33735aa4-jur-verde.png","datePublished":"2024-01-18T11:18:22+00:00","dateModified":"2024-01-18T11:23:14+00:00","description":"Hoje \u00e9 o \u00faltimo dia para a realiza\u00e7\u00e3o das inscri\u00e7\u00f5es no\u00a0concurso para o cargo de\u00a0Procurador da\u00a0Procuradoria Geral de S\u00e3o Paulo.","breadcrumb":{"@id":"https:\/\/meusitejuridico.editorajuspodivm.com.br\/2024\/01\/18\/pge-sp-procurador-ultimo-dia-de-inscricao\/#breadcrumb"},"inLanguage":"pt-BR","potentialAction":[{"@type":"ReadAction","target":["https:\/\/meusitejuridico.editorajuspodivm.com.br\/2024\/01\/18\/pge-sp-procurador-ultimo-dia-de-inscricao\/"]}]},{"@type":"ImageObject","inLanguage":"pt-BR","@id":"https:\/\/meusitejuridico.editorajuspodivm.com.br\/2024\/01\/18\/pge-sp-procurador-ultimo-dia-de-inscricao\/#primaryimage","url":"https:\/\/meusitejuridico.com.br\/s.meusitejuridico\/2022\/05\/33735aa4-jur-verde.png","contentUrl":"https:\/\/meusitejuridico.com.br\/s.meusitejuridico\/2022\/05\/33735aa4-jur-verde.png","width":4167,"height":2825},{"@type":"BreadcrumbList","@id":"https:\/\/meusitejuridico.editorajuspodivm.com.br\/2024\/01\/18\/pge-sp-procurador-ultimo-dia-de-inscricao\/#breadcrumb","itemListElement":[{"@type":"ListItem","position":1,"name":"In\u00edcio","item":"https:\/\/cdn.meusitejuridico.com.br\/"},{"@type":"ListItem","position":2,"name":"PGE\/SP &#8211; Procurador &#8211; \u00daltimo dia de inscri\u00e7\u00e3o"}]},{"@type":"WebSite","@id":"https:\/\/cdn.meusitejuridico.com.br\/#website","url":"https:\/\/cdn.meusitejuridico.com.br\/","name":"Meu site jur\u00eddico","description":"Meu site jur\u00eddico","publisher":{"@id":"https:\/\/cdn.meusitejuridico.com.br\/#organization"},"potentialAction":[{"@type":"SearchAction","target":{"@type":"EntryPoint","urlTemplate":"https:\/\/cdn.meusitejuridico.com.br\/?s={search_term_string}"},"query-input":{"@type":"PropertyValueSpecification","valueRequired":true,"valueName":"search_term_string"}}],"inLanguage":"pt-BR"},{"@type":"Organization","@id":"https:\/\/cdn.meusitejuridico.com.br\/#organization","name":"Meu site jur\u00eddico","url":"https:\/\/cdn.meusitejuridico.com.br\/","logo":{"@type":"ImageObject","inLanguage":"pt-BR","@id":"https:\/\/cdn.meusitejuridico.com.br\/#\/schema\/logo\/image\/","url":"https:\/\/meusitejuridico.com.br\/s.meusitejuridico\/2022\/03\/cropped-baeec2a3-msj-02-01-01.png","contentUrl":"https:\/\/meusitejuridico.com.br\/s.meusitejuridico\/2022\/03\/cropped-baeec2a3-msj-02-01-01.png","width":349,"height":243,"caption":"Meu site jur\u00eddico"},"image":{"@id":"https:\/\/cdn.meusitejuridico.com.br\/#\/schema\/logo\/image\/"}},{"@type":"Person","@id":"https:\/\/cdn.meusitejuridico.com.br\/#\/schema\/person\/5c2237ac0c8ff03bcf1a09fe3e45dfce","name":"Equipe Meu Site Jur\u00eddico","image":{"@type":"ImageObject","inLanguage":"pt-BR","@id":"https:\/\/cdn.meusitejuridico.com.br\/#\/schema\/person\/image\/","url":"https:\/\/meusitejuridico.com.br\/s.meusitejuridico\/2020\/07\/6be289aa-logo-msj.png","contentUrl":"https:\/\/meusitejuridico.com.br\/s.meusitejuridico\/2020\/07\/6be289aa-logo-msj.png","caption":"Equipe Meu Site Jur\u00eddico"},"description":"Contem conosco!","url":"https:\/\/meusitejuridico.com.br\/author\/equipe-meu-site-juridico\/"}]}},"_links":{"self":[{"href":"https:\/\/meusitejuridico.com.br\/api\/wp\/v2\/posts\/20002","targetHints":{"allow":["GET"]}}],"collection":[{"href":"https:\/\/meusitejuridico.com.br\/api\/wp\/v2\/posts"}],"about":[{"href":"https:\/\/meusitejuridico.com.br\/api\/wp\/v2\/types\/post"}],"author":[{"embeddable":true,"href":"https:\/\/meusitejuridico.com.br\/api\/wp\/v2\/users\/7"}],"replies":[{"embeddable":true,"href":"https:\/\/meusitejuridico.com.br\/api\/wp\/v2\/comments?post=20002"}],"version-history":[{"count":2,"href":"https:\/\/meusitejuridico.com.br\/api\/wp\/v2\/posts\/20002\/revisions"}],"predecessor-version":[{"id":20006,"href":"https:\/\/meusitejuridico.com.br\/api\/wp\/v2\/posts\/20002\/revisions\/20006"}],"wp:featuredmedia":[{"embeddable":true,"href":"https:\/\/meusitejuridico.com.br\/api\/wp\/v2\/media\/15718"}],"wp:attachment":[{"href":"https:\/\/meusitejuridico.com.br\/api\/wp\/v2\/media?parent=20002"}],"wp:term":[{"taxonomy":"category","embeddable":true,"href":"https:\/\/meusitejuridico.com.br\/api\/wp\/v2\/categories?post=20002"},{"taxonomy":"post_tag","embeddable":true,"href":"https:\/\/meusitejuridico.com.br\/api\/wp\/v2\/tags?post=20002"}],"curies":[{"name":"wp","href":"https:\/\/api.w.org\/{rel}","templated":true}]}}