{"id":20704,"date":"2024-06-07T17:08:24","date_gmt":"2024-06-07T20:08:24","guid":{"rendered":"https:\/\/meusitejuridico.editorajuspodivm.com.br\/?p=20704"},"modified":"2024-06-07T17:11:52","modified_gmt":"2024-06-07T20:11:52","slug":"tema-1-124-do-stj-alteracao-da-tese-juridica-a-ser-votada-e-o-pre-overruling","status":"publish","type":"post","link":"https:\/\/meusitejuridico.com.br\/2024\/06\/07\/tema-1-124-do-stj-alteracao-da-tese-juridica-a-ser-votada-e-o-pre-overruling\/","title":{"rendered":"Tema 1.124 do STJ: altera\u00e7\u00e3o da tese jur\u00eddica a ser votada e o \u201cpr\u00e9-overruling\u201d"},"content":{"rendered":"\n<p>Em 2021 o STJ afetou para julgamento na sistem\u00e1tica dos recursos especiais repetitivos o Tema 1.124, cuja tese jur\u00eddica origin\u00e1ria era a seguinte:<\/p>\n\n\n\n<blockquote class=\"wp-block-quote is-layout-flow wp-block-quote-is-layout-flow\"><p>Definir o termo inicial dos efeitos financeiros dos benef\u00edcios previdenci\u00e1rios concedidos ou revisados judicialmente, por meio de prova n\u00e3o submetida ao crivo administrativo do INSS: se a contar da data do requerimento administrativo ou da cita\u00e7\u00e3o da autarquia previdenci\u00e1ria.<\/p><\/blockquote>\n\n\n\n<p>O julgamento do tema, inicialmente pautado para 22.5.2024, foi suspenso e precedido por quest\u00e3o de ordem, na qual se aprovou a altera\u00e7\u00e3o da tese que ser\u00e1 posteriormente debatida e fixada, a qual passou a ser a seguinte:<\/p>\n\n\n\n<blockquote class=\"wp-block-quote is-layout-flow wp-block-quote-is-layout-flow\"><p>Caso superada a aus\u00eancia do interesse de agir, definir o termo inicial dos efeitos financeiros dos benef\u00edcios previdenci\u00e1rios concedidos ou revisados judicialmente, por meio de prova n\u00e3o submetida ao crivo administrativo do INSS, se a contar da data do requerimento administrativo ou da cita\u00e7\u00e3o da autarquia previdenci\u00e1ria.<\/p><\/blockquote>\n\n\n\n<p>Como se v\u00ea, houve o acr\u00e9scimo do seguinte t\u00f3pico \u00e0 ementa do Tema 1124: \u201cCaso superada a aus\u00eancia do interesse de agir, definir o termo inicial dos efeitos financeiros dos benef\u00edcios previdenci\u00e1rios\u201d.<\/p>\n\n\n\n<p>Ou seja, \u00e0 quest\u00e3o inicial de m\u00e9rito, relativa \u00e0 fixa\u00e7\u00e3o do termo inicial dos efeitos financeiros da implementa\u00e7\u00e3o do benef\u00edcio previdenci\u00e1rio obtido a partir de novos elementos de prova (a partir do requerimento administrativo ou da data da cita\u00e7\u00e3o da autarquia previdenci\u00e1ria?), agregou-se o debate a respeito da configura\u00e7\u00e3o do interesse processual.<\/p>\n\n\n\n<p>O primeiro ponto que deve ser ressaltado neste quadro \u00e9 a possibilidade de o STJ pode realizar esse movimento processual.<\/p>\n\n\n\n<p>Com efeito, o STJ, no julgamento dos recursos especiais repetitivos e formula\u00e7\u00e3o de teses jur\u00eddicas dotadas da qualidade de precedentes qualificados (artigos 926 a 928 do CPC\/2015), n\u00e3o se encontra completamente \u201cpreso\u201d ao paradigma processual cl\u00e1ssico de adstri\u00e7\u00e3o ao pedido, que \u00e9 mais vinculado \u00e0 perspectiva das lides individuais (<em>Caio x T\u00edcio<\/em>).<\/p>\n\n\n\n<p>No julgamento dos recursos especiais repetitivos, conforme constru\u00e7\u00e3o hist\u00f3rica realizada desde 2009, ainda sob a \u00e9gide do CPC\/1973, importa menos o desdobramento do caso concreto e muito mais o estabelecimento da tese jur\u00eddica que repercutir\u00e1 efeitos nos demais processos que tratem do mesmo tema.<\/p>\n\n\n\n<p>Essa compreens\u00e3o \u00e9 refor\u00e7ada pelo artigo 105, inciso III, da Constitui\u00e7\u00e3o Federal, que estabelece o papel constitucional do Superior Tribunal de Justi\u00e7a:<\/p>\n\n\n\n<blockquote class=\"wp-block-quote is-layout-flow wp-block-quote-is-layout-flow\"><p>Art. 105. Compete ao Superior Tribunal de Justi\u00e7a:<\/p><p>III &#8211; julgar, em recurso especial, as causas decididas, em \u00fanica ou \u00faltima inst\u00e2ncia, pelos Tribunais Regionais Federais ou pelos tribunais dos Estados, do Distrito Federal e Territ\u00f3rios, quando a decis\u00e3o recorrida:<\/p><p>a) contrariar tratado ou lei federal, ou negar-lhes vig\u00eancia;<\/p><p>b) julgar v\u00e1lido ato de governo local contestado em face de lei federal;\u00a0<\/p><p>c) der a lei federal interpreta\u00e7\u00e3o divergente da que lhe haja atribu\u00eddo outro tribunal.<\/p><\/blockquote>\n\n\n\n<p>Ou seja, o STJ \u00e9 o Tribunal superior que possui a miss\u00e3o constitucional de definir a correta interpreta\u00e7\u00e3o da legisla\u00e7\u00e3o federal infraconstitucional. J\u00e1 tivemos oportunidade de explicitar esse papel diferenciado do STJ e do STF em nossa obra <strong>Manual dos Recursos C\u00edveis \u2013 Teoria e Pr\u00e1tica<\/strong>, que redigimos em coautoria com o professor Denis Donoso:<\/p>\n\n\n\n<blockquote class=\"wp-block-quote is-layout-flow wp-block-quote-is-layout-flow\"><p>\u201cO STF e o STJ s\u00e3o Tribunais com fun\u00e7\u00e3o diferenciada das demais inst\u00e2ncias jurisdicionais.<\/p><p>Al\u00e9m de compet\u00eancias origin\u00e1rias e recursais bem espec\u00edficas, compete ao primeiro a guarda da Constitui\u00e7\u00e3o (art. 102, <em>caput<\/em>, da CF), que \u00e9 exercida atrav\u00e9s do controle de constitucionalidade concentrado (por meio da A\u00e7\u00e3o Direta de Inconstitucionalidade, etc.) ou difuso (atrav\u00e9s do recurso extraordin\u00e1rio); cabe ao segundo a uniformiza\u00e7\u00e3o da interpreta\u00e7\u00e3o e preserva\u00e7\u00e3o da legisla\u00e7\u00e3o infraconstitucional (papel que decorre da hermen\u00eautica do art. 105, III, da CF), atrav\u00e9s do julgamento do recurso especial.\u201d<\/p><p><a href=\"https:\/\/www.editorajuspodivm.com.br\/manual-dos-recursos-civeis-teoria-e-pratica-teoria-geral-e-recursos-em-especie-2024-9ed\" target=\"_blank\" rel=\"noreferrer noopener\">(DONOSO, Denis; SERAU JR., Marco Aur\u00e9lio. <strong>Manual dos Recursos C\u00edveis \u2013 Teoria e Pr\u00e1tica<\/strong>, 9\u00aa ed., Salvador: Juspodivm, 2024, p. 441)<\/a><\/p><\/blockquote>\n\n\n\n<p>Com esse escopo, compreendemos que pode esse Sodal\u00edcio, no exerc\u00edcio de sua fun\u00e7\u00e3o hermen\u00eautica diferenciada, alterar a tese jur\u00eddica que ser\u00e1 tratada no \u00e2mbito dos recursos especiais repetitivos, ainda que o tema j\u00e1 tenha sido objeto de manifesta\u00e7\u00e3o pelas partes e apresenta\u00e7\u00e3o de raz\u00f5es pelos <em>amici curiae<\/em>.<\/p>\n\n\n\n<p>N\u00e3o custa lembrar que o STJ poder\u00e1, at\u00e9 mesmo, operar \u00e0 altera\u00e7\u00e3o das teses jur\u00eddicas j\u00e1 fixadas no \u00e2mbito dos recursos especiais repetitivos, atrav\u00e9s do mecanismo conhecido como <em>overruling<\/em>.<\/p>\n\n\n\n<p>Por todos estes argumentos, compreende-se que n\u00e3o h\u00e1 qualquer descabimento nesta conduta processual adotada pelo STJ no bojo do Tema 1.124.<\/p>\n\n\n\n<p>Todavia, e especialmente por influ\u00eancia do princ\u00edpio do devido processo legal, consideramos que \u00e9 necess\u00e1rio, leg\u00edtimo e democr\u00e1tico franquear nova possibilidade de manifesta\u00e7\u00e3o processual aos diversos atores processuais que atuaram como <em>amicus curiae<\/em> no debate em torno do Tema 1124.<\/p>\n\n\n\n<p>Ademais, essa interpreta\u00e7\u00e3o encontra espeque no art. 927, \u00a7 2\u00ba, do CPC:<\/p>\n\n\n\n<blockquote class=\"wp-block-quote is-layout-flow wp-block-quote-is-layout-flow\"><p>\u00a7 2\u00ba A altera\u00e7\u00e3o de tese jur\u00eddica adotada em enunciado de s\u00famula ou em julgamento de casos repetitivos poder\u00e1 ser precedida de audi\u00eancias p\u00fablicas e da participa\u00e7\u00e3o de pessoas, \u00f3rg\u00e3os ou entidades que possam contribuir para a rediscuss\u00e3o da tese.<\/p><\/blockquote>\n\n\n\n<p>Consideramos que tal reabertura para participa\u00e7\u00e3o social na forma\u00e7\u00e3o dessa tese jur\u00eddica vinculante pode ocorrer na pr\u00f3pria sustenta\u00e7\u00e3o oral a ser realizada na sess\u00e3o de julgamento do Tema 1124 ou, qui\u00e7\u00e1, a partir da apresenta\u00e7\u00e3o de memoriais complementares aos Ministros do STJ.<\/p>\n","protected":false},"excerpt":{"rendered":"<p>Em 2021 o STJ afetou para julgamento na sistem\u00e1tica dos recursos especiais repetitivos o Tema 1.124, cuja tese jur\u00eddica origin\u00e1ria era a seguinte: Definir o termo inicial dos efeitos financeiros dos benef\u00edcios previdenci\u00e1rios concedidos ou revisados judicialmente, por meio de prova n\u00e3o submetida ao crivo administrativo do INSS: se a contar da data do requerimento [&hellip;]<\/p>\n","protected":false},"author":118,"featured_media":20706,"comment_status":"open","ping_status":"open","sticky":false,"template":"","format":"standard","meta":{"_acf_changed":false,"footnotes":""},"categories":[255,75,80],"tags":[4801,4803,279,4802],"class_list":["post-20704","post","type-post","status-publish","format-standard","has-post-thumbnail","hentry","category-direito-civil","category-jurisprudencia-comentada","category-informativos-stj","tag-overruling","tag-pratica-civel","tag-stj","tag-tema-1124"],"acf":[],"yoast_head":"<!-- This site is optimized with the Yoast SEO plugin v24.8.1 - https:\/\/yoast.com\/wordpress\/plugins\/seo\/ -->\n<title>Tema 1.124 do STJ: altera\u00e7\u00e3o da tese jur\u00eddica a ser votada e o \u201cpr\u00e9-overruling\u201d - Meu site jur\u00eddico<\/title>\n<meta name=\"description\" content=\"Em 2021 o STJ afetou para julgamento na sistem\u00e1tica dos recursos especiais repetitivos o Tema 1.124, cuja tese jur\u00eddica origin\u00e1ria era a seguinte:\" \/>\n<meta name=\"robots\" content=\"index, follow, max-snippet:-1, max-image-preview:large, max-video-preview:-1\" \/>\n<link rel=\"canonical\" href=\"https:\/\/webmail.meusitejuridico.com.br\/2024\/06\/07\/tema-1-124-do-stj-alteracao-da-tese-juridica-a-ser-votada-e-o-pre-overruling\/\" \/>\n<meta property=\"og:locale\" content=\"pt_BR\" \/>\n<meta property=\"og:type\" content=\"article\" \/>\n<meta property=\"og:title\" content=\"Tema 1.124 do STJ: altera\u00e7\u00e3o da tese jur\u00eddica a ser votada e o \u201cpr\u00e9-overruling\u201d - Meu site jur\u00eddico\" \/>\n<meta property=\"og:description\" content=\"Em 2021 o STJ afetou para julgamento na sistem\u00e1tica dos recursos especiais repetitivos o Tema 1.124, cuja tese jur\u00eddica origin\u00e1ria era a seguinte:\" \/>\n<meta property=\"og:url\" content=\"https:\/\/webmail.meusitejuridico.com.br\/2024\/06\/07\/tema-1-124-do-stj-alteracao-da-tese-juridica-a-ser-votada-e-o-pre-overruling\/\" \/>\n<meta property=\"og:site_name\" content=\"Meu site jur\u00eddico\" \/>\n<meta property=\"article:author\" content=\"https:\/\/www.facebook.com\/prof.marco.serau\/\" \/>\n<meta property=\"article:published_time\" content=\"2024-06-07T20:08:24+00:00\" \/>\n<meta property=\"article:modified_time\" content=\"2024-06-07T20:11:52+00:00\" \/>\n<meta property=\"og:image\" content=\"https:\/\/webmail.meusitejuridico.com.br\/s.meusitejuridico\/2024\/06\/6e26c62b-shutterstock-1735249052-scaled.jpg\" \/>\n\t<meta property=\"og:image:width\" content=\"2560\" \/>\n\t<meta property=\"og:image:height\" content=\"1704\" \/>\n\t<meta property=\"og:image:type\" content=\"image\/jpeg\" \/>\n<meta name=\"author\" content=\"Marco Aur\u00e9lio Serau Jr.\" \/>\n<meta name=\"twitter:card\" content=\"summary_large_image\" \/>\n<meta name=\"twitter:creator\" content=\"@marcoserau\" \/>\n<meta name=\"twitter:label1\" content=\"Escrito por\" \/>\n\t<meta name=\"twitter:data1\" content=\"Marco Aur\u00e9lio Serau Jr.\" \/>\n\t<meta name=\"twitter:label2\" content=\"Est. tempo de leitura\" \/>\n\t<meta name=\"twitter:data2\" content=\"4 minutos\" \/>\n<script type=\"application\/ld+json\" class=\"yoast-schema-graph\">{\"@context\":\"https:\/\/schema.org\",\"@graph\":[{\"@type\":\"Article\",\"@id\":\"https:\/\/webmail.meusitejuridico.com.br\/2024\/06\/07\/tema-1-124-do-stj-alteracao-da-tese-juridica-a-ser-votada-e-o-pre-overruling\/#article\",\"isPartOf\":{\"@id\":\"https:\/\/webmail.meusitejuridico.com.br\/2024\/06\/07\/tema-1-124-do-stj-alteracao-da-tese-juridica-a-ser-votada-e-o-pre-overruling\/\"},\"author\":{\"name\":\"Marco Aur\u00e9lio Serau Jr.\",\"@id\":\"https:\/\/cdn.meusitejuridico.com.br\/#\/schema\/person\/1abc56520713c7a1399250f164c32604\"},\"headline\":\"Tema 1.124 do STJ: altera\u00e7\u00e3o da tese jur\u00eddica a ser votada e o \u201cpr\u00e9-overruling\u201d\",\"datePublished\":\"2024-06-07T20:08:24+00:00\",\"dateModified\":\"2024-06-07T20:11:52+00:00\",\"mainEntityOfPage\":{\"@id\":\"https:\/\/webmail.meusitejuridico.com.br\/2024\/06\/07\/tema-1-124-do-stj-alteracao-da-tese-juridica-a-ser-votada-e-o-pre-overruling\/\"},\"wordCount\":930,\"commentCount\":0,\"publisher\":{\"@id\":\"https:\/\/cdn.meusitejuridico.com.br\/#organization\"},\"image\":{\"@id\":\"https:\/\/webmail.meusitejuridico.com.br\/2024\/06\/07\/tema-1-124-do-stj-alteracao-da-tese-juridica-a-ser-votada-e-o-pre-overruling\/#primaryimage\"},\"thumbnailUrl\":\"https:\/\/meusitejuridico.com.br\/s.meusitejuridico\/2024\/06\/6e26c62b-shutterstock-1735249052-scaled.jpg\",\"keywords\":[\"Overruling\",\"Pr\u00e1tica Civel\",\"stj\",\"Tema 1124\"],\"articleSection\":[\"Direito Civil\",\"Jurisprud\u00eancia\",\"STJ\"],\"inLanguage\":\"pt-BR\",\"potentialAction\":[{\"@type\":\"CommentAction\",\"name\":\"Comment\",\"target\":[\"https:\/\/webmail.meusitejuridico.com.br\/2024\/06\/07\/tema-1-124-do-stj-alteracao-da-tese-juridica-a-ser-votada-e-o-pre-overruling\/#respond\"]}]},{\"@type\":\"WebPage\",\"@id\":\"https:\/\/webmail.meusitejuridico.com.br\/2024\/06\/07\/tema-1-124-do-stj-alteracao-da-tese-juridica-a-ser-votada-e-o-pre-overruling\/\",\"url\":\"https:\/\/webmail.meusitejuridico.com.br\/2024\/06\/07\/tema-1-124-do-stj-alteracao-da-tese-juridica-a-ser-votada-e-o-pre-overruling\/\",\"name\":\"Tema 1.124 do STJ: altera\u00e7\u00e3o da tese jur\u00eddica a ser votada e o \u201cpr\u00e9-overruling\u201d - Meu site jur\u00eddico\",\"isPartOf\":{\"@id\":\"https:\/\/cdn.meusitejuridico.com.br\/#website\"},\"primaryImageOfPage\":{\"@id\":\"https:\/\/webmail.meusitejuridico.com.br\/2024\/06\/07\/tema-1-124-do-stj-alteracao-da-tese-juridica-a-ser-votada-e-o-pre-overruling\/#primaryimage\"},\"image\":{\"@id\":\"https:\/\/webmail.meusitejuridico.com.br\/2024\/06\/07\/tema-1-124-do-stj-alteracao-da-tese-juridica-a-ser-votada-e-o-pre-overruling\/#primaryimage\"},\"thumbnailUrl\":\"https:\/\/meusitejuridico.com.br\/s.meusitejuridico\/2024\/06\/6e26c62b-shutterstock-1735249052-scaled.jpg\",\"datePublished\":\"2024-06-07T20:08:24+00:00\",\"dateModified\":\"2024-06-07T20:11:52+00:00\",\"description\":\"Em 2021 o STJ afetou para julgamento na sistem\u00e1tica dos recursos especiais repetitivos o Tema 1.124, cuja tese jur\u00eddica origin\u00e1ria era a seguinte:\",\"breadcrumb\":{\"@id\":\"https:\/\/webmail.meusitejuridico.com.br\/2024\/06\/07\/tema-1-124-do-stj-alteracao-da-tese-juridica-a-ser-votada-e-o-pre-overruling\/#breadcrumb\"},\"inLanguage\":\"pt-BR\",\"potentialAction\":[{\"@type\":\"ReadAction\",\"target\":[\"https:\/\/webmail.meusitejuridico.com.br\/2024\/06\/07\/tema-1-124-do-stj-alteracao-da-tese-juridica-a-ser-votada-e-o-pre-overruling\/\"]}]},{\"@type\":\"ImageObject\",\"inLanguage\":\"pt-BR\",\"@id\":\"https:\/\/webmail.meusitejuridico.com.br\/2024\/06\/07\/tema-1-124-do-stj-alteracao-da-tese-juridica-a-ser-votada-e-o-pre-overruling\/#primaryimage\",\"url\":\"https:\/\/meusitejuridico.com.br\/s.meusitejuridico\/2024\/06\/6e26c62b-shutterstock-1735249052-scaled.jpg\",\"contentUrl\":\"https:\/\/meusitejuridico.com.br\/s.meusitejuridico\/2024\/06\/6e26c62b-shutterstock-1735249052-scaled.jpg\",\"width\":2560,\"height\":1704},{\"@type\":\"BreadcrumbList\",\"@id\":\"https:\/\/webmail.meusitejuridico.com.br\/2024\/06\/07\/tema-1-124-do-stj-alteracao-da-tese-juridica-a-ser-votada-e-o-pre-overruling\/#breadcrumb\",\"itemListElement\":[{\"@type\":\"ListItem\",\"position\":1,\"name\":\"In\u00edcio\",\"item\":\"https:\/\/cdn.meusitejuridico.com.br\/\"},{\"@type\":\"ListItem\",\"position\":2,\"name\":\"Tema 1.124 do STJ: altera\u00e7\u00e3o da tese jur\u00eddica a ser votada e o \u201cpr\u00e9-overruling\u201d\"}]},{\"@type\":\"WebSite\",\"@id\":\"https:\/\/cdn.meusitejuridico.com.br\/#website\",\"url\":\"https:\/\/cdn.meusitejuridico.com.br\/\",\"name\":\"Meu site jur\u00eddico\",\"description\":\"Meu site jur\u00eddico\",\"publisher\":{\"@id\":\"https:\/\/cdn.meusitejuridico.com.br\/#organization\"},\"potentialAction\":[{\"@type\":\"SearchAction\",\"target\":{\"@type\":\"EntryPoint\",\"urlTemplate\":\"https:\/\/cdn.meusitejuridico.com.br\/?s={search_term_string}\"},\"query-input\":{\"@type\":\"PropertyValueSpecification\",\"valueRequired\":true,\"valueName\":\"search_term_string\"}}],\"inLanguage\":\"pt-BR\"},{\"@type\":\"Organization\",\"@id\":\"https:\/\/cdn.meusitejuridico.com.br\/#organization\",\"name\":\"Meu site jur\u00eddico\",\"url\":\"https:\/\/cdn.meusitejuridico.com.br\/\",\"logo\":{\"@type\":\"ImageObject\",\"inLanguage\":\"pt-BR\",\"@id\":\"https:\/\/cdn.meusitejuridico.com.br\/#\/schema\/logo\/image\/\",\"url\":\"https:\/\/meusitejuridico.com.br\/s.meusitejuridico\/2022\/03\/cropped-baeec2a3-msj-02-01-01.png\",\"contentUrl\":\"https:\/\/meusitejuridico.com.br\/s.meusitejuridico\/2022\/03\/cropped-baeec2a3-msj-02-01-01.png\",\"width\":349,\"height\":243,\"caption\":\"Meu site jur\u00eddico\"},\"image\":{\"@id\":\"https:\/\/cdn.meusitejuridico.com.br\/#\/schema\/logo\/image\/\"}},{\"@type\":\"Person\",\"@id\":\"https:\/\/cdn.meusitejuridico.com.br\/#\/schema\/person\/1abc56520713c7a1399250f164c32604\",\"name\":\"Marco Aur\u00e9lio Serau Jr.\",\"image\":{\"@type\":\"ImageObject\",\"inLanguage\":\"pt-BR\",\"@id\":\"https:\/\/cdn.meusitejuridico.com.br\/#\/schema\/person\/image\/\",\"url\":\"https:\/\/meusitejuridico.com.br\/s.meusitejuridico\/2024\/11\/Captura-de-tela-2024-11-22-140046-150x150.jpg\",\"contentUrl\":\"https:\/\/meusitejuridico.com.br\/s.meusitejuridico\/2024\/11\/Captura-de-tela-2024-11-22-140046-150x150.jpg\",\"caption\":\"Marco Aur\u00e9lio Serau Jr.\"},\"description\":\"Professor da UFPR \u2013 Universidade Federal do Paran\u00e1, na gradua\u00e7\u00e3o e p\u00f3s-gradua\u00e7\u00e3o. Doutor e Mestre em Direito pela USP \u2013 Universidade de S\u00e3o Paulo. Advogado e Consultor. Diretor Cient\u00edfico do IEPREV - Instituto de Estudos Previdenci\u00e1rios. Autor de diversas obras jur\u00eddicas, dentre elas Manual dos Recursos C\u00edveis \u2013 Teoria e Pr\u00e1tica, 8\u00aa ed., Juspodivm, 2023 (em coautoria com o Professor Denis Donoso).\",\"sameAs\":[\"https:\/\/www.editorajuspodivm.com.br\/autores\/detalhe\/695?idtag=ebe04ee0-bb3c-4b7f-96b9-fcd9428789d5\",\"https:\/\/www.facebook.com\/prof.marco.serau\/\",\"https:\/\/www.instagram.com\/prof.marcoserau\/\",\"https:\/\/x.com\/marcoserau\"],\"url\":\"https:\/\/meusitejuridico.com.br\/author\/918132643179\/\"}]}<\/script>\n<!-- \/ Yoast SEO plugin. -->","yoast_head_json":{"title":"Tema 1.124 do STJ: altera\u00e7\u00e3o da tese jur\u00eddica a ser votada e o \u201cpr\u00e9-overruling\u201d - Meu site jur\u00eddico","description":"Em 2021 o STJ afetou para julgamento na sistem\u00e1tica dos recursos especiais repetitivos o Tema 1.124, cuja tese jur\u00eddica origin\u00e1ria era a seguinte:","robots":{"index":"index","follow":"follow","max-snippet":"max-snippet:-1","max-image-preview":"max-image-preview:large","max-video-preview":"max-video-preview:-1"},"canonical":"https:\/\/webmail.meusitejuridico.com.br\/2024\/06\/07\/tema-1-124-do-stj-alteracao-da-tese-juridica-a-ser-votada-e-o-pre-overruling\/","og_locale":"pt_BR","og_type":"article","og_title":"Tema 1.124 do STJ: altera\u00e7\u00e3o da tese jur\u00eddica a ser votada e o \u201cpr\u00e9-overruling\u201d - Meu site jur\u00eddico","og_description":"Em 2021 o STJ afetou para julgamento na sistem\u00e1tica dos recursos especiais repetitivos o Tema 1.124, cuja tese jur\u00eddica origin\u00e1ria era a seguinte:","og_url":"https:\/\/webmail.meusitejuridico.com.br\/2024\/06\/07\/tema-1-124-do-stj-alteracao-da-tese-juridica-a-ser-votada-e-o-pre-overruling\/","og_site_name":"Meu site jur\u00eddico","article_author":"https:\/\/www.facebook.com\/prof.marco.serau\/","article_published_time":"2024-06-07T20:08:24+00:00","article_modified_time":"2024-06-07T20:11:52+00:00","og_image":[{"width":2560,"height":1704,"url":"https:\/\/webmail.meusitejuridico.com.br\/s.meusitejuridico\/2024\/06\/6e26c62b-shutterstock-1735249052-scaled.jpg","type":"image\/jpeg"}],"author":"Marco Aur\u00e9lio Serau Jr.","twitter_card":"summary_large_image","twitter_creator":"@marcoserau","twitter_misc":{"Escrito por":"Marco Aur\u00e9lio Serau Jr.","Est. tempo de leitura":"4 minutos"},"schema":{"@context":"https:\/\/schema.org","@graph":[{"@type":"Article","@id":"https:\/\/webmail.meusitejuridico.com.br\/2024\/06\/07\/tema-1-124-do-stj-alteracao-da-tese-juridica-a-ser-votada-e-o-pre-overruling\/#article","isPartOf":{"@id":"https:\/\/webmail.meusitejuridico.com.br\/2024\/06\/07\/tema-1-124-do-stj-alteracao-da-tese-juridica-a-ser-votada-e-o-pre-overruling\/"},"author":{"name":"Marco Aur\u00e9lio Serau Jr.","@id":"https:\/\/cdn.meusitejuridico.com.br\/#\/schema\/person\/1abc56520713c7a1399250f164c32604"},"headline":"Tema 1.124 do STJ: altera\u00e7\u00e3o da tese jur\u00eddica a ser votada e o \u201cpr\u00e9-overruling\u201d","datePublished":"2024-06-07T20:08:24+00:00","dateModified":"2024-06-07T20:11:52+00:00","mainEntityOfPage":{"@id":"https:\/\/webmail.meusitejuridico.com.br\/2024\/06\/07\/tema-1-124-do-stj-alteracao-da-tese-juridica-a-ser-votada-e-o-pre-overruling\/"},"wordCount":930,"commentCount":0,"publisher":{"@id":"https:\/\/cdn.meusitejuridico.com.br\/#organization"},"image":{"@id":"https:\/\/webmail.meusitejuridico.com.br\/2024\/06\/07\/tema-1-124-do-stj-alteracao-da-tese-juridica-a-ser-votada-e-o-pre-overruling\/#primaryimage"},"thumbnailUrl":"https:\/\/meusitejuridico.com.br\/s.meusitejuridico\/2024\/06\/6e26c62b-shutterstock-1735249052-scaled.jpg","keywords":["Overruling","Pr\u00e1tica Civel","stj","Tema 1124"],"articleSection":["Direito Civil","Jurisprud\u00eancia","STJ"],"inLanguage":"pt-BR","potentialAction":[{"@type":"CommentAction","name":"Comment","target":["https:\/\/webmail.meusitejuridico.com.br\/2024\/06\/07\/tema-1-124-do-stj-alteracao-da-tese-juridica-a-ser-votada-e-o-pre-overruling\/#respond"]}]},{"@type":"WebPage","@id":"https:\/\/webmail.meusitejuridico.com.br\/2024\/06\/07\/tema-1-124-do-stj-alteracao-da-tese-juridica-a-ser-votada-e-o-pre-overruling\/","url":"https:\/\/webmail.meusitejuridico.com.br\/2024\/06\/07\/tema-1-124-do-stj-alteracao-da-tese-juridica-a-ser-votada-e-o-pre-overruling\/","name":"Tema 1.124 do STJ: altera\u00e7\u00e3o da tese jur\u00eddica a ser votada e o \u201cpr\u00e9-overruling\u201d - Meu site jur\u00eddico","isPartOf":{"@id":"https:\/\/cdn.meusitejuridico.com.br\/#website"},"primaryImageOfPage":{"@id":"https:\/\/webmail.meusitejuridico.com.br\/2024\/06\/07\/tema-1-124-do-stj-alteracao-da-tese-juridica-a-ser-votada-e-o-pre-overruling\/#primaryimage"},"image":{"@id":"https:\/\/webmail.meusitejuridico.com.br\/2024\/06\/07\/tema-1-124-do-stj-alteracao-da-tese-juridica-a-ser-votada-e-o-pre-overruling\/#primaryimage"},"thumbnailUrl":"https:\/\/meusitejuridico.com.br\/s.meusitejuridico\/2024\/06\/6e26c62b-shutterstock-1735249052-scaled.jpg","datePublished":"2024-06-07T20:08:24+00:00","dateModified":"2024-06-07T20:11:52+00:00","description":"Em 2021 o STJ afetou para julgamento na sistem\u00e1tica dos recursos especiais repetitivos o Tema 1.124, cuja tese jur\u00eddica origin\u00e1ria era a seguinte:","breadcrumb":{"@id":"https:\/\/webmail.meusitejuridico.com.br\/2024\/06\/07\/tema-1-124-do-stj-alteracao-da-tese-juridica-a-ser-votada-e-o-pre-overruling\/#breadcrumb"},"inLanguage":"pt-BR","potentialAction":[{"@type":"ReadAction","target":["https:\/\/webmail.meusitejuridico.com.br\/2024\/06\/07\/tema-1-124-do-stj-alteracao-da-tese-juridica-a-ser-votada-e-o-pre-overruling\/"]}]},{"@type":"ImageObject","inLanguage":"pt-BR","@id":"https:\/\/webmail.meusitejuridico.com.br\/2024\/06\/07\/tema-1-124-do-stj-alteracao-da-tese-juridica-a-ser-votada-e-o-pre-overruling\/#primaryimage","url":"https:\/\/meusitejuridico.com.br\/s.meusitejuridico\/2024\/06\/6e26c62b-shutterstock-1735249052-scaled.jpg","contentUrl":"https:\/\/meusitejuridico.com.br\/s.meusitejuridico\/2024\/06\/6e26c62b-shutterstock-1735249052-scaled.jpg","width":2560,"height":1704},{"@type":"BreadcrumbList","@id":"https:\/\/webmail.meusitejuridico.com.br\/2024\/06\/07\/tema-1-124-do-stj-alteracao-da-tese-juridica-a-ser-votada-e-o-pre-overruling\/#breadcrumb","itemListElement":[{"@type":"ListItem","position":1,"name":"In\u00edcio","item":"https:\/\/cdn.meusitejuridico.com.br\/"},{"@type":"ListItem","position":2,"name":"Tema 1.124 do STJ: altera\u00e7\u00e3o da tese jur\u00eddica a ser votada e o \u201cpr\u00e9-overruling\u201d"}]},{"@type":"WebSite","@id":"https:\/\/cdn.meusitejuridico.com.br\/#website","url":"https:\/\/cdn.meusitejuridico.com.br\/","name":"Meu site jur\u00eddico","description":"Meu site jur\u00eddico","publisher":{"@id":"https:\/\/cdn.meusitejuridico.com.br\/#organization"},"potentialAction":[{"@type":"SearchAction","target":{"@type":"EntryPoint","urlTemplate":"https:\/\/cdn.meusitejuridico.com.br\/?s={search_term_string}"},"query-input":{"@type":"PropertyValueSpecification","valueRequired":true,"valueName":"search_term_string"}}],"inLanguage":"pt-BR"},{"@type":"Organization","@id":"https:\/\/cdn.meusitejuridico.com.br\/#organization","name":"Meu site jur\u00eddico","url":"https:\/\/cdn.meusitejuridico.com.br\/","logo":{"@type":"ImageObject","inLanguage":"pt-BR","@id":"https:\/\/cdn.meusitejuridico.com.br\/#\/schema\/logo\/image\/","url":"https:\/\/meusitejuridico.com.br\/s.meusitejuridico\/2022\/03\/cropped-baeec2a3-msj-02-01-01.png","contentUrl":"https:\/\/meusitejuridico.com.br\/s.meusitejuridico\/2022\/03\/cropped-baeec2a3-msj-02-01-01.png","width":349,"height":243,"caption":"Meu site jur\u00eddico"},"image":{"@id":"https:\/\/cdn.meusitejuridico.com.br\/#\/schema\/logo\/image\/"}},{"@type":"Person","@id":"https:\/\/cdn.meusitejuridico.com.br\/#\/schema\/person\/1abc56520713c7a1399250f164c32604","name":"Marco Aur\u00e9lio Serau Jr.","image":{"@type":"ImageObject","inLanguage":"pt-BR","@id":"https:\/\/cdn.meusitejuridico.com.br\/#\/schema\/person\/image\/","url":"https:\/\/meusitejuridico.com.br\/s.meusitejuridico\/2024\/11\/Captura-de-tela-2024-11-22-140046-150x150.jpg","contentUrl":"https:\/\/meusitejuridico.com.br\/s.meusitejuridico\/2024\/11\/Captura-de-tela-2024-11-22-140046-150x150.jpg","caption":"Marco Aur\u00e9lio Serau Jr."},"description":"Professor da UFPR \u2013 Universidade Federal do Paran\u00e1, na gradua\u00e7\u00e3o e p\u00f3s-gradua\u00e7\u00e3o. Doutor e Mestre em Direito pela USP \u2013 Universidade de S\u00e3o Paulo. Advogado e Consultor. Diretor Cient\u00edfico do IEPREV - Instituto de Estudos Previdenci\u00e1rios. Autor de diversas obras jur\u00eddicas, dentre elas Manual dos Recursos C\u00edveis \u2013 Teoria e Pr\u00e1tica, 8\u00aa ed., Juspodivm, 2023 (em coautoria com o Professor Denis Donoso).","sameAs":["https:\/\/www.editorajuspodivm.com.br\/autores\/detalhe\/695?idtag=ebe04ee0-bb3c-4b7f-96b9-fcd9428789d5","https:\/\/www.facebook.com\/prof.marco.serau\/","https:\/\/www.instagram.com\/prof.marcoserau\/","https:\/\/x.com\/marcoserau"],"url":"https:\/\/meusitejuridico.com.br\/author\/918132643179\/"}]}},"_links":{"self":[{"href":"https:\/\/meusitejuridico.com.br\/api\/wp\/v2\/posts\/20704","targetHints":{"allow":["GET"]}}],"collection":[{"href":"https:\/\/meusitejuridico.com.br\/api\/wp\/v2\/posts"}],"about":[{"href":"https:\/\/meusitejuridico.com.br\/api\/wp\/v2\/types\/post"}],"author":[{"embeddable":true,"href":"https:\/\/meusitejuridico.com.br\/api\/wp\/v2\/users\/118"}],"replies":[{"embeddable":true,"href":"https:\/\/meusitejuridico.com.br\/api\/wp\/v2\/comments?post=20704"}],"version-history":[{"count":1,"href":"https:\/\/meusitejuridico.com.br\/api\/wp\/v2\/posts\/20704\/revisions"}],"predecessor-version":[{"id":20705,"href":"https:\/\/meusitejuridico.com.br\/api\/wp\/v2\/posts\/20704\/revisions\/20705"}],"wp:featuredmedia":[{"embeddable":true,"href":"https:\/\/meusitejuridico.com.br\/api\/wp\/v2\/media\/20706"}],"wp:attachment":[{"href":"https:\/\/meusitejuridico.com.br\/api\/wp\/v2\/media?parent=20704"}],"wp:term":[{"taxonomy":"category","embeddable":true,"href":"https:\/\/meusitejuridico.com.br\/api\/wp\/v2\/categories?post=20704"},{"taxonomy":"post_tag","embeddable":true,"href":"https:\/\/meusitejuridico.com.br\/api\/wp\/v2\/tags?post=20704"}],"curies":[{"name":"wp","href":"https:\/\/api.w.org\/{rel}","templated":true}]}}