{"id":20802,"date":"2024-07-01T11:30:21","date_gmt":"2024-07-01T14:30:21","guid":{"rendered":"https:\/\/meusitejuridico.editorajuspodivm.com.br\/?p=20802"},"modified":"2024-07-04T13:28:06","modified_gmt":"2024-07-04T16:28:06","slug":"a-posse-de-maconha-para-consumo-e-a-criacao-de-novo-tipo-legal","status":"publish","type":"post","link":"https:\/\/meusitejuridico.com.br\/2024\/07\/01\/a-posse-de-maconha-para-consumo-e-a-criacao-de-novo-tipo-legal\/","title":{"rendered":"A posse de maconha para consumo e a cria\u00e7\u00e3o de novo tipo legal"},"content":{"rendered":"\n<p>O Supremo Tribunal Federal, no julgamento do Recurso Extraordin\u00e1rio (RE) 635659, de\ufb01niu que a posse de maconha para consumo pr\u00f3prio n\u00e3o constitui crime. Contudo, a mesma conduta ainda \u00e9 considerada il\u00edcito administrativo, n\u00e3o havendo que se falar em legaliza\u00e7\u00e3o ou libera\u00e7\u00e3o da maconha para uso.<\/p>\n\n\n\n<p>A tese \ufb01xada trouxe como par\u00e2metro a quantidade de 40 gramas ou 6 plantas f\u00eameas. At\u00e9 40 gramas, h\u00e1 uma presun\u00e7\u00e3o relativa de que se est\u00e1 diante de uma situa\u00e7\u00e3o de posse para consumo, atraindo a incid\u00eancia de san\u00e7\u00f5es de natureza administrativa. Acima de 40 gramas, tem-se uma presun\u00e7\u00e3o relativa de situa\u00e7\u00e3o de tra\ufb01c\u00e2ncia. As peculiaridades do caso concreto determinar\u00e3o a classi\ufb01ca\u00e7\u00e3o do fato como crime ou n\u00e3o.<\/p>\n\n\n\n<p>Dessa forma, temos um par\u00e2metro de\ufb01nido pelo STF, relacionado ao que se designou como \u201cgramatura\u201d (de\ufb01ni\u00e7\u00e3o de peso em gramas), aliado aos demais par\u00e2metros que j\u00e1 de\ufb01nidos pelo art. 28, \u00a7 2\u00ba da Lei de Drogas, a saber: a quantidade da subst\u00e2ncia apreendida, ao local e \u00e0s condi\u00e7\u00f5es em que se desenvolveu a a\u00e7\u00e3o, \u00e0s circunst\u00e2ncias sociais e pessoais, bem como \u00e0 conduta e aos antecedentes do agente.<\/p>\n\n\n\n<p>Nessa esteira, o STF fez quest\u00e3o de exempli\ufb01car no item 5 da Tese \ufb01xada, circunst\u00e2ncias que devem ser analisadas no momento da abordagem do suspeito ou apreens\u00e3o da droga para a de\ufb01ni\u00e7\u00e3o sobre a situa\u00e7\u00e3o de porte para uso ou para o tr\u00e1\ufb01co: \u201c5. A presun\u00e7\u00e3o do item anterior \u00e9 relativa, n\u00e3o estando a autoridade policial e seus agentes impedidos de realizar a pris\u00e3o em flagrante por tr\u00e1fico de drogas, mesmo para quantidades inferiores ao limite acima estabelecido, quando presentes elementos que indiquem intuito de mercancia, como a forma de acondicionamento da droga, as circunst\u00e2ncias da apreens\u00e3o, a variedade de subst\u00e2ncias apreendidas, a apreens\u00e3o simult\u00e2nea de instrumentos como balan\u00e7a, registros de opera\u00e7\u00f5es comerciais e aparelho celular contendo contatos de usu\u00e1rios ou traficantes;<\/p>\n\n\n\n<p>Se antes da referida decis\u00e3o havia tr\u00eas correntes a respeito da natureza jur\u00eddica do art. 28 da Lei de Drogas (crime, infra\u00e7\u00e3o administrativa e infra\u00e7\u00e3o penal sui generis), hoje n\u00e3o temos d\u00favidas de que h\u00e1 uma inova\u00e7\u00e3o jur\u00eddica &#8211; quem sabe sem precedentes &#8211; com a cria\u00e7\u00e3o de um novo tipo legal.<\/p>\n\n\n\n<p>Por tipo legal, leia-se uma estrutura jur\u00eddica de\ufb01nidora de uma conduta considerada il\u00edcita, com previs\u00e3o da respectiva san\u00e7\u00e3o, o que atende ao Princ\u00edpio da Legalidade. Esse tipo legal pode de\ufb01nir uma conduta proibida nos \u00e2mbitos administrativo, civil, penal, ou pol\u00edtico-administrativo.<\/p>\n\n\n\n<p>Ap\u00f3s a decis\u00e3o do STF, o art. 28 tornou-se uma nova esp\u00e9cie de tipo legal, pois a depender do objeto material da conduta (at\u00e9 40g de maconha ou outra droga de\ufb01nida pela ANVISA), poderemos estar diante ou de um tipo legal administrativo ou de um tipo legal penal. Estamos, portanto, diante de um <strong>tipo legal h\u00edbrido <\/strong>ou <strong>tipo legal mutante, <\/strong>que ora se comporta como tipo sancionador de natureza administrativa, ora se manifesta como tipo sancionador de natureza criminal. Portanto, hoje, parece inadequado tratar o art. 28 como um \u201ctipo penal\u201d, dada a possibilidade de que estejamos a tratar, necessariamente, de uma conduta relevante para o Direito Penal.<\/p>\n\n\n\n<p>Ainda \u00e9 poss\u00edvel dizer que o art. 28 da Lei de Drogas trata-se de um tipo legal condicionado, pois a depender da condi\u00e7\u00e3o (at\u00e9 40 gramas de maconha ou de outro entorpecente), haver\u00e1 uma mudan\u00e7a na sua natureza jur\u00eddica, re\ufb02etindo nas suas san\u00e7\u00f5es e em outros efeitos jur\u00eddicos.<\/p>\n\n\n\n<p>\u00c9 que o Supremo Tribunal realizou a descriminaliza\u00e7\u00e3o do porte para uso apenas da maconha, e n\u00e3o de outras drogas proscritas. Se a pessoa conduzida possuir 39 gramas de coca\u00edna ou crack, n\u00e3o ser\u00e1 aplicada a presun\u00e7\u00e3o relativa de que se trata de usu\u00e1rio. Ao contr\u00e1rio, tais drogas, considerados o seu volume e densidade, podem representar uma quantidade incompat\u00edvel com a condi\u00e7\u00e3o de mero usu\u00e1rio, incidindo o tipo penal do art. 33 da Lei de Drogas, sempre observados os crit\u00e9rios do art. 28, \u00a7 2\u00ba da Lei 11.343\/2006.<\/p>\n\n\n\n<p>Por isso, temos que o Supremo Tribunal Superior, a partir do julgamento do Recurso Extraordin\u00e1rio (RE) 635659, tornou o art. 28 da Lei de Drogas um <strong>tipo legal h\u00edbrido <\/strong>ou <strong>mutante, <\/strong>havendo que se atentar para o fato de que n\u00e3o estamos mais diante de um tipo penal puro.<\/p>\n","protected":false},"excerpt":{"rendered":"<p>O Supremo Tribunal Federal, no julgamento do Recurso Extraordin\u00e1rio (RE) 635659, de\ufb01niu que a posse de maconha para consumo pr\u00f3prio n\u00e3o constitui crime. Contudo, a mesma conduta ainda \u00e9 considerada il\u00edcito administrativo, n\u00e3o havendo que se falar em legaliza\u00e7\u00e3o ou libera\u00e7\u00e3o da maconha para uso. A tese \ufb01xada trouxe como par\u00e2metro a quantidade de 40 [&hellip;]<\/p>\n","protected":false},"author":65,"featured_media":6858,"comment_status":"open","ping_status":"open","sticky":false,"template":"","format":"standard","meta":{"_acf_changed":false,"footnotes":""},"categories":[1],"tags":[],"class_list":["post-20802","post","type-post","status-publish","format-standard","has-post-thumbnail","hentry","category-artigos"],"acf":[],"yoast_head":"<!-- This site is optimized with the Yoast SEO plugin v24.8.1 - https:\/\/yoast.com\/wordpress\/plugins\/seo\/ -->\n<title>A posse de maconha para consumo e a cria\u00e7\u00e3o de novo tipo legal - Meu site jur\u00eddico<\/title>\n<meta name=\"robots\" content=\"index, follow, max-snippet:-1, max-image-preview:large, max-video-preview:-1\" \/>\n<link rel=\"canonical\" href=\"https:\/\/meusitejuridico.com.br\/2024\/07\/01\/a-posse-de-maconha-para-consumo-e-a-criacao-de-novo-tipo-legal\/\" \/>\n<meta property=\"og:locale\" content=\"pt_BR\" \/>\n<meta property=\"og:type\" content=\"article\" \/>\n<meta property=\"og:title\" content=\"A posse de maconha para consumo e a cria\u00e7\u00e3o de novo tipo legal - Meu site jur\u00eddico\" \/>\n<meta property=\"og:description\" content=\"O Supremo Tribunal Federal, no julgamento do Recurso Extraordin\u00e1rio (RE) 635659, de\ufb01niu que a posse de maconha para consumo pr\u00f3prio n\u00e3o constitui crime. Contudo, a mesma conduta ainda \u00e9 considerada il\u00edcito administrativo, n\u00e3o havendo que se falar em legaliza\u00e7\u00e3o ou libera\u00e7\u00e3o da maconha para uso. A tese \ufb01xada trouxe como par\u00e2metro a quantidade de 40 [&hellip;]\" \/>\n<meta property=\"og:url\" content=\"https:\/\/meusitejuridico.com.br\/2024\/07\/01\/a-posse-de-maconha-para-consumo-e-a-criacao-de-novo-tipo-legal\/\" \/>\n<meta property=\"og:site_name\" content=\"Meu site jur\u00eddico\" \/>\n<meta property=\"article:published_time\" content=\"2024-07-01T14:30:21+00:00\" \/>\n<meta property=\"article:modified_time\" content=\"2024-07-04T16:28:06+00:00\" \/>\n<meta property=\"og:image\" content=\"https:\/\/meusitejuridico.com.br\/s.meusitejuridico\/2018\/11\/30f7d2d7-stf.jpeg\" \/>\n\t<meta property=\"og:image:width\" content=\"1280\" \/>\n\t<meta property=\"og:image:height\" content=\"960\" \/>\n\t<meta property=\"og:image:type\" content=\"image\/jpeg\" \/>\n<meta name=\"author\" content=\"Thiago Solon Gon\u00e7alves Albeche\" \/>\n<meta name=\"twitter:card\" content=\"summary_large_image\" \/>\n<meta name=\"twitter:label1\" content=\"Escrito por\" \/>\n\t<meta name=\"twitter:data1\" content=\"Thiago Solon Gon\u00e7alves Albeche\" \/>\n\t<meta name=\"twitter:label2\" content=\"Est. tempo de leitura\" \/>\n\t<meta name=\"twitter:data2\" content=\"4 minutos\" \/>\n<script type=\"application\/ld+json\" class=\"yoast-schema-graph\">{\"@context\":\"https:\/\/schema.org\",\"@graph\":[{\"@type\":\"Article\",\"@id\":\"https:\/\/meusitejuridico.com.br\/2024\/07\/01\/a-posse-de-maconha-para-consumo-e-a-criacao-de-novo-tipo-legal\/#article\",\"isPartOf\":{\"@id\":\"https:\/\/meusitejuridico.com.br\/2024\/07\/01\/a-posse-de-maconha-para-consumo-e-a-criacao-de-novo-tipo-legal\/\"},\"author\":{\"name\":\"Thiago Solon Gon\u00e7alves Albeche\",\"@id\":\"https:\/\/meusitejuridico.com.br\/#\/schema\/person\/11673a68b0e092da1ba6faf167feb50c\"},\"headline\":\"A posse de maconha para consumo e a cria\u00e7\u00e3o de novo tipo legal\",\"datePublished\":\"2024-07-01T14:30:21+00:00\",\"dateModified\":\"2024-07-04T16:28:06+00:00\",\"mainEntityOfPage\":{\"@id\":\"https:\/\/meusitejuridico.com.br\/2024\/07\/01\/a-posse-de-maconha-para-consumo-e-a-criacao-de-novo-tipo-legal\/\"},\"wordCount\":770,\"commentCount\":0,\"publisher\":{\"@id\":\"https:\/\/meusitejuridico.com.br\/#organization\"},\"image\":{\"@id\":\"https:\/\/meusitejuridico.com.br\/2024\/07\/01\/a-posse-de-maconha-para-consumo-e-a-criacao-de-novo-tipo-legal\/#primaryimage\"},\"thumbnailUrl\":\"https:\/\/meusitejuridico.com.br\/s.meusitejuridico\/2018\/11\/30f7d2d7-stf.jpeg\",\"articleSection\":[\"Artigos\"],\"inLanguage\":\"pt-BR\",\"potentialAction\":[{\"@type\":\"CommentAction\",\"name\":\"Comment\",\"target\":[\"https:\/\/meusitejuridico.com.br\/2024\/07\/01\/a-posse-de-maconha-para-consumo-e-a-criacao-de-novo-tipo-legal\/#respond\"]}]},{\"@type\":\"WebPage\",\"@id\":\"https:\/\/meusitejuridico.com.br\/2024\/07\/01\/a-posse-de-maconha-para-consumo-e-a-criacao-de-novo-tipo-legal\/\",\"url\":\"https:\/\/meusitejuridico.com.br\/2024\/07\/01\/a-posse-de-maconha-para-consumo-e-a-criacao-de-novo-tipo-legal\/\",\"name\":\"A posse de maconha para consumo e a cria\u00e7\u00e3o de novo tipo legal - Meu site jur\u00eddico\",\"isPartOf\":{\"@id\":\"https:\/\/meusitejuridico.com.br\/#website\"},\"primaryImageOfPage\":{\"@id\":\"https:\/\/meusitejuridico.com.br\/2024\/07\/01\/a-posse-de-maconha-para-consumo-e-a-criacao-de-novo-tipo-legal\/#primaryimage\"},\"image\":{\"@id\":\"https:\/\/meusitejuridico.com.br\/2024\/07\/01\/a-posse-de-maconha-para-consumo-e-a-criacao-de-novo-tipo-legal\/#primaryimage\"},\"thumbnailUrl\":\"https:\/\/meusitejuridico.com.br\/s.meusitejuridico\/2018\/11\/30f7d2d7-stf.jpeg\",\"datePublished\":\"2024-07-01T14:30:21+00:00\",\"dateModified\":\"2024-07-04T16:28:06+00:00\",\"breadcrumb\":{\"@id\":\"https:\/\/meusitejuridico.com.br\/2024\/07\/01\/a-posse-de-maconha-para-consumo-e-a-criacao-de-novo-tipo-legal\/#breadcrumb\"},\"inLanguage\":\"pt-BR\",\"potentialAction\":[{\"@type\":\"ReadAction\",\"target\":[\"https:\/\/meusitejuridico.com.br\/2024\/07\/01\/a-posse-de-maconha-para-consumo-e-a-criacao-de-novo-tipo-legal\/\"]}]},{\"@type\":\"ImageObject\",\"inLanguage\":\"pt-BR\",\"@id\":\"https:\/\/meusitejuridico.com.br\/2024\/07\/01\/a-posse-de-maconha-para-consumo-e-a-criacao-de-novo-tipo-legal\/#primaryimage\",\"url\":\"https:\/\/meusitejuridico.com.br\/s.meusitejuridico\/2018\/11\/30f7d2d7-stf.jpeg\",\"contentUrl\":\"https:\/\/meusitejuridico.com.br\/s.meusitejuridico\/2018\/11\/30f7d2d7-stf.jpeg\",\"width\":1280,\"height\":960},{\"@type\":\"BreadcrumbList\",\"@id\":\"https:\/\/meusitejuridico.com.br\/2024\/07\/01\/a-posse-de-maconha-para-consumo-e-a-criacao-de-novo-tipo-legal\/#breadcrumb\",\"itemListElement\":[{\"@type\":\"ListItem\",\"position\":1,\"name\":\"In\u00edcio\",\"item\":\"https:\/\/meusitejuridico.com.br\/\"},{\"@type\":\"ListItem\",\"position\":2,\"name\":\"A posse de maconha para consumo e a cria\u00e7\u00e3o de novo tipo legal\"}]},{\"@type\":\"WebSite\",\"@id\":\"https:\/\/meusitejuridico.com.br\/#website\",\"url\":\"https:\/\/meusitejuridico.com.br\/\",\"name\":\"Meu site jur\u00eddico\",\"description\":\"Meu site jur\u00eddico\",\"publisher\":{\"@id\":\"https:\/\/meusitejuridico.com.br\/#organization\"},\"potentialAction\":[{\"@type\":\"SearchAction\",\"target\":{\"@type\":\"EntryPoint\",\"urlTemplate\":\"https:\/\/meusitejuridico.com.br\/?s={search_term_string}\"},\"query-input\":{\"@type\":\"PropertyValueSpecification\",\"valueRequired\":true,\"valueName\":\"search_term_string\"}}],\"inLanguage\":\"pt-BR\"},{\"@type\":\"Organization\",\"@id\":\"https:\/\/meusitejuridico.com.br\/#organization\",\"name\":\"Meu site jur\u00eddico\",\"url\":\"https:\/\/meusitejuridico.com.br\/\",\"logo\":{\"@type\":\"ImageObject\",\"inLanguage\":\"pt-BR\",\"@id\":\"https:\/\/meusitejuridico.com.br\/#\/schema\/logo\/image\/\",\"url\":\"https:\/\/meusitejuridico.com.br\/s.meusitejuridico\/2022\/03\/cropped-baeec2a3-msj-02-01-01.png\",\"contentUrl\":\"https:\/\/meusitejuridico.com.br\/s.meusitejuridico\/2022\/03\/cropped-baeec2a3-msj-02-01-01.png\",\"width\":349,\"height\":243,\"caption\":\"Meu site jur\u00eddico\"},\"image\":{\"@id\":\"https:\/\/meusitejuridico.com.br\/#\/schema\/logo\/image\/\"}},{\"@type\":\"Person\",\"@id\":\"https:\/\/meusitejuridico.com.br\/#\/schema\/person\/11673a68b0e092da1ba6faf167feb50c\",\"name\":\"Thiago Solon Gon\u00e7alves Albeche\",\"image\":{\"@type\":\"ImageObject\",\"inLanguage\":\"pt-BR\",\"@id\":\"https:\/\/meusitejuridico.com.br\/#\/schema\/person\/image\/\",\"url\":\"https:\/\/meusitejuridico.com.br\/s.meusitejuridico\/2024\/04\/3881b2e6-thiago-albeche-150x150.png\",\"contentUrl\":\"https:\/\/meusitejuridico.com.br\/s.meusitejuridico\/2024\/04\/3881b2e6-thiago-albeche-150x150.png\",\"caption\":\"Thiago Solon Gon\u00e7alves Albeche\"},\"description\":\"Delegado de Pol\u00edcia no Estado do Rio Grande do Sul - Professor de Processo Penal - Coordenador do curso RSC ONLINE\",\"url\":\"https:\/\/meusitejuridico.com.br\/author\/thiagothiago\/\"}]}<\/script>\n<!-- \/ Yoast SEO plugin. -->","yoast_head_json":{"title":"A posse de maconha para consumo e a cria\u00e7\u00e3o de novo tipo legal - Meu site jur\u00eddico","robots":{"index":"index","follow":"follow","max-snippet":"max-snippet:-1","max-image-preview":"max-image-preview:large","max-video-preview":"max-video-preview:-1"},"canonical":"https:\/\/meusitejuridico.com.br\/2024\/07\/01\/a-posse-de-maconha-para-consumo-e-a-criacao-de-novo-tipo-legal\/","og_locale":"pt_BR","og_type":"article","og_title":"A posse de maconha para consumo e a cria\u00e7\u00e3o de novo tipo legal - Meu site jur\u00eddico","og_description":"O Supremo Tribunal Federal, no julgamento do Recurso Extraordin\u00e1rio (RE) 635659, de\ufb01niu que a posse de maconha para consumo pr\u00f3prio n\u00e3o constitui crime. Contudo, a mesma conduta ainda \u00e9 considerada il\u00edcito administrativo, n\u00e3o havendo que se falar em legaliza\u00e7\u00e3o ou libera\u00e7\u00e3o da maconha para uso. A tese \ufb01xada trouxe como par\u00e2metro a quantidade de 40 [&hellip;]","og_url":"https:\/\/meusitejuridico.com.br\/2024\/07\/01\/a-posse-de-maconha-para-consumo-e-a-criacao-de-novo-tipo-legal\/","og_site_name":"Meu site jur\u00eddico","article_published_time":"2024-07-01T14:30:21+00:00","article_modified_time":"2024-07-04T16:28:06+00:00","og_image":[{"width":1280,"height":960,"url":"https:\/\/meusitejuridico.com.br\/s.meusitejuridico\/2018\/11\/30f7d2d7-stf.jpeg","type":"image\/jpeg"}],"author":"Thiago Solon Gon\u00e7alves Albeche","twitter_card":"summary_large_image","twitter_misc":{"Escrito por":"Thiago Solon Gon\u00e7alves Albeche","Est. tempo de leitura":"4 minutos"},"schema":{"@context":"https:\/\/schema.org","@graph":[{"@type":"Article","@id":"https:\/\/meusitejuridico.com.br\/2024\/07\/01\/a-posse-de-maconha-para-consumo-e-a-criacao-de-novo-tipo-legal\/#article","isPartOf":{"@id":"https:\/\/meusitejuridico.com.br\/2024\/07\/01\/a-posse-de-maconha-para-consumo-e-a-criacao-de-novo-tipo-legal\/"},"author":{"name":"Thiago Solon Gon\u00e7alves Albeche","@id":"https:\/\/meusitejuridico.com.br\/#\/schema\/person\/11673a68b0e092da1ba6faf167feb50c"},"headline":"A posse de maconha para consumo e a cria\u00e7\u00e3o de novo tipo legal","datePublished":"2024-07-01T14:30:21+00:00","dateModified":"2024-07-04T16:28:06+00:00","mainEntityOfPage":{"@id":"https:\/\/meusitejuridico.com.br\/2024\/07\/01\/a-posse-de-maconha-para-consumo-e-a-criacao-de-novo-tipo-legal\/"},"wordCount":770,"commentCount":0,"publisher":{"@id":"https:\/\/meusitejuridico.com.br\/#organization"},"image":{"@id":"https:\/\/meusitejuridico.com.br\/2024\/07\/01\/a-posse-de-maconha-para-consumo-e-a-criacao-de-novo-tipo-legal\/#primaryimage"},"thumbnailUrl":"https:\/\/meusitejuridico.com.br\/s.meusitejuridico\/2018\/11\/30f7d2d7-stf.jpeg","articleSection":["Artigos"],"inLanguage":"pt-BR","potentialAction":[{"@type":"CommentAction","name":"Comment","target":["https:\/\/meusitejuridico.com.br\/2024\/07\/01\/a-posse-de-maconha-para-consumo-e-a-criacao-de-novo-tipo-legal\/#respond"]}]},{"@type":"WebPage","@id":"https:\/\/meusitejuridico.com.br\/2024\/07\/01\/a-posse-de-maconha-para-consumo-e-a-criacao-de-novo-tipo-legal\/","url":"https:\/\/meusitejuridico.com.br\/2024\/07\/01\/a-posse-de-maconha-para-consumo-e-a-criacao-de-novo-tipo-legal\/","name":"A posse de maconha para consumo e a cria\u00e7\u00e3o de novo tipo legal - Meu site jur\u00eddico","isPartOf":{"@id":"https:\/\/meusitejuridico.com.br\/#website"},"primaryImageOfPage":{"@id":"https:\/\/meusitejuridico.com.br\/2024\/07\/01\/a-posse-de-maconha-para-consumo-e-a-criacao-de-novo-tipo-legal\/#primaryimage"},"image":{"@id":"https:\/\/meusitejuridico.com.br\/2024\/07\/01\/a-posse-de-maconha-para-consumo-e-a-criacao-de-novo-tipo-legal\/#primaryimage"},"thumbnailUrl":"https:\/\/meusitejuridico.com.br\/s.meusitejuridico\/2018\/11\/30f7d2d7-stf.jpeg","datePublished":"2024-07-01T14:30:21+00:00","dateModified":"2024-07-04T16:28:06+00:00","breadcrumb":{"@id":"https:\/\/meusitejuridico.com.br\/2024\/07\/01\/a-posse-de-maconha-para-consumo-e-a-criacao-de-novo-tipo-legal\/#breadcrumb"},"inLanguage":"pt-BR","potentialAction":[{"@type":"ReadAction","target":["https:\/\/meusitejuridico.com.br\/2024\/07\/01\/a-posse-de-maconha-para-consumo-e-a-criacao-de-novo-tipo-legal\/"]}]},{"@type":"ImageObject","inLanguage":"pt-BR","@id":"https:\/\/meusitejuridico.com.br\/2024\/07\/01\/a-posse-de-maconha-para-consumo-e-a-criacao-de-novo-tipo-legal\/#primaryimage","url":"https:\/\/meusitejuridico.com.br\/s.meusitejuridico\/2018\/11\/30f7d2d7-stf.jpeg","contentUrl":"https:\/\/meusitejuridico.com.br\/s.meusitejuridico\/2018\/11\/30f7d2d7-stf.jpeg","width":1280,"height":960},{"@type":"BreadcrumbList","@id":"https:\/\/meusitejuridico.com.br\/2024\/07\/01\/a-posse-de-maconha-para-consumo-e-a-criacao-de-novo-tipo-legal\/#breadcrumb","itemListElement":[{"@type":"ListItem","position":1,"name":"In\u00edcio","item":"https:\/\/meusitejuridico.com.br\/"},{"@type":"ListItem","position":2,"name":"A posse de maconha para consumo e a cria\u00e7\u00e3o de novo tipo legal"}]},{"@type":"WebSite","@id":"https:\/\/meusitejuridico.com.br\/#website","url":"https:\/\/meusitejuridico.com.br\/","name":"Meu site jur\u00eddico","description":"Meu site jur\u00eddico","publisher":{"@id":"https:\/\/meusitejuridico.com.br\/#organization"},"potentialAction":[{"@type":"SearchAction","target":{"@type":"EntryPoint","urlTemplate":"https:\/\/meusitejuridico.com.br\/?s={search_term_string}"},"query-input":{"@type":"PropertyValueSpecification","valueRequired":true,"valueName":"search_term_string"}}],"inLanguage":"pt-BR"},{"@type":"Organization","@id":"https:\/\/meusitejuridico.com.br\/#organization","name":"Meu site jur\u00eddico","url":"https:\/\/meusitejuridico.com.br\/","logo":{"@type":"ImageObject","inLanguage":"pt-BR","@id":"https:\/\/meusitejuridico.com.br\/#\/schema\/logo\/image\/","url":"https:\/\/meusitejuridico.com.br\/s.meusitejuridico\/2022\/03\/cropped-baeec2a3-msj-02-01-01.png","contentUrl":"https:\/\/meusitejuridico.com.br\/s.meusitejuridico\/2022\/03\/cropped-baeec2a3-msj-02-01-01.png","width":349,"height":243,"caption":"Meu site jur\u00eddico"},"image":{"@id":"https:\/\/meusitejuridico.com.br\/#\/schema\/logo\/image\/"}},{"@type":"Person","@id":"https:\/\/meusitejuridico.com.br\/#\/schema\/person\/11673a68b0e092da1ba6faf167feb50c","name":"Thiago Solon Gon\u00e7alves Albeche","image":{"@type":"ImageObject","inLanguage":"pt-BR","@id":"https:\/\/meusitejuridico.com.br\/#\/schema\/person\/image\/","url":"https:\/\/meusitejuridico.com.br\/s.meusitejuridico\/2024\/04\/3881b2e6-thiago-albeche-150x150.png","contentUrl":"https:\/\/meusitejuridico.com.br\/s.meusitejuridico\/2024\/04\/3881b2e6-thiago-albeche-150x150.png","caption":"Thiago Solon Gon\u00e7alves Albeche"},"description":"Delegado de Pol\u00edcia no Estado do Rio Grande do Sul - Professor de Processo Penal - Coordenador do curso RSC ONLINE","url":"https:\/\/meusitejuridico.com.br\/author\/thiagothiago\/"}]}},"_links":{"self":[{"href":"https:\/\/meusitejuridico.com.br\/api\/wp\/v2\/posts\/20802","targetHints":{"allow":["GET"]}}],"collection":[{"href":"https:\/\/meusitejuridico.com.br\/api\/wp\/v2\/posts"}],"about":[{"href":"https:\/\/meusitejuridico.com.br\/api\/wp\/v2\/types\/post"}],"author":[{"embeddable":true,"href":"https:\/\/meusitejuridico.com.br\/api\/wp\/v2\/users\/65"}],"replies":[{"embeddable":true,"href":"https:\/\/meusitejuridico.com.br\/api\/wp\/v2\/comments?post=20802"}],"version-history":[{"count":4,"href":"https:\/\/meusitejuridico.com.br\/api\/wp\/v2\/posts\/20802\/revisions"}],"predecessor-version":[{"id":20846,"href":"https:\/\/meusitejuridico.com.br\/api\/wp\/v2\/posts\/20802\/revisions\/20846"}],"wp:featuredmedia":[{"embeddable":true,"href":"https:\/\/meusitejuridico.com.br\/api\/wp\/v2\/media\/6858"}],"wp:attachment":[{"href":"https:\/\/meusitejuridico.com.br\/api\/wp\/v2\/media?parent=20802"}],"wp:term":[{"taxonomy":"category","embeddable":true,"href":"https:\/\/meusitejuridico.com.br\/api\/wp\/v2\/categories?post=20802"},{"taxonomy":"post_tag","embeddable":true,"href":"https:\/\/meusitejuridico.com.br\/api\/wp\/v2\/tags?post=20802"}],"curies":[{"name":"wp","href":"https:\/\/api.w.org\/{rel}","templated":true}]}}