{"id":2314,"date":"2017-05-05T18:03:32","date_gmt":"2017-05-05T21:03:32","guid":{"rendered":"https:\/\/meusitejuridico.com.br\/?p=2314"},"modified":"2022-01-18T16:44:57","modified_gmt":"2022-01-18T19:44:57","slug":"condicao-de-maternidade-e-prisao-cautelar-domiciliar-direito-subjetivo-da-mae-ou-faculdade-juiz","status":"publish","type":"post","link":"https:\/\/meusitejuridico.com.br\/2017\/05\/05\/condicao-de-maternidade-e-prisao-cautelar-domiciliar-direito-subjetivo-da-mae-ou-faculdade-juiz\/","title":{"rendered":"Condi\u00e7\u00e3o de maternidade e a pris\u00e3o cautelar domiciliar: direito subjetivo da m\u00e3e ou faculdade do juiz?"},"content":{"rendered":"<p>Prev\u00ea o art. 318, III, CPP, a possibilidade da substitui\u00e7\u00e3o da pris\u00e3o preventiva por pris\u00e3o domiciliar quando o preso tiver, sob seus cuidados, pessoa que conte menos de seis anos de idade ou que porte necessidades especiais. Ser\u00e1 dirigido, na maioria dos casos, \u00e0s mulheres, quase sempre as mais vocacionadas a ter a prole ou terceiros consigo, embora a lei n\u00e3o exija a exist\u00eancia de rela\u00e7\u00e3o de parentesco entre eles.<\/p>\n<p>Venho alertando, no entanto, que essa medida deve ser aplicada com cautela, sob pena de desmoraliza\u00e7\u00e3o do instituto e, de resto, da pr\u00f3pria imagem da justi\u00e7a.<\/p>\n<p>Assim, a demonstra\u00e7\u00e3o de que determinada crian\u00e7a, com menos de seis anos ou portadora de defici\u00eancia f\u00edsica, necessita cuidados especiais, \u00e9 presumida, isto \u00e9, n\u00e3o reclamar\u00e1 comprova\u00e7\u00e3o. O que exige comprova\u00e7\u00e3o \u00e9 a <em>imprescindibilidade<\/em> da presen\u00e7a do agente, bem como a sufici\u00eancia e a adequa\u00e7\u00e3o da medida.<\/p>\n<p>De sorte que determinada m\u00e3e pode ter um filho de tr\u00eas anos de idade que, no entanto, se acha sob a guarda da av\u00f3 materna. Quem milita no Direito de Fam\u00edlia sabe que s\u00e3o in\u00fameros os casos dessa esp\u00e9cie.<\/p>\n<p>Ora, se a crian\u00e7a \u00e9 cuidada pela guardi\u00e3 e que tal instituto (da guarda) \u201cobriga a presta\u00e7\u00e3o de assist\u00eancia material, moral e educacional \u00e0 crian\u00e7a &#8230;\u201d, na dic\u00e7\u00e3o do art. 33 do Estatuto da Crian\u00e7a e do Adolescente (Lei n. 8.069\/1990), parece \u00f3bvio ser prescind\u00edvel o aux\u00edlio da m\u00e3e. E mesmo na hip\u00f3tese de a guarda de <em>fato<\/em> ser exercida por terceiros, \u00e9 poss\u00edvel que a crian\u00e7a esteja sendo cuidada adequadamente, n\u00e3o havendo raz\u00e3o para, sob esse fundamento, conceder-se a pris\u00e3o domiciliar ao agente. O mesmo racioc\u00ednio se aplica ao portador de necessidades especiais.<\/p>\n<p>Do exposto, v\u00ea-se que a comprova\u00e7\u00e3o quanto \u00e0 idade e em rela\u00e7\u00e3o \u00e0 defici\u00eancia f\u00edsica, n\u00e3o importa em maior dificuldade. O que se mostra bem mais complexa \u00e9 a demonstra\u00e7\u00e3o da imprescindibilidade, posto que nenhum juiz, decerto, ir\u00e1 conceder o favor legal ante a singela juntada de uma certid\u00e3o de nascimento ou de um relat\u00f3rio m\u00e9dico. Poder\u00e1, nestes casos, ser necess\u00e1ria a elabora\u00e7\u00e3o de estudos t\u00e9cnicos, de car\u00e1ter social e mesmo psicol\u00f3gico, a fim de se averiguar se a situa\u00e7\u00e3o \u00e9 de tamanha gravidade que justifique a concess\u00e3o do benef\u00edcio. Em outras palavras: somente com a comprova\u00e7\u00e3o, primeiro, da idade da crian\u00e7a ou da presen\u00e7a da defici\u00eancia e, segundo, que a manuten\u00e7\u00e3o do preso em casa \u00e9 absolutamente necess\u00e1ria para que a crian\u00e7a ou o portador de necessidades especiais seja devidamente cuidado, \u00e9 que se deferir\u00e1 o favor legal. Nesse sentido, a prop\u00f3sito, a \u201cJurisprud\u00eancia de S\u00famulas do STJ\u201d, tese n. 4 <em>in verbis<\/em>: \u201cA pris\u00e3o preventiva poder\u00e1 ser substitu\u00edda pela domiciliar quando o agente for comprovadamente imprescind\u00edvel aos cuidados especiais de pessoa menor de 06 (seis) anos de idade ou com defici\u00eancia\u201d.<\/p>\n<p>Recentemente o STF decidiu no mesmo sentido. Para a concess\u00e3o da pris\u00e3o domiciliar, que traduz mera faculdade judicial, n\u00e3o basta a condi\u00e7\u00e3o de maternidade, pois, para esse espec\u00edfico efeito, imp\u00f5e-se ao Poder Judici\u00e1rio o exame favor\u00e1vel da conduta e da personalidade da agente e, sobretudo, em face de seu inquestion\u00e1vel relevo, a conveni\u00eancia e o atendimento ao superior interesse do menor. Todas essas circunst\u00e2ncias devem constituir objeto de adequada pondera\u00e7\u00e3o, em ordem a que a ado\u00e7\u00e3o da medida excepcional da pris\u00e3o domiciliar efetivamente satisfa\u00e7a o princ\u00edpio da proporcionalidade e respeite o interesse maior da crian\u00e7a. Esses vetores, por isso mesmo, h\u00e3o de orientar o magistrado na concess\u00e3o da pris\u00e3o domiciliar (HC 134.734\/SP).<\/p>\n<p>Pretende prestar concurso para o Minist\u00e9rio P\u00fablico? <a href=\"https:\/\/goo.gl\/uM3Gtx\" target=\"_blank\" rel=\"noopener\">Clique aqui e baixe gratuitamente um Modelo de Manifesta\u00e7\u00e3o Ministerial\u00a0sobre esse tema, de autoria do Professor e Promotor de Justi\u00e7a Rog\u00e9rio Sanches Cunha<\/a>.<\/p>\n<p><strong>Para se aprofundar no tema:<\/strong><\/p>\n<p><a href=\"https:\/\/goo.gl\/0i89vQ\" target=\"_blank\" rel=\"noopener\">PR\u00c1TICA PENAL PARA MINIST\u00c9RIO P\u00daBLICO (2017)<\/a><\/p>\n","protected":false},"excerpt":{"rendered":"<p>Prev\u00ea o art. 318, III, CPP, a possibilidade da substitui\u00e7\u00e3o da pris\u00e3o preventiva por pris\u00e3o domiciliar quando o preso tiver, sob seus cuidados, pessoa que conte menos de seis anos de idade ou que porte necessidades especiais. Ser\u00e1 dirigido, na maioria dos casos, \u00e0s mulheres, quase sempre as mais vocacionadas a ter a prole ou [&hellip;]<\/p>\n","protected":false},"author":3,"featured_media":2317,"comment_status":"open","ping_status":"open","sticky":false,"template":"","format":"standard","meta":{"_acf_changed":false,"footnotes":""},"categories":[114,70,75,79],"tags":[413,183,411,412],"class_list":["post-2314","post","type-post","status-publish","format-standard","has-post-thumbnail","hentry","category-direito-processual-penal","category-informativos-comentados","category-jurisprudencia-comentada","category-informativos-stf","tag-maternidade","tag-ministerio-publico","tag-modelo-de-manifestacao","tag-prisao-cautelar-domiciliar"],"acf":[],"yoast_head":"<!-- This site is optimized with the Yoast SEO plugin v24.8.1 - https:\/\/yoast.com\/wordpress\/plugins\/seo\/ -->\n<title>Condi\u00e7\u00e3o de maternidade e a pris\u00e3o cautelar domiciliar: direito subjetivo da m\u00e3e ou faculdade do juiz? - Meu site jur\u00eddico<\/title>\n<meta name=\"robots\" content=\"index, follow, max-snippet:-1, max-image-preview:large, max-video-preview:-1\" \/>\n<link rel=\"canonical\" href=\"https:\/\/meusitejuridico.com.br\/2017\/05\/05\/condicao-de-maternidade-e-prisao-cautelar-domiciliar-direito-subjetivo-da-mae-ou-faculdade-juiz\/\" \/>\n<meta property=\"og:locale\" content=\"pt_BR\" \/>\n<meta property=\"og:type\" content=\"article\" \/>\n<meta property=\"og:title\" content=\"Condi\u00e7\u00e3o de maternidade e a pris\u00e3o cautelar domiciliar: direito subjetivo da m\u00e3e ou faculdade do juiz? - Meu site jur\u00eddico\" \/>\n<meta property=\"og:description\" content=\"Prev\u00ea o art. 318, III, CPP, a possibilidade da substitui\u00e7\u00e3o da pris\u00e3o preventiva por pris\u00e3o domiciliar quando o preso tiver, sob seus cuidados, pessoa que conte menos de seis anos de idade ou que porte necessidades especiais. Ser\u00e1 dirigido, na maioria dos casos, \u00e0s mulheres, quase sempre as mais vocacionadas a ter a prole ou [&hellip;]\" \/>\n<meta property=\"og:url\" content=\"https:\/\/meusitejuridico.com.br\/2017\/05\/05\/condicao-de-maternidade-e-prisao-cautelar-domiciliar-direito-subjetivo-da-mae-ou-faculdade-juiz\/\" \/>\n<meta property=\"og:site_name\" content=\"Meu site jur\u00eddico\" \/>\n<meta property=\"article:author\" content=\"https:\/\/www.facebook.com\/RogerioSanchesC\" \/>\n<meta property=\"article:published_time\" content=\"2017-05-05T21:03:32+00:00\" \/>\n<meta property=\"article:modified_time\" content=\"2022-01-18T19:44:57+00:00\" \/>\n<meta property=\"og:image\" content=\"https:\/\/meusitejuridico.com.br\/s.meusitejuridico\/2017\/05\/7b9790d8-shutterstock-192438032.jpg\" \/>\n\t<meta property=\"og:image:width\" content=\"500\" \/>\n\t<meta property=\"og:image:height\" content=\"375\" \/>\n\t<meta property=\"og:image:type\" content=\"image\/jpeg\" \/>\n<meta name=\"author\" content=\"Rog\u00e9rio Sanches Cunha\" \/>\n<meta name=\"twitter:card\" content=\"summary_large_image\" \/>\n<meta name=\"twitter:creator\" content=\"@RogerioSanchesC\" \/>\n<meta name=\"twitter:label1\" content=\"Escrito por\" \/>\n\t<meta name=\"twitter:data1\" content=\"Rog\u00e9rio Sanches Cunha\" \/>\n\t<meta name=\"twitter:label2\" content=\"Est. tempo de leitura\" \/>\n\t<meta name=\"twitter:data2\" content=\"3 minutos\" \/>\n<script type=\"application\/ld+json\" class=\"yoast-schema-graph\">{\"@context\":\"https:\/\/schema.org\",\"@graph\":[{\"@type\":\"Article\",\"@id\":\"https:\/\/meusitejuridico.com.br\/2017\/05\/05\/condicao-de-maternidade-e-prisao-cautelar-domiciliar-direito-subjetivo-da-mae-ou-faculdade-juiz\/#article\",\"isPartOf\":{\"@id\":\"https:\/\/meusitejuridico.com.br\/2017\/05\/05\/condicao-de-maternidade-e-prisao-cautelar-domiciliar-direito-subjetivo-da-mae-ou-faculdade-juiz\/\"},\"author\":{\"name\":\"Rog\u00e9rio Sanches Cunha\",\"@id\":\"https:\/\/cdn.meusitejuridico.com.br\/#\/schema\/person\/a3cebf06fd267ee700aae09eb6722d16\"},\"headline\":\"Condi\u00e7\u00e3o de maternidade e a pris\u00e3o cautelar domiciliar: direito subjetivo da m\u00e3e ou faculdade do juiz?\",\"datePublished\":\"2017-05-05T21:03:32+00:00\",\"dateModified\":\"2022-01-18T19:44:57+00:00\",\"mainEntityOfPage\":{\"@id\":\"https:\/\/meusitejuridico.com.br\/2017\/05\/05\/condicao-de-maternidade-e-prisao-cautelar-domiciliar-direito-subjetivo-da-mae-ou-faculdade-juiz\/\"},\"wordCount\":714,\"commentCount\":4,\"publisher\":{\"@id\":\"https:\/\/cdn.meusitejuridico.com.br\/#organization\"},\"image\":{\"@id\":\"https:\/\/meusitejuridico.com.br\/2017\/05\/05\/condicao-de-maternidade-e-prisao-cautelar-domiciliar-direito-subjetivo-da-mae-ou-faculdade-juiz\/#primaryimage\"},\"thumbnailUrl\":\"https:\/\/meusitejuridico.com.br\/s.meusitejuridico\/2017\/05\/7b9790d8-shutterstock-192438032.jpg\",\"keywords\":[\"maternidade\",\"Minist\u00e9rio P\u00fablico\",\"Modelo de Manifesta\u00e7\u00e3o\",\"Pris\u00e3o cautelar domiciliar\"],\"articleSection\":[\"Direito Processual Penal\",\"Informativos\",\"Jurisprud\u00eancia\",\"STF\"],\"inLanguage\":\"pt-BR\",\"potentialAction\":[{\"@type\":\"CommentAction\",\"name\":\"Comment\",\"target\":[\"https:\/\/meusitejuridico.com.br\/2017\/05\/05\/condicao-de-maternidade-e-prisao-cautelar-domiciliar-direito-subjetivo-da-mae-ou-faculdade-juiz\/#respond\"]}]},{\"@type\":\"WebPage\",\"@id\":\"https:\/\/meusitejuridico.com.br\/2017\/05\/05\/condicao-de-maternidade-e-prisao-cautelar-domiciliar-direito-subjetivo-da-mae-ou-faculdade-juiz\/\",\"url\":\"https:\/\/meusitejuridico.com.br\/2017\/05\/05\/condicao-de-maternidade-e-prisao-cautelar-domiciliar-direito-subjetivo-da-mae-ou-faculdade-juiz\/\",\"name\":\"Condi\u00e7\u00e3o de maternidade e a pris\u00e3o cautelar domiciliar: direito subjetivo da m\u00e3e ou faculdade do juiz? - Meu site jur\u00eddico\",\"isPartOf\":{\"@id\":\"https:\/\/cdn.meusitejuridico.com.br\/#website\"},\"primaryImageOfPage\":{\"@id\":\"https:\/\/meusitejuridico.com.br\/2017\/05\/05\/condicao-de-maternidade-e-prisao-cautelar-domiciliar-direito-subjetivo-da-mae-ou-faculdade-juiz\/#primaryimage\"},\"image\":{\"@id\":\"https:\/\/meusitejuridico.com.br\/2017\/05\/05\/condicao-de-maternidade-e-prisao-cautelar-domiciliar-direito-subjetivo-da-mae-ou-faculdade-juiz\/#primaryimage\"},\"thumbnailUrl\":\"https:\/\/meusitejuridico.com.br\/s.meusitejuridico\/2017\/05\/7b9790d8-shutterstock-192438032.jpg\",\"datePublished\":\"2017-05-05T21:03:32+00:00\",\"dateModified\":\"2022-01-18T19:44:57+00:00\",\"breadcrumb\":{\"@id\":\"https:\/\/meusitejuridico.com.br\/2017\/05\/05\/condicao-de-maternidade-e-prisao-cautelar-domiciliar-direito-subjetivo-da-mae-ou-faculdade-juiz\/#breadcrumb\"},\"inLanguage\":\"pt-BR\",\"potentialAction\":[{\"@type\":\"ReadAction\",\"target\":[\"https:\/\/meusitejuridico.com.br\/2017\/05\/05\/condicao-de-maternidade-e-prisao-cautelar-domiciliar-direito-subjetivo-da-mae-ou-faculdade-juiz\/\"]}]},{\"@type\":\"ImageObject\",\"inLanguage\":\"pt-BR\",\"@id\":\"https:\/\/meusitejuridico.com.br\/2017\/05\/05\/condicao-de-maternidade-e-prisao-cautelar-domiciliar-direito-subjetivo-da-mae-ou-faculdade-juiz\/#primaryimage\",\"url\":\"https:\/\/meusitejuridico.com.br\/s.meusitejuridico\/2017\/05\/7b9790d8-shutterstock-192438032.jpg\",\"contentUrl\":\"https:\/\/meusitejuridico.com.br\/s.meusitejuridico\/2017\/05\/7b9790d8-shutterstock-192438032.jpg\",\"width\":500,\"height\":375},{\"@type\":\"BreadcrumbList\",\"@id\":\"https:\/\/meusitejuridico.com.br\/2017\/05\/05\/condicao-de-maternidade-e-prisao-cautelar-domiciliar-direito-subjetivo-da-mae-ou-faculdade-juiz\/#breadcrumb\",\"itemListElement\":[{\"@type\":\"ListItem\",\"position\":1,\"name\":\"In\u00edcio\",\"item\":\"https:\/\/cdn.meusitejuridico.com.br\/\"},{\"@type\":\"ListItem\",\"position\":2,\"name\":\"Condi\u00e7\u00e3o de maternidade e a pris\u00e3o cautelar domiciliar: direito subjetivo da m\u00e3e ou faculdade do juiz?\"}]},{\"@type\":\"WebSite\",\"@id\":\"https:\/\/cdn.meusitejuridico.com.br\/#website\",\"url\":\"https:\/\/cdn.meusitejuridico.com.br\/\",\"name\":\"Meu site jur\u00eddico\",\"description\":\"Meu site jur\u00eddico\",\"publisher\":{\"@id\":\"https:\/\/cdn.meusitejuridico.com.br\/#organization\"},\"potentialAction\":[{\"@type\":\"SearchAction\",\"target\":{\"@type\":\"EntryPoint\",\"urlTemplate\":\"https:\/\/cdn.meusitejuridico.com.br\/?s={search_term_string}\"},\"query-input\":{\"@type\":\"PropertyValueSpecification\",\"valueRequired\":true,\"valueName\":\"search_term_string\"}}],\"inLanguage\":\"pt-BR\"},{\"@type\":\"Organization\",\"@id\":\"https:\/\/cdn.meusitejuridico.com.br\/#organization\",\"name\":\"Meu site jur\u00eddico\",\"url\":\"https:\/\/cdn.meusitejuridico.com.br\/\",\"logo\":{\"@type\":\"ImageObject\",\"inLanguage\":\"pt-BR\",\"@id\":\"https:\/\/cdn.meusitejuridico.com.br\/#\/schema\/logo\/image\/\",\"url\":\"https:\/\/meusitejuridico.com.br\/s.meusitejuridico\/2022\/03\/cropped-baeec2a3-msj-02-01-01.png\",\"contentUrl\":\"https:\/\/meusitejuridico.com.br\/s.meusitejuridico\/2022\/03\/cropped-baeec2a3-msj-02-01-01.png\",\"width\":349,\"height\":243,\"caption\":\"Meu site jur\u00eddico\"},\"image\":{\"@id\":\"https:\/\/cdn.meusitejuridico.com.br\/#\/schema\/logo\/image\/\"}},{\"@type\":\"Person\",\"@id\":\"https:\/\/cdn.meusitejuridico.com.br\/#\/schema\/person\/a3cebf06fd267ee700aae09eb6722d16\",\"name\":\"Rog\u00e9rio Sanches Cunha\",\"image\":{\"@type\":\"ImageObject\",\"inLanguage\":\"pt-BR\",\"@id\":\"https:\/\/cdn.meusitejuridico.com.br\/#\/schema\/person\/image\/\",\"url\":\"https:\/\/meusitejuridico.com.br\/s.meusitejuridico\/2023\/04\/7de31285-rsc-0054-scaled-e1681840173909-150x150.jpg\",\"contentUrl\":\"https:\/\/meusitejuridico.com.br\/s.meusitejuridico\/2023\/04\/7de31285-rsc-0054-scaled-e1681840173909-150x150.jpg\",\"caption\":\"Rog\u00e9rio Sanches Cunha\"},\"description\":\"Membro do Ministe\u0301rio Pu\u0301blico do Estado de Sa\u0303o Paulo. Professor da Escola Superior do Ministe\u0301rio Pu\u0301blico dos estados de Sa\u0303o Paulo, Mato Grosso e Santa Catarina. Coordenador Pedag\u00f3gico e Professor de Penal e Processo Penal do Curso RSConline. Fundador do site www.meusitejuridico.com.br. Cofundador e coordenador pedago\u0301gico do JUSPLAY. Autor de obras juri\u0301dicas.\",\"sameAs\":[\"https:\/\/www.editorajuspodivm.com.br\/autores\/detalhe\/107?idtag=ebe04ee0-bb3c-4b7f-96b9-fcd9428789d5\",\"https:\/\/www.facebook.com\/RogerioSanchesC\",\"https:\/\/www.instagram.com\/rogeriosanchescunha\/\",\"https:\/\/x.com\/RogerioSanchesC\",\"https:\/\/www.youtube.com\/user\/RogerioSanchesC\"],\"url\":\"https:\/\/meusitejuridico.com.br\/author\/redesrogeriogmail-com\/\"}]}<\/script>\n<!-- \/ Yoast SEO plugin. -->","yoast_head_json":{"title":"Condi\u00e7\u00e3o de maternidade e a pris\u00e3o cautelar domiciliar: direito subjetivo da m\u00e3e ou faculdade do juiz? - Meu site jur\u00eddico","robots":{"index":"index","follow":"follow","max-snippet":"max-snippet:-1","max-image-preview":"max-image-preview:large","max-video-preview":"max-video-preview:-1"},"canonical":"https:\/\/meusitejuridico.com.br\/2017\/05\/05\/condicao-de-maternidade-e-prisao-cautelar-domiciliar-direito-subjetivo-da-mae-ou-faculdade-juiz\/","og_locale":"pt_BR","og_type":"article","og_title":"Condi\u00e7\u00e3o de maternidade e a pris\u00e3o cautelar domiciliar: direito subjetivo da m\u00e3e ou faculdade do juiz? - Meu site jur\u00eddico","og_description":"Prev\u00ea o art. 318, III, CPP, a possibilidade da substitui\u00e7\u00e3o da pris\u00e3o preventiva por pris\u00e3o domiciliar quando o preso tiver, sob seus cuidados, pessoa que conte menos de seis anos de idade ou que porte necessidades especiais. Ser\u00e1 dirigido, na maioria dos casos, \u00e0s mulheres, quase sempre as mais vocacionadas a ter a prole ou [&hellip;]","og_url":"https:\/\/meusitejuridico.com.br\/2017\/05\/05\/condicao-de-maternidade-e-prisao-cautelar-domiciliar-direito-subjetivo-da-mae-ou-faculdade-juiz\/","og_site_name":"Meu site jur\u00eddico","article_author":"https:\/\/www.facebook.com\/RogerioSanchesC","article_published_time":"2017-05-05T21:03:32+00:00","article_modified_time":"2022-01-18T19:44:57+00:00","og_image":[{"width":500,"height":375,"url":"https:\/\/meusitejuridico.com.br\/s.meusitejuridico\/2017\/05\/7b9790d8-shutterstock-192438032.jpg","type":"image\/jpeg"}],"author":"Rog\u00e9rio Sanches Cunha","twitter_card":"summary_large_image","twitter_creator":"@RogerioSanchesC","twitter_misc":{"Escrito por":"Rog\u00e9rio Sanches Cunha","Est. tempo de leitura":"3 minutos"},"schema":{"@context":"https:\/\/schema.org","@graph":[{"@type":"Article","@id":"https:\/\/meusitejuridico.com.br\/2017\/05\/05\/condicao-de-maternidade-e-prisao-cautelar-domiciliar-direito-subjetivo-da-mae-ou-faculdade-juiz\/#article","isPartOf":{"@id":"https:\/\/meusitejuridico.com.br\/2017\/05\/05\/condicao-de-maternidade-e-prisao-cautelar-domiciliar-direito-subjetivo-da-mae-ou-faculdade-juiz\/"},"author":{"name":"Rog\u00e9rio Sanches Cunha","@id":"https:\/\/cdn.meusitejuridico.com.br\/#\/schema\/person\/a3cebf06fd267ee700aae09eb6722d16"},"headline":"Condi\u00e7\u00e3o de maternidade e a pris\u00e3o cautelar domiciliar: direito subjetivo da m\u00e3e ou faculdade do juiz?","datePublished":"2017-05-05T21:03:32+00:00","dateModified":"2022-01-18T19:44:57+00:00","mainEntityOfPage":{"@id":"https:\/\/meusitejuridico.com.br\/2017\/05\/05\/condicao-de-maternidade-e-prisao-cautelar-domiciliar-direito-subjetivo-da-mae-ou-faculdade-juiz\/"},"wordCount":714,"commentCount":4,"publisher":{"@id":"https:\/\/cdn.meusitejuridico.com.br\/#organization"},"image":{"@id":"https:\/\/meusitejuridico.com.br\/2017\/05\/05\/condicao-de-maternidade-e-prisao-cautelar-domiciliar-direito-subjetivo-da-mae-ou-faculdade-juiz\/#primaryimage"},"thumbnailUrl":"https:\/\/meusitejuridico.com.br\/s.meusitejuridico\/2017\/05\/7b9790d8-shutterstock-192438032.jpg","keywords":["maternidade","Minist\u00e9rio P\u00fablico","Modelo de Manifesta\u00e7\u00e3o","Pris\u00e3o cautelar domiciliar"],"articleSection":["Direito Processual Penal","Informativos","Jurisprud\u00eancia","STF"],"inLanguage":"pt-BR","potentialAction":[{"@type":"CommentAction","name":"Comment","target":["https:\/\/meusitejuridico.com.br\/2017\/05\/05\/condicao-de-maternidade-e-prisao-cautelar-domiciliar-direito-subjetivo-da-mae-ou-faculdade-juiz\/#respond"]}]},{"@type":"WebPage","@id":"https:\/\/meusitejuridico.com.br\/2017\/05\/05\/condicao-de-maternidade-e-prisao-cautelar-domiciliar-direito-subjetivo-da-mae-ou-faculdade-juiz\/","url":"https:\/\/meusitejuridico.com.br\/2017\/05\/05\/condicao-de-maternidade-e-prisao-cautelar-domiciliar-direito-subjetivo-da-mae-ou-faculdade-juiz\/","name":"Condi\u00e7\u00e3o de maternidade e a pris\u00e3o cautelar domiciliar: direito subjetivo da m\u00e3e ou faculdade do juiz? - Meu site jur\u00eddico","isPartOf":{"@id":"https:\/\/cdn.meusitejuridico.com.br\/#website"},"primaryImageOfPage":{"@id":"https:\/\/meusitejuridico.com.br\/2017\/05\/05\/condicao-de-maternidade-e-prisao-cautelar-domiciliar-direito-subjetivo-da-mae-ou-faculdade-juiz\/#primaryimage"},"image":{"@id":"https:\/\/meusitejuridico.com.br\/2017\/05\/05\/condicao-de-maternidade-e-prisao-cautelar-domiciliar-direito-subjetivo-da-mae-ou-faculdade-juiz\/#primaryimage"},"thumbnailUrl":"https:\/\/meusitejuridico.com.br\/s.meusitejuridico\/2017\/05\/7b9790d8-shutterstock-192438032.jpg","datePublished":"2017-05-05T21:03:32+00:00","dateModified":"2022-01-18T19:44:57+00:00","breadcrumb":{"@id":"https:\/\/meusitejuridico.com.br\/2017\/05\/05\/condicao-de-maternidade-e-prisao-cautelar-domiciliar-direito-subjetivo-da-mae-ou-faculdade-juiz\/#breadcrumb"},"inLanguage":"pt-BR","potentialAction":[{"@type":"ReadAction","target":["https:\/\/meusitejuridico.com.br\/2017\/05\/05\/condicao-de-maternidade-e-prisao-cautelar-domiciliar-direito-subjetivo-da-mae-ou-faculdade-juiz\/"]}]},{"@type":"ImageObject","inLanguage":"pt-BR","@id":"https:\/\/meusitejuridico.com.br\/2017\/05\/05\/condicao-de-maternidade-e-prisao-cautelar-domiciliar-direito-subjetivo-da-mae-ou-faculdade-juiz\/#primaryimage","url":"https:\/\/meusitejuridico.com.br\/s.meusitejuridico\/2017\/05\/7b9790d8-shutterstock-192438032.jpg","contentUrl":"https:\/\/meusitejuridico.com.br\/s.meusitejuridico\/2017\/05\/7b9790d8-shutterstock-192438032.jpg","width":500,"height":375},{"@type":"BreadcrumbList","@id":"https:\/\/meusitejuridico.com.br\/2017\/05\/05\/condicao-de-maternidade-e-prisao-cautelar-domiciliar-direito-subjetivo-da-mae-ou-faculdade-juiz\/#breadcrumb","itemListElement":[{"@type":"ListItem","position":1,"name":"In\u00edcio","item":"https:\/\/cdn.meusitejuridico.com.br\/"},{"@type":"ListItem","position":2,"name":"Condi\u00e7\u00e3o de maternidade e a pris\u00e3o cautelar domiciliar: direito subjetivo da m\u00e3e ou faculdade do juiz?"}]},{"@type":"WebSite","@id":"https:\/\/cdn.meusitejuridico.com.br\/#website","url":"https:\/\/cdn.meusitejuridico.com.br\/","name":"Meu site jur\u00eddico","description":"Meu site jur\u00eddico","publisher":{"@id":"https:\/\/cdn.meusitejuridico.com.br\/#organization"},"potentialAction":[{"@type":"SearchAction","target":{"@type":"EntryPoint","urlTemplate":"https:\/\/cdn.meusitejuridico.com.br\/?s={search_term_string}"},"query-input":{"@type":"PropertyValueSpecification","valueRequired":true,"valueName":"search_term_string"}}],"inLanguage":"pt-BR"},{"@type":"Organization","@id":"https:\/\/cdn.meusitejuridico.com.br\/#organization","name":"Meu site jur\u00eddico","url":"https:\/\/cdn.meusitejuridico.com.br\/","logo":{"@type":"ImageObject","inLanguage":"pt-BR","@id":"https:\/\/cdn.meusitejuridico.com.br\/#\/schema\/logo\/image\/","url":"https:\/\/meusitejuridico.com.br\/s.meusitejuridico\/2022\/03\/cropped-baeec2a3-msj-02-01-01.png","contentUrl":"https:\/\/meusitejuridico.com.br\/s.meusitejuridico\/2022\/03\/cropped-baeec2a3-msj-02-01-01.png","width":349,"height":243,"caption":"Meu site jur\u00eddico"},"image":{"@id":"https:\/\/cdn.meusitejuridico.com.br\/#\/schema\/logo\/image\/"}},{"@type":"Person","@id":"https:\/\/cdn.meusitejuridico.com.br\/#\/schema\/person\/a3cebf06fd267ee700aae09eb6722d16","name":"Rog\u00e9rio Sanches Cunha","image":{"@type":"ImageObject","inLanguage":"pt-BR","@id":"https:\/\/cdn.meusitejuridico.com.br\/#\/schema\/person\/image\/","url":"https:\/\/meusitejuridico.com.br\/s.meusitejuridico\/2023\/04\/7de31285-rsc-0054-scaled-e1681840173909-150x150.jpg","contentUrl":"https:\/\/meusitejuridico.com.br\/s.meusitejuridico\/2023\/04\/7de31285-rsc-0054-scaled-e1681840173909-150x150.jpg","caption":"Rog\u00e9rio Sanches Cunha"},"description":"Membro do Ministe\u0301rio Pu\u0301blico do Estado de Sa\u0303o Paulo. Professor da Escola Superior do Ministe\u0301rio Pu\u0301blico dos estados de Sa\u0303o Paulo, Mato Grosso e Santa Catarina. Coordenador Pedag\u00f3gico e Professor de Penal e Processo Penal do Curso RSConline. Fundador do site www.meusitejuridico.com.br. Cofundador e coordenador pedago\u0301gico do JUSPLAY. Autor de obras juri\u0301dicas.","sameAs":["https:\/\/www.editorajuspodivm.com.br\/autores\/detalhe\/107?idtag=ebe04ee0-bb3c-4b7f-96b9-fcd9428789d5","https:\/\/www.facebook.com\/RogerioSanchesC","https:\/\/www.instagram.com\/rogeriosanchescunha\/","https:\/\/x.com\/RogerioSanchesC","https:\/\/www.youtube.com\/user\/RogerioSanchesC"],"url":"https:\/\/meusitejuridico.com.br\/author\/redesrogeriogmail-com\/"}]}},"_links":{"self":[{"href":"https:\/\/meusitejuridico.com.br\/api\/wp\/v2\/posts\/2314","targetHints":{"allow":["GET"]}}],"collection":[{"href":"https:\/\/meusitejuridico.com.br\/api\/wp\/v2\/posts"}],"about":[{"href":"https:\/\/meusitejuridico.com.br\/api\/wp\/v2\/types\/post"}],"author":[{"embeddable":true,"href":"https:\/\/meusitejuridico.com.br\/api\/wp\/v2\/users\/3"}],"replies":[{"embeddable":true,"href":"https:\/\/meusitejuridico.com.br\/api\/wp\/v2\/comments?post=2314"}],"version-history":[{"count":5,"href":"https:\/\/meusitejuridico.com.br\/api\/wp\/v2\/posts\/2314\/revisions"}],"predecessor-version":[{"id":5502,"href":"https:\/\/meusitejuridico.com.br\/api\/wp\/v2\/posts\/2314\/revisions\/5502"}],"wp:featuredmedia":[{"embeddable":true,"href":"https:\/\/meusitejuridico.com.br\/api\/wp\/v2\/media\/2317"}],"wp:attachment":[{"href":"https:\/\/meusitejuridico.com.br\/api\/wp\/v2\/media?parent=2314"}],"wp:term":[{"taxonomy":"category","embeddable":true,"href":"https:\/\/meusitejuridico.com.br\/api\/wp\/v2\/categories?post=2314"},{"taxonomy":"post_tag","embeddable":true,"href":"https:\/\/meusitejuridico.com.br\/api\/wp\/v2\/tags?post=2314"}],"curies":[{"name":"wp","href":"https:\/\/api.w.org\/{rel}","templated":true}]}}