{"id":2589,"date":"2017-05-30T07:00:22","date_gmt":"2017-05-30T10:00:22","guid":{"rendered":"https:\/\/meusitejuridico.com.br\/?p=2589"},"modified":"2017-06-05T16:58:06","modified_gmt":"2017-06-05T19:58:06","slug":"no-crime-continuado-e-indispensavel-homogeneidade-subjetiva","status":"publish","type":"post","link":"https:\/\/meusitejuridico.com.br\/2017\/05\/30\/no-crime-continuado-e-indispensavel-homogeneidade-subjetiva\/","title":{"rendered":"No crime continuado \u00e9 indispens\u00e1vel a homogeneidade subjetiva?"},"content":{"rendered":"<p>Para <a class='qlabs_tooltip_bottom qlabs_tooltip_style_1 cursor_pointer event_hover' style=''  aria-haspopup='true'>Juan Carlos Ferr\u00e9 Oliv\u00e9<span style='width: 180px; '  >Direito Penal Brasileiro \u2013 Parte Geral. S\u00e3o Paulo: Editora Revista dos Tribunais, 2011, p. 614<\/span><\/a>, Miguel \u00c1ngel N\u00fa\u00f1ez Paz, William Terra de Oliveira e Alexis Couto de Brito, \u00e9 imprescind\u00edvel que os v\u00e1rios crimes resultem de plano previamente elaborado pelo agente:<\/p>\n<p>\u201cDeve existir um dolo unit\u00e1rio ou global, que torne coesas todas as infra\u00e7\u00f5es cometidas, por meio da execu\u00e7\u00e3o de um plano preconcebido (que d\u00e1 unidade ao dolo). Esta homogeneidade \u00e9 fundamental para a figura do crime continuado\u201d.<\/p>\n<p><a class='qlabs_tooltip_top qlabs_tooltip_style_1 cursor_pointer event_hover' style=''  aria-haspopup='true'>Luiz Fl\u00e1vio Gomes e Antonio Molina<span style='width: 180px; '  >Direito Penal \u2013 Parte Geral. 2\u00aa ed. S\u00e3o Paulo: RT, 2007, vol. 2, p. 385<\/span><\/a> discordam:<\/p>\n<p>\u201cA unidade de des\u00edgnios: n\u00e3o faz parte dos requisitos do crime continuado. Para n\u00f3s, acolheu-se a teoria objetiva pura (embora haja pol\u00eamica sobre o assunto). De qualquer modo, considerando-se que esse requisito n\u00e3o est\u00e1 expresso na lei, qualquer interpreta\u00e7\u00e3o em sentido contr\u00e1rio viola a garantia da lex estricta\u201d.<\/p>\n<p>Os Tribunais Superiores, n\u00e3o sem raz\u00e3o, t\u00eam adotado a primeira posi\u00e7\u00e3o (imprescind\u00edvel para distinguir crime continuado da habitualidade criminosa). Nesse sentido decidiu o <a class='qlabs_tooltip_top qlabs_tooltip_style_1 cursor_pointer event_hover' style=''  aria-haspopup='true'>STJ<span style='width: 180px; '  >STJ \u2013 HC 240.457\/SP, Rel. Min. Alderita Ramos de Oliveira \u2013 DJe 01\/07\/2013. O STF possui o mesmo entendimento: \u201cPara a caracteriza\u00e7\u00e3o do crime continuado faz-se necess\u00e1ria a presen\u00e7a tanto dos elementos objetivos quanto subjetivos\u201d (STF \u2013 Segunda Turma \u2013 HC 101049 \u2013 Rel. Min. Ellen Gracie \u2013 DJe 21\/05\/2010) <\/span><\/a>: \u201cA jurisprud\u00eancia desta Corte consolidou-se no sentido da aplica\u00e7\u00e3o da teoria objetiva-subjetiva, pela qual o reconhecimento da continuidade delitiva dependente tanto do preenchimento dos requisitos objetivos (tempo, modus operandi, lugar, etc.), como do elemento subjetivo, qual seja, a unidade de des\u00edgnios\u201d.<\/p>\n<p><a href=\"#_ftnref1\" name=\"_ftn1\"><\/a><\/p>\n<p><strong>Material extra\u00eddo da obra\u00a0<a href=\"https:\/\/goo.gl\/GxtIjn\" target=\"_blank\">Manual de Direito Penal (parte geral)<\/a><\/strong><\/p>\n<p>&nbsp;<\/p>\n","protected":false},"excerpt":{"rendered":"<p>Para , Miguel \u00c1ngel N\u00fa\u00f1ez Paz, William Terra de Oliveira e Alexis Couto de Brito, \u00e9 imprescind\u00edvel que os v\u00e1rios crimes resultem de plano previamente elaborado pelo agente: \u201cDeve existir um dolo unit\u00e1rio ou global, que torne coesas todas as infra\u00e7\u00f5es cometidas, por meio da execu\u00e7\u00e3o de um plano preconcebido (que d\u00e1 unidade ao dolo). [&hellip;]<\/p>\n","protected":false},"author":7,"featured_media":2590,"comment_status":"open","ping_status":"open","sticky":false,"template":"","format":"standard","meta":{"_acf_changed":false,"footnotes":""},"categories":[78,437],"tags":[540,541,543,542],"class_list":["post-2589","post","type-post","status-publish","format-standard","has-post-thumbnail","hentry","category-material-de-aula","category-perguntas-e-respostas","tag-concurso-de-crimes","tag-crime-continuado","tag-homogeneidade-subjetiva","tag-requisitos"],"acf":[],"yoast_head":"<!-- This site is optimized with the Yoast SEO plugin v24.8.1 - https:\/\/yoast.com\/wordpress\/plugins\/seo\/ -->\n<title>No crime continuado \u00e9 indispens\u00e1vel a homogeneidade subjetiva? - Meu site jur\u00eddico<\/title>\n<meta name=\"robots\" content=\"index, follow, max-snippet:-1, max-image-preview:large, max-video-preview:-1\" \/>\n<link rel=\"canonical\" href=\"https:\/\/meusitejuridico.editorajuspodivm.com.br\/2017\/05\/30\/no-crime-continuado-e-indispensavel-homogeneidade-subjetiva\/\" \/>\n<meta property=\"og:locale\" content=\"pt_BR\" \/>\n<meta property=\"og:type\" content=\"article\" \/>\n<meta property=\"og:title\" content=\"No crime continuado \u00e9 indispens\u00e1vel a homogeneidade subjetiva? - Meu site jur\u00eddico\" \/>\n<meta property=\"og:description\" content=\"Para , Miguel \u00c1ngel N\u00fa\u00f1ez Paz, William Terra de Oliveira e Alexis Couto de Brito, \u00e9 imprescind\u00edvel que os v\u00e1rios crimes resultem de plano previamente elaborado pelo agente: \u201cDeve existir um dolo unit\u00e1rio ou global, que torne coesas todas as infra\u00e7\u00f5es cometidas, por meio da execu\u00e7\u00e3o de um plano preconcebido (que d\u00e1 unidade ao dolo). [&hellip;]\" \/>\n<meta property=\"og:url\" content=\"https:\/\/meusitejuridico.editorajuspodivm.com.br\/2017\/05\/30\/no-crime-continuado-e-indispensavel-homogeneidade-subjetiva\/\" \/>\n<meta property=\"og:site_name\" content=\"Meu site jur\u00eddico\" \/>\n<meta property=\"article:published_time\" content=\"2017-05-30T10:00:22+00:00\" \/>\n<meta property=\"article:modified_time\" content=\"2017-06-05T19:58:06+00:00\" \/>\n<meta property=\"og:image\" content=\"https:\/\/meusitejuridico.editorajuspodivm.com.br\/s.meusitejuridico\/2017\/05\/cf099f96-shutterstock-114891007.jpg\" \/>\n\t<meta property=\"og:image:width\" content=\"4000\" \/>\n\t<meta property=\"og:image:height\" content=\"4000\" \/>\n\t<meta property=\"og:image:type\" content=\"image\/jpeg\" \/>\n<meta name=\"author\" content=\"Equipe Meu Site Jur\u00eddico\" \/>\n<meta name=\"twitter:card\" content=\"summary_large_image\" \/>\n<meta name=\"twitter:label1\" content=\"Escrito por\" \/>\n\t<meta name=\"twitter:data1\" content=\"Equipe Meu Site Jur\u00eddico\" \/>\n\t<meta name=\"twitter:label2\" content=\"Est. tempo de leitura\" \/>\n\t<meta name=\"twitter:data2\" content=\"2 minutos\" \/>\n<script type=\"application\/ld+json\" class=\"yoast-schema-graph\">{\"@context\":\"https:\/\/schema.org\",\"@graph\":[{\"@type\":\"Article\",\"@id\":\"https:\/\/meusitejuridico.editorajuspodivm.com.br\/2017\/05\/30\/no-crime-continuado-e-indispensavel-homogeneidade-subjetiva\/#article\",\"isPartOf\":{\"@id\":\"https:\/\/meusitejuridico.editorajuspodivm.com.br\/2017\/05\/30\/no-crime-continuado-e-indispensavel-homogeneidade-subjetiva\/\"},\"author\":{\"name\":\"Equipe Meu Site Jur\u00eddico\",\"@id\":\"https:\/\/cdn.meusitejuridico.com.br\/#\/schema\/person\/5c2237ac0c8ff03bcf1a09fe3e45dfce\"},\"headline\":\"No crime continuado \u00e9 indispens\u00e1vel a homogeneidade subjetiva?\",\"datePublished\":\"2017-05-30T10:00:22+00:00\",\"dateModified\":\"2017-06-05T19:58:06+00:00\",\"mainEntityOfPage\":{\"@id\":\"https:\/\/meusitejuridico.editorajuspodivm.com.br\/2017\/05\/30\/no-crime-continuado-e-indispensavel-homogeneidade-subjetiva\/\"},\"wordCount\":350,\"commentCount\":0,\"publisher\":{\"@id\":\"https:\/\/cdn.meusitejuridico.com.br\/#organization\"},\"image\":{\"@id\":\"https:\/\/meusitejuridico.editorajuspodivm.com.br\/2017\/05\/30\/no-crime-continuado-e-indispensavel-homogeneidade-subjetiva\/#primaryimage\"},\"thumbnailUrl\":\"https:\/\/meusitejuridico.com.br\/s.meusitejuridico\/2017\/05\/cf099f96-shutterstock-114891007.jpg\",\"keywords\":[\"concurso de crimes\",\"crime continuado\",\"homogeneidade subjetiva\",\"requisitos\"],\"articleSection\":[\"Material de aula\",\"Perguntas e Respostas\"],\"inLanguage\":\"pt-BR\",\"potentialAction\":[{\"@type\":\"CommentAction\",\"name\":\"Comment\",\"target\":[\"https:\/\/meusitejuridico.editorajuspodivm.com.br\/2017\/05\/30\/no-crime-continuado-e-indispensavel-homogeneidade-subjetiva\/#respond\"]}]},{\"@type\":\"WebPage\",\"@id\":\"https:\/\/meusitejuridico.editorajuspodivm.com.br\/2017\/05\/30\/no-crime-continuado-e-indispensavel-homogeneidade-subjetiva\/\",\"url\":\"https:\/\/meusitejuridico.editorajuspodivm.com.br\/2017\/05\/30\/no-crime-continuado-e-indispensavel-homogeneidade-subjetiva\/\",\"name\":\"No crime continuado \u00e9 indispens\u00e1vel a homogeneidade subjetiva? - Meu site jur\u00eddico\",\"isPartOf\":{\"@id\":\"https:\/\/cdn.meusitejuridico.com.br\/#website\"},\"primaryImageOfPage\":{\"@id\":\"https:\/\/meusitejuridico.editorajuspodivm.com.br\/2017\/05\/30\/no-crime-continuado-e-indispensavel-homogeneidade-subjetiva\/#primaryimage\"},\"image\":{\"@id\":\"https:\/\/meusitejuridico.editorajuspodivm.com.br\/2017\/05\/30\/no-crime-continuado-e-indispensavel-homogeneidade-subjetiva\/#primaryimage\"},\"thumbnailUrl\":\"https:\/\/meusitejuridico.com.br\/s.meusitejuridico\/2017\/05\/cf099f96-shutterstock-114891007.jpg\",\"datePublished\":\"2017-05-30T10:00:22+00:00\",\"dateModified\":\"2017-06-05T19:58:06+00:00\",\"breadcrumb\":{\"@id\":\"https:\/\/meusitejuridico.editorajuspodivm.com.br\/2017\/05\/30\/no-crime-continuado-e-indispensavel-homogeneidade-subjetiva\/#breadcrumb\"},\"inLanguage\":\"pt-BR\",\"potentialAction\":[{\"@type\":\"ReadAction\",\"target\":[\"https:\/\/meusitejuridico.editorajuspodivm.com.br\/2017\/05\/30\/no-crime-continuado-e-indispensavel-homogeneidade-subjetiva\/\"]}]},{\"@type\":\"ImageObject\",\"inLanguage\":\"pt-BR\",\"@id\":\"https:\/\/meusitejuridico.editorajuspodivm.com.br\/2017\/05\/30\/no-crime-continuado-e-indispensavel-homogeneidade-subjetiva\/#primaryimage\",\"url\":\"https:\/\/meusitejuridico.com.br\/s.meusitejuridico\/2017\/05\/cf099f96-shutterstock-114891007.jpg\",\"contentUrl\":\"https:\/\/meusitejuridico.com.br\/s.meusitejuridico\/2017\/05\/cf099f96-shutterstock-114891007.jpg\",\"width\":4000,\"height\":4000},{\"@type\":\"BreadcrumbList\",\"@id\":\"https:\/\/meusitejuridico.editorajuspodivm.com.br\/2017\/05\/30\/no-crime-continuado-e-indispensavel-homogeneidade-subjetiva\/#breadcrumb\",\"itemListElement\":[{\"@type\":\"ListItem\",\"position\":1,\"name\":\"In\u00edcio\",\"item\":\"https:\/\/cdn.meusitejuridico.com.br\/\"},{\"@type\":\"ListItem\",\"position\":2,\"name\":\"No crime continuado \u00e9 indispens\u00e1vel a homogeneidade subjetiva?\"}]},{\"@type\":\"WebSite\",\"@id\":\"https:\/\/cdn.meusitejuridico.com.br\/#website\",\"url\":\"https:\/\/cdn.meusitejuridico.com.br\/\",\"name\":\"Meu site jur\u00eddico\",\"description\":\"Meu site jur\u00eddico\",\"publisher\":{\"@id\":\"https:\/\/cdn.meusitejuridico.com.br\/#organization\"},\"potentialAction\":[{\"@type\":\"SearchAction\",\"target\":{\"@type\":\"EntryPoint\",\"urlTemplate\":\"https:\/\/cdn.meusitejuridico.com.br\/?s={search_term_string}\"},\"query-input\":{\"@type\":\"PropertyValueSpecification\",\"valueRequired\":true,\"valueName\":\"search_term_string\"}}],\"inLanguage\":\"pt-BR\"},{\"@type\":\"Organization\",\"@id\":\"https:\/\/cdn.meusitejuridico.com.br\/#organization\",\"name\":\"Meu site jur\u00eddico\",\"url\":\"https:\/\/cdn.meusitejuridico.com.br\/\",\"logo\":{\"@type\":\"ImageObject\",\"inLanguage\":\"pt-BR\",\"@id\":\"https:\/\/cdn.meusitejuridico.com.br\/#\/schema\/logo\/image\/\",\"url\":\"https:\/\/meusitejuridico.com.br\/s.meusitejuridico\/2022\/03\/cropped-baeec2a3-msj-02-01-01.png\",\"contentUrl\":\"https:\/\/meusitejuridico.com.br\/s.meusitejuridico\/2022\/03\/cropped-baeec2a3-msj-02-01-01.png\",\"width\":349,\"height\":243,\"caption\":\"Meu site jur\u00eddico\"},\"image\":{\"@id\":\"https:\/\/cdn.meusitejuridico.com.br\/#\/schema\/logo\/image\/\"}},{\"@type\":\"Person\",\"@id\":\"https:\/\/cdn.meusitejuridico.com.br\/#\/schema\/person\/5c2237ac0c8ff03bcf1a09fe3e45dfce\",\"name\":\"Equipe Meu Site Jur\u00eddico\",\"image\":{\"@type\":\"ImageObject\",\"inLanguage\":\"pt-BR\",\"@id\":\"https:\/\/cdn.meusitejuridico.com.br\/#\/schema\/person\/image\/\",\"url\":\"https:\/\/meusitejuridico.com.br\/s.meusitejuridico\/2020\/07\/6be289aa-logo-msj.png\",\"contentUrl\":\"https:\/\/meusitejuridico.com.br\/s.meusitejuridico\/2020\/07\/6be289aa-logo-msj.png\",\"caption\":\"Equipe Meu Site Jur\u00eddico\"},\"description\":\"Contem conosco!\",\"url\":\"https:\/\/meusitejuridico.com.br\/author\/equipe-meu-site-juridico\/\"}]}<\/script>\n<!-- \/ Yoast SEO plugin. -->","yoast_head_json":{"title":"No crime continuado \u00e9 indispens\u00e1vel a homogeneidade subjetiva? - Meu site jur\u00eddico","robots":{"index":"index","follow":"follow","max-snippet":"max-snippet:-1","max-image-preview":"max-image-preview:large","max-video-preview":"max-video-preview:-1"},"canonical":"https:\/\/meusitejuridico.editorajuspodivm.com.br\/2017\/05\/30\/no-crime-continuado-e-indispensavel-homogeneidade-subjetiva\/","og_locale":"pt_BR","og_type":"article","og_title":"No crime continuado \u00e9 indispens\u00e1vel a homogeneidade subjetiva? - Meu site jur\u00eddico","og_description":"Para , Miguel \u00c1ngel N\u00fa\u00f1ez Paz, William Terra de Oliveira e Alexis Couto de Brito, \u00e9 imprescind\u00edvel que os v\u00e1rios crimes resultem de plano previamente elaborado pelo agente: \u201cDeve existir um dolo unit\u00e1rio ou global, que torne coesas todas as infra\u00e7\u00f5es cometidas, por meio da execu\u00e7\u00e3o de um plano preconcebido (que d\u00e1 unidade ao dolo). [&hellip;]","og_url":"https:\/\/meusitejuridico.editorajuspodivm.com.br\/2017\/05\/30\/no-crime-continuado-e-indispensavel-homogeneidade-subjetiva\/","og_site_name":"Meu site jur\u00eddico","article_published_time":"2017-05-30T10:00:22+00:00","article_modified_time":"2017-06-05T19:58:06+00:00","og_image":[{"width":4000,"height":4000,"url":"https:\/\/meusitejuridico.editorajuspodivm.com.br\/s.meusitejuridico\/2017\/05\/cf099f96-shutterstock-114891007.jpg","type":"image\/jpeg"}],"author":"Equipe Meu Site Jur\u00eddico","twitter_card":"summary_large_image","twitter_misc":{"Escrito por":"Equipe Meu Site Jur\u00eddico","Est. tempo de leitura":"2 minutos"},"schema":{"@context":"https:\/\/schema.org","@graph":[{"@type":"Article","@id":"https:\/\/meusitejuridico.editorajuspodivm.com.br\/2017\/05\/30\/no-crime-continuado-e-indispensavel-homogeneidade-subjetiva\/#article","isPartOf":{"@id":"https:\/\/meusitejuridico.editorajuspodivm.com.br\/2017\/05\/30\/no-crime-continuado-e-indispensavel-homogeneidade-subjetiva\/"},"author":{"name":"Equipe Meu Site Jur\u00eddico","@id":"https:\/\/cdn.meusitejuridico.com.br\/#\/schema\/person\/5c2237ac0c8ff03bcf1a09fe3e45dfce"},"headline":"No crime continuado \u00e9 indispens\u00e1vel a homogeneidade subjetiva?","datePublished":"2017-05-30T10:00:22+00:00","dateModified":"2017-06-05T19:58:06+00:00","mainEntityOfPage":{"@id":"https:\/\/meusitejuridico.editorajuspodivm.com.br\/2017\/05\/30\/no-crime-continuado-e-indispensavel-homogeneidade-subjetiva\/"},"wordCount":350,"commentCount":0,"publisher":{"@id":"https:\/\/cdn.meusitejuridico.com.br\/#organization"},"image":{"@id":"https:\/\/meusitejuridico.editorajuspodivm.com.br\/2017\/05\/30\/no-crime-continuado-e-indispensavel-homogeneidade-subjetiva\/#primaryimage"},"thumbnailUrl":"https:\/\/meusitejuridico.com.br\/s.meusitejuridico\/2017\/05\/cf099f96-shutterstock-114891007.jpg","keywords":["concurso de crimes","crime continuado","homogeneidade subjetiva","requisitos"],"articleSection":["Material de aula","Perguntas e Respostas"],"inLanguage":"pt-BR","potentialAction":[{"@type":"CommentAction","name":"Comment","target":["https:\/\/meusitejuridico.editorajuspodivm.com.br\/2017\/05\/30\/no-crime-continuado-e-indispensavel-homogeneidade-subjetiva\/#respond"]}]},{"@type":"WebPage","@id":"https:\/\/meusitejuridico.editorajuspodivm.com.br\/2017\/05\/30\/no-crime-continuado-e-indispensavel-homogeneidade-subjetiva\/","url":"https:\/\/meusitejuridico.editorajuspodivm.com.br\/2017\/05\/30\/no-crime-continuado-e-indispensavel-homogeneidade-subjetiva\/","name":"No crime continuado \u00e9 indispens\u00e1vel a homogeneidade subjetiva? - Meu site jur\u00eddico","isPartOf":{"@id":"https:\/\/cdn.meusitejuridico.com.br\/#website"},"primaryImageOfPage":{"@id":"https:\/\/meusitejuridico.editorajuspodivm.com.br\/2017\/05\/30\/no-crime-continuado-e-indispensavel-homogeneidade-subjetiva\/#primaryimage"},"image":{"@id":"https:\/\/meusitejuridico.editorajuspodivm.com.br\/2017\/05\/30\/no-crime-continuado-e-indispensavel-homogeneidade-subjetiva\/#primaryimage"},"thumbnailUrl":"https:\/\/meusitejuridico.com.br\/s.meusitejuridico\/2017\/05\/cf099f96-shutterstock-114891007.jpg","datePublished":"2017-05-30T10:00:22+00:00","dateModified":"2017-06-05T19:58:06+00:00","breadcrumb":{"@id":"https:\/\/meusitejuridico.editorajuspodivm.com.br\/2017\/05\/30\/no-crime-continuado-e-indispensavel-homogeneidade-subjetiva\/#breadcrumb"},"inLanguage":"pt-BR","potentialAction":[{"@type":"ReadAction","target":["https:\/\/meusitejuridico.editorajuspodivm.com.br\/2017\/05\/30\/no-crime-continuado-e-indispensavel-homogeneidade-subjetiva\/"]}]},{"@type":"ImageObject","inLanguage":"pt-BR","@id":"https:\/\/meusitejuridico.editorajuspodivm.com.br\/2017\/05\/30\/no-crime-continuado-e-indispensavel-homogeneidade-subjetiva\/#primaryimage","url":"https:\/\/meusitejuridico.com.br\/s.meusitejuridico\/2017\/05\/cf099f96-shutterstock-114891007.jpg","contentUrl":"https:\/\/meusitejuridico.com.br\/s.meusitejuridico\/2017\/05\/cf099f96-shutterstock-114891007.jpg","width":4000,"height":4000},{"@type":"BreadcrumbList","@id":"https:\/\/meusitejuridico.editorajuspodivm.com.br\/2017\/05\/30\/no-crime-continuado-e-indispensavel-homogeneidade-subjetiva\/#breadcrumb","itemListElement":[{"@type":"ListItem","position":1,"name":"In\u00edcio","item":"https:\/\/cdn.meusitejuridico.com.br\/"},{"@type":"ListItem","position":2,"name":"No crime continuado \u00e9 indispens\u00e1vel a homogeneidade subjetiva?"}]},{"@type":"WebSite","@id":"https:\/\/cdn.meusitejuridico.com.br\/#website","url":"https:\/\/cdn.meusitejuridico.com.br\/","name":"Meu site jur\u00eddico","description":"Meu site jur\u00eddico","publisher":{"@id":"https:\/\/cdn.meusitejuridico.com.br\/#organization"},"potentialAction":[{"@type":"SearchAction","target":{"@type":"EntryPoint","urlTemplate":"https:\/\/cdn.meusitejuridico.com.br\/?s={search_term_string}"},"query-input":{"@type":"PropertyValueSpecification","valueRequired":true,"valueName":"search_term_string"}}],"inLanguage":"pt-BR"},{"@type":"Organization","@id":"https:\/\/cdn.meusitejuridico.com.br\/#organization","name":"Meu site jur\u00eddico","url":"https:\/\/cdn.meusitejuridico.com.br\/","logo":{"@type":"ImageObject","inLanguage":"pt-BR","@id":"https:\/\/cdn.meusitejuridico.com.br\/#\/schema\/logo\/image\/","url":"https:\/\/meusitejuridico.com.br\/s.meusitejuridico\/2022\/03\/cropped-baeec2a3-msj-02-01-01.png","contentUrl":"https:\/\/meusitejuridico.com.br\/s.meusitejuridico\/2022\/03\/cropped-baeec2a3-msj-02-01-01.png","width":349,"height":243,"caption":"Meu site jur\u00eddico"},"image":{"@id":"https:\/\/cdn.meusitejuridico.com.br\/#\/schema\/logo\/image\/"}},{"@type":"Person","@id":"https:\/\/cdn.meusitejuridico.com.br\/#\/schema\/person\/5c2237ac0c8ff03bcf1a09fe3e45dfce","name":"Equipe Meu Site Jur\u00eddico","image":{"@type":"ImageObject","inLanguage":"pt-BR","@id":"https:\/\/cdn.meusitejuridico.com.br\/#\/schema\/person\/image\/","url":"https:\/\/meusitejuridico.com.br\/s.meusitejuridico\/2020\/07\/6be289aa-logo-msj.png","contentUrl":"https:\/\/meusitejuridico.com.br\/s.meusitejuridico\/2020\/07\/6be289aa-logo-msj.png","caption":"Equipe Meu Site Jur\u00eddico"},"description":"Contem conosco!","url":"https:\/\/meusitejuridico.com.br\/author\/equipe-meu-site-juridico\/"}]}},"_links":{"self":[{"href":"https:\/\/meusitejuridico.com.br\/api\/wp\/v2\/posts\/2589","targetHints":{"allow":["GET"]}}],"collection":[{"href":"https:\/\/meusitejuridico.com.br\/api\/wp\/v2\/posts"}],"about":[{"href":"https:\/\/meusitejuridico.com.br\/api\/wp\/v2\/types\/post"}],"author":[{"embeddable":true,"href":"https:\/\/meusitejuridico.com.br\/api\/wp\/v2\/users\/7"}],"replies":[{"embeddable":true,"href":"https:\/\/meusitejuridico.com.br\/api\/wp\/v2\/comments?post=2589"}],"version-history":[{"count":2,"href":"https:\/\/meusitejuridico.com.br\/api\/wp\/v2\/posts\/2589\/revisions"}],"predecessor-version":[{"id":2592,"href":"https:\/\/meusitejuridico.com.br\/api\/wp\/v2\/posts\/2589\/revisions\/2592"}],"wp:featuredmedia":[{"embeddable":true,"href":"https:\/\/meusitejuridico.com.br\/api\/wp\/v2\/media\/2590"}],"wp:attachment":[{"href":"https:\/\/meusitejuridico.com.br\/api\/wp\/v2\/media?parent=2589"}],"wp:term":[{"taxonomy":"category","embeddable":true,"href":"https:\/\/meusitejuridico.com.br\/api\/wp\/v2\/categories?post=2589"},{"taxonomy":"post_tag","embeddable":true,"href":"https:\/\/meusitejuridico.com.br\/api\/wp\/v2\/tags?post=2589"}],"curies":[{"name":"wp","href":"https:\/\/api.w.org\/{rel}","templated":true}]}}