{"id":2607,"date":"2017-06-01T08:48:16","date_gmt":"2017-06-01T11:48:16","guid":{"rendered":"https:\/\/meusitejuridico.com.br\/?p=2607"},"modified":"2017-06-01T08:49:10","modified_gmt":"2017-06-01T11:49:10","slug":"pode-o-presidente-da-republica-prestar-declaracoes-por-escrito-na-condicao-de-investigado","status":"publish","type":"post","link":"https:\/\/meusitejuridico.com.br\/2017\/06\/01\/pode-o-presidente-da-republica-prestar-declaracoes-por-escrito-na-condicao-de-investigado\/","title":{"rendered":"Pode o Presidente da Rep\u00fablica prestar declara\u00e7\u00f5es por ESCRITO, NA CONDI\u00c7\u00c3O DE INVESTIGADO?"},"content":{"rendered":"<p>Tramita no Supremo Tribunal Federal inqu\u00e9rito deflagrado com o fito de investigar pr\u00e1ticas delitivas supostamente cometidas por Sua Excel\u00eancia, o Presidente da Rep\u00fablica (INQ 4483).<\/p>\n<p>Ap\u00f3s ordenar o in\u00edcio do apurat\u00f3rio (iniciado a pedido do Procurador Geral da Rep\u00fablica), o Ministro relator determinou encaminhamento do feito \u00e0 Pol\u00edcia Federal para materializa\u00e7\u00e3o de dilig\u00eancias aptas a elucidar os fatos.<\/p>\n<p>Depois de contato feito pela Pol\u00edcia Federal, para que fosse marcado dia, hora e local para oitiva do Presidente da Rep\u00fablica, os advogados do investigado peticionaram ao Ministro relator, requerendo: <strong>\u201cque se o Presidente da Rep\u00fablica for ouvido dever\u00e1 s\u00ea-lo em ato presidido por Vossa Excel\u00eancia ou responder por escrito quesitos adredemente elaborados\u201d<\/strong>.<\/p>\n<p>A necessidade da oitiva do chefe do Executivo Federal foi ratificada por pedido do Procurador Geral da Rep\u00fablica.<\/p>\n<p>O Ministro Edson Fachin, relator do inqu\u00e9rito, determinou a materializa\u00e7\u00e3o da oitiva, mediante expedi\u00e7\u00e3o de of\u00edcio pela Autoridade Policial ao investigado, com as perguntas que o Delegado de Pol\u00edcia Federal entender pertinentes ao esclarecimento dos fatos, podendo o Presidente da Rep\u00fablica responder aos questionamentos tamb\u00e9m por escrito.<\/p>\n<p>Nesta toada, cumpre analisar o artigo 221, \u00a7\u00a01\u00ba, do C\u00f3digo de Processo Penal, que permite ao Presidente da Rep\u00fablica, caso queira, prestar <strong><u>depoimento<\/u><\/strong> por escrito:<\/p>\n<p>Art. 221. (&#8230;)<\/p>\n<ul>\n<li>1\u00ba. <strong><u>O Presidente<\/u><\/strong> e o Vice-Presidente da Rep\u00fablica, os presidentes do Senado Federal, da C\u00e2mara dos Deputados e do Supremo Tribunal Federal <strong><u>poder\u00e3o optar pela presta\u00e7\u00e3o de depoimento por escrito<\/u><\/strong>, caso em que as perguntas, formuladas pelas partes e deferidas pelo juiz, Ihes ser\u00e3o transmitidas por of\u00edcio (grifos meus).<\/li>\n<\/ul>\n<p>Ocorre que tal prerrogativa \u00e9 conferida ao chefe do Executivo Federal (e a outras poucas autoridades) apenas quando o mesmo figura no inqu\u00e9rito ou no processo como <strong><u>testemunha<\/u><\/strong>. \u00c9 o que revela a an\u00e1lise da posi\u00e7\u00e3o t\u00f3pica do artigo 221, no bojo do C\u00f3digo de Processo Penal (ele foi incrustrado no Cap\u00edtulo VI do CPP, que trata da <strong><u>prova testemunhal<\/u><\/strong>).<\/p>\n<p>No presente caso pr\u00e1tico (INQ 4483), o Presidente da Rep\u00fablica figura no feito como investigado e n\u00e3o como testemunha (sua oitiva certamente ser\u00e1 materializada em termo de declara\u00e7\u00f5es e n\u00e3o em termo de depoimento, sendo-lhe oportunizados todos os direitos inerentes a sua condi\u00e7\u00e3o de investigado \u2013 sil\u00eancio, n\u00e3o autoincrimina\u00e7\u00e3o, ser assistido, caso deseje, por advogado, dentre outros).<\/p>\n<p>Penso que n\u00e3o h\u00e1 como interpretar extensivamente a prerrogativa outorgada no supramencionado artigo 221, \u00a7\u00a01\u00ba, do CPP. Caso o legislador desejasse conferir tal defer\u00eancia \u00e0s mesmas autoridades mencionadas no dispositivo, quando figurassem como investigadas\/acusadas, deveria repetir texto id\u00eantico no Cap\u00edtulo III do CPP \u2013 que trata do interrogat\u00f3rio do acusado. <strong>N\u00e3o o fez<\/strong>.<\/p>\n<p>Por derradeiro, \u00e9 importante que se diga que a permiss\u00e3o em testilha (assentir que o investigado responda perguntas outrora confeccionadas, por escrito) limita a dilig\u00eancia investigativa, vez que a oitiva presencial \u00e9 ato din\u00e2mico, que oportuniza a materializa\u00e7\u00e3o de questionamentos outros, al\u00e9m dos inicialmente imaginados pela autoridade que preside o ato, a depender das respostas dadas pelo investigado (caso o mesmo opte por responder, j\u00e1 que tem direito ao sil\u00eancio).<\/p>\n<p>Destarte, com a <em>maxima venia<\/em>, forte nas breves raz\u00f5es listadas supra, cumpre discordar da posi\u00e7\u00e3o manifestada por Sua Excel\u00eancia o Ministro Edson Fachin, relator do INQ 4483, quando permitiu ao Presidente da Rep\u00fablica, na condi\u00e7\u00e3o de investigado, prestar declara\u00e7\u00f5es por escrito, via of\u00edcio.<\/p>\n<p><strong>N\u00e3o perca:<\/strong><\/p>\n<p><a href=\"https:\/\/www.cers.com.br\/cursos\/area-juridica-10\/juiz-de-direito-substituto-do-tribunal-de-justica-de-sao-paulo\/tribunal-de-justica-de-sao-paulo---aulao-de-revisao-presencial-para-o-concurso-de-juiz-de-direito-substituto-2017\">TRIBUNAL DE JUSTI\u00c7A DE S\u00c3O PAULO &#8211; AUL\u00c3O DE REVIS\u00c3O PRESENCIAL PARA O CONCURSO DE JUIZ DE DIREITO SUBSTITUTO 2017<\/a><\/p>\n<p><strong>Para se aprofundar:<\/strong><\/p>\n<p><a href=\"https:\/\/www.editorajuspodivm.com.br\/codigo-de-processo-penal-e-lei-de-execucao-penal-comentados-por-artigos-2017?utm_source=Site&amp;utm_medium=MeuSiteJuridico&quot;\" target=\"_blank\">C\u00d3DIGO DE PROCESSO PENAL E LEI DE EXECU\u00c7\u00c3O PENAL COMENTADOS POR ARTIGOS (2017)<\/a><\/p>\n","protected":false},"excerpt":{"rendered":"<p>Tramita no Supremo Tribunal Federal inqu\u00e9rito deflagrado com o fito de investigar pr\u00e1ticas delitivas supostamente cometidas por Sua Excel\u00eancia, o Presidente da Rep\u00fablica (INQ 4483). Ap\u00f3s ordenar o in\u00edcio do apurat\u00f3rio (iniciado a pedido do Procurador Geral da Rep\u00fablica), o Ministro relator determinou encaminhamento do feito \u00e0 Pol\u00edcia Federal para materializa\u00e7\u00e3o de dilig\u00eancias aptas a [&hellip;]<\/p>\n","protected":false},"author":21,"featured_media":2608,"comment_status":"open","ping_status":"open","sticky":false,"template":"","format":"standard","meta":{"_acf_changed":false,"footnotes":""},"categories":[1],"tags":[295,557,556,523],"class_list":["post-2607","post","type-post","status-publish","format-standard","has-post-thumbnail","hentry","category-artigos","tag-codigo-de-processo-penal","tag-declaracao-por-escrito","tag-michel-temer","tag-presidente-da-republica"],"acf":[],"yoast_head":"<!-- This site is optimized with the Yoast SEO plugin v24.8.1 - https:\/\/yoast.com\/wordpress\/plugins\/seo\/ -->\n<title>Pode o Presidente da Rep\u00fablica prestar declara\u00e7\u00f5es por ESCRITO, NA CONDI\u00c7\u00c3O DE INVESTIGADO? - Meu site jur\u00eddico<\/title>\n<meta name=\"robots\" content=\"index, follow, max-snippet:-1, max-image-preview:large, max-video-preview:-1\" \/>\n<link rel=\"canonical\" href=\"https:\/\/meusitejuridico.editorajuspodivm.com.br\/2017\/06\/01\/pode-o-presidente-da-republica-prestar-declaracoes-por-escrito-na-condicao-de-investigado\/\" \/>\n<meta property=\"og:locale\" content=\"pt_BR\" \/>\n<meta property=\"og:type\" content=\"article\" \/>\n<meta property=\"og:title\" content=\"Pode o Presidente da Rep\u00fablica prestar declara\u00e7\u00f5es por ESCRITO, NA CONDI\u00c7\u00c3O DE INVESTIGADO? - Meu site jur\u00eddico\" \/>\n<meta property=\"og:description\" content=\"Tramita no Supremo Tribunal Federal inqu\u00e9rito deflagrado com o fito de investigar pr\u00e1ticas delitivas supostamente cometidas por Sua Excel\u00eancia, o Presidente da Rep\u00fablica (INQ 4483). Ap\u00f3s ordenar o in\u00edcio do apurat\u00f3rio (iniciado a pedido do Procurador Geral da Rep\u00fablica), o Ministro relator determinou encaminhamento do feito \u00e0 Pol\u00edcia Federal para materializa\u00e7\u00e3o de dilig\u00eancias aptas a [&hellip;]\" \/>\n<meta property=\"og:url\" content=\"https:\/\/meusitejuridico.editorajuspodivm.com.br\/2017\/06\/01\/pode-o-presidente-da-republica-prestar-declaracoes-por-escrito-na-condicao-de-investigado\/\" \/>\n<meta property=\"og:site_name\" content=\"Meu site jur\u00eddico\" \/>\n<meta property=\"article:published_time\" content=\"2017-06-01T11:48:16+00:00\" \/>\n<meta property=\"article:modified_time\" content=\"2017-06-01T11:49:10+00:00\" \/>\n<meta property=\"og:image\" content=\"https:\/\/meusitejuridico.editorajuspodivm.com.br\/s.meusitejuridico\/2017\/06\/5415423e-shutterstock-580450336.jpg\" \/>\n\t<meta property=\"og:image:width\" content=\"1000\" \/>\n\t<meta property=\"og:image:height\" content=\"667\" \/>\n\t<meta property=\"og:image:type\" content=\"image\/jpeg\" \/>\n<meta name=\"author\" content=\"Marcio Alberto Gomes Silva\" \/>\n<meta name=\"twitter:card\" content=\"summary_large_image\" \/>\n<meta name=\"twitter:label1\" content=\"Escrito por\" \/>\n\t<meta name=\"twitter:data1\" content=\"Marcio Alberto Gomes Silva\" \/>\n\t<meta name=\"twitter:label2\" content=\"Est. tempo de leitura\" \/>\n\t<meta name=\"twitter:data2\" content=\"3 minutos\" \/>\n<script type=\"application\/ld+json\" class=\"yoast-schema-graph\">{\"@context\":\"https:\/\/schema.org\",\"@graph\":[{\"@type\":\"Article\",\"@id\":\"https:\/\/meusitejuridico.editorajuspodivm.com.br\/2017\/06\/01\/pode-o-presidente-da-republica-prestar-declaracoes-por-escrito-na-condicao-de-investigado\/#article\",\"isPartOf\":{\"@id\":\"https:\/\/meusitejuridico.editorajuspodivm.com.br\/2017\/06\/01\/pode-o-presidente-da-republica-prestar-declaracoes-por-escrito-na-condicao-de-investigado\/\"},\"author\":{\"name\":\"Marcio Alberto Gomes Silva\",\"@id\":\"https:\/\/cdn.meusitejuridico.com.br\/#\/schema\/person\/4dc7de8c0b70fdd784ccdfdeacd62e28\"},\"headline\":\"Pode o Presidente da Rep\u00fablica prestar declara\u00e7\u00f5es por ESCRITO, NA CONDI\u00c7\u00c3O DE INVESTIGADO?\",\"datePublished\":\"2017-06-01T11:48:16+00:00\",\"dateModified\":\"2017-06-01T11:49:10+00:00\",\"mainEntityOfPage\":{\"@id\":\"https:\/\/meusitejuridico.editorajuspodivm.com.br\/2017\/06\/01\/pode-o-presidente-da-republica-prestar-declaracoes-por-escrito-na-condicao-de-investigado\/\"},\"wordCount\":644,\"commentCount\":0,\"publisher\":{\"@id\":\"https:\/\/cdn.meusitejuridico.com.br\/#organization\"},\"image\":{\"@id\":\"https:\/\/meusitejuridico.editorajuspodivm.com.br\/2017\/06\/01\/pode-o-presidente-da-republica-prestar-declaracoes-por-escrito-na-condicao-de-investigado\/#primaryimage\"},\"thumbnailUrl\":\"https:\/\/meusitejuridico.com.br\/s.meusitejuridico\/2017\/06\/5415423e-shutterstock-580450336.jpg\",\"keywords\":[\"C\u00f3digo de Processo Penal\",\"Declara\u00e7\u00e3o por Escrito\",\"Michel Temer\",\"Presidente da Rep\u00fablica\"],\"articleSection\":[\"Artigos\"],\"inLanguage\":\"pt-BR\",\"potentialAction\":[{\"@type\":\"CommentAction\",\"name\":\"Comment\",\"target\":[\"https:\/\/meusitejuridico.editorajuspodivm.com.br\/2017\/06\/01\/pode-o-presidente-da-republica-prestar-declaracoes-por-escrito-na-condicao-de-investigado\/#respond\"]}]},{\"@type\":\"WebPage\",\"@id\":\"https:\/\/meusitejuridico.editorajuspodivm.com.br\/2017\/06\/01\/pode-o-presidente-da-republica-prestar-declaracoes-por-escrito-na-condicao-de-investigado\/\",\"url\":\"https:\/\/meusitejuridico.editorajuspodivm.com.br\/2017\/06\/01\/pode-o-presidente-da-republica-prestar-declaracoes-por-escrito-na-condicao-de-investigado\/\",\"name\":\"Pode o Presidente da Rep\u00fablica prestar declara\u00e7\u00f5es por ESCRITO, NA CONDI\u00c7\u00c3O DE INVESTIGADO? - Meu site jur\u00eddico\",\"isPartOf\":{\"@id\":\"https:\/\/cdn.meusitejuridico.com.br\/#website\"},\"primaryImageOfPage\":{\"@id\":\"https:\/\/meusitejuridico.editorajuspodivm.com.br\/2017\/06\/01\/pode-o-presidente-da-republica-prestar-declaracoes-por-escrito-na-condicao-de-investigado\/#primaryimage\"},\"image\":{\"@id\":\"https:\/\/meusitejuridico.editorajuspodivm.com.br\/2017\/06\/01\/pode-o-presidente-da-republica-prestar-declaracoes-por-escrito-na-condicao-de-investigado\/#primaryimage\"},\"thumbnailUrl\":\"https:\/\/meusitejuridico.com.br\/s.meusitejuridico\/2017\/06\/5415423e-shutterstock-580450336.jpg\",\"datePublished\":\"2017-06-01T11:48:16+00:00\",\"dateModified\":\"2017-06-01T11:49:10+00:00\",\"breadcrumb\":{\"@id\":\"https:\/\/meusitejuridico.editorajuspodivm.com.br\/2017\/06\/01\/pode-o-presidente-da-republica-prestar-declaracoes-por-escrito-na-condicao-de-investigado\/#breadcrumb\"},\"inLanguage\":\"pt-BR\",\"potentialAction\":[{\"@type\":\"ReadAction\",\"target\":[\"https:\/\/meusitejuridico.editorajuspodivm.com.br\/2017\/06\/01\/pode-o-presidente-da-republica-prestar-declaracoes-por-escrito-na-condicao-de-investigado\/\"]}]},{\"@type\":\"ImageObject\",\"inLanguage\":\"pt-BR\",\"@id\":\"https:\/\/meusitejuridico.editorajuspodivm.com.br\/2017\/06\/01\/pode-o-presidente-da-republica-prestar-declaracoes-por-escrito-na-condicao-de-investigado\/#primaryimage\",\"url\":\"https:\/\/meusitejuridico.com.br\/s.meusitejuridico\/2017\/06\/5415423e-shutterstock-580450336.jpg\",\"contentUrl\":\"https:\/\/meusitejuridico.com.br\/s.meusitejuridico\/2017\/06\/5415423e-shutterstock-580450336.jpg\",\"width\":1000,\"height\":667},{\"@type\":\"BreadcrumbList\",\"@id\":\"https:\/\/meusitejuridico.editorajuspodivm.com.br\/2017\/06\/01\/pode-o-presidente-da-republica-prestar-declaracoes-por-escrito-na-condicao-de-investigado\/#breadcrumb\",\"itemListElement\":[{\"@type\":\"ListItem\",\"position\":1,\"name\":\"In\u00edcio\",\"item\":\"https:\/\/cdn.meusitejuridico.com.br\/\"},{\"@type\":\"ListItem\",\"position\":2,\"name\":\"Pode o Presidente da Rep\u00fablica prestar declara\u00e7\u00f5es por ESCRITO, NA CONDI\u00c7\u00c3O DE INVESTIGADO?\"}]},{\"@type\":\"WebSite\",\"@id\":\"https:\/\/cdn.meusitejuridico.com.br\/#website\",\"url\":\"https:\/\/cdn.meusitejuridico.com.br\/\",\"name\":\"Meu site jur\u00eddico\",\"description\":\"Meu site jur\u00eddico\",\"publisher\":{\"@id\":\"https:\/\/cdn.meusitejuridico.com.br\/#organization\"},\"potentialAction\":[{\"@type\":\"SearchAction\",\"target\":{\"@type\":\"EntryPoint\",\"urlTemplate\":\"https:\/\/cdn.meusitejuridico.com.br\/?s={search_term_string}\"},\"query-input\":{\"@type\":\"PropertyValueSpecification\",\"valueRequired\":true,\"valueName\":\"search_term_string\"}}],\"inLanguage\":\"pt-BR\"},{\"@type\":\"Organization\",\"@id\":\"https:\/\/cdn.meusitejuridico.com.br\/#organization\",\"name\":\"Meu site jur\u00eddico\",\"url\":\"https:\/\/cdn.meusitejuridico.com.br\/\",\"logo\":{\"@type\":\"ImageObject\",\"inLanguage\":\"pt-BR\",\"@id\":\"https:\/\/cdn.meusitejuridico.com.br\/#\/schema\/logo\/image\/\",\"url\":\"https:\/\/meusitejuridico.com.br\/s.meusitejuridico\/2022\/03\/cropped-baeec2a3-msj-02-01-01.png\",\"contentUrl\":\"https:\/\/meusitejuridico.com.br\/s.meusitejuridico\/2022\/03\/cropped-baeec2a3-msj-02-01-01.png\",\"width\":349,\"height\":243,\"caption\":\"Meu site jur\u00eddico\"},\"image\":{\"@id\":\"https:\/\/cdn.meusitejuridico.com.br\/#\/schema\/logo\/image\/\"}},{\"@type\":\"Person\",\"@id\":\"https:\/\/cdn.meusitejuridico.com.br\/#\/schema\/person\/4dc7de8c0b70fdd784ccdfdeacd62e28\",\"name\":\"Marcio Alberto Gomes Silva\",\"image\":{\"@type\":\"ImageObject\",\"inLanguage\":\"pt-BR\",\"@id\":\"https:\/\/cdn.meusitejuridico.com.br\/#\/schema\/person\/image\/\",\"url\":\"https:\/\/meusitejuridico.com.br\/s.meusitejuridico\/2017\/06\/62080e8c-captura-de-tela-2017-06-01-as-84334-am-150x150.png\",\"contentUrl\":\"https:\/\/meusitejuridico.com.br\/s.meusitejuridico\/2017\/06\/62080e8c-captura-de-tela-2017-06-01-as-84334-am-150x150.png\",\"caption\":\"Marcio Alberto Gomes Silva\"},\"description\":\"Delegado de Pol\u00edcia Federal, Professor do CERS. Mestre em Direito P\u00fablico pela UFS, especialista em Ci\u00eancias Criminais pela UNAMA\/UVB, especialista em Intelig\u00eancia Policial pela ESP\/ANP, autor dos livros Pr\u00e1tica Penal para Delegado de Pol\u00edcia (publicado pela editora JusPodivm) Inqu\u00e9rito Policial \u2013 Uma an\u00e1lise jur\u00eddica e pr\u00e1tica da fase pr\u00e9-processual (publicado pela editora JusPodivm), Organiza\u00e7\u00f5es Criminosas \u2013 Uma an\u00e1lise jur\u00eddica e pragm\u00e1tica da Lei 12.850\/13 (publicado pela editora Lumen Juris) e Busca e Apreens\u00e3o \u2013 Doutrina e Pr\u00e1tica (publicado pela editora Mallet).\",\"url\":\"https:\/\/meusitejuridico.com.br\/author\/marciomarcio-com-br\/\"}]}<\/script>\n<!-- \/ Yoast SEO plugin. -->","yoast_head_json":{"title":"Pode o Presidente da Rep\u00fablica prestar declara\u00e7\u00f5es por ESCRITO, NA CONDI\u00c7\u00c3O DE INVESTIGADO? - Meu site jur\u00eddico","robots":{"index":"index","follow":"follow","max-snippet":"max-snippet:-1","max-image-preview":"max-image-preview:large","max-video-preview":"max-video-preview:-1"},"canonical":"https:\/\/meusitejuridico.editorajuspodivm.com.br\/2017\/06\/01\/pode-o-presidente-da-republica-prestar-declaracoes-por-escrito-na-condicao-de-investigado\/","og_locale":"pt_BR","og_type":"article","og_title":"Pode o Presidente da Rep\u00fablica prestar declara\u00e7\u00f5es por ESCRITO, NA CONDI\u00c7\u00c3O DE INVESTIGADO? - Meu site jur\u00eddico","og_description":"Tramita no Supremo Tribunal Federal inqu\u00e9rito deflagrado com o fito de investigar pr\u00e1ticas delitivas supostamente cometidas por Sua Excel\u00eancia, o Presidente da Rep\u00fablica (INQ 4483). Ap\u00f3s ordenar o in\u00edcio do apurat\u00f3rio (iniciado a pedido do Procurador Geral da Rep\u00fablica), o Ministro relator determinou encaminhamento do feito \u00e0 Pol\u00edcia Federal para materializa\u00e7\u00e3o de dilig\u00eancias aptas a [&hellip;]","og_url":"https:\/\/meusitejuridico.editorajuspodivm.com.br\/2017\/06\/01\/pode-o-presidente-da-republica-prestar-declaracoes-por-escrito-na-condicao-de-investigado\/","og_site_name":"Meu site jur\u00eddico","article_published_time":"2017-06-01T11:48:16+00:00","article_modified_time":"2017-06-01T11:49:10+00:00","og_image":[{"width":1000,"height":667,"url":"https:\/\/meusitejuridico.editorajuspodivm.com.br\/s.meusitejuridico\/2017\/06\/5415423e-shutterstock-580450336.jpg","type":"image\/jpeg"}],"author":"Marcio Alberto Gomes Silva","twitter_card":"summary_large_image","twitter_misc":{"Escrito por":"Marcio Alberto Gomes Silva","Est. tempo de leitura":"3 minutos"},"schema":{"@context":"https:\/\/schema.org","@graph":[{"@type":"Article","@id":"https:\/\/meusitejuridico.editorajuspodivm.com.br\/2017\/06\/01\/pode-o-presidente-da-republica-prestar-declaracoes-por-escrito-na-condicao-de-investigado\/#article","isPartOf":{"@id":"https:\/\/meusitejuridico.editorajuspodivm.com.br\/2017\/06\/01\/pode-o-presidente-da-republica-prestar-declaracoes-por-escrito-na-condicao-de-investigado\/"},"author":{"name":"Marcio Alberto Gomes Silva","@id":"https:\/\/cdn.meusitejuridico.com.br\/#\/schema\/person\/4dc7de8c0b70fdd784ccdfdeacd62e28"},"headline":"Pode o Presidente da Rep\u00fablica prestar declara\u00e7\u00f5es por ESCRITO, NA CONDI\u00c7\u00c3O DE INVESTIGADO?","datePublished":"2017-06-01T11:48:16+00:00","dateModified":"2017-06-01T11:49:10+00:00","mainEntityOfPage":{"@id":"https:\/\/meusitejuridico.editorajuspodivm.com.br\/2017\/06\/01\/pode-o-presidente-da-republica-prestar-declaracoes-por-escrito-na-condicao-de-investigado\/"},"wordCount":644,"commentCount":0,"publisher":{"@id":"https:\/\/cdn.meusitejuridico.com.br\/#organization"},"image":{"@id":"https:\/\/meusitejuridico.editorajuspodivm.com.br\/2017\/06\/01\/pode-o-presidente-da-republica-prestar-declaracoes-por-escrito-na-condicao-de-investigado\/#primaryimage"},"thumbnailUrl":"https:\/\/meusitejuridico.com.br\/s.meusitejuridico\/2017\/06\/5415423e-shutterstock-580450336.jpg","keywords":["C\u00f3digo de Processo Penal","Declara\u00e7\u00e3o por Escrito","Michel Temer","Presidente da Rep\u00fablica"],"articleSection":["Artigos"],"inLanguage":"pt-BR","potentialAction":[{"@type":"CommentAction","name":"Comment","target":["https:\/\/meusitejuridico.editorajuspodivm.com.br\/2017\/06\/01\/pode-o-presidente-da-republica-prestar-declaracoes-por-escrito-na-condicao-de-investigado\/#respond"]}]},{"@type":"WebPage","@id":"https:\/\/meusitejuridico.editorajuspodivm.com.br\/2017\/06\/01\/pode-o-presidente-da-republica-prestar-declaracoes-por-escrito-na-condicao-de-investigado\/","url":"https:\/\/meusitejuridico.editorajuspodivm.com.br\/2017\/06\/01\/pode-o-presidente-da-republica-prestar-declaracoes-por-escrito-na-condicao-de-investigado\/","name":"Pode o Presidente da Rep\u00fablica prestar declara\u00e7\u00f5es por ESCRITO, NA CONDI\u00c7\u00c3O DE INVESTIGADO? - Meu site jur\u00eddico","isPartOf":{"@id":"https:\/\/cdn.meusitejuridico.com.br\/#website"},"primaryImageOfPage":{"@id":"https:\/\/meusitejuridico.editorajuspodivm.com.br\/2017\/06\/01\/pode-o-presidente-da-republica-prestar-declaracoes-por-escrito-na-condicao-de-investigado\/#primaryimage"},"image":{"@id":"https:\/\/meusitejuridico.editorajuspodivm.com.br\/2017\/06\/01\/pode-o-presidente-da-republica-prestar-declaracoes-por-escrito-na-condicao-de-investigado\/#primaryimage"},"thumbnailUrl":"https:\/\/meusitejuridico.com.br\/s.meusitejuridico\/2017\/06\/5415423e-shutterstock-580450336.jpg","datePublished":"2017-06-01T11:48:16+00:00","dateModified":"2017-06-01T11:49:10+00:00","breadcrumb":{"@id":"https:\/\/meusitejuridico.editorajuspodivm.com.br\/2017\/06\/01\/pode-o-presidente-da-republica-prestar-declaracoes-por-escrito-na-condicao-de-investigado\/#breadcrumb"},"inLanguage":"pt-BR","potentialAction":[{"@type":"ReadAction","target":["https:\/\/meusitejuridico.editorajuspodivm.com.br\/2017\/06\/01\/pode-o-presidente-da-republica-prestar-declaracoes-por-escrito-na-condicao-de-investigado\/"]}]},{"@type":"ImageObject","inLanguage":"pt-BR","@id":"https:\/\/meusitejuridico.editorajuspodivm.com.br\/2017\/06\/01\/pode-o-presidente-da-republica-prestar-declaracoes-por-escrito-na-condicao-de-investigado\/#primaryimage","url":"https:\/\/meusitejuridico.com.br\/s.meusitejuridico\/2017\/06\/5415423e-shutterstock-580450336.jpg","contentUrl":"https:\/\/meusitejuridico.com.br\/s.meusitejuridico\/2017\/06\/5415423e-shutterstock-580450336.jpg","width":1000,"height":667},{"@type":"BreadcrumbList","@id":"https:\/\/meusitejuridico.editorajuspodivm.com.br\/2017\/06\/01\/pode-o-presidente-da-republica-prestar-declaracoes-por-escrito-na-condicao-de-investigado\/#breadcrumb","itemListElement":[{"@type":"ListItem","position":1,"name":"In\u00edcio","item":"https:\/\/cdn.meusitejuridico.com.br\/"},{"@type":"ListItem","position":2,"name":"Pode o Presidente da Rep\u00fablica prestar declara\u00e7\u00f5es por ESCRITO, NA CONDI\u00c7\u00c3O DE INVESTIGADO?"}]},{"@type":"WebSite","@id":"https:\/\/cdn.meusitejuridico.com.br\/#website","url":"https:\/\/cdn.meusitejuridico.com.br\/","name":"Meu site jur\u00eddico","description":"Meu site jur\u00eddico","publisher":{"@id":"https:\/\/cdn.meusitejuridico.com.br\/#organization"},"potentialAction":[{"@type":"SearchAction","target":{"@type":"EntryPoint","urlTemplate":"https:\/\/cdn.meusitejuridico.com.br\/?s={search_term_string}"},"query-input":{"@type":"PropertyValueSpecification","valueRequired":true,"valueName":"search_term_string"}}],"inLanguage":"pt-BR"},{"@type":"Organization","@id":"https:\/\/cdn.meusitejuridico.com.br\/#organization","name":"Meu site jur\u00eddico","url":"https:\/\/cdn.meusitejuridico.com.br\/","logo":{"@type":"ImageObject","inLanguage":"pt-BR","@id":"https:\/\/cdn.meusitejuridico.com.br\/#\/schema\/logo\/image\/","url":"https:\/\/meusitejuridico.com.br\/s.meusitejuridico\/2022\/03\/cropped-baeec2a3-msj-02-01-01.png","contentUrl":"https:\/\/meusitejuridico.com.br\/s.meusitejuridico\/2022\/03\/cropped-baeec2a3-msj-02-01-01.png","width":349,"height":243,"caption":"Meu site jur\u00eddico"},"image":{"@id":"https:\/\/cdn.meusitejuridico.com.br\/#\/schema\/logo\/image\/"}},{"@type":"Person","@id":"https:\/\/cdn.meusitejuridico.com.br\/#\/schema\/person\/4dc7de8c0b70fdd784ccdfdeacd62e28","name":"Marcio Alberto Gomes Silva","image":{"@type":"ImageObject","inLanguage":"pt-BR","@id":"https:\/\/cdn.meusitejuridico.com.br\/#\/schema\/person\/image\/","url":"https:\/\/meusitejuridico.com.br\/s.meusitejuridico\/2017\/06\/62080e8c-captura-de-tela-2017-06-01-as-84334-am-150x150.png","contentUrl":"https:\/\/meusitejuridico.com.br\/s.meusitejuridico\/2017\/06\/62080e8c-captura-de-tela-2017-06-01-as-84334-am-150x150.png","caption":"Marcio Alberto Gomes Silva"},"description":"Delegado de Pol\u00edcia Federal, Professor do CERS. Mestre em Direito P\u00fablico pela UFS, especialista em Ci\u00eancias Criminais pela UNAMA\/UVB, especialista em Intelig\u00eancia Policial pela ESP\/ANP, autor dos livros Pr\u00e1tica Penal para Delegado de Pol\u00edcia (publicado pela editora JusPodivm) Inqu\u00e9rito Policial \u2013 Uma an\u00e1lise jur\u00eddica e pr\u00e1tica da fase pr\u00e9-processual (publicado pela editora JusPodivm), Organiza\u00e7\u00f5es Criminosas \u2013 Uma an\u00e1lise jur\u00eddica e pragm\u00e1tica da Lei 12.850\/13 (publicado pela editora Lumen Juris) e Busca e Apreens\u00e3o \u2013 Doutrina e Pr\u00e1tica (publicado pela editora Mallet).","url":"https:\/\/meusitejuridico.com.br\/author\/marciomarcio-com-br\/"}]}},"_links":{"self":[{"href":"https:\/\/meusitejuridico.com.br\/api\/wp\/v2\/posts\/2607","targetHints":{"allow":["GET"]}}],"collection":[{"href":"https:\/\/meusitejuridico.com.br\/api\/wp\/v2\/posts"}],"about":[{"href":"https:\/\/meusitejuridico.com.br\/api\/wp\/v2\/types\/post"}],"author":[{"embeddable":true,"href":"https:\/\/meusitejuridico.com.br\/api\/wp\/v2\/users\/21"}],"replies":[{"embeddable":true,"href":"https:\/\/meusitejuridico.com.br\/api\/wp\/v2\/comments?post=2607"}],"version-history":[{"count":1,"href":"https:\/\/meusitejuridico.com.br\/api\/wp\/v2\/posts\/2607\/revisions"}],"predecessor-version":[{"id":2610,"href":"https:\/\/meusitejuridico.com.br\/api\/wp\/v2\/posts\/2607\/revisions\/2610"}],"wp:featuredmedia":[{"embeddable":true,"href":"https:\/\/meusitejuridico.com.br\/api\/wp\/v2\/media\/2608"}],"wp:attachment":[{"href":"https:\/\/meusitejuridico.com.br\/api\/wp\/v2\/media?parent=2607"}],"wp:term":[{"taxonomy":"category","embeddable":true,"href":"https:\/\/meusitejuridico.com.br\/api\/wp\/v2\/categories?post=2607"},{"taxonomy":"post_tag","embeddable":true,"href":"https:\/\/meusitejuridico.com.br\/api\/wp\/v2\/tags?post=2607"}],"curies":[{"name":"wp","href":"https:\/\/api.w.org\/{rel}","templated":true}]}}