{"id":2647,"date":"2017-06-06T11:27:49","date_gmt":"2017-06-06T14:27:49","guid":{"rendered":"https:\/\/meusitejuridico.com.br\/?p=2647"},"modified":"2017-06-06T11:28:19","modified_gmt":"2017-06-06T14:28:19","slug":"limitacao-indenizatoria-nos-voos-internacionais","status":"publish","type":"post","link":"https:\/\/meusitejuridico.com.br\/2017\/06\/06\/limitacao-indenizatoria-nos-voos-internacionais\/","title":{"rendered":"A limita\u00e7\u00e3o indenizat\u00f3ria nos voos internacionais"},"content":{"rendered":"<p>No dia 25 de maio de 2017, o Supremo Tribunal Federal (RE 636.331 e ARE 766618) decidiu que nos voos internacionais n\u00e3o se aplica o C\u00f3digo de Defesa do Consumidor, mas sim os tratados internacionais (<a href=\"http:\/\/www.apoe.pt\/fotos\/editor2\/convencao_devarsovia.pdf\" target=\"_blank\">Conven\u00e7\u00f5es de Vars\u00f3via<\/a> e de <a href=\"https:\/\/www.admin.ch\/opc\/fr\/classified-compilation\/20020253\/201509300000\/0.748.410.6.pdf\" target=\"_blank\">Montreal<\/a>).<\/p>\n<p>Entendeu o STF que o Brasil deve cumprir os acordos internacionais ratificados pelo pa\u00eds na ordena\u00e7\u00e3o dos transportes a\u00e9reos (<a class='qlabs_tooltip_top qlabs_tooltip_style_1 cursor_pointer event_hover' style=''  aria-haspopup='true'>art. 178 da CF<span style='width: 180px; '  >Art. 178. A lei dispor\u00e1 sobre a ordena\u00e7\u00e3o dos transportes a\u00e9reo, aqu\u00e1tico e terrestre, devendo, quanto \u00e0 ordena\u00e7\u00e3o do transporte internacional, observar os acordos firmados pela Uni\u00e3o, atendido o princ\u00edpio da reciprocidade. Par\u00e1grafo \u00fanico. Na ordena\u00e7\u00e3o do transporte aqu\u00e1tico, a lei estabelecer\u00e1 as condi\u00e7\u00f5es em que o transporte de mercadorias na cabotagem e a navega\u00e7\u00e3o interior poder\u00e3o ser feitos por embarca\u00e7\u00f5es estrangeiras. <\/span><\/a>).<\/p>\n<p>As principais consequ\u00eancias dessa decis\u00e3o consistem na limita\u00e7\u00e3o dos valores indenizat\u00f3rios, bem como no prazo que o cliente tem para pedir eventuais danos.<\/p>\n<p>O passageiro ser\u00e1 sim indenizado, mas de forma limitada e n\u00e3o integral, como preconiza o <a href=\"http:\/\/www.planalto.gov.br\/ccivil_03\/leis\/L8078.htm\" target=\"_blank\">C\u00f3digo de Defesa do Consumidor<\/a>.<\/p>\n<p>A Conven\u00e7\u00e3o de Vars\u00f3via (Decreto n\u00ba 20.704, de 24 de novembro de 1931) prev\u00ea limite indenizat\u00f3rio para o transporte de pessoas \u00e0 quantia de 250 mil francos, podendo, mediante acordo, ser ficado limite mais elevado (art. 22, 1)<br \/>\nEm se tratando de limite indenizat\u00f3rio para o transporte de bagagens, a previs\u00e3o \u00e9 de 250 francos por quilo (art. 22, 2, &#8220;a&#8221;).<\/p>\n<p>A Conven\u00e7\u00e3o de Montreal (Decreto n\u00ba 5.910 de 27\/09\/2006) desvinculou a quantia a ser indenizada tendo como par\u00e2metro o peso da bagagem, fixando limite de mil Direitos Especiais de Saques, a n\u00e3o ser que o passageiro haja feito ao transportador, ao entregar-lhe a bagagem registrada, uma declara\u00e7\u00e3o especial de valor da entrega desta no lugar de destino, e tenha pago uma quantia suplementar, se for cab\u00edvel. Neste caso, o transportador estar\u00e1 obrigado a pagar uma soma que n\u00e3o exceder\u00e1 o valor declarado, a menos que prove que este valor \u00e9 superior ao valor real da entrega no lugar de destino (art. 22, 2).<\/p>\n<p>No tocante \u00e0 morte de pessoas, a Conven\u00e7\u00e3o de Montreal prev\u00ea, como regra, a indeniza\u00e7\u00e3o de at\u00e9 100.000 Direitos Especiais de Saque (art. 21).<\/p>\n<p>Para que o passageiro pe\u00e7a indeniza\u00e7\u00e3o pelo extravio da bagagem, a Companhia A\u00e9rea tem que reconhecer que houve o extravio ou ent\u00e3o tem que passar 21 (vinte e um) dias da data que a bagagem deveria ter chegado, o que ocorre na data do pouso do avi\u00e3o em que est\u00e1 o passageiro, em regra (art. 17, 3, da Conven\u00e7\u00e3o de Montreal).<\/p>\n<p>Em caso de dano causado por atraso no voo, a responsabilidade da Companhia A\u00e9rea se limita a 4.150 Direitos Especiais de Saque por passageiro (art. 22, I, da Conven\u00e7\u00e3o de Montreal).<\/p>\n<p>A Conven\u00e7\u00e3o de Montreal prevalece sobre toda regra que se aplique ao transporte a\u00e9reo internacional (art. 55 do Decreto n\u00ba 5.910 de 27\/09\/2006). O Decreto n. 97.505, de 13 de fevereiro de 1989 estabelece normas e crit\u00e9rios para a convers\u00e3o do franco-ouro Poincar\u00e9 e fixa que 250 franco-ouro equivalem a 17 Direitos Especiais de Saques.<\/p>\n<p>O Direito Especial de Saque (DES) \u00e9 composto por uma cesta de moedas que inclui o d\u00f3lar, o euro, a libra e o iene (Gloss\u00e1rio do Banco Central do Brasil).<\/p>\n<p>O franco \u00e9 a denomina\u00e7\u00e3o dada a uma moeda oficial, assim como o real \u00e9 no Brasil. Convertendo os valores acima mencionados em reais, hoje, tem-se a seguinte situa\u00e7\u00e3o:<\/p>\n<p><strong>Conven\u00e7\u00e3o de Vars\u00f3via<br \/>\n<\/strong><br \/>\n\u2013 250 mil francos equivalem a 17000 Direitos Especiais de Saque que, por sua vez, equivalem a R$ 77.092,58. Este \u00e9 o limite indenizat\u00f3rio em caso de danos ao passageiro;<\/p>\n<p>\u2013 250 francos equivalem a 17 Direitos Especiais de Saque que, por sua vez, equivalem a R$ 76,8269. Este \u00e9 o limite indenizat\u00f3rio, por quilo, em caso de danos \u00e0s bagagens de cada passageiro.<\/p>\n<p><strong>Conven\u00e7\u00e3o de Montreal<br \/>\n<\/strong><br \/>\n\u2013 1000 Direitos Especiais de Saque equivalem a R$ 4.519,12. Este \u00e9 o limite total de indeniza\u00e7\u00e3o em caso de danos \u00e0s bagagens, sem vincula\u00e7\u00e3o com o peso.<\/p>\n<p>\u2013 100000 Direitos Especiais de Saque equivalem a R$ 451.105,83. Este \u00e9 o limite total de indeniza\u00e7\u00e3o em caso de morte.<\/p>\n<p>\u2013 4.150 Direitos Especiais de Saque equivalem a R$ 18.717,08. Este \u00e9 o limite total de indeniza\u00e7\u00e3o em caso de atraso no voo.<\/p>\n<p>Nota-se que prevalece a Conven\u00e7\u00e3o de Montreal, logo o limite total indenizat\u00f3rio em caso de danos \u00e0s bagagens, hoje, \u00e9 de R$ 4.519,12.<\/p>\n<p>O prazo para ajuizar a a\u00e7\u00e3o de indeniza\u00e7\u00e3o \u00e9 de dois anos (e n\u00e3o de cinco anos, como est\u00e1 previsto no art. 27 do CDC), consoante art. 35, 1, da Conven\u00e7\u00e3o de Montreal e art. 29, 1, da Conven\u00e7\u00e3o de Vars\u00f3via.<\/p>\n<p>O in\u00edcio da contagem do prazo de dois anos ocorre a partir da chegada ao destino ou no dia em que a aeronave deveria ter chegado ou da interrup\u00e7\u00e3o do transporte.<\/p>\n<p>Por fim, em se tratando de voos nacionais, o C\u00f3digo de Defesa do Consumidor deve ser aplicado normalmente, com a repara\u00e7\u00e3o integral dos danos, o que \u00e9 analisado caso a caso.<\/p>\n<p>Site utilizado para as convers\u00f5es das moedas: http:\/\/www.xe.com\/pt\/<\/p>\n<p>&nbsp;<\/p>\n","protected":false},"excerpt":{"rendered":"<p>No dia 25 de maio de 2017, o Supremo Tribunal Federal (RE 636.331 e ARE 766618) decidiu que nos voos internacionais n\u00e3o se aplica o C\u00f3digo de Defesa do Consumidor, mas sim os tratados internacionais (Conven\u00e7\u00f5es de Vars\u00f3via e de Montreal). Entendeu o STF que o Brasil deve cumprir os acordos internacionais ratificados pelo pa\u00eds [&hellip;]<\/p>\n","protected":false},"author":22,"featured_media":2648,"comment_status":"open","ping_status":"open","sticky":false,"template":"","format":"standard","meta":{"_acf_changed":false,"footnotes":""},"categories":[1,578],"tags":[579,580,582,581,583],"class_list":["post-2647","post","type-post","status-publish","format-standard","has-post-thumbnail","hentry","category-artigos","category-direito-do-consumidor","tag-convencoes-internacionais","tag-indenizacao","tag-limites","tag-perda-de-bagagem","tag-voos"],"acf":[],"yoast_head":"<!-- This site is optimized with the Yoast SEO plugin v24.8.1 - https:\/\/yoast.com\/wordpress\/plugins\/seo\/ -->\n<title>A limita\u00e7\u00e3o indenizat\u00f3ria nos voos internacionais - Meu site jur\u00eddico<\/title>\n<meta name=\"robots\" content=\"index, follow, max-snippet:-1, max-image-preview:large, max-video-preview:-1\" \/>\n<link rel=\"canonical\" href=\"https:\/\/meusitejuridico.com.br\/2017\/06\/06\/limitacao-indenizatoria-nos-voos-internacionais\/\" \/>\n<meta property=\"og:locale\" content=\"pt_BR\" \/>\n<meta property=\"og:type\" content=\"article\" \/>\n<meta property=\"og:title\" content=\"A limita\u00e7\u00e3o indenizat\u00f3ria nos voos internacionais - Meu site jur\u00eddico\" \/>\n<meta property=\"og:description\" content=\"No dia 25 de maio de 2017, o Supremo Tribunal Federal (RE 636.331 e ARE 766618) decidiu que nos voos internacionais n\u00e3o se aplica o C\u00f3digo de Defesa do Consumidor, mas sim os tratados internacionais (Conven\u00e7\u00f5es de Vars\u00f3via e de Montreal). Entendeu o STF que o Brasil deve cumprir os acordos internacionais ratificados pelo pa\u00eds [&hellip;]\" \/>\n<meta property=\"og:url\" content=\"https:\/\/meusitejuridico.com.br\/2017\/06\/06\/limitacao-indenizatoria-nos-voos-internacionais\/\" \/>\n<meta property=\"og:site_name\" content=\"Meu site jur\u00eddico\" \/>\n<meta property=\"article:author\" content=\"https:\/\/www.facebook.com\/profrodrigofoureaux\" \/>\n<meta property=\"article:published_time\" content=\"2017-06-06T14:27:49+00:00\" \/>\n<meta property=\"article:modified_time\" content=\"2017-06-06T14:28:19+00:00\" \/>\n<meta property=\"og:image\" content=\"https:\/\/meusitejuridico.com.br\/s.meusitejuridico\/2017\/06\/5e061069-shutterstock-622069502.jpg\" \/>\n\t<meta property=\"og:image:width\" content=\"1000\" \/>\n\t<meta property=\"og:image:height\" content=\"664\" \/>\n\t<meta property=\"og:image:type\" content=\"image\/jpeg\" \/>\n<meta name=\"author\" content=\"Rodrigo Foureaux\" \/>\n<meta name=\"twitter:card\" content=\"summary_large_image\" \/>\n<meta name=\"twitter:label1\" content=\"Escrito por\" \/>\n\t<meta name=\"twitter:data1\" content=\"Rodrigo Foureaux\" \/>\n\t<meta name=\"twitter:label2\" content=\"Est. tempo de leitura\" \/>\n\t<meta name=\"twitter:data2\" content=\"4 minutos\" \/>\n<script type=\"application\/ld+json\" class=\"yoast-schema-graph\">{\"@context\":\"https:\/\/schema.org\",\"@graph\":[{\"@type\":\"Article\",\"@id\":\"https:\/\/meusitejuridico.com.br\/2017\/06\/06\/limitacao-indenizatoria-nos-voos-internacionais\/#article\",\"isPartOf\":{\"@id\":\"https:\/\/meusitejuridico.com.br\/2017\/06\/06\/limitacao-indenizatoria-nos-voos-internacionais\/\"},\"author\":{\"name\":\"Rodrigo Foureaux\",\"@id\":\"https:\/\/cdn.meusitejuridico.com.br\/#\/schema\/person\/5bf86b70acc650a6de1bf2989d173c9a\"},\"headline\":\"A limita\u00e7\u00e3o indenizat\u00f3ria nos voos internacionais\",\"datePublished\":\"2017-06-06T14:27:49+00:00\",\"dateModified\":\"2017-06-06T14:28:19+00:00\",\"mainEntityOfPage\":{\"@id\":\"https:\/\/meusitejuridico.com.br\/2017\/06\/06\/limitacao-indenizatoria-nos-voos-internacionais\/\"},\"wordCount\":874,\"commentCount\":5,\"publisher\":{\"@id\":\"https:\/\/cdn.meusitejuridico.com.br\/#organization\"},\"image\":{\"@id\":\"https:\/\/meusitejuridico.com.br\/2017\/06\/06\/limitacao-indenizatoria-nos-voos-internacionais\/#primaryimage\"},\"thumbnailUrl\":\"https:\/\/meusitejuridico.com.br\/s.meusitejuridico\/2017\/06\/5e061069-shutterstock-622069502.jpg\",\"keywords\":[\"Conven\u00e7\u00f5es internacionais\",\"Indeniza\u00e7\u00e3o\",\"Limites\",\"perda de bagagem\",\"Voos\"],\"articleSection\":[\"Artigos\",\"Direito do Consumidor\"],\"inLanguage\":\"pt-BR\",\"potentialAction\":[{\"@type\":\"CommentAction\",\"name\":\"Comment\",\"target\":[\"https:\/\/meusitejuridico.com.br\/2017\/06\/06\/limitacao-indenizatoria-nos-voos-internacionais\/#respond\"]}]},{\"@type\":\"WebPage\",\"@id\":\"https:\/\/meusitejuridico.com.br\/2017\/06\/06\/limitacao-indenizatoria-nos-voos-internacionais\/\",\"url\":\"https:\/\/meusitejuridico.com.br\/2017\/06\/06\/limitacao-indenizatoria-nos-voos-internacionais\/\",\"name\":\"A limita\u00e7\u00e3o indenizat\u00f3ria nos voos internacionais - Meu site jur\u00eddico\",\"isPartOf\":{\"@id\":\"https:\/\/cdn.meusitejuridico.com.br\/#website\"},\"primaryImageOfPage\":{\"@id\":\"https:\/\/meusitejuridico.com.br\/2017\/06\/06\/limitacao-indenizatoria-nos-voos-internacionais\/#primaryimage\"},\"image\":{\"@id\":\"https:\/\/meusitejuridico.com.br\/2017\/06\/06\/limitacao-indenizatoria-nos-voos-internacionais\/#primaryimage\"},\"thumbnailUrl\":\"https:\/\/meusitejuridico.com.br\/s.meusitejuridico\/2017\/06\/5e061069-shutterstock-622069502.jpg\",\"datePublished\":\"2017-06-06T14:27:49+00:00\",\"dateModified\":\"2017-06-06T14:28:19+00:00\",\"breadcrumb\":{\"@id\":\"https:\/\/meusitejuridico.com.br\/2017\/06\/06\/limitacao-indenizatoria-nos-voos-internacionais\/#breadcrumb\"},\"inLanguage\":\"pt-BR\",\"potentialAction\":[{\"@type\":\"ReadAction\",\"target\":[\"https:\/\/meusitejuridico.com.br\/2017\/06\/06\/limitacao-indenizatoria-nos-voos-internacionais\/\"]}]},{\"@type\":\"ImageObject\",\"inLanguage\":\"pt-BR\",\"@id\":\"https:\/\/meusitejuridico.com.br\/2017\/06\/06\/limitacao-indenizatoria-nos-voos-internacionais\/#primaryimage\",\"url\":\"https:\/\/meusitejuridico.com.br\/s.meusitejuridico\/2017\/06\/5e061069-shutterstock-622069502.jpg\",\"contentUrl\":\"https:\/\/meusitejuridico.com.br\/s.meusitejuridico\/2017\/06\/5e061069-shutterstock-622069502.jpg\",\"width\":1000,\"height\":664},{\"@type\":\"BreadcrumbList\",\"@id\":\"https:\/\/meusitejuridico.com.br\/2017\/06\/06\/limitacao-indenizatoria-nos-voos-internacionais\/#breadcrumb\",\"itemListElement\":[{\"@type\":\"ListItem\",\"position\":1,\"name\":\"In\u00edcio\",\"item\":\"https:\/\/cdn.meusitejuridico.com.br\/\"},{\"@type\":\"ListItem\",\"position\":2,\"name\":\"A limita\u00e7\u00e3o indenizat\u00f3ria nos voos internacionais\"}]},{\"@type\":\"WebSite\",\"@id\":\"https:\/\/cdn.meusitejuridico.com.br\/#website\",\"url\":\"https:\/\/cdn.meusitejuridico.com.br\/\",\"name\":\"Meu site jur\u00eddico\",\"description\":\"Meu site jur\u00eddico\",\"publisher\":{\"@id\":\"https:\/\/cdn.meusitejuridico.com.br\/#organization\"},\"potentialAction\":[{\"@type\":\"SearchAction\",\"target\":{\"@type\":\"EntryPoint\",\"urlTemplate\":\"https:\/\/cdn.meusitejuridico.com.br\/?s={search_term_string}\"},\"query-input\":{\"@type\":\"PropertyValueSpecification\",\"valueRequired\":true,\"valueName\":\"search_term_string\"}}],\"inLanguage\":\"pt-BR\"},{\"@type\":\"Organization\",\"@id\":\"https:\/\/cdn.meusitejuridico.com.br\/#organization\",\"name\":\"Meu site jur\u00eddico\",\"url\":\"https:\/\/cdn.meusitejuridico.com.br\/\",\"logo\":{\"@type\":\"ImageObject\",\"inLanguage\":\"pt-BR\",\"@id\":\"https:\/\/cdn.meusitejuridico.com.br\/#\/schema\/logo\/image\/\",\"url\":\"https:\/\/meusitejuridico.com.br\/s.meusitejuridico\/2022\/03\/cropped-baeec2a3-msj-02-01-01.png\",\"contentUrl\":\"https:\/\/meusitejuridico.com.br\/s.meusitejuridico\/2022\/03\/cropped-baeec2a3-msj-02-01-01.png\",\"width\":349,\"height\":243,\"caption\":\"Meu site jur\u00eddico\"},\"image\":{\"@id\":\"https:\/\/cdn.meusitejuridico.com.br\/#\/schema\/logo\/image\/\"}},{\"@type\":\"Person\",\"@id\":\"https:\/\/cdn.meusitejuridico.com.br\/#\/schema\/person\/5bf86b70acc650a6de1bf2989d173c9a\",\"name\":\"Rodrigo Foureaux\",\"image\":{\"@type\":\"ImageObject\",\"inLanguage\":\"pt-BR\",\"@id\":\"https:\/\/cdn.meusitejuridico.com.br\/#\/schema\/person\/image\/\",\"url\":\"https:\/\/meusitejuridico.com.br\/s.meusitejuridico\/2019\/07\/36f8e1ae-rodrigo-foureaux-150x150.jpg\",\"contentUrl\":\"https:\/\/meusitejuridico.com.br\/s.meusitejuridico\/2019\/07\/36f8e1ae-rodrigo-foureaux-150x150.jpg\",\"caption\":\"Rodrigo Foureaux\"},\"description\":\"Juiz de Direito do Tribunal de Justi\u00e7a do Estado de Goi\u00e1s. Foi Juiz de Direito do TJPA e do TJPB. Aprovado para Juiz de Direito do TJAL. Oficial da Reserva N\u00e3o Remunerada da PMMG. Membro da Academia de Letras Jo\u00e3o Guimar\u00e3es Rosa. Bacharel em Direito pelo Centro Universit\u00e1rio Newton Paiva e em Ci\u00eancias Militares com \u00canfase em Defesa Social pela Academia de Pol\u00edcia Militar de Minas Gerais. Mestrando em Direito, Justi\u00e7a e Desenvolvimento pela Escola de Direito do Brasil. Especialista em Direito P\u00fablico pela Universidade C\u00e2ndido Mendes. Autor do livro \u201cJusti\u00e7a Militar: Aspectos Gerais e Controversos\u201d. Foi Professor na Academia de Pol\u00edcia Militar de Minas Gerais. Palestrante.\",\"sameAs\":[\"https:\/\/www.editorajuspodivm.com.br\/autores\/detalhe\/1302?idtag=ebe04ee0-bb3c-4b7f-96b9-fcd9428789d5\",\"https:\/\/www.facebook.com\/profrodrigofoureaux\",\"https:\/\/www.instagram.com\/rodrigo.foureaux\/\"],\"url\":\"https:\/\/meusitejuridico.com.br\/author\/rodrigorodrigo-com-br\/\"}]}<\/script>\n<!-- \/ Yoast SEO plugin. -->","yoast_head_json":{"title":"A limita\u00e7\u00e3o indenizat\u00f3ria nos voos internacionais - Meu site jur\u00eddico","robots":{"index":"index","follow":"follow","max-snippet":"max-snippet:-1","max-image-preview":"max-image-preview:large","max-video-preview":"max-video-preview:-1"},"canonical":"https:\/\/meusitejuridico.com.br\/2017\/06\/06\/limitacao-indenizatoria-nos-voos-internacionais\/","og_locale":"pt_BR","og_type":"article","og_title":"A limita\u00e7\u00e3o indenizat\u00f3ria nos voos internacionais - Meu site jur\u00eddico","og_description":"No dia 25 de maio de 2017, o Supremo Tribunal Federal (RE 636.331 e ARE 766618) decidiu que nos voos internacionais n\u00e3o se aplica o C\u00f3digo de Defesa do Consumidor, mas sim os tratados internacionais (Conven\u00e7\u00f5es de Vars\u00f3via e de Montreal). Entendeu o STF que o Brasil deve cumprir os acordos internacionais ratificados pelo pa\u00eds [&hellip;]","og_url":"https:\/\/meusitejuridico.com.br\/2017\/06\/06\/limitacao-indenizatoria-nos-voos-internacionais\/","og_site_name":"Meu site jur\u00eddico","article_author":"https:\/\/www.facebook.com\/profrodrigofoureaux","article_published_time":"2017-06-06T14:27:49+00:00","article_modified_time":"2017-06-06T14:28:19+00:00","og_image":[{"width":1000,"height":664,"url":"https:\/\/meusitejuridico.com.br\/s.meusitejuridico\/2017\/06\/5e061069-shutterstock-622069502.jpg","type":"image\/jpeg"}],"author":"Rodrigo Foureaux","twitter_card":"summary_large_image","twitter_misc":{"Escrito por":"Rodrigo Foureaux","Est. tempo de leitura":"4 minutos"},"schema":{"@context":"https:\/\/schema.org","@graph":[{"@type":"Article","@id":"https:\/\/meusitejuridico.com.br\/2017\/06\/06\/limitacao-indenizatoria-nos-voos-internacionais\/#article","isPartOf":{"@id":"https:\/\/meusitejuridico.com.br\/2017\/06\/06\/limitacao-indenizatoria-nos-voos-internacionais\/"},"author":{"name":"Rodrigo Foureaux","@id":"https:\/\/cdn.meusitejuridico.com.br\/#\/schema\/person\/5bf86b70acc650a6de1bf2989d173c9a"},"headline":"A limita\u00e7\u00e3o indenizat\u00f3ria nos voos internacionais","datePublished":"2017-06-06T14:27:49+00:00","dateModified":"2017-06-06T14:28:19+00:00","mainEntityOfPage":{"@id":"https:\/\/meusitejuridico.com.br\/2017\/06\/06\/limitacao-indenizatoria-nos-voos-internacionais\/"},"wordCount":874,"commentCount":5,"publisher":{"@id":"https:\/\/cdn.meusitejuridico.com.br\/#organization"},"image":{"@id":"https:\/\/meusitejuridico.com.br\/2017\/06\/06\/limitacao-indenizatoria-nos-voos-internacionais\/#primaryimage"},"thumbnailUrl":"https:\/\/meusitejuridico.com.br\/s.meusitejuridico\/2017\/06\/5e061069-shutterstock-622069502.jpg","keywords":["Conven\u00e7\u00f5es internacionais","Indeniza\u00e7\u00e3o","Limites","perda de bagagem","Voos"],"articleSection":["Artigos","Direito do Consumidor"],"inLanguage":"pt-BR","potentialAction":[{"@type":"CommentAction","name":"Comment","target":["https:\/\/meusitejuridico.com.br\/2017\/06\/06\/limitacao-indenizatoria-nos-voos-internacionais\/#respond"]}]},{"@type":"WebPage","@id":"https:\/\/meusitejuridico.com.br\/2017\/06\/06\/limitacao-indenizatoria-nos-voos-internacionais\/","url":"https:\/\/meusitejuridico.com.br\/2017\/06\/06\/limitacao-indenizatoria-nos-voos-internacionais\/","name":"A limita\u00e7\u00e3o indenizat\u00f3ria nos voos internacionais - Meu site jur\u00eddico","isPartOf":{"@id":"https:\/\/cdn.meusitejuridico.com.br\/#website"},"primaryImageOfPage":{"@id":"https:\/\/meusitejuridico.com.br\/2017\/06\/06\/limitacao-indenizatoria-nos-voos-internacionais\/#primaryimage"},"image":{"@id":"https:\/\/meusitejuridico.com.br\/2017\/06\/06\/limitacao-indenizatoria-nos-voos-internacionais\/#primaryimage"},"thumbnailUrl":"https:\/\/meusitejuridico.com.br\/s.meusitejuridico\/2017\/06\/5e061069-shutterstock-622069502.jpg","datePublished":"2017-06-06T14:27:49+00:00","dateModified":"2017-06-06T14:28:19+00:00","breadcrumb":{"@id":"https:\/\/meusitejuridico.com.br\/2017\/06\/06\/limitacao-indenizatoria-nos-voos-internacionais\/#breadcrumb"},"inLanguage":"pt-BR","potentialAction":[{"@type":"ReadAction","target":["https:\/\/meusitejuridico.com.br\/2017\/06\/06\/limitacao-indenizatoria-nos-voos-internacionais\/"]}]},{"@type":"ImageObject","inLanguage":"pt-BR","@id":"https:\/\/meusitejuridico.com.br\/2017\/06\/06\/limitacao-indenizatoria-nos-voos-internacionais\/#primaryimage","url":"https:\/\/meusitejuridico.com.br\/s.meusitejuridico\/2017\/06\/5e061069-shutterstock-622069502.jpg","contentUrl":"https:\/\/meusitejuridico.com.br\/s.meusitejuridico\/2017\/06\/5e061069-shutterstock-622069502.jpg","width":1000,"height":664},{"@type":"BreadcrumbList","@id":"https:\/\/meusitejuridico.com.br\/2017\/06\/06\/limitacao-indenizatoria-nos-voos-internacionais\/#breadcrumb","itemListElement":[{"@type":"ListItem","position":1,"name":"In\u00edcio","item":"https:\/\/cdn.meusitejuridico.com.br\/"},{"@type":"ListItem","position":2,"name":"A limita\u00e7\u00e3o indenizat\u00f3ria nos voos internacionais"}]},{"@type":"WebSite","@id":"https:\/\/cdn.meusitejuridico.com.br\/#website","url":"https:\/\/cdn.meusitejuridico.com.br\/","name":"Meu site jur\u00eddico","description":"Meu site jur\u00eddico","publisher":{"@id":"https:\/\/cdn.meusitejuridico.com.br\/#organization"},"potentialAction":[{"@type":"SearchAction","target":{"@type":"EntryPoint","urlTemplate":"https:\/\/cdn.meusitejuridico.com.br\/?s={search_term_string}"},"query-input":{"@type":"PropertyValueSpecification","valueRequired":true,"valueName":"search_term_string"}}],"inLanguage":"pt-BR"},{"@type":"Organization","@id":"https:\/\/cdn.meusitejuridico.com.br\/#organization","name":"Meu site jur\u00eddico","url":"https:\/\/cdn.meusitejuridico.com.br\/","logo":{"@type":"ImageObject","inLanguage":"pt-BR","@id":"https:\/\/cdn.meusitejuridico.com.br\/#\/schema\/logo\/image\/","url":"https:\/\/meusitejuridico.com.br\/s.meusitejuridico\/2022\/03\/cropped-baeec2a3-msj-02-01-01.png","contentUrl":"https:\/\/meusitejuridico.com.br\/s.meusitejuridico\/2022\/03\/cropped-baeec2a3-msj-02-01-01.png","width":349,"height":243,"caption":"Meu site jur\u00eddico"},"image":{"@id":"https:\/\/cdn.meusitejuridico.com.br\/#\/schema\/logo\/image\/"}},{"@type":"Person","@id":"https:\/\/cdn.meusitejuridico.com.br\/#\/schema\/person\/5bf86b70acc650a6de1bf2989d173c9a","name":"Rodrigo Foureaux","image":{"@type":"ImageObject","inLanguage":"pt-BR","@id":"https:\/\/cdn.meusitejuridico.com.br\/#\/schema\/person\/image\/","url":"https:\/\/meusitejuridico.com.br\/s.meusitejuridico\/2019\/07\/36f8e1ae-rodrigo-foureaux-150x150.jpg","contentUrl":"https:\/\/meusitejuridico.com.br\/s.meusitejuridico\/2019\/07\/36f8e1ae-rodrigo-foureaux-150x150.jpg","caption":"Rodrigo Foureaux"},"description":"Juiz de Direito do Tribunal de Justi\u00e7a do Estado de Goi\u00e1s. Foi Juiz de Direito do TJPA e do TJPB. Aprovado para Juiz de Direito do TJAL. Oficial da Reserva N\u00e3o Remunerada da PMMG. Membro da Academia de Letras Jo\u00e3o Guimar\u00e3es Rosa. Bacharel em Direito pelo Centro Universit\u00e1rio Newton Paiva e em Ci\u00eancias Militares com \u00canfase em Defesa Social pela Academia de Pol\u00edcia Militar de Minas Gerais. Mestrando em Direito, Justi\u00e7a e Desenvolvimento pela Escola de Direito do Brasil. Especialista em Direito P\u00fablico pela Universidade C\u00e2ndido Mendes. Autor do livro \u201cJusti\u00e7a Militar: Aspectos Gerais e Controversos\u201d. Foi Professor na Academia de Pol\u00edcia Militar de Minas Gerais. Palestrante.","sameAs":["https:\/\/www.editorajuspodivm.com.br\/autores\/detalhe\/1302?idtag=ebe04ee0-bb3c-4b7f-96b9-fcd9428789d5","https:\/\/www.facebook.com\/profrodrigofoureaux","https:\/\/www.instagram.com\/rodrigo.foureaux\/"],"url":"https:\/\/meusitejuridico.com.br\/author\/rodrigorodrigo-com-br\/"}]}},"_links":{"self":[{"href":"https:\/\/meusitejuridico.com.br\/api\/wp\/v2\/posts\/2647","targetHints":{"allow":["GET"]}}],"collection":[{"href":"https:\/\/meusitejuridico.com.br\/api\/wp\/v2\/posts"}],"about":[{"href":"https:\/\/meusitejuridico.com.br\/api\/wp\/v2\/types\/post"}],"author":[{"embeddable":true,"href":"https:\/\/meusitejuridico.com.br\/api\/wp\/v2\/users\/22"}],"replies":[{"embeddable":true,"href":"https:\/\/meusitejuridico.com.br\/api\/wp\/v2\/comments?post=2647"}],"version-history":[{"count":3,"href":"https:\/\/meusitejuridico.com.br\/api\/wp\/v2\/posts\/2647\/revisions"}],"predecessor-version":[{"id":2651,"href":"https:\/\/meusitejuridico.com.br\/api\/wp\/v2\/posts\/2647\/revisions\/2651"}],"wp:featuredmedia":[{"embeddable":true,"href":"https:\/\/meusitejuridico.com.br\/api\/wp\/v2\/media\/2648"}],"wp:attachment":[{"href":"https:\/\/meusitejuridico.com.br\/api\/wp\/v2\/media?parent=2647"}],"wp:term":[{"taxonomy":"category","embeddable":true,"href":"https:\/\/meusitejuridico.com.br\/api\/wp\/v2\/categories?post=2647"},{"taxonomy":"post_tag","embeddable":true,"href":"https:\/\/meusitejuridico.com.br\/api\/wp\/v2\/tags?post=2647"}],"curies":[{"name":"wp","href":"https:\/\/api.w.org\/{rel}","templated":true}]}}