{"id":3201,"date":"2017-08-08T07:00:54","date_gmt":"2017-08-08T10:00:54","guid":{"rendered":"https:\/\/meusitejuridico.com.br\/?p=3201"},"modified":"2017-08-07T23:13:29","modified_gmt":"2017-08-08T02:13:29","slug":"o-que-se-entende-por-teoria-da-indiciariedade-ou-da-ratio-cognoscendi","status":"publish","type":"post","link":"https:\/\/meusitejuridico.com.br\/2017\/08\/08\/o-que-se-entende-por-teoria-da-indiciariedade-ou-da-ratio-cognoscendi\/","title":{"rendered":"O que se entende por teoria da indiciariedade (ou da \u201cratio cognoscendi\u201d)?"},"content":{"rendered":"<p>Na rela\u00e7\u00e3o entre tipicidade e ilicitude, para esta teoria a exist\u00eancia do fato t\u00edpico gera uma presun\u00e7\u00e3o (relativa) de que \u00e9 tamb\u00e9m il\u00edcito. N\u00e3o h\u00e1, ao contr\u00e1rio do que sustenta a teoria da autonomia, uma absoluta independ\u00eancia entre esses dois substratos, mas uma relativa depend\u00eancia. Conclus\u00e3o: o fato t\u00edpico desperta ind\u00edcios de ilicitude, apesar de permanecer \u00edntegro quando exclu\u00edda a antijuridicidade do comportamento. Quando Jo\u00e3o mata Ant\u00f4nio, temos um fato t\u00edpico e ind\u00edcios de ilicitude da conduta. Comprovada a leg\u00edtima defesa, exclui-se a antijuridicidade do fato, que, no entanto, permanece t\u00edpico.<\/p>\n<p><strong>Material baseado na obra\u00a0<\/strong><a href=\"https:\/\/goo.gl\/GxtIjn\">Manual de Direito Penal (parte geral)<\/a><\/p>\n","protected":false},"excerpt":{"rendered":"<p>Na rela\u00e7\u00e3o entre tipicidade e ilicitude, para esta teoria a exist\u00eancia do fato t\u00edpico gera uma presun\u00e7\u00e3o (relativa) de que \u00e9 tamb\u00e9m il\u00edcito. N\u00e3o h\u00e1, ao contr\u00e1rio do que sustenta a teoria da autonomia, uma absoluta independ\u00eancia entre esses dois substratos, mas uma relativa depend\u00eancia. Conclus\u00e3o: o fato t\u00edpico desperta ind\u00edcios de ilicitude, apesar de [&hellip;]<\/p>\n","protected":false},"author":7,"featured_media":3202,"comment_status":"open","ping_status":"open","sticky":false,"template":"","format":"standard","meta":{"_acf_changed":false,"footnotes":""},"categories":[78,437],"tags":[896,107,894,895,558,893],"class_list":["post-3201","post","type-post","status-publish","format-standard","has-post-thumbnail","hentry","category-material-de-aula","category-perguntas-e-respostas","tag-cognoscendi","tag-direito-penal","tag-ilicitude","tag-indiciariedade","tag-teoria-do-delito","tag-tipicidade"],"acf":[],"yoast_head":"<!-- This site is optimized with the Yoast SEO plugin v24.8.1 - https:\/\/yoast.com\/wordpress\/plugins\/seo\/ -->\n<title>O que se entende por teoria da indiciariedade (ou da \u201cratio cognoscendi\u201d)? - Meu site jur\u00eddico<\/title>\n<meta name=\"robots\" content=\"index, follow, max-snippet:-1, max-image-preview:large, max-video-preview:-1\" \/>\n<link rel=\"canonical\" href=\"https:\/\/meusitejuridico.editorajuspodivm.com.br\/2017\/08\/08\/o-que-se-entende-por-teoria-da-indiciariedade-ou-da-ratio-cognoscendi\/\" \/>\n<meta property=\"og:locale\" content=\"pt_BR\" \/>\n<meta property=\"og:type\" content=\"article\" \/>\n<meta property=\"og:title\" content=\"O que se entende por teoria da indiciariedade (ou da \u201cratio cognoscendi\u201d)? - Meu site jur\u00eddico\" \/>\n<meta property=\"og:description\" content=\"Na rela\u00e7\u00e3o entre tipicidade e ilicitude, para esta teoria a exist\u00eancia do fato t\u00edpico gera uma presun\u00e7\u00e3o (relativa) de que \u00e9 tamb\u00e9m il\u00edcito. N\u00e3o h\u00e1, ao contr\u00e1rio do que sustenta a teoria da autonomia, uma absoluta independ\u00eancia entre esses dois substratos, mas uma relativa depend\u00eancia. Conclus\u00e3o: o fato t\u00edpico desperta ind\u00edcios de ilicitude, apesar de [&hellip;]\" \/>\n<meta property=\"og:url\" content=\"https:\/\/meusitejuridico.editorajuspodivm.com.br\/2017\/08\/08\/o-que-se-entende-por-teoria-da-indiciariedade-ou-da-ratio-cognoscendi\/\" \/>\n<meta property=\"og:site_name\" content=\"Meu site jur\u00eddico\" \/>\n<meta property=\"article:published_time\" content=\"2017-08-08T10:00:54+00:00\" \/>\n<meta property=\"og:image\" content=\"https:\/\/meusitejuridico.editorajuspodivm.com.br\/s.meusitejuridico\/2017\/08\/ae359410-shutterstock-87881323.jpg\" \/>\n\t<meta property=\"og:image:width\" content=\"3762\" \/>\n\t<meta property=\"og:image:height\" content=\"2475\" \/>\n\t<meta property=\"og:image:type\" content=\"image\/jpeg\" \/>\n<meta name=\"author\" content=\"Equipe Meu Site Jur\u00eddico\" \/>\n<meta name=\"twitter:card\" content=\"summary_large_image\" \/>\n<meta name=\"twitter:label1\" content=\"Escrito por\" \/>\n\t<meta name=\"twitter:data1\" content=\"Equipe Meu Site Jur\u00eddico\" \/>\n\t<meta name=\"twitter:label2\" content=\"Est. tempo de leitura\" \/>\n\t<meta name=\"twitter:data2\" content=\"1 minuto\" \/>\n<script type=\"application\/ld+json\" class=\"yoast-schema-graph\">{\"@context\":\"https:\/\/schema.org\",\"@graph\":[{\"@type\":\"Article\",\"@id\":\"https:\/\/meusitejuridico.editorajuspodivm.com.br\/2017\/08\/08\/o-que-se-entende-por-teoria-da-indiciariedade-ou-da-ratio-cognoscendi\/#article\",\"isPartOf\":{\"@id\":\"https:\/\/meusitejuridico.editorajuspodivm.com.br\/2017\/08\/08\/o-que-se-entende-por-teoria-da-indiciariedade-ou-da-ratio-cognoscendi\/\"},\"author\":{\"name\":\"Equipe Meu Site Jur\u00eddico\",\"@id\":\"https:\/\/cdn.meusitejuridico.com.br\/#\/schema\/person\/5c2237ac0c8ff03bcf1a09fe3e45dfce\"},\"headline\":\"O que se entende por teoria da indiciariedade (ou da \u201cratio cognoscendi\u201d)?\",\"datePublished\":\"2017-08-08T10:00:54+00:00\",\"mainEntityOfPage\":{\"@id\":\"https:\/\/meusitejuridico.editorajuspodivm.com.br\/2017\/08\/08\/o-que-se-entende-por-teoria-da-indiciariedade-ou-da-ratio-cognoscendi\/\"},\"wordCount\":132,\"commentCount\":1,\"publisher\":{\"@id\":\"https:\/\/cdn.meusitejuridico.com.br\/#organization\"},\"image\":{\"@id\":\"https:\/\/meusitejuridico.editorajuspodivm.com.br\/2017\/08\/08\/o-que-se-entende-por-teoria-da-indiciariedade-ou-da-ratio-cognoscendi\/#primaryimage\"},\"thumbnailUrl\":\"https:\/\/meusitejuridico.com.br\/s.meusitejuridico\/2017\/08\/ae359410-shutterstock-87881323.jpg\",\"keywords\":[\"cognoscendi\",\"Direito Penal\",\"ilicitude\",\"indiciariedade\",\"teoria do delito\",\"tipicidade\"],\"articleSection\":[\"Material de aula\",\"Perguntas e Respostas\"],\"inLanguage\":\"pt-BR\",\"potentialAction\":[{\"@type\":\"CommentAction\",\"name\":\"Comment\",\"target\":[\"https:\/\/meusitejuridico.editorajuspodivm.com.br\/2017\/08\/08\/o-que-se-entende-por-teoria-da-indiciariedade-ou-da-ratio-cognoscendi\/#respond\"]}]},{\"@type\":\"WebPage\",\"@id\":\"https:\/\/meusitejuridico.editorajuspodivm.com.br\/2017\/08\/08\/o-que-se-entende-por-teoria-da-indiciariedade-ou-da-ratio-cognoscendi\/\",\"url\":\"https:\/\/meusitejuridico.editorajuspodivm.com.br\/2017\/08\/08\/o-que-se-entende-por-teoria-da-indiciariedade-ou-da-ratio-cognoscendi\/\",\"name\":\"O que se entende por teoria da indiciariedade (ou da \u201cratio cognoscendi\u201d)? - Meu site jur\u00eddico\",\"isPartOf\":{\"@id\":\"https:\/\/cdn.meusitejuridico.com.br\/#website\"},\"primaryImageOfPage\":{\"@id\":\"https:\/\/meusitejuridico.editorajuspodivm.com.br\/2017\/08\/08\/o-que-se-entende-por-teoria-da-indiciariedade-ou-da-ratio-cognoscendi\/#primaryimage\"},\"image\":{\"@id\":\"https:\/\/meusitejuridico.editorajuspodivm.com.br\/2017\/08\/08\/o-que-se-entende-por-teoria-da-indiciariedade-ou-da-ratio-cognoscendi\/#primaryimage\"},\"thumbnailUrl\":\"https:\/\/meusitejuridico.com.br\/s.meusitejuridico\/2017\/08\/ae359410-shutterstock-87881323.jpg\",\"datePublished\":\"2017-08-08T10:00:54+00:00\",\"breadcrumb\":{\"@id\":\"https:\/\/meusitejuridico.editorajuspodivm.com.br\/2017\/08\/08\/o-que-se-entende-por-teoria-da-indiciariedade-ou-da-ratio-cognoscendi\/#breadcrumb\"},\"inLanguage\":\"pt-BR\",\"potentialAction\":[{\"@type\":\"ReadAction\",\"target\":[\"https:\/\/meusitejuridico.editorajuspodivm.com.br\/2017\/08\/08\/o-que-se-entende-por-teoria-da-indiciariedade-ou-da-ratio-cognoscendi\/\"]}]},{\"@type\":\"ImageObject\",\"inLanguage\":\"pt-BR\",\"@id\":\"https:\/\/meusitejuridico.editorajuspodivm.com.br\/2017\/08\/08\/o-que-se-entende-por-teoria-da-indiciariedade-ou-da-ratio-cognoscendi\/#primaryimage\",\"url\":\"https:\/\/meusitejuridico.com.br\/s.meusitejuridico\/2017\/08\/ae359410-shutterstock-87881323.jpg\",\"contentUrl\":\"https:\/\/meusitejuridico.com.br\/s.meusitejuridico\/2017\/08\/ae359410-shutterstock-87881323.jpg\",\"width\":3762,\"height\":2475},{\"@type\":\"BreadcrumbList\",\"@id\":\"https:\/\/meusitejuridico.editorajuspodivm.com.br\/2017\/08\/08\/o-que-se-entende-por-teoria-da-indiciariedade-ou-da-ratio-cognoscendi\/#breadcrumb\",\"itemListElement\":[{\"@type\":\"ListItem\",\"position\":1,\"name\":\"In\u00edcio\",\"item\":\"https:\/\/cdn.meusitejuridico.com.br\/\"},{\"@type\":\"ListItem\",\"position\":2,\"name\":\"O que se entende por teoria da indiciariedade (ou da \u201cratio cognoscendi\u201d)?\"}]},{\"@type\":\"WebSite\",\"@id\":\"https:\/\/cdn.meusitejuridico.com.br\/#website\",\"url\":\"https:\/\/cdn.meusitejuridico.com.br\/\",\"name\":\"Meu site jur\u00eddico\",\"description\":\"Meu site jur\u00eddico\",\"publisher\":{\"@id\":\"https:\/\/cdn.meusitejuridico.com.br\/#organization\"},\"potentialAction\":[{\"@type\":\"SearchAction\",\"target\":{\"@type\":\"EntryPoint\",\"urlTemplate\":\"https:\/\/cdn.meusitejuridico.com.br\/?s={search_term_string}\"},\"query-input\":{\"@type\":\"PropertyValueSpecification\",\"valueRequired\":true,\"valueName\":\"search_term_string\"}}],\"inLanguage\":\"pt-BR\"},{\"@type\":\"Organization\",\"@id\":\"https:\/\/cdn.meusitejuridico.com.br\/#organization\",\"name\":\"Meu site jur\u00eddico\",\"url\":\"https:\/\/cdn.meusitejuridico.com.br\/\",\"logo\":{\"@type\":\"ImageObject\",\"inLanguage\":\"pt-BR\",\"@id\":\"https:\/\/cdn.meusitejuridico.com.br\/#\/schema\/logo\/image\/\",\"url\":\"https:\/\/meusitejuridico.com.br\/s.meusitejuridico\/2022\/03\/cropped-baeec2a3-msj-02-01-01.png\",\"contentUrl\":\"https:\/\/meusitejuridico.com.br\/s.meusitejuridico\/2022\/03\/cropped-baeec2a3-msj-02-01-01.png\",\"width\":349,\"height\":243,\"caption\":\"Meu site jur\u00eddico\"},\"image\":{\"@id\":\"https:\/\/cdn.meusitejuridico.com.br\/#\/schema\/logo\/image\/\"}},{\"@type\":\"Person\",\"@id\":\"https:\/\/cdn.meusitejuridico.com.br\/#\/schema\/person\/5c2237ac0c8ff03bcf1a09fe3e45dfce\",\"name\":\"Equipe Meu Site Jur\u00eddico\",\"image\":{\"@type\":\"ImageObject\",\"inLanguage\":\"pt-BR\",\"@id\":\"https:\/\/cdn.meusitejuridico.com.br\/#\/schema\/person\/image\/\",\"url\":\"https:\/\/meusitejuridico.com.br\/s.meusitejuridico\/2020\/07\/6be289aa-logo-msj.png\",\"contentUrl\":\"https:\/\/meusitejuridico.com.br\/s.meusitejuridico\/2020\/07\/6be289aa-logo-msj.png\",\"caption\":\"Equipe Meu Site Jur\u00eddico\"},\"description\":\"Contem conosco!\",\"url\":\"https:\/\/meusitejuridico.com.br\/author\/equipe-meu-site-juridico\/\"}]}<\/script>\n<!-- \/ Yoast SEO plugin. -->","yoast_head_json":{"title":"O que se entende por teoria da indiciariedade (ou da \u201cratio cognoscendi\u201d)? - Meu site jur\u00eddico","robots":{"index":"index","follow":"follow","max-snippet":"max-snippet:-1","max-image-preview":"max-image-preview:large","max-video-preview":"max-video-preview:-1"},"canonical":"https:\/\/meusitejuridico.editorajuspodivm.com.br\/2017\/08\/08\/o-que-se-entende-por-teoria-da-indiciariedade-ou-da-ratio-cognoscendi\/","og_locale":"pt_BR","og_type":"article","og_title":"O que se entende por teoria da indiciariedade (ou da \u201cratio cognoscendi\u201d)? - Meu site jur\u00eddico","og_description":"Na rela\u00e7\u00e3o entre tipicidade e ilicitude, para esta teoria a exist\u00eancia do fato t\u00edpico gera uma presun\u00e7\u00e3o (relativa) de que \u00e9 tamb\u00e9m il\u00edcito. N\u00e3o h\u00e1, ao contr\u00e1rio do que sustenta a teoria da autonomia, uma absoluta independ\u00eancia entre esses dois substratos, mas uma relativa depend\u00eancia. Conclus\u00e3o: o fato t\u00edpico desperta ind\u00edcios de ilicitude, apesar de [&hellip;]","og_url":"https:\/\/meusitejuridico.editorajuspodivm.com.br\/2017\/08\/08\/o-que-se-entende-por-teoria-da-indiciariedade-ou-da-ratio-cognoscendi\/","og_site_name":"Meu site jur\u00eddico","article_published_time":"2017-08-08T10:00:54+00:00","og_image":[{"width":3762,"height":2475,"url":"https:\/\/meusitejuridico.editorajuspodivm.com.br\/s.meusitejuridico\/2017\/08\/ae359410-shutterstock-87881323.jpg","type":"image\/jpeg"}],"author":"Equipe Meu Site Jur\u00eddico","twitter_card":"summary_large_image","twitter_misc":{"Escrito por":"Equipe Meu Site Jur\u00eddico","Est. tempo de leitura":"1 minuto"},"schema":{"@context":"https:\/\/schema.org","@graph":[{"@type":"Article","@id":"https:\/\/meusitejuridico.editorajuspodivm.com.br\/2017\/08\/08\/o-que-se-entende-por-teoria-da-indiciariedade-ou-da-ratio-cognoscendi\/#article","isPartOf":{"@id":"https:\/\/meusitejuridico.editorajuspodivm.com.br\/2017\/08\/08\/o-que-se-entende-por-teoria-da-indiciariedade-ou-da-ratio-cognoscendi\/"},"author":{"name":"Equipe Meu Site Jur\u00eddico","@id":"https:\/\/cdn.meusitejuridico.com.br\/#\/schema\/person\/5c2237ac0c8ff03bcf1a09fe3e45dfce"},"headline":"O que se entende por teoria da indiciariedade (ou da \u201cratio cognoscendi\u201d)?","datePublished":"2017-08-08T10:00:54+00:00","mainEntityOfPage":{"@id":"https:\/\/meusitejuridico.editorajuspodivm.com.br\/2017\/08\/08\/o-que-se-entende-por-teoria-da-indiciariedade-ou-da-ratio-cognoscendi\/"},"wordCount":132,"commentCount":1,"publisher":{"@id":"https:\/\/cdn.meusitejuridico.com.br\/#organization"},"image":{"@id":"https:\/\/meusitejuridico.editorajuspodivm.com.br\/2017\/08\/08\/o-que-se-entende-por-teoria-da-indiciariedade-ou-da-ratio-cognoscendi\/#primaryimage"},"thumbnailUrl":"https:\/\/meusitejuridico.com.br\/s.meusitejuridico\/2017\/08\/ae359410-shutterstock-87881323.jpg","keywords":["cognoscendi","Direito Penal","ilicitude","indiciariedade","teoria do delito","tipicidade"],"articleSection":["Material de aula","Perguntas e Respostas"],"inLanguage":"pt-BR","potentialAction":[{"@type":"CommentAction","name":"Comment","target":["https:\/\/meusitejuridico.editorajuspodivm.com.br\/2017\/08\/08\/o-que-se-entende-por-teoria-da-indiciariedade-ou-da-ratio-cognoscendi\/#respond"]}]},{"@type":"WebPage","@id":"https:\/\/meusitejuridico.editorajuspodivm.com.br\/2017\/08\/08\/o-que-se-entende-por-teoria-da-indiciariedade-ou-da-ratio-cognoscendi\/","url":"https:\/\/meusitejuridico.editorajuspodivm.com.br\/2017\/08\/08\/o-que-se-entende-por-teoria-da-indiciariedade-ou-da-ratio-cognoscendi\/","name":"O que se entende por teoria da indiciariedade (ou da \u201cratio cognoscendi\u201d)? - Meu site jur\u00eddico","isPartOf":{"@id":"https:\/\/cdn.meusitejuridico.com.br\/#website"},"primaryImageOfPage":{"@id":"https:\/\/meusitejuridico.editorajuspodivm.com.br\/2017\/08\/08\/o-que-se-entende-por-teoria-da-indiciariedade-ou-da-ratio-cognoscendi\/#primaryimage"},"image":{"@id":"https:\/\/meusitejuridico.editorajuspodivm.com.br\/2017\/08\/08\/o-que-se-entende-por-teoria-da-indiciariedade-ou-da-ratio-cognoscendi\/#primaryimage"},"thumbnailUrl":"https:\/\/meusitejuridico.com.br\/s.meusitejuridico\/2017\/08\/ae359410-shutterstock-87881323.jpg","datePublished":"2017-08-08T10:00:54+00:00","breadcrumb":{"@id":"https:\/\/meusitejuridico.editorajuspodivm.com.br\/2017\/08\/08\/o-que-se-entende-por-teoria-da-indiciariedade-ou-da-ratio-cognoscendi\/#breadcrumb"},"inLanguage":"pt-BR","potentialAction":[{"@type":"ReadAction","target":["https:\/\/meusitejuridico.editorajuspodivm.com.br\/2017\/08\/08\/o-que-se-entende-por-teoria-da-indiciariedade-ou-da-ratio-cognoscendi\/"]}]},{"@type":"ImageObject","inLanguage":"pt-BR","@id":"https:\/\/meusitejuridico.editorajuspodivm.com.br\/2017\/08\/08\/o-que-se-entende-por-teoria-da-indiciariedade-ou-da-ratio-cognoscendi\/#primaryimage","url":"https:\/\/meusitejuridico.com.br\/s.meusitejuridico\/2017\/08\/ae359410-shutterstock-87881323.jpg","contentUrl":"https:\/\/meusitejuridico.com.br\/s.meusitejuridico\/2017\/08\/ae359410-shutterstock-87881323.jpg","width":3762,"height":2475},{"@type":"BreadcrumbList","@id":"https:\/\/meusitejuridico.editorajuspodivm.com.br\/2017\/08\/08\/o-que-se-entende-por-teoria-da-indiciariedade-ou-da-ratio-cognoscendi\/#breadcrumb","itemListElement":[{"@type":"ListItem","position":1,"name":"In\u00edcio","item":"https:\/\/cdn.meusitejuridico.com.br\/"},{"@type":"ListItem","position":2,"name":"O que se entende por teoria da indiciariedade (ou da \u201cratio cognoscendi\u201d)?"}]},{"@type":"WebSite","@id":"https:\/\/cdn.meusitejuridico.com.br\/#website","url":"https:\/\/cdn.meusitejuridico.com.br\/","name":"Meu site jur\u00eddico","description":"Meu site jur\u00eddico","publisher":{"@id":"https:\/\/cdn.meusitejuridico.com.br\/#organization"},"potentialAction":[{"@type":"SearchAction","target":{"@type":"EntryPoint","urlTemplate":"https:\/\/cdn.meusitejuridico.com.br\/?s={search_term_string}"},"query-input":{"@type":"PropertyValueSpecification","valueRequired":true,"valueName":"search_term_string"}}],"inLanguage":"pt-BR"},{"@type":"Organization","@id":"https:\/\/cdn.meusitejuridico.com.br\/#organization","name":"Meu site jur\u00eddico","url":"https:\/\/cdn.meusitejuridico.com.br\/","logo":{"@type":"ImageObject","inLanguage":"pt-BR","@id":"https:\/\/cdn.meusitejuridico.com.br\/#\/schema\/logo\/image\/","url":"https:\/\/meusitejuridico.com.br\/s.meusitejuridico\/2022\/03\/cropped-baeec2a3-msj-02-01-01.png","contentUrl":"https:\/\/meusitejuridico.com.br\/s.meusitejuridico\/2022\/03\/cropped-baeec2a3-msj-02-01-01.png","width":349,"height":243,"caption":"Meu site jur\u00eddico"},"image":{"@id":"https:\/\/cdn.meusitejuridico.com.br\/#\/schema\/logo\/image\/"}},{"@type":"Person","@id":"https:\/\/cdn.meusitejuridico.com.br\/#\/schema\/person\/5c2237ac0c8ff03bcf1a09fe3e45dfce","name":"Equipe Meu Site Jur\u00eddico","image":{"@type":"ImageObject","inLanguage":"pt-BR","@id":"https:\/\/cdn.meusitejuridico.com.br\/#\/schema\/person\/image\/","url":"https:\/\/meusitejuridico.com.br\/s.meusitejuridico\/2020\/07\/6be289aa-logo-msj.png","contentUrl":"https:\/\/meusitejuridico.com.br\/s.meusitejuridico\/2020\/07\/6be289aa-logo-msj.png","caption":"Equipe Meu Site Jur\u00eddico"},"description":"Contem conosco!","url":"https:\/\/meusitejuridico.com.br\/author\/equipe-meu-site-juridico\/"}]}},"_links":{"self":[{"href":"https:\/\/meusitejuridico.com.br\/api\/wp\/v2\/posts\/3201","targetHints":{"allow":["GET"]}}],"collection":[{"href":"https:\/\/meusitejuridico.com.br\/api\/wp\/v2\/posts"}],"about":[{"href":"https:\/\/meusitejuridico.com.br\/api\/wp\/v2\/types\/post"}],"author":[{"embeddable":true,"href":"https:\/\/meusitejuridico.com.br\/api\/wp\/v2\/users\/7"}],"replies":[{"embeddable":true,"href":"https:\/\/meusitejuridico.com.br\/api\/wp\/v2\/comments?post=3201"}],"version-history":[{"count":3,"href":"https:\/\/meusitejuridico.com.br\/api\/wp\/v2\/posts\/3201\/revisions"}],"predecessor-version":[{"id":3205,"href":"https:\/\/meusitejuridico.com.br\/api\/wp\/v2\/posts\/3201\/revisions\/3205"}],"wp:featuredmedia":[{"embeddable":true,"href":"https:\/\/meusitejuridico.com.br\/api\/wp\/v2\/media\/3202"}],"wp:attachment":[{"href":"https:\/\/meusitejuridico.com.br\/api\/wp\/v2\/media?parent=3201"}],"wp:term":[{"taxonomy":"category","embeddable":true,"href":"https:\/\/meusitejuridico.com.br\/api\/wp\/v2\/categories?post=3201"},{"taxonomy":"post_tag","embeddable":true,"href":"https:\/\/meusitejuridico.com.br\/api\/wp\/v2\/tags?post=3201"}],"curies":[{"name":"wp","href":"https:\/\/api.w.org\/{rel}","templated":true}]}}