{"id":3388,"date":"2017-09-01T07:00:01","date_gmt":"2017-09-01T10:00:01","guid":{"rendered":"https:\/\/meusitejuridico.com.br\/?p=3388"},"modified":"2017-08-31T22:44:45","modified_gmt":"2017-09-01T01:44:45","slug":"o-que-se-entende-por-principio-da-instrumentalidade-das-formas","status":"publish","type":"post","link":"https:\/\/meusitejuridico.com.br\/2017\/09\/01\/o-que-se-entende-por-principio-da-instrumentalidade-das-formas\/","title":{"rendered":"O que se entende por princ\u00edpio da instrumentalidade das formas?"},"content":{"rendered":"<p>Segundo tal princ\u00edpio, a enaltecer o car\u00e1ter instrumental do processo, a forma n\u00e3o \u00e9 um fim em si mesma, portanto, o ato \u00e9 v\u00e1lido se atingiu seus objetivos, mesmo que sem a observ\u00e2ncia da solenidade. Vem previsto no inc. II do art. 572 e no art. 566 do CPP. No mais, sintetiza toda a teoria que inspira o sistema de nulidades de nosso C\u00f3digo, que buscou apartar-se do desnecess\u00e1rio formalismo, pr\u00f3prio, apenas, para incentivar a pr\u00e1tica de chicanas e atos mals\u00e3os, visando, antes, a privilegiar a subst\u00e2ncia \u00e0 forma. Assim, por exemplo, \u00e9 obrigat\u00f3ria a cita\u00e7\u00e3o do r\u00e9u, que, por\u00e9m, pode ser sanada por seu comparecimento espont\u00e2neo (<a class='qlabs_tooltip_top qlabs_tooltip_style_1 cursor_pointer event_hover' style=''  aria-haspopup='true'>art. 570<span style='width: 180px; '  > Art. 570. A falta ou a nulidade da cita\u00e7\u00e3o, da intima\u00e7\u00e3o ou notifica\u00e7\u00e3o estar\u00e1 sanada, desde que o interessado compare\u00e7a, antes de o ato consumar-se, embora declare que o faz para o \u00fanico fim de arg\u00fci-la. O juiz ordenar\u00e1, todavia, a suspens\u00e3o ou o adiamento do ato, quando reconhecer que a irregularidade poder\u00e1 prejudicar direito da parte.<\/span><\/a>).<\/p>\n<p><strong>Material extra\u00eddo da obra\u00a0<\/strong><a href=\"https:\/\/goo.gl\/cEpf7X?utm_source=Site&amp;utm_medium=MeuSiteJuridico%22\">C\u00f3digo de Processo Penal e Lei de Execu\u00e7\u00e3o Penal Comentados por Artigos (2017)<\/a><\/p>\n","protected":false},"excerpt":{"rendered":"<p>Segundo tal princ\u00edpio, a enaltecer o car\u00e1ter instrumental do processo, a forma n\u00e3o \u00e9 um fim em si mesma, portanto, o ato \u00e9 v\u00e1lido se atingiu seus objetivos, mesmo que sem a observ\u00e2ncia da solenidade. Vem previsto no inc. II do art. 572 e no art. 566 do CPP. No mais, sintetiza toda a teoria [&hellip;]<\/p>\n","protected":false},"author":7,"featured_media":3046,"comment_status":"open","ping_status":"open","sticky":false,"template":"","format":"standard","meta":{"_acf_changed":false,"footnotes":""},"categories":[78,437],"tags":[295,967,368],"class_list":["post-3388","post","type-post","status-publish","format-standard","has-post-thumbnail","hentry","category-material-de-aula","category-perguntas-e-respostas","tag-codigo-de-processo-penal","tag-instrumentalidade","tag-nulidade"],"acf":[],"yoast_head":"<!-- This site is optimized with the Yoast SEO plugin v24.8.1 - https:\/\/yoast.com\/wordpress\/plugins\/seo\/ -->\n<title>O que se entende por princ\u00edpio da instrumentalidade das formas? - Meu site jur\u00eddico<\/title>\n<meta name=\"robots\" content=\"index, follow, max-snippet:-1, max-image-preview:large, max-video-preview:-1\" \/>\n<link rel=\"canonical\" href=\"https:\/\/meusitejuridico.com.br\/2017\/09\/01\/o-que-se-entende-por-principio-da-instrumentalidade-das-formas\/\" \/>\n<meta property=\"og:locale\" content=\"pt_BR\" \/>\n<meta property=\"og:type\" content=\"article\" \/>\n<meta property=\"og:title\" content=\"O que se entende por princ\u00edpio da instrumentalidade das formas? - Meu site jur\u00eddico\" \/>\n<meta property=\"og:description\" content=\"Segundo tal princ\u00edpio, a enaltecer o car\u00e1ter instrumental do processo, a forma n\u00e3o \u00e9 um fim em si mesma, portanto, o ato \u00e9 v\u00e1lido se atingiu seus objetivos, mesmo que sem a observ\u00e2ncia da solenidade. Vem previsto no inc. II do art. 572 e no art. 566 do CPP. No mais, sintetiza toda a teoria [&hellip;]\" \/>\n<meta property=\"og:url\" content=\"https:\/\/meusitejuridico.com.br\/2017\/09\/01\/o-que-se-entende-por-principio-da-instrumentalidade-das-formas\/\" \/>\n<meta property=\"og:site_name\" content=\"Meu site jur\u00eddico\" \/>\n<meta property=\"article:published_time\" content=\"2017-09-01T10:00:01+00:00\" \/>\n<meta property=\"og:image\" content=\"https:\/\/meusitejuridico.com.br\/s.meusitejuridico\/2017\/07\/3e9c9e5e-shutterstock-378848479.jpg\" \/>\n\t<meta property=\"og:image:width\" content=\"1000\" \/>\n\t<meta property=\"og:image:height\" content=\"667\" \/>\n\t<meta property=\"og:image:type\" content=\"image\/jpeg\" \/>\n<meta name=\"author\" content=\"Equipe Meu Site Jur\u00eddico\" \/>\n<meta name=\"twitter:card\" content=\"summary_large_image\" \/>\n<meta name=\"twitter:label1\" content=\"Escrito por\" \/>\n\t<meta name=\"twitter:data1\" content=\"Equipe Meu Site Jur\u00eddico\" \/>\n\t<meta name=\"twitter:label2\" content=\"Est. tempo de leitura\" \/>\n\t<meta name=\"twitter:data2\" content=\"1 minuto\" \/>\n<script type=\"application\/ld+json\" class=\"yoast-schema-graph\">{\"@context\":\"https:\/\/schema.org\",\"@graph\":[{\"@type\":\"Article\",\"@id\":\"https:\/\/meusitejuridico.com.br\/2017\/09\/01\/o-que-se-entende-por-principio-da-instrumentalidade-das-formas\/#article\",\"isPartOf\":{\"@id\":\"https:\/\/meusitejuridico.com.br\/2017\/09\/01\/o-que-se-entende-por-principio-da-instrumentalidade-das-formas\/\"},\"author\":{\"name\":\"Equipe Meu Site Jur\u00eddico\",\"@id\":\"https:\/\/meusitejuridico.editorajuspodivm.com.br\/#\/schema\/person\/5c2237ac0c8ff03bcf1a09fe3e45dfce\"},\"headline\":\"O que se entende por princ\u00edpio da instrumentalidade das formas?\",\"datePublished\":\"2017-09-01T10:00:01+00:00\",\"mainEntityOfPage\":{\"@id\":\"https:\/\/meusitejuridico.com.br\/2017\/09\/01\/o-que-se-entende-por-principio-da-instrumentalidade-das-formas\/\"},\"wordCount\":228,\"commentCount\":0,\"publisher\":{\"@id\":\"https:\/\/meusitejuridico.editorajuspodivm.com.br\/#organization\"},\"image\":{\"@id\":\"https:\/\/meusitejuridico.com.br\/2017\/09\/01\/o-que-se-entende-por-principio-da-instrumentalidade-das-formas\/#primaryimage\"},\"thumbnailUrl\":\"https:\/\/meusitejuridico.com.br\/s.meusitejuridico\/2017\/07\/3e9c9e5e-shutterstock-378848479.jpg\",\"keywords\":[\"C\u00f3digo de Processo Penal\",\"instrumentalidade\",\"nulidade\"],\"articleSection\":[\"Material de aula\",\"Perguntas e Respostas\"],\"inLanguage\":\"pt-BR\",\"potentialAction\":[{\"@type\":\"CommentAction\",\"name\":\"Comment\",\"target\":[\"https:\/\/meusitejuridico.com.br\/2017\/09\/01\/o-que-se-entende-por-principio-da-instrumentalidade-das-formas\/#respond\"]}]},{\"@type\":\"WebPage\",\"@id\":\"https:\/\/meusitejuridico.com.br\/2017\/09\/01\/o-que-se-entende-por-principio-da-instrumentalidade-das-formas\/\",\"url\":\"https:\/\/meusitejuridico.com.br\/2017\/09\/01\/o-que-se-entende-por-principio-da-instrumentalidade-das-formas\/\",\"name\":\"O que se entende por princ\u00edpio da instrumentalidade das formas? - Meu site jur\u00eddico\",\"isPartOf\":{\"@id\":\"https:\/\/meusitejuridico.editorajuspodivm.com.br\/#website\"},\"primaryImageOfPage\":{\"@id\":\"https:\/\/meusitejuridico.com.br\/2017\/09\/01\/o-que-se-entende-por-principio-da-instrumentalidade-das-formas\/#primaryimage\"},\"image\":{\"@id\":\"https:\/\/meusitejuridico.com.br\/2017\/09\/01\/o-que-se-entende-por-principio-da-instrumentalidade-das-formas\/#primaryimage\"},\"thumbnailUrl\":\"https:\/\/meusitejuridico.com.br\/s.meusitejuridico\/2017\/07\/3e9c9e5e-shutterstock-378848479.jpg\",\"datePublished\":\"2017-09-01T10:00:01+00:00\",\"breadcrumb\":{\"@id\":\"https:\/\/meusitejuridico.com.br\/2017\/09\/01\/o-que-se-entende-por-principio-da-instrumentalidade-das-formas\/#breadcrumb\"},\"inLanguage\":\"pt-BR\",\"potentialAction\":[{\"@type\":\"ReadAction\",\"target\":[\"https:\/\/meusitejuridico.com.br\/2017\/09\/01\/o-que-se-entende-por-principio-da-instrumentalidade-das-formas\/\"]}]},{\"@type\":\"ImageObject\",\"inLanguage\":\"pt-BR\",\"@id\":\"https:\/\/meusitejuridico.com.br\/2017\/09\/01\/o-que-se-entende-por-principio-da-instrumentalidade-das-formas\/#primaryimage\",\"url\":\"https:\/\/meusitejuridico.com.br\/s.meusitejuridico\/2017\/07\/3e9c9e5e-shutterstock-378848479.jpg\",\"contentUrl\":\"https:\/\/meusitejuridico.com.br\/s.meusitejuridico\/2017\/07\/3e9c9e5e-shutterstock-378848479.jpg\",\"width\":1000,\"height\":667},{\"@type\":\"BreadcrumbList\",\"@id\":\"https:\/\/meusitejuridico.com.br\/2017\/09\/01\/o-que-se-entende-por-principio-da-instrumentalidade-das-formas\/#breadcrumb\",\"itemListElement\":[{\"@type\":\"ListItem\",\"position\":1,\"name\":\"In\u00edcio\",\"item\":\"https:\/\/meusitejuridico.editorajuspodivm.com.br\/\"},{\"@type\":\"ListItem\",\"position\":2,\"name\":\"O que se entende por princ\u00edpio da instrumentalidade das formas?\"}]},{\"@type\":\"WebSite\",\"@id\":\"https:\/\/meusitejuridico.editorajuspodivm.com.br\/#website\",\"url\":\"https:\/\/meusitejuridico.editorajuspodivm.com.br\/\",\"name\":\"Meu site jur\u00eddico\",\"description\":\"Meu site jur\u00eddico\",\"publisher\":{\"@id\":\"https:\/\/meusitejuridico.editorajuspodivm.com.br\/#organization\"},\"potentialAction\":[{\"@type\":\"SearchAction\",\"target\":{\"@type\":\"EntryPoint\",\"urlTemplate\":\"https:\/\/meusitejuridico.editorajuspodivm.com.br\/?s={search_term_string}\"},\"query-input\":{\"@type\":\"PropertyValueSpecification\",\"valueRequired\":true,\"valueName\":\"search_term_string\"}}],\"inLanguage\":\"pt-BR\"},{\"@type\":\"Organization\",\"@id\":\"https:\/\/meusitejuridico.editorajuspodivm.com.br\/#organization\",\"name\":\"Meu site jur\u00eddico\",\"url\":\"https:\/\/meusitejuridico.editorajuspodivm.com.br\/\",\"logo\":{\"@type\":\"ImageObject\",\"inLanguage\":\"pt-BR\",\"@id\":\"https:\/\/meusitejuridico.editorajuspodivm.com.br\/#\/schema\/logo\/image\/\",\"url\":\"https:\/\/meusitejuridico.com.br\/s.meusitejuridico\/2022\/03\/cropped-baeec2a3-msj-02-01-01.png\",\"contentUrl\":\"https:\/\/meusitejuridico.com.br\/s.meusitejuridico\/2022\/03\/cropped-baeec2a3-msj-02-01-01.png\",\"width\":349,\"height\":243,\"caption\":\"Meu site jur\u00eddico\"},\"image\":{\"@id\":\"https:\/\/meusitejuridico.editorajuspodivm.com.br\/#\/schema\/logo\/image\/\"}},{\"@type\":\"Person\",\"@id\":\"https:\/\/meusitejuridico.editorajuspodivm.com.br\/#\/schema\/person\/5c2237ac0c8ff03bcf1a09fe3e45dfce\",\"name\":\"Equipe Meu Site Jur\u00eddico\",\"image\":{\"@type\":\"ImageObject\",\"inLanguage\":\"pt-BR\",\"@id\":\"https:\/\/meusitejuridico.editorajuspodivm.com.br\/#\/schema\/person\/image\/\",\"url\":\"https:\/\/meusitejuridico.com.br\/s.meusitejuridico\/2020\/07\/6be289aa-logo-msj.png\",\"contentUrl\":\"https:\/\/meusitejuridico.com.br\/s.meusitejuridico\/2020\/07\/6be289aa-logo-msj.png\",\"caption\":\"Equipe Meu Site Jur\u00eddico\"},\"description\":\"Contem conosco!\",\"url\":\"https:\/\/meusitejuridico.com.br\/author\/equipe-meu-site-juridico\/\"}]}<\/script>\n<!-- \/ Yoast SEO plugin. -->","yoast_head_json":{"title":"O que se entende por princ\u00edpio da instrumentalidade das formas? - Meu site jur\u00eddico","robots":{"index":"index","follow":"follow","max-snippet":"max-snippet:-1","max-image-preview":"max-image-preview:large","max-video-preview":"max-video-preview:-1"},"canonical":"https:\/\/meusitejuridico.com.br\/2017\/09\/01\/o-que-se-entende-por-principio-da-instrumentalidade-das-formas\/","og_locale":"pt_BR","og_type":"article","og_title":"O que se entende por princ\u00edpio da instrumentalidade das formas? - Meu site jur\u00eddico","og_description":"Segundo tal princ\u00edpio, a enaltecer o car\u00e1ter instrumental do processo, a forma n\u00e3o \u00e9 um fim em si mesma, portanto, o ato \u00e9 v\u00e1lido se atingiu seus objetivos, mesmo que sem a observ\u00e2ncia da solenidade. Vem previsto no inc. II do art. 572 e no art. 566 do CPP. No mais, sintetiza toda a teoria [&hellip;]","og_url":"https:\/\/meusitejuridico.com.br\/2017\/09\/01\/o-que-se-entende-por-principio-da-instrumentalidade-das-formas\/","og_site_name":"Meu site jur\u00eddico","article_published_time":"2017-09-01T10:00:01+00:00","og_image":[{"width":1000,"height":667,"url":"https:\/\/meusitejuridico.com.br\/s.meusitejuridico\/2017\/07\/3e9c9e5e-shutterstock-378848479.jpg","type":"image\/jpeg"}],"author":"Equipe Meu Site Jur\u00eddico","twitter_card":"summary_large_image","twitter_misc":{"Escrito por":"Equipe Meu Site Jur\u00eddico","Est. tempo de leitura":"1 minuto"},"schema":{"@context":"https:\/\/schema.org","@graph":[{"@type":"Article","@id":"https:\/\/meusitejuridico.com.br\/2017\/09\/01\/o-que-se-entende-por-principio-da-instrumentalidade-das-formas\/#article","isPartOf":{"@id":"https:\/\/meusitejuridico.com.br\/2017\/09\/01\/o-que-se-entende-por-principio-da-instrumentalidade-das-formas\/"},"author":{"name":"Equipe Meu Site Jur\u00eddico","@id":"https:\/\/meusitejuridico.editorajuspodivm.com.br\/#\/schema\/person\/5c2237ac0c8ff03bcf1a09fe3e45dfce"},"headline":"O que se entende por princ\u00edpio da instrumentalidade das formas?","datePublished":"2017-09-01T10:00:01+00:00","mainEntityOfPage":{"@id":"https:\/\/meusitejuridico.com.br\/2017\/09\/01\/o-que-se-entende-por-principio-da-instrumentalidade-das-formas\/"},"wordCount":228,"commentCount":0,"publisher":{"@id":"https:\/\/meusitejuridico.editorajuspodivm.com.br\/#organization"},"image":{"@id":"https:\/\/meusitejuridico.com.br\/2017\/09\/01\/o-que-se-entende-por-principio-da-instrumentalidade-das-formas\/#primaryimage"},"thumbnailUrl":"https:\/\/meusitejuridico.com.br\/s.meusitejuridico\/2017\/07\/3e9c9e5e-shutterstock-378848479.jpg","keywords":["C\u00f3digo de Processo Penal","instrumentalidade","nulidade"],"articleSection":["Material de aula","Perguntas e Respostas"],"inLanguage":"pt-BR","potentialAction":[{"@type":"CommentAction","name":"Comment","target":["https:\/\/meusitejuridico.com.br\/2017\/09\/01\/o-que-se-entende-por-principio-da-instrumentalidade-das-formas\/#respond"]}]},{"@type":"WebPage","@id":"https:\/\/meusitejuridico.com.br\/2017\/09\/01\/o-que-se-entende-por-principio-da-instrumentalidade-das-formas\/","url":"https:\/\/meusitejuridico.com.br\/2017\/09\/01\/o-que-se-entende-por-principio-da-instrumentalidade-das-formas\/","name":"O que se entende por princ\u00edpio da instrumentalidade das formas? - Meu site jur\u00eddico","isPartOf":{"@id":"https:\/\/meusitejuridico.editorajuspodivm.com.br\/#website"},"primaryImageOfPage":{"@id":"https:\/\/meusitejuridico.com.br\/2017\/09\/01\/o-que-se-entende-por-principio-da-instrumentalidade-das-formas\/#primaryimage"},"image":{"@id":"https:\/\/meusitejuridico.com.br\/2017\/09\/01\/o-que-se-entende-por-principio-da-instrumentalidade-das-formas\/#primaryimage"},"thumbnailUrl":"https:\/\/meusitejuridico.com.br\/s.meusitejuridico\/2017\/07\/3e9c9e5e-shutterstock-378848479.jpg","datePublished":"2017-09-01T10:00:01+00:00","breadcrumb":{"@id":"https:\/\/meusitejuridico.com.br\/2017\/09\/01\/o-que-se-entende-por-principio-da-instrumentalidade-das-formas\/#breadcrumb"},"inLanguage":"pt-BR","potentialAction":[{"@type":"ReadAction","target":["https:\/\/meusitejuridico.com.br\/2017\/09\/01\/o-que-se-entende-por-principio-da-instrumentalidade-das-formas\/"]}]},{"@type":"ImageObject","inLanguage":"pt-BR","@id":"https:\/\/meusitejuridico.com.br\/2017\/09\/01\/o-que-se-entende-por-principio-da-instrumentalidade-das-formas\/#primaryimage","url":"https:\/\/meusitejuridico.com.br\/s.meusitejuridico\/2017\/07\/3e9c9e5e-shutterstock-378848479.jpg","contentUrl":"https:\/\/meusitejuridico.com.br\/s.meusitejuridico\/2017\/07\/3e9c9e5e-shutterstock-378848479.jpg","width":1000,"height":667},{"@type":"BreadcrumbList","@id":"https:\/\/meusitejuridico.com.br\/2017\/09\/01\/o-que-se-entende-por-principio-da-instrumentalidade-das-formas\/#breadcrumb","itemListElement":[{"@type":"ListItem","position":1,"name":"In\u00edcio","item":"https:\/\/meusitejuridico.editorajuspodivm.com.br\/"},{"@type":"ListItem","position":2,"name":"O que se entende por princ\u00edpio da instrumentalidade das formas?"}]},{"@type":"WebSite","@id":"https:\/\/meusitejuridico.editorajuspodivm.com.br\/#website","url":"https:\/\/meusitejuridico.editorajuspodivm.com.br\/","name":"Meu site jur\u00eddico","description":"Meu site jur\u00eddico","publisher":{"@id":"https:\/\/meusitejuridico.editorajuspodivm.com.br\/#organization"},"potentialAction":[{"@type":"SearchAction","target":{"@type":"EntryPoint","urlTemplate":"https:\/\/meusitejuridico.editorajuspodivm.com.br\/?s={search_term_string}"},"query-input":{"@type":"PropertyValueSpecification","valueRequired":true,"valueName":"search_term_string"}}],"inLanguage":"pt-BR"},{"@type":"Organization","@id":"https:\/\/meusitejuridico.editorajuspodivm.com.br\/#organization","name":"Meu site jur\u00eddico","url":"https:\/\/meusitejuridico.editorajuspodivm.com.br\/","logo":{"@type":"ImageObject","inLanguage":"pt-BR","@id":"https:\/\/meusitejuridico.editorajuspodivm.com.br\/#\/schema\/logo\/image\/","url":"https:\/\/meusitejuridico.com.br\/s.meusitejuridico\/2022\/03\/cropped-baeec2a3-msj-02-01-01.png","contentUrl":"https:\/\/meusitejuridico.com.br\/s.meusitejuridico\/2022\/03\/cropped-baeec2a3-msj-02-01-01.png","width":349,"height":243,"caption":"Meu site jur\u00eddico"},"image":{"@id":"https:\/\/meusitejuridico.editorajuspodivm.com.br\/#\/schema\/logo\/image\/"}},{"@type":"Person","@id":"https:\/\/meusitejuridico.editorajuspodivm.com.br\/#\/schema\/person\/5c2237ac0c8ff03bcf1a09fe3e45dfce","name":"Equipe Meu Site Jur\u00eddico","image":{"@type":"ImageObject","inLanguage":"pt-BR","@id":"https:\/\/meusitejuridico.editorajuspodivm.com.br\/#\/schema\/person\/image\/","url":"https:\/\/meusitejuridico.com.br\/s.meusitejuridico\/2020\/07\/6be289aa-logo-msj.png","contentUrl":"https:\/\/meusitejuridico.com.br\/s.meusitejuridico\/2020\/07\/6be289aa-logo-msj.png","caption":"Equipe Meu Site Jur\u00eddico"},"description":"Contem conosco!","url":"https:\/\/meusitejuridico.com.br\/author\/equipe-meu-site-juridico\/"}]}},"_links":{"self":[{"href":"https:\/\/meusitejuridico.com.br\/api\/wp\/v2\/posts\/3388","targetHints":{"allow":["GET"]}}],"collection":[{"href":"https:\/\/meusitejuridico.com.br\/api\/wp\/v2\/posts"}],"about":[{"href":"https:\/\/meusitejuridico.com.br\/api\/wp\/v2\/types\/post"}],"author":[{"embeddable":true,"href":"https:\/\/meusitejuridico.com.br\/api\/wp\/v2\/users\/7"}],"replies":[{"embeddable":true,"href":"https:\/\/meusitejuridico.com.br\/api\/wp\/v2\/comments?post=3388"}],"version-history":[{"count":3,"href":"https:\/\/meusitejuridico.com.br\/api\/wp\/v2\/posts\/3388\/revisions"}],"predecessor-version":[{"id":3391,"href":"https:\/\/meusitejuridico.com.br\/api\/wp\/v2\/posts\/3388\/revisions\/3391"}],"wp:featuredmedia":[{"embeddable":true,"href":"https:\/\/meusitejuridico.com.br\/api\/wp\/v2\/media\/3046"}],"wp:attachment":[{"href":"https:\/\/meusitejuridico.com.br\/api\/wp\/v2\/media?parent=3388"}],"wp:term":[{"taxonomy":"category","embeddable":true,"href":"https:\/\/meusitejuridico.com.br\/api\/wp\/v2\/categories?post=3388"},{"taxonomy":"post_tag","embeddable":true,"href":"https:\/\/meusitejuridico.com.br\/api\/wp\/v2\/tags?post=3388"}],"curies":[{"name":"wp","href":"https:\/\/api.w.org\/{rel}","templated":true}]}}