{"id":4685,"date":"2018-03-01T20:07:31","date_gmt":"2018-03-01T23:07:31","guid":{"rendered":"https:\/\/meusitejuridico.com.br\/?p=4685"},"modified":"2022-01-18T16:24:40","modified_gmt":"2022-01-18T19:24:40","slug":"dor-e-delicia-de-cada-um-ser-o-que-e-possibilidade-de-alteracao-estado-sexual-na-adin-4275","status":"publish","type":"post","link":"https:\/\/meusitejuridico.com.br\/2018\/03\/01\/dor-e-delicia-de-cada-um-ser-o-que-e-possibilidade-de-alteracao-estado-sexual-na-adin-4275\/","title":{"rendered":"A dor e a del\u00edcia de cada um ser o que \u00e9: A possibilidade de altera\u00e7\u00e3o do estado sexual na ADIn 4275"},"content":{"rendered":"<p>Conforme j\u00e1 anunciava na nova edi\u00e7\u00e3o do nosso <span class='qlabs_tooltip_top qlabs_tooltip_style_1 cursor_pointer' style=''  aria-haspopup='true'>CURSO DE DIREITO CIVIL: Parte Geral &#8211; edi\u00e7\u00e3o 2018<span style='width: 180px; '  ><a href=\"https:\/\/www.editorajuspodivm.com.br\/curso-de-direito-civil-v1-parte-geral-e-lindb-2018\" target=\"_blank\" rel=\"noopener\"><img fetchpriority=\"high\" decoding=\"async\" class=\"alignnone wp-image-4415 size-medium\" src=\"https:\/\/s3.meusitejuridico.com.br\/2018\/01\/ccf80c1c-curso-de-direito-civil-v1-parte-geral-e-lindb-2018-215x300.png\" alt=\"\" width=\"215\" height=\"300\" srcset=\"https:\/\/meusitejuridico.com.br\/s.meusitejuridico\/2018\/01\/ccf80c1c-curso-de-direito-civil-v1-parte-geral-e-lindb-2018-215x300.png 215w, https:\/\/meusitejuridico.com.br\/s.meusitejuridico\/2018\/01\/ccf80c1c-curso-de-direito-civil-v1-parte-geral-e-lindb-2018-80x112.png 80w, https:\/\/meusitejuridico.com.br\/s.meusitejuridico\/2018\/01\/ccf80c1c-curso-de-direito-civil-v1-parte-geral-e-lindb-2018.png 650w\" sizes=\"(max-width: 215px) 100vw, 215px\" \/><\/a><\/span><\/span>, o STF acaba de autorizar, h\u00e1 pouco, POR UNANIMIDADE, a possibilidade das pessoas transg\u00eaneros alterarem o nome e o estado sexual, independentemente de cirurgia de transgenitaliza\u00e7\u00e3o (conhecida como mudan\u00e7a de sexo).<\/p>\n<p>Ao julgar, hoje, a ADIn 4275 (rel. Min. Marco Aur\u00e9lio), a Corte Suprema consagrou o aludido entendimento que ter\u00e1, como lhe \u00e9 corol\u00e1rio, efeitos vinculantes e erga omnes.<\/p>\n<p>Mas, n\u00e3o foi s\u00f3. Na decis\u00e3o, foi determinado que se proceda interpreta\u00e7\u00e3o conforme a Constitui\u00e7\u00e3o ao <a class='qlabs_tooltip_top qlabs_tooltip_style_1 cursor_pointer event_hover' style=''  aria-haspopup='true'>art. 58<span style='width: 180px; '  >Art. 58. O prenome ser\u00e1 definitivo, admitindo-se, todavia, a sua substitui\u00e7\u00e3o por apelidos p\u00fablicos not\u00f3rios.<\/span><\/a> da Lei n.6.015\/73 &#8211; Lei de Registros P\u00fablicos, compreendendo, doravante, que \u00e9 direito potestativo de toda pessoa transg\u00eanero declarar diretamente no cart\u00f3rio do Registro Civil, onde estiver registrada, qual o estado sexual (g\u00eanero) em que se enquadra, mesmo que n\u00e3o tenha realizado a cirurgia de mudan\u00e7a de sexo.<\/p>\n<p>Desatrelam-se os conceitos de g\u00eanero sexual e genit\u00e1lia &#8211; que, a toda evid\u00eancia, n\u00e3o se confundem. Afinal de contas, o estado sexual de uma pessoa n\u00e3o se restringe ao seu \u00f3rg\u00e3o genital! Por isso, de fato, \u00e9 poss\u00edvel a altera\u00e7\u00e3o sem <a href=\"https:\/\/play.google.com\/store\/apps\/details?id=com.app.meuappjuridico&amp;hl=pt\" target=\"_blank\" rel=\"noopener\"><img decoding=\"async\" class=\"alignright wp-image-4610 size-medium\" src=\"https:\/\/s3.meusitejuridico.com.br\/2018\/02\/3cdb1249-banner-app-300x166.jpeg\" alt=\"\" width=\"300\" height=\"166\" srcset=\"https:\/\/meusitejuridico.com.br\/s.meusitejuridico\/2018\/02\/3cdb1249-banner-app-300x166.jpeg 300w, https:\/\/meusitejuridico.com.br\/s.meusitejuridico\/2018\/02\/3cdb1249-banner-app-768x424.jpeg 768w, https:\/\/meusitejuridico.com.br\/s.meusitejuridico\/2018\/02\/3cdb1249-banner-app-1024x566.jpeg 1024w, https:\/\/meusitejuridico.com.br\/s.meusitejuridico\/2018\/02\/3cdb1249-banner-app-80x44.jpeg 80w, https:\/\/meusitejuridico.com.br\/s.meusitejuridico\/2018\/02\/3cdb1249-banner-app.jpeg 1140w\" sizes=\"(max-width: 300px) 100vw, 300px\" \/><\/a>cirurgia.<\/p>\n<p>No ponto, a psic\u00f3loga brasileira REGINA NAVARRO LINS, em excelente obra rec\u00e9m lan\u00e7ada (Novas formas de amar, Ed. Planeta), explica, com did\u00e1tica e precis\u00e3o cient\u00edfica, que esses conceitos s\u00e3o aut\u00f4nomos, n\u00e3o podendo serem confundidos com a pr\u00f3pria orienta\u00e7\u00e3o sexual. E bem por isso a ocorr\u00eancia independe de uma idade m\u00ednima, por n\u00e3o se enquadrar no campo da orienta\u00e7\u00e3o de cada um.<\/p>\n<p>A orienta\u00e7\u00e3o do STF harmoniza o sistema jur\u00eddico brasileiro com outros pa\u00edses que vinham conferindo tratamento mais contempor\u00e2neo ao tema, como a vizinha Argentina, ao autorizar a mudan\u00e7a de nome e de g\u00eanero sexual diretamente no cart\u00f3rio, independentemente de decis\u00e3o judicial ou interven\u00e7\u00e3o fiscalizat\u00f3ria do Minist\u00e9rio P\u00fablico.<\/p>\n<p>No ponto, em respeito \u00e0 facilita\u00e7\u00e3o de acesso \u00e0 Justi\u00e7a, garantida constitucionalmente (<a class='qlabs_tooltip_top qlabs_tooltip_style_1 cursor_pointer event_hover' style=''  aria-haspopup='true'>CF, art. 5o, XXXV<span style='width: 180px; '  >Art. 5\u00ba Todos s\u00e3o iguais perante a lei, sem distin\u00e7\u00e3o de qualquer natureza, garantindo-se aos brasileiros e aos estrangeiros residentes no Pa\u00eds a inviolabilidade do direito \u00e0 vida, \u00e0 liberdade, \u00e0 igualdade, \u00e0 seguran\u00e7a e \u00e0 propriedade, nos termos seguintes: (...) XXXV - a lei n\u00e3o excluir\u00e1 da aprecia\u00e7\u00e3o do Poder Judici\u00e1rio les\u00e3o ou amea\u00e7a a direito;<\/span><\/a>), me parece que as a\u00e7\u00f5es de redesigna\u00e7\u00e3o sexual em tramita\u00e7\u00e3o no Judici\u00e1rio devem ser julgadas (lembrada a efic\u00e1cia vinculante do entendimento hoje consagrado), n\u00e3o devendo serem extintas sem resolu\u00e7\u00e3o de m\u00e9rito &#8211; para evitar que o interessado sofra uma perda de tempo. Novos pedidos de mudan\u00e7a, no entanto, podem ser extintos sem resolu\u00e7\u00e3o de m\u00e9rito, por falta de interesse de agir, uma vez que \u00e9 poss\u00edvel a altera\u00e7\u00e3o do nome e do estado sexual direto no cart\u00f3rio, sem perquiri\u00e7\u00f5es e sem prova da cirurgia.<\/p>\n<p>Entendo, por\u00e9m, que, uma vez realizada a altera\u00e7\u00e3o do registro civil no cart\u00f3rio, se o titular pretender, posteriormente, realizar uma nova mudan\u00e7a, deve ser encaminhado ao Poder Judici\u00e1rio, para que o Estado determine um acompanhamento psicol\u00f3gico e m\u00e9dico, antes de uma nova delibera\u00e7\u00e3o, obstando uma insegura jur\u00eddica.<\/p>\n<p>Vale chamar a aten\u00e7\u00e3o, ainda, para o fato de que a decis\u00e3o do STF, expressamente, assevera que o direito \u00e0 mudan\u00e7a do nome e estado sexual em cart\u00f3rio n\u00e3o depende de uma idade m\u00ednima. Sob o prisma pr\u00e1tico, por\u00e9m, me parece que, em se tratando de interesse infanto-juvenil, h\u00e1 de se exigir a regular representa\u00e7\u00e3o ou assist\u00eancia no cart\u00f3rio, para acobertar o ato com o manto da validade. Havendo diverg\u00eancia entre o representante\/assistente e o incapaz, a\u00ed sim, o juiz deliberar\u00e1, ouvido o Promotor de Justi\u00e7a como fiscal da ordem jur\u00eddica.<\/p>\n<p>S\u00e3o in\u00fameros os casos de transg\u00eaneros infanto-juvenis que ganharam publicidade, explicitando o acerto da decis\u00e3o do STF.<\/p>\n<p>De todo modo, vamos a uma quest\u00e3o pr\u00e1tica: e se um cart\u00f3rio se recusar a proceder \u00e0 altera\u00e7\u00e3o, a pedido do interessado? Cabe um procedimento administrativo de duvida, para que o juiz de registros p\u00fablicos esclare\u00e7a o assunto, em decis\u00e3o que comporta recurso, independentemente de sua responsabiliza\u00e7\u00e3o civil e administrativa, por desafiar uma decis\u00e3o da Corte Suprema com efeitos vinculantes.<\/p>\n<p>Sem duvida, \u00e9 uma situa\u00e7\u00e3o nova, descortinando um novo cen\u00e1rio e um novo sistema jur\u00eddico. Exige-se, assim, dos juristas uma nova postura, mais humana, menos preconceituosa, garantindo maior inclus\u00e3o social.<\/p>\n<p>Aprisionar uma pessoa em um enquadramento que n\u00e3o corresponde \u00e0 sua personalidade seria violar, a mais n\u00e3o poder, a sua dignidade, ferindo a sua ess\u00eancia humana, o que ela \u00e9!!!<\/p>\n<p>E n\u00e3o se objete que haveria interesse p\u00fablico em controlar essa altera\u00e7\u00e3o. Com a mudan\u00e7a, a pessoa passa a ser tratada pelo seu novo estado sexual para todos os fins, inclusive previdenci\u00e1rios. At\u00e9 porque aquele sempre deveria ter sido o seu g\u00eanero sexual. At\u00e9 o Comit\u00ea Ol\u00edmpico Internacional &#8211; COI j\u00e1 vinha reconhecendo o direito de participar de competi\u00e7\u00f5es esportivas.<\/p>\n<p>A premissa desse admir\u00e1vel mundo novo talvez tenha sido muito bem formada pela genialidade de CAETANO VELOSO: cada sabe a dor e a delicia de ser o que \u00e9&#8230;. E bem captando essa ideia, ao proferir o seu voto hoje, nesse julgamento, a Min. C\u00c1RMEN L\u00daCIA consignou que \u201cs\u00f3 quem sofre preconceito \u00e9 que pode falar\u201d, conclamando todos a uma compreens\u00e3o da mat\u00e9ria com respeito \u00e0s diferen\u00e7as.<\/p>\n<p>&nbsp;<\/p>\n","protected":false},"excerpt":{"rendered":"<p>Conforme j\u00e1 anunciava na nova edi\u00e7\u00e3o do nosso , o STF acaba de autorizar, h\u00e1 pouco, POR UNANIMIDADE, a possibilidade das pessoas transg\u00eaneros alterarem o nome e o estado sexual, independentemente de cirurgia de transgenitaliza\u00e7\u00e3o (conhecida como mudan\u00e7a de sexo). Ao julgar, hoje, a ADIn 4275 (rel. Min. Marco Aur\u00e9lio), a Corte Suprema consagrou o [&hellip;]<\/p>\n","protected":false},"author":8,"featured_media":4686,"comment_status":"open","ping_status":"open","sticky":false,"template":"","format":"standard","meta":{"_acf_changed":false,"footnotes":""},"categories":[1,75,79],"tags":[1460,1459,377,116,344],"class_list":["post-4685","post","type-post","status-publish","format-standard","has-post-thumbnail","hentry","category-artigos","category-jurisprudencia-comentada","category-informativos-stf","tag-1460","tag-6-015","tag-registro-de-nascimento","tag-stf","tag-transsexual"],"acf":[],"yoast_head":"<!-- This site is optimized with the Yoast SEO plugin v24.8.1 - https:\/\/yoast.com\/wordpress\/plugins\/seo\/ -->\n<title>A dor e a del\u00edcia de cada um ser o que \u00e9: A possibilidade de altera\u00e7\u00e3o do estado sexual na ADIn 4275 - Meu site jur\u00eddico<\/title>\n<meta name=\"robots\" content=\"index, follow, max-snippet:-1, max-image-preview:large, max-video-preview:-1\" \/>\n<link rel=\"canonical\" href=\"https:\/\/meusitejuridico.editorajuspodivm.com.br\/2018\/03\/01\/dor-e-delicia-de-cada-um-ser-o-que-e-possibilidade-de-alteracao-estado-sexual-na-adin-4275\/\" \/>\n<meta property=\"og:locale\" content=\"pt_BR\" \/>\n<meta property=\"og:type\" content=\"article\" \/>\n<meta property=\"og:title\" content=\"A dor e a del\u00edcia de cada um ser o que \u00e9: A possibilidade de altera\u00e7\u00e3o do estado sexual na ADIn 4275 - Meu site jur\u00eddico\" \/>\n<meta property=\"og:description\" content=\"Conforme j\u00e1 anunciava na nova edi\u00e7\u00e3o do nosso , o STF acaba de autorizar, h\u00e1 pouco, POR UNANIMIDADE, a possibilidade das pessoas transg\u00eaneros alterarem o nome e o estado sexual, independentemente de cirurgia de transgenitaliza\u00e7\u00e3o (conhecida como mudan\u00e7a de sexo). Ao julgar, hoje, a ADIn 4275 (rel. Min. Marco Aur\u00e9lio), a Corte Suprema consagrou o [&hellip;]\" \/>\n<meta property=\"og:url\" content=\"https:\/\/meusitejuridico.editorajuspodivm.com.br\/2018\/03\/01\/dor-e-delicia-de-cada-um-ser-o-que-e-possibilidade-de-alteracao-estado-sexual-na-adin-4275\/\" \/>\n<meta property=\"og:site_name\" content=\"Meu site jur\u00eddico\" \/>\n<meta property=\"article:author\" content=\"https:\/\/www.facebook.com\/cristianochavesfarias\/?fref=ts\" \/>\n<meta property=\"article:published_time\" content=\"2018-03-01T23:07:31+00:00\" \/>\n<meta property=\"article:modified_time\" content=\"2022-01-18T19:24:40+00:00\" \/>\n<meta property=\"og:image\" content=\"https:\/\/meusitejuridico.editorajuspodivm.com.br\/s.meusitejuridico\/2018\/03\/cfbf8fab-shutterstock-521792092.jpg\" \/>\n\t<meta property=\"og:image:width\" content=\"1000\" \/>\n\t<meta property=\"og:image:height\" content=\"667\" \/>\n\t<meta property=\"og:image:type\" content=\"image\/jpeg\" \/>\n<meta name=\"author\" content=\"Cristiano Chaves de Farias\" \/>\n<meta name=\"twitter:card\" content=\"summary_large_image\" \/>\n<meta name=\"twitter:creator\" content=\"@cchavesfarias\" \/>\n<meta name=\"twitter:label1\" content=\"Escrito por\" \/>\n\t<meta name=\"twitter:data1\" content=\"Cristiano Chaves de Farias\" \/>\n\t<meta name=\"twitter:label2\" content=\"Est. tempo de leitura\" \/>\n\t<meta name=\"twitter:data2\" content=\"5 minutos\" \/>\n<script type=\"application\/ld+json\" class=\"yoast-schema-graph\">{\"@context\":\"https:\/\/schema.org\",\"@graph\":[{\"@type\":\"Article\",\"@id\":\"https:\/\/meusitejuridico.editorajuspodivm.com.br\/2018\/03\/01\/dor-e-delicia-de-cada-um-ser-o-que-e-possibilidade-de-alteracao-estado-sexual-na-adin-4275\/#article\",\"isPartOf\":{\"@id\":\"https:\/\/meusitejuridico.editorajuspodivm.com.br\/2018\/03\/01\/dor-e-delicia-de-cada-um-ser-o-que-e-possibilidade-de-alteracao-estado-sexual-na-adin-4275\/\"},\"author\":{\"name\":\"Cristiano Chaves de Farias\",\"@id\":\"https:\/\/cdn.meusitejuridico.com.br\/#\/schema\/person\/2062331670583ff80d02ceed63784363\"},\"headline\":\"A dor e a del\u00edcia de cada um ser o que \u00e9: A possibilidade de altera\u00e7\u00e3o do estado sexual na ADIn 4275\",\"datePublished\":\"2018-03-01T23:07:31+00:00\",\"dateModified\":\"2022-01-18T19:24:40+00:00\",\"mainEntityOfPage\":{\"@id\":\"https:\/\/meusitejuridico.editorajuspodivm.com.br\/2018\/03\/01\/dor-e-delicia-de-cada-um-ser-o-que-e-possibilidade-de-alteracao-estado-sexual-na-adin-4275\/\"},\"wordCount\":1058,\"commentCount\":0,\"publisher\":{\"@id\":\"https:\/\/cdn.meusitejuridico.com.br\/#organization\"},\"image\":{\"@id\":\"https:\/\/meusitejuridico.editorajuspodivm.com.br\/2018\/03\/01\/dor-e-delicia-de-cada-um-ser-o-que-e-possibilidade-de-alteracao-estado-sexual-na-adin-4275\/#primaryimage\"},\"thumbnailUrl\":\"https:\/\/meusitejuridico.com.br\/s.meusitejuridico\/2018\/03\/cfbf8fab-shutterstock-521792092.jpg\",\"keywords\":[\"4275\",\"6.015\",\"registro de nascimento\",\"STF\",\"Transsexual\"],\"articleSection\":[\"Artigos\",\"Jurisprud\u00eancia\",\"STF\"],\"inLanguage\":\"pt-BR\",\"potentialAction\":[{\"@type\":\"CommentAction\",\"name\":\"Comment\",\"target\":[\"https:\/\/meusitejuridico.editorajuspodivm.com.br\/2018\/03\/01\/dor-e-delicia-de-cada-um-ser-o-que-e-possibilidade-de-alteracao-estado-sexual-na-adin-4275\/#respond\"]}]},{\"@type\":\"WebPage\",\"@id\":\"https:\/\/meusitejuridico.editorajuspodivm.com.br\/2018\/03\/01\/dor-e-delicia-de-cada-um-ser-o-que-e-possibilidade-de-alteracao-estado-sexual-na-adin-4275\/\",\"url\":\"https:\/\/meusitejuridico.editorajuspodivm.com.br\/2018\/03\/01\/dor-e-delicia-de-cada-um-ser-o-que-e-possibilidade-de-alteracao-estado-sexual-na-adin-4275\/\",\"name\":\"A dor e a del\u00edcia de cada um ser o que \u00e9: A possibilidade de altera\u00e7\u00e3o do estado sexual na ADIn 4275 - Meu site jur\u00eddico\",\"isPartOf\":{\"@id\":\"https:\/\/cdn.meusitejuridico.com.br\/#website\"},\"primaryImageOfPage\":{\"@id\":\"https:\/\/meusitejuridico.editorajuspodivm.com.br\/2018\/03\/01\/dor-e-delicia-de-cada-um-ser-o-que-e-possibilidade-de-alteracao-estado-sexual-na-adin-4275\/#primaryimage\"},\"image\":{\"@id\":\"https:\/\/meusitejuridico.editorajuspodivm.com.br\/2018\/03\/01\/dor-e-delicia-de-cada-um-ser-o-que-e-possibilidade-de-alteracao-estado-sexual-na-adin-4275\/#primaryimage\"},\"thumbnailUrl\":\"https:\/\/meusitejuridico.com.br\/s.meusitejuridico\/2018\/03\/cfbf8fab-shutterstock-521792092.jpg\",\"datePublished\":\"2018-03-01T23:07:31+00:00\",\"dateModified\":\"2022-01-18T19:24:40+00:00\",\"breadcrumb\":{\"@id\":\"https:\/\/meusitejuridico.editorajuspodivm.com.br\/2018\/03\/01\/dor-e-delicia-de-cada-um-ser-o-que-e-possibilidade-de-alteracao-estado-sexual-na-adin-4275\/#breadcrumb\"},\"inLanguage\":\"pt-BR\",\"potentialAction\":[{\"@type\":\"ReadAction\",\"target\":[\"https:\/\/meusitejuridico.editorajuspodivm.com.br\/2018\/03\/01\/dor-e-delicia-de-cada-um-ser-o-que-e-possibilidade-de-alteracao-estado-sexual-na-adin-4275\/\"]}]},{\"@type\":\"ImageObject\",\"inLanguage\":\"pt-BR\",\"@id\":\"https:\/\/meusitejuridico.editorajuspodivm.com.br\/2018\/03\/01\/dor-e-delicia-de-cada-um-ser-o-que-e-possibilidade-de-alteracao-estado-sexual-na-adin-4275\/#primaryimage\",\"url\":\"https:\/\/meusitejuridico.com.br\/s.meusitejuridico\/2018\/03\/cfbf8fab-shutterstock-521792092.jpg\",\"contentUrl\":\"https:\/\/meusitejuridico.com.br\/s.meusitejuridico\/2018\/03\/cfbf8fab-shutterstock-521792092.jpg\",\"width\":1000,\"height\":667},{\"@type\":\"BreadcrumbList\",\"@id\":\"https:\/\/meusitejuridico.editorajuspodivm.com.br\/2018\/03\/01\/dor-e-delicia-de-cada-um-ser-o-que-e-possibilidade-de-alteracao-estado-sexual-na-adin-4275\/#breadcrumb\",\"itemListElement\":[{\"@type\":\"ListItem\",\"position\":1,\"name\":\"In\u00edcio\",\"item\":\"https:\/\/cdn.meusitejuridico.com.br\/\"},{\"@type\":\"ListItem\",\"position\":2,\"name\":\"A dor e a del\u00edcia de cada um ser o que \u00e9: A possibilidade de altera\u00e7\u00e3o do estado sexual na ADIn 4275\"}]},{\"@type\":\"WebSite\",\"@id\":\"https:\/\/cdn.meusitejuridico.com.br\/#website\",\"url\":\"https:\/\/cdn.meusitejuridico.com.br\/\",\"name\":\"Meu site jur\u00eddico\",\"description\":\"Meu site jur\u00eddico\",\"publisher\":{\"@id\":\"https:\/\/cdn.meusitejuridico.com.br\/#organization\"},\"potentialAction\":[{\"@type\":\"SearchAction\",\"target\":{\"@type\":\"EntryPoint\",\"urlTemplate\":\"https:\/\/cdn.meusitejuridico.com.br\/?s={search_term_string}\"},\"query-input\":{\"@type\":\"PropertyValueSpecification\",\"valueRequired\":true,\"valueName\":\"search_term_string\"}}],\"inLanguage\":\"pt-BR\"},{\"@type\":\"Organization\",\"@id\":\"https:\/\/cdn.meusitejuridico.com.br\/#organization\",\"name\":\"Meu site jur\u00eddico\",\"url\":\"https:\/\/cdn.meusitejuridico.com.br\/\",\"logo\":{\"@type\":\"ImageObject\",\"inLanguage\":\"pt-BR\",\"@id\":\"https:\/\/cdn.meusitejuridico.com.br\/#\/schema\/logo\/image\/\",\"url\":\"https:\/\/meusitejuridico.com.br\/s.meusitejuridico\/2022\/03\/cropped-baeec2a3-msj-02-01-01.png\",\"contentUrl\":\"https:\/\/meusitejuridico.com.br\/s.meusitejuridico\/2022\/03\/cropped-baeec2a3-msj-02-01-01.png\",\"width\":349,\"height\":243,\"caption\":\"Meu site jur\u00eddico\"},\"image\":{\"@id\":\"https:\/\/cdn.meusitejuridico.com.br\/#\/schema\/logo\/image\/\"}},{\"@type\":\"Person\",\"@id\":\"https:\/\/cdn.meusitejuridico.com.br\/#\/schema\/person\/2062331670583ff80d02ceed63784363\",\"name\":\"Cristiano Chaves de Farias\",\"image\":{\"@type\":\"ImageObject\",\"inLanguage\":\"pt-BR\",\"@id\":\"https:\/\/cdn.meusitejuridico.com.br\/#\/schema\/person\/image\/\",\"url\":\"https:\/\/meusitejuridico.com.br\/s.meusitejuridico\/2017\/04\/f0714f6b-cristiano-150x150.jpg\",\"contentUrl\":\"https:\/\/meusitejuridico.com.br\/s.meusitejuridico\/2017\/04\/f0714f6b-cristiano-150x150.jpg\",\"caption\":\"Cristiano Chaves de Farias\"},\"description\":\"Promotor de Justi\u00e7a do Minist\u00e9rio P\u00fablico do Estado da Bahia. Mestre em Ci\u00eancias da Fam\u00edlia na Sociedade Contempor\u00e2nea pela Universidade Cat\u00f3lica do Salvador - UCSal. Professor de Direito Civil da Faculdade Baiana de Direito e do Complexo de Ensino Renato Saraiva. Membro do Instituto Brasileiro de Direito de Fam\u00edlia - IBDFAM.\",\"sameAs\":[\"https:\/\/www.editorajuspodivm.com.br\/autores?idtag=ebe04ee0-bb3c-4b7f-96b9-fcd9428789d5\/detalhe\/41\",\"https:\/\/www.facebook.com\/cristianochavesfarias\/?fref=ts\",\"https:\/\/www.instagram.com\/profcristianochaves\/\",\"https:\/\/x.com\/cchavesfarias\"],\"url\":\"https:\/\/meusitejuridico.com.br\/author\/cristianofariasuol-com-br\/\"}]}<\/script>\n<!-- \/ Yoast SEO plugin. -->","yoast_head_json":{"title":"A dor e a del\u00edcia de cada um ser o que \u00e9: A possibilidade de altera\u00e7\u00e3o do estado sexual na ADIn 4275 - Meu site jur\u00eddico","robots":{"index":"index","follow":"follow","max-snippet":"max-snippet:-1","max-image-preview":"max-image-preview:large","max-video-preview":"max-video-preview:-1"},"canonical":"https:\/\/meusitejuridico.editorajuspodivm.com.br\/2018\/03\/01\/dor-e-delicia-de-cada-um-ser-o-que-e-possibilidade-de-alteracao-estado-sexual-na-adin-4275\/","og_locale":"pt_BR","og_type":"article","og_title":"A dor e a del\u00edcia de cada um ser o que \u00e9: A possibilidade de altera\u00e7\u00e3o do estado sexual na ADIn 4275 - Meu site jur\u00eddico","og_description":"Conforme j\u00e1 anunciava na nova edi\u00e7\u00e3o do nosso , o STF acaba de autorizar, h\u00e1 pouco, POR UNANIMIDADE, a possibilidade das pessoas transg\u00eaneros alterarem o nome e o estado sexual, independentemente de cirurgia de transgenitaliza\u00e7\u00e3o (conhecida como mudan\u00e7a de sexo). Ao julgar, hoje, a ADIn 4275 (rel. Min. Marco Aur\u00e9lio), a Corte Suprema consagrou o [&hellip;]","og_url":"https:\/\/meusitejuridico.editorajuspodivm.com.br\/2018\/03\/01\/dor-e-delicia-de-cada-um-ser-o-que-e-possibilidade-de-alteracao-estado-sexual-na-adin-4275\/","og_site_name":"Meu site jur\u00eddico","article_author":"https:\/\/www.facebook.com\/cristianochavesfarias\/?fref=ts","article_published_time":"2018-03-01T23:07:31+00:00","article_modified_time":"2022-01-18T19:24:40+00:00","og_image":[{"width":1000,"height":667,"url":"https:\/\/meusitejuridico.editorajuspodivm.com.br\/s.meusitejuridico\/2018\/03\/cfbf8fab-shutterstock-521792092.jpg","type":"image\/jpeg"}],"author":"Cristiano Chaves de Farias","twitter_card":"summary_large_image","twitter_creator":"@cchavesfarias","twitter_misc":{"Escrito por":"Cristiano Chaves de Farias","Est. tempo de leitura":"5 minutos"},"schema":{"@context":"https:\/\/schema.org","@graph":[{"@type":"Article","@id":"https:\/\/meusitejuridico.editorajuspodivm.com.br\/2018\/03\/01\/dor-e-delicia-de-cada-um-ser-o-que-e-possibilidade-de-alteracao-estado-sexual-na-adin-4275\/#article","isPartOf":{"@id":"https:\/\/meusitejuridico.editorajuspodivm.com.br\/2018\/03\/01\/dor-e-delicia-de-cada-um-ser-o-que-e-possibilidade-de-alteracao-estado-sexual-na-adin-4275\/"},"author":{"name":"Cristiano Chaves de Farias","@id":"https:\/\/cdn.meusitejuridico.com.br\/#\/schema\/person\/2062331670583ff80d02ceed63784363"},"headline":"A dor e a del\u00edcia de cada um ser o que \u00e9: A possibilidade de altera\u00e7\u00e3o do estado sexual na ADIn 4275","datePublished":"2018-03-01T23:07:31+00:00","dateModified":"2022-01-18T19:24:40+00:00","mainEntityOfPage":{"@id":"https:\/\/meusitejuridico.editorajuspodivm.com.br\/2018\/03\/01\/dor-e-delicia-de-cada-um-ser-o-que-e-possibilidade-de-alteracao-estado-sexual-na-adin-4275\/"},"wordCount":1058,"commentCount":0,"publisher":{"@id":"https:\/\/cdn.meusitejuridico.com.br\/#organization"},"image":{"@id":"https:\/\/meusitejuridico.editorajuspodivm.com.br\/2018\/03\/01\/dor-e-delicia-de-cada-um-ser-o-que-e-possibilidade-de-alteracao-estado-sexual-na-adin-4275\/#primaryimage"},"thumbnailUrl":"https:\/\/meusitejuridico.com.br\/s.meusitejuridico\/2018\/03\/cfbf8fab-shutterstock-521792092.jpg","keywords":["4275","6.015","registro de nascimento","STF","Transsexual"],"articleSection":["Artigos","Jurisprud\u00eancia","STF"],"inLanguage":"pt-BR","potentialAction":[{"@type":"CommentAction","name":"Comment","target":["https:\/\/meusitejuridico.editorajuspodivm.com.br\/2018\/03\/01\/dor-e-delicia-de-cada-um-ser-o-que-e-possibilidade-de-alteracao-estado-sexual-na-adin-4275\/#respond"]}]},{"@type":"WebPage","@id":"https:\/\/meusitejuridico.editorajuspodivm.com.br\/2018\/03\/01\/dor-e-delicia-de-cada-um-ser-o-que-e-possibilidade-de-alteracao-estado-sexual-na-adin-4275\/","url":"https:\/\/meusitejuridico.editorajuspodivm.com.br\/2018\/03\/01\/dor-e-delicia-de-cada-um-ser-o-que-e-possibilidade-de-alteracao-estado-sexual-na-adin-4275\/","name":"A dor e a del\u00edcia de cada um ser o que \u00e9: A possibilidade de altera\u00e7\u00e3o do estado sexual na ADIn 4275 - Meu site jur\u00eddico","isPartOf":{"@id":"https:\/\/cdn.meusitejuridico.com.br\/#website"},"primaryImageOfPage":{"@id":"https:\/\/meusitejuridico.editorajuspodivm.com.br\/2018\/03\/01\/dor-e-delicia-de-cada-um-ser-o-que-e-possibilidade-de-alteracao-estado-sexual-na-adin-4275\/#primaryimage"},"image":{"@id":"https:\/\/meusitejuridico.editorajuspodivm.com.br\/2018\/03\/01\/dor-e-delicia-de-cada-um-ser-o-que-e-possibilidade-de-alteracao-estado-sexual-na-adin-4275\/#primaryimage"},"thumbnailUrl":"https:\/\/meusitejuridico.com.br\/s.meusitejuridico\/2018\/03\/cfbf8fab-shutterstock-521792092.jpg","datePublished":"2018-03-01T23:07:31+00:00","dateModified":"2022-01-18T19:24:40+00:00","breadcrumb":{"@id":"https:\/\/meusitejuridico.editorajuspodivm.com.br\/2018\/03\/01\/dor-e-delicia-de-cada-um-ser-o-que-e-possibilidade-de-alteracao-estado-sexual-na-adin-4275\/#breadcrumb"},"inLanguage":"pt-BR","potentialAction":[{"@type":"ReadAction","target":["https:\/\/meusitejuridico.editorajuspodivm.com.br\/2018\/03\/01\/dor-e-delicia-de-cada-um-ser-o-que-e-possibilidade-de-alteracao-estado-sexual-na-adin-4275\/"]}]},{"@type":"ImageObject","inLanguage":"pt-BR","@id":"https:\/\/meusitejuridico.editorajuspodivm.com.br\/2018\/03\/01\/dor-e-delicia-de-cada-um-ser-o-que-e-possibilidade-de-alteracao-estado-sexual-na-adin-4275\/#primaryimage","url":"https:\/\/meusitejuridico.com.br\/s.meusitejuridico\/2018\/03\/cfbf8fab-shutterstock-521792092.jpg","contentUrl":"https:\/\/meusitejuridico.com.br\/s.meusitejuridico\/2018\/03\/cfbf8fab-shutterstock-521792092.jpg","width":1000,"height":667},{"@type":"BreadcrumbList","@id":"https:\/\/meusitejuridico.editorajuspodivm.com.br\/2018\/03\/01\/dor-e-delicia-de-cada-um-ser-o-que-e-possibilidade-de-alteracao-estado-sexual-na-adin-4275\/#breadcrumb","itemListElement":[{"@type":"ListItem","position":1,"name":"In\u00edcio","item":"https:\/\/cdn.meusitejuridico.com.br\/"},{"@type":"ListItem","position":2,"name":"A dor e a del\u00edcia de cada um ser o que \u00e9: A possibilidade de altera\u00e7\u00e3o do estado sexual na ADIn 4275"}]},{"@type":"WebSite","@id":"https:\/\/cdn.meusitejuridico.com.br\/#website","url":"https:\/\/cdn.meusitejuridico.com.br\/","name":"Meu site jur\u00eddico","description":"Meu site jur\u00eddico","publisher":{"@id":"https:\/\/cdn.meusitejuridico.com.br\/#organization"},"potentialAction":[{"@type":"SearchAction","target":{"@type":"EntryPoint","urlTemplate":"https:\/\/cdn.meusitejuridico.com.br\/?s={search_term_string}"},"query-input":{"@type":"PropertyValueSpecification","valueRequired":true,"valueName":"search_term_string"}}],"inLanguage":"pt-BR"},{"@type":"Organization","@id":"https:\/\/cdn.meusitejuridico.com.br\/#organization","name":"Meu site jur\u00eddico","url":"https:\/\/cdn.meusitejuridico.com.br\/","logo":{"@type":"ImageObject","inLanguage":"pt-BR","@id":"https:\/\/cdn.meusitejuridico.com.br\/#\/schema\/logo\/image\/","url":"https:\/\/meusitejuridico.com.br\/s.meusitejuridico\/2022\/03\/cropped-baeec2a3-msj-02-01-01.png","contentUrl":"https:\/\/meusitejuridico.com.br\/s.meusitejuridico\/2022\/03\/cropped-baeec2a3-msj-02-01-01.png","width":349,"height":243,"caption":"Meu site jur\u00eddico"},"image":{"@id":"https:\/\/cdn.meusitejuridico.com.br\/#\/schema\/logo\/image\/"}},{"@type":"Person","@id":"https:\/\/cdn.meusitejuridico.com.br\/#\/schema\/person\/2062331670583ff80d02ceed63784363","name":"Cristiano Chaves de Farias","image":{"@type":"ImageObject","inLanguage":"pt-BR","@id":"https:\/\/cdn.meusitejuridico.com.br\/#\/schema\/person\/image\/","url":"https:\/\/meusitejuridico.com.br\/s.meusitejuridico\/2017\/04\/f0714f6b-cristiano-150x150.jpg","contentUrl":"https:\/\/meusitejuridico.com.br\/s.meusitejuridico\/2017\/04\/f0714f6b-cristiano-150x150.jpg","caption":"Cristiano Chaves de Farias"},"description":"Promotor de Justi\u00e7a do Minist\u00e9rio P\u00fablico do Estado da Bahia. Mestre em Ci\u00eancias da Fam\u00edlia na Sociedade Contempor\u00e2nea pela Universidade Cat\u00f3lica do Salvador - UCSal. Professor de Direito Civil da Faculdade Baiana de Direito e do Complexo de Ensino Renato Saraiva. Membro do Instituto Brasileiro de Direito de Fam\u00edlia - IBDFAM.","sameAs":["https:\/\/www.editorajuspodivm.com.br\/autores?idtag=ebe04ee0-bb3c-4b7f-96b9-fcd9428789d5\/detalhe\/41","https:\/\/www.facebook.com\/cristianochavesfarias\/?fref=ts","https:\/\/www.instagram.com\/profcristianochaves\/","https:\/\/x.com\/cchavesfarias"],"url":"https:\/\/meusitejuridico.com.br\/author\/cristianofariasuol-com-br\/"}]}},"_links":{"self":[{"href":"https:\/\/meusitejuridico.com.br\/api\/wp\/v2\/posts\/4685","targetHints":{"allow":["GET"]}}],"collection":[{"href":"https:\/\/meusitejuridico.com.br\/api\/wp\/v2\/posts"}],"about":[{"href":"https:\/\/meusitejuridico.com.br\/api\/wp\/v2\/types\/post"}],"author":[{"embeddable":true,"href":"https:\/\/meusitejuridico.com.br\/api\/wp\/v2\/users\/8"}],"replies":[{"embeddable":true,"href":"https:\/\/meusitejuridico.com.br\/api\/wp\/v2\/comments?post=4685"}],"version-history":[{"count":3,"href":"https:\/\/meusitejuridico.com.br\/api\/wp\/v2\/posts\/4685\/revisions"}],"predecessor-version":[{"id":4689,"href":"https:\/\/meusitejuridico.com.br\/api\/wp\/v2\/posts\/4685\/revisions\/4689"}],"wp:featuredmedia":[{"embeddable":true,"href":"https:\/\/meusitejuridico.com.br\/api\/wp\/v2\/media\/4686"}],"wp:attachment":[{"href":"https:\/\/meusitejuridico.com.br\/api\/wp\/v2\/media?parent=4685"}],"wp:term":[{"taxonomy":"category","embeddable":true,"href":"https:\/\/meusitejuridico.com.br\/api\/wp\/v2\/categories?post=4685"},{"taxonomy":"post_tag","embeddable":true,"href":"https:\/\/meusitejuridico.com.br\/api\/wp\/v2\/tags?post=4685"}],"curies":[{"name":"wp","href":"https:\/\/api.w.org\/{rel}","templated":true}]}}