{"id":5324,"date":"2018-05-28T14:30:14","date_gmt":"2018-05-28T17:30:14","guid":{"rendered":"https:\/\/meusitejuridico.com.br\/?p=5324"},"modified":"2018-05-28T14:30:14","modified_gmt":"2018-05-28T17:30:14","slug":"os-negocios-juridicos-ou-convencoes-processuais-na-tutela-coletiva","status":"publish","type":"post","link":"https:\/\/meusitejuridico.com.br\/2018\/05\/28\/os-negocios-juridicos-ou-convencoes-processuais-na-tutela-coletiva\/","title":{"rendered":"Os neg\u00f3cios jur\u00eddicos ou conven\u00e7\u00f5es processuais na tutela coletiva"},"content":{"rendered":"<p><a href=\"https:\/\/play.google.com\/store\/apps\/details?id=com.app.meuappjuridico&amp;hl=pt\" target=\"_blank\" rel=\"noopener\"><img decoding=\"async\" class=\"aligncenter wp-image-4610 size-medium\" src=\"https:\/\/s3.meusitejuridico.com.br\/2018\/02\/3cdb1249-banner-app-300x166.jpeg\" alt=\"\" width=\"300\" height=\"166\" srcset=\"https:\/\/meusitejuridico.com.br\/s.meusitejuridico\/2018\/02\/3cdb1249-banner-app-300x166.jpeg 300w, https:\/\/meusitejuridico.com.br\/s.meusitejuridico\/2018\/02\/3cdb1249-banner-app-768x424.jpeg 768w, https:\/\/meusitejuridico.com.br\/s.meusitejuridico\/2018\/02\/3cdb1249-banner-app-1024x566.jpeg 1024w, https:\/\/meusitejuridico.com.br\/s.meusitejuridico\/2018\/02\/3cdb1249-banner-app-80x44.jpeg 80w, https:\/\/meusitejuridico.com.br\/s.meusitejuridico\/2018\/02\/3cdb1249-banner-app.jpeg 1140w\" sizes=\"(max-width: 300px) 100vw, 300px\" \/><\/a><\/p>\n<p>O tema foi objeto de questionamento na 2\u00aa fase do concurso de ingresso para promotor de justi\u00e7a no Minist\u00e9rio P\u00fablico do Estado de S\u00e3o Paulo, com a seguinte quest\u00e3o discursiva: \u201cEm a\u00e7\u00e3o civil p\u00fablica, proposta pelo Minist\u00e9rio P\u00fablico, pode o Promotor de Justi\u00e7a fazer neg\u00f3cio ou conven\u00e7\u00e3o processual?\u201d<\/p>\n<p>Em primeiro lugar, necess\u00e1ria a apresenta\u00e7\u00e3o do conceito de neg\u00f3cio ou conven\u00e7\u00e3o processual. H\u00e1 duas esp\u00e9cies de neg\u00f3cios jur\u00eddicos ou conven\u00e7\u00f5es processuais: unilaterais e bilaterais.<\/p>\n<p>Em rela\u00e7\u00e3o aos neg\u00f3cios jur\u00eddicos unilaterais \u2013 que s\u00e3o aqueles nos quais apenas a vontade de uma das partes \u00e9 considerada primordial para sua verifica\u00e7\u00e3o \u2013 a resposta \u00e0 pergunta \u00e9 negativa, isso porque s\u00e3o exemplos de tal neg\u00f3cio jur\u00eddico a ren\u00fancia ao direito de recorrer, a desist\u00eancia do prazo recursal ou o reconhecimento jur\u00eddico do pedido.<\/p>\n<p>Tratando-se de atos relacionados ao direito material e por se tratar o Minist\u00e9rio P\u00fablico de legitimado considerado por parte da doutrina como <em>extraordin\u00e1rio<\/em> <em>aut\u00f4nomo<\/em> (Fredie Didier Jr. e Hermes Zaneti Jr.), ou seja, condutor do processo em nome de terceiros ou <em>ordin\u00e1rio aut\u00f4nomo<\/em> (posi\u00e7\u00e3o de Nelson Nery e Rosa Maria Andrade Nery), pois age <em>institucional e objetivamente <\/em>em defesa da sociedade, n\u00e3o sendo o titular do direito material posto em causa, em tese n\u00e3o poderia o Promotor de Justi\u00e7a praticar tais neg\u00f3cios jur\u00eddicos processuais unilaterais. A regra disposta na pr\u00f3pria Lei da A\u00e7\u00e3o Civil P\u00fablica (art. 5\u00ba, par. 3\u00ba, da Lei 7.347\/85) \u00e9 dispositivo que embasa esse entendimento:<\/p>\n<p>\u201cEm caso de desist\u00eancia infundada ou abandono da a\u00e7\u00e3o por associa\u00e7\u00e3o legitimada, o Minist\u00e9rio P\u00fablico ou outro legitimado assumir\u00e1 a titularidade ativa.\u201d<\/p>\n<p>J\u00e1 os neg\u00f3cios jur\u00eddicos ou conven\u00e7\u00f5es processuais bilaterais exigem o acordo de vontade entre as partes.<\/p>\n<p>A doutrina considera neg\u00f3cios jur\u00eddicos processuais t\u00edpicos todas as hip\u00f3teses em que o pr\u00f3prio legislador prev\u00ea expressamente determinada conduta ou ato \u2013 unilateral ou bilateral \u2013 como por exemplo, as previstas nos arts. 313, II, (suspens\u00e3o do processo por conven\u00e7\u00e3o das partes) e 373, par. 3\u00ba, ambas do CPC (conven\u00e7\u00e3o sobre redistribui\u00e7\u00e3o do \u00f4nus da prova). De outro lado, at\u00edpicos s\u00e3o aqueles que n\u00e3o tem expresso tratamento legal.<\/p>\n<p>Os neg\u00f3cios jur\u00eddicos bilaterais t\u00edpicos, al\u00e9m de situados em diversos dispositivos espec\u00edficos, foram tamb\u00e9m tratados no art. 190, do CPC, mas de forma mais ampla:<\/p>\n<p>Art. 190. \u00a0Versando o processo sobre direitos que admitam autocomposi\u00e7\u00e3o, \u00e9 l\u00edcito \u00e0s partes plenamente capazes estipular mudan\u00e7as no procedimento para ajust\u00e1-lo \u00e0s especificidades da causa e convencionar sobre os seus \u00f4nus, poderes, faculdades e deveres processuais, antes ou durante o processo.<\/p>\n<p>Referido dispositivo legal \u00e9 considerado pela <a class='qlabs_tooltip_top qlabs_tooltip_style_1 cursor_pointer event_hover' style=''  aria-haspopup='true'>doutrina<span style='width: 180px; '  >NEVES, Daniel Amorim Assump\u00e7\u00e3o. Manual de Direito Processual Civil vol. \u00fanico. 9\u00aa ed., Salvador: Juspodivm, 2017. p. 389<\/span><\/a> como \u201ccl\u00e1usula geral de negocia\u00e7\u00e3o processual\u201d, pois permite de forma \u201caberta\u201d que as partes estabele\u00e7am acordos sobre quest\u00f5es processuais e procedimento, contendo aqui, portanto, a classifica\u00e7\u00e3o de neg\u00f3cios jur\u00eddicos at\u00edpicos (aqueles que n\u00e3o possuem tratamento espec\u00edfico em lei).<\/p>\n<p>Como o dispositivo traz expressa refer\u00eancia ao \u201cmomento\u201d de pactua\u00e7\u00e3o \u2013 \u201cantes ou durante o processo\u201d \u2013 fundamental apresentar breve considera\u00e7\u00e3o a respeito dos neg\u00f3cios jur\u00eddicos ou conven\u00e7\u00f5es pr\u00e9-processuais.<\/p>\n<p>Nesse passo, relevante afirmar que em sede pr\u00e9-processual os acordos firmados pelo Minist\u00e9rio P\u00fablico s\u00e3o denominados compromissos de ajustamento de conduta (mais conhecidos como termos de ajustamento de conduta &#8211; TACs), reconhecidamente acordos pr\u00e9-processuais.<\/p>\n<p>Os compromissos de ajustamento foram institu\u00eddos pelo Estatuto da Crian\u00e7a e do Adolescente (art. 211, da Lei Federal n. 8.069\/90) e pelo C\u00f3digo de Defesa do Consumidor (Lei Federal n. 8.078\/90) que acrescentou o par. 6\u00ba, no art. 5\u00ba, da Lei Federal n. 7.347\/85 (Lei da A\u00e7\u00e3o civil P\u00fablica):<\/p>\n<p>\u201cOs \u00f3rg\u00e3os p\u00fablicos legitimados poder\u00e3o tomar dos interessados compromisso de ajustamento de sua conduta \u00e0s exig\u00eancias legais, mediante comina\u00e7\u00f5es, que ter\u00e1 efic\u00e1cia de t\u00edtulo executivo extrajudicial.\u201d<\/p>\n<p><a class='qlabs_tooltip_top qlabs_tooltip_style_1 cursor_pointer event_hover' style=''  aria-haspopup='true'>Hugo Mazzili<span style='width: 180px; '  >MAZZILLI, Hugo Nigro. O Inqu\u00e9rito Civil. S\u00e3o Paulo: Saraiva, 1999, p. 309.<\/span><\/a> sempre foi defensor de que o compromisso de ajustamento de conduta contivesse determinados limites, n\u00e3o sendo autorizado dispensar, total ou parcialmente, as obriga\u00e7\u00f5es reclamadas para a efetiva satisfa\u00e7\u00e3o do interesse lesado, restrito \u00e0s \u201ccondi\u00e7\u00f5es de cumprimento das obriga\u00e7\u00f5es, como modo, tempo, lugar ou outras semelhantes\u201d.<\/p>\n<p>Assim, os mesmos limites dos acordos firmados pelo Minist\u00e9rio P\u00fablico em termos de ajustamento de conduta (TACs) <a class='qlabs_tooltip_top qlabs_tooltip_style_1 cursor_pointer event_hover' style=''  aria-haspopup='true'>devem ser observados<span style='width: 180px; '  >MANCUSO, Rodolfo de Camargo. Interesses difusos: conceito e legitima\u00e7\u00e3o para agir. 6\u00aa ed., S\u00e3o Paulo: RT, 2004, p. 29.<\/span><\/a> na a\u00e7\u00e3o civil p\u00fablica, porquanto os interesses envolvidos s\u00e3o os mesmos: os interesses \u201csociais\u201d, ou seja, relacionados ao \u201cbem comum\u201d ou valores e bens mais elevados. Por estas raz\u00f5es, para parte da doutrina n\u00e3o seria poss\u00edvel a formaliza\u00e7\u00e3o de todas e quaisquer conven\u00e7\u00f5es pr\u00e9-processuais, ou mesmo processuais pelo Minist\u00e9rio P\u00fablico.<\/p>\n<p>\u00c9 que certas conven\u00e7\u00f5es pr\u00e9-processuais ou processuais at\u00edpicas, tais como o adiantamento e suporte de custas periciais pelo Minist\u00e9rio P\u00fablico, poderiam ser consideradas at\u00e9 mesmo ilegais (isso porque contr\u00e1rias a expressa previs\u00e3o do art. 18, da Lei 7.347\/85) em preju\u00edzo \u00e0 pr\u00f3pria institui\u00e7\u00e3o do Minist\u00e9rio P\u00fablico.<\/p>\n<p>Contudo, para outros autores como <a class='qlabs_tooltip_top qlabs_tooltip_style_1 cursor_pointer event_hover' style=''  aria-haspopup='true'>Daniel Amorim Assump\u00e7\u00e3o Neves<span style='width: 180px; '  >NEVES, Daniel Amorim Assump\u00e7\u00e3o. Manual de Direito Processual Civil vol. \u00fanico. 9\u00aa ed., Salvador: Juspodivm, 2017. p. 395.<\/span><\/a>, a admiss\u00e3o do neg\u00f3cio jur\u00eddico processual em processos que envolvam direitos que admitam a autocomposi\u00e7\u00e3o n\u00e3o se confunde com a indisponibilidade dos interesses ou direitos tutelados, isso porque mesmo nos processos que versam sobre direito indispon\u00edvel \u00e9 cab\u00edvel a autocomposi\u00e7\u00e3o, que nesse caso n\u00e3o estaria relacionada com o objeto material, mas sim \u00e0s \u201cformas de exerc\u00edcio desse direito, tais como os modos e momentos de cumprimento da obriga\u00e7\u00e3o\u201d.<\/p>\n<p><a class='qlabs_tooltip_top qlabs_tooltip_style_1 cursor_pointer event_hover' style=''  aria-haspopup='true'>Fredie Didier Jr. e Hermes Zaneti Jr.<span style='width: 180px; '  >JR. Fredie Didier; JR. Hermes Zaneti. Curso de Direito Processual Civil \u2013 vol.4. 12\u00aa ed., Salvador: Juspodivm, 2018. p. 338 e 347.<\/span><\/a> tamb\u00e9m defendem expressamente o cabimento de celebra\u00e7\u00e3o de neg\u00f3cios processuais at\u00edpicos em processos coletivos, pelo Minist\u00e9rio P\u00fablico, inclusive.<\/p>\n<p>A respaldar esse entendimento est\u00e1 a Resolu\u00e7\u00e3o n. 118\/14, do Conselho Nacional do Minist\u00e9rio P\u00fablico (CNMP) que previu em sua se\u00e7\u00e3o V, os artigos 15 a 17, recomendando expressamente a utiliza\u00e7\u00e3o de conven\u00e7\u00f5es processuais pelo Minist\u00e9rio P\u00fablico. Cabe a men\u00e7\u00e3o aos arts. 16 e 17, abaixo transcritos:<\/p>\n<p>\u201cArt. 16. Segundo a lei processual, poder\u00e1 o membro do Minist\u00e9rio P\u00fablico, em qualquer fase da investiga\u00e7\u00e3o ou durante o processo, celebrar acordos visando constituir, modificar ou extinguir situa\u00e7\u00f5es jur\u00eddicas processuais.<\/p>\n<p>Art. 17. As conven\u00e7\u00f5es processuais devem ser celebradas de maneira dialogal e colaborativa, com o objetivo de restaurar o conv\u00edvio social e a efetiva pacifica\u00e7\u00e3o dos relacionamentos por interm\u00e9dio da harmoniza\u00e7\u00e3o entre os envolvidos, podendo ser documentadas como cl\u00e1usulas de termo de ajustamento de conduta.\u201d<\/p>\n<p>Importante ainda ressaltar que, seguindo esse entendimento que restou sedimentado em Resolu\u00e7\u00e3o do CNMP, o F\u00f3rum Permanente de Processualistas Civis aprovou enunciados favor\u00e1veis \u00e0 possibilidade de o Minist\u00e9rio P\u00fablico celebrar conven\u00e7\u00f5es ou neg\u00f3cios jur\u00eddicos processuais e sobre o cabimento de tais neg\u00f3cios em a\u00e7\u00f5es coletivas.<\/p>\n<p>O enunciado 253 disp\u00f5e sobre a expressa possibilidade de o Minist\u00e9rio P\u00fablico celebrar neg\u00f3cio jur\u00eddico processual:<\/p>\n<p>\u201cO Minist\u00e9rio P\u00fablico pode celebrar neg\u00f3cio processual quando atua como parte.\u201d<\/p>\n<p>O enunciado 255 disp\u00f5e sobre a viabilidade de formaliza\u00e7\u00e3o dos neg\u00f3cios jur\u00eddicos processuais em a\u00e7\u00f5es civis p\u00fablicas (coletivas):<\/p>\n<p>\u201c\u00c9 admiss\u00edvel a celebra\u00e7\u00e3o de conven\u00e7\u00e3o processual coletiva.\u201d<\/p>\n<p>De se ver que o tema permite a defesa de duas posi\u00e7\u00f5es devidamente embasadas do ponto de vista jur\u00eddico, tanto no sentido da possibilidade, ou n\u00e3o, de o Minist\u00e9rio P\u00fablico, por meio de seu promotor de justi\u00e7a, firmar neg\u00f3cios jur\u00eddicos ou conven\u00e7\u00f5es processuais em a\u00e7\u00f5es civis p\u00fablicas.<\/p>\n<p><u>Bibliografia consultada<\/u><\/p>\n<p>JR. Fredie Didier; JR. Hermes Zaneti. <em>Curso de Direito Processual Civil \u2013 vol.4<\/em>. 12\u00aa ed., Salvador: Juspodivm, 2018.<\/p>\n<p>MANCUSO, Rodolfo de Camargo. <em>Interesses difusos: conceito e legitima\u00e7\u00e3o para agir<\/em>. 6\u00aa ed., S\u00e3o Paulo: RT, 2004.<\/p>\n<p>MAZZILLI, Hugo Nigro. <em>O Inqu\u00e9rito Civil<\/em>. S\u00e3o Paulo: Saraiva, 1999.<\/p>\n<p>NEVES, Daniel Amorim Assump\u00e7\u00e3o. <em>Manual de Direito Processual Civil vol. \u00fanico<\/em>. 9\u00aa ed., Salvador: Juspodivm, 2017.<\/p>\n<p><a href=\"#_ftnref1\" name=\"_ftn1\"><\/a><\/p>\n","protected":false},"excerpt":{"rendered":"<p>O tema foi objeto de questionamento na 2\u00aa fase do concurso de ingresso para promotor de justi\u00e7a no Minist\u00e9rio P\u00fablico do Estado de S\u00e3o Paulo, com a seguinte quest\u00e3o discursiva: \u201cEm a\u00e7\u00e3o civil p\u00fablica, proposta pelo Minist\u00e9rio P\u00fablico, pode o Promotor de Justi\u00e7a fazer neg\u00f3cio ou conven\u00e7\u00e3o processual?\u201d Em primeiro lugar, necess\u00e1ria a apresenta\u00e7\u00e3o do [&hellip;]<\/p>\n","protected":false},"author":53,"featured_media":2534,"comment_status":"open","ping_status":"open","sticky":false,"template":"","format":"standard","meta":{"_acf_changed":false,"footnotes":""},"categories":[1,1381],"tags":[1734,1737,1585,183,1736,1735],"class_list":["post-5324","post","type-post","status-publish","format-standard","has-post-thumbnail","hentry","category-artigos","category-interesses-difusos-e-coletivos","tag-coletivos","tag-convencao","tag-difusos","tag-ministerio-publico","tag-negocio","tag-tutela-coletiva"],"acf":[],"yoast_head":"<!-- This site is optimized with the Yoast SEO plugin v24.8.1 - https:\/\/yoast.com\/wordpress\/plugins\/seo\/ -->\n<title>Os neg\u00f3cios jur\u00eddicos ou conven\u00e7\u00f5es processuais na tutela coletiva - Meu site jur\u00eddico<\/title>\n<meta name=\"robots\" content=\"index, follow, max-snippet:-1, max-image-preview:large, max-video-preview:-1\" \/>\n<link rel=\"canonical\" href=\"https:\/\/meusitejuridico.editorajuspodivm.com.br\/2018\/05\/28\/os-negocios-juridicos-ou-convencoes-processuais-na-tutela-coletiva\/\" \/>\n<meta property=\"og:locale\" content=\"pt_BR\" \/>\n<meta property=\"og:type\" content=\"article\" \/>\n<meta property=\"og:title\" content=\"Os neg\u00f3cios jur\u00eddicos ou conven\u00e7\u00f5es processuais na tutela coletiva - Meu site jur\u00eddico\" \/>\n<meta property=\"og:description\" content=\"O tema foi objeto de questionamento na 2\u00aa fase do concurso de ingresso para promotor de justi\u00e7a no Minist\u00e9rio P\u00fablico do Estado de S\u00e3o Paulo, com a seguinte quest\u00e3o discursiva: \u201cEm a\u00e7\u00e3o civil p\u00fablica, proposta pelo Minist\u00e9rio P\u00fablico, pode o Promotor de Justi\u00e7a fazer neg\u00f3cio ou conven\u00e7\u00e3o processual?\u201d Em primeiro lugar, necess\u00e1ria a apresenta\u00e7\u00e3o do [&hellip;]\" \/>\n<meta property=\"og:url\" content=\"https:\/\/meusitejuridico.editorajuspodivm.com.br\/2018\/05\/28\/os-negocios-juridicos-ou-convencoes-processuais-na-tutela-coletiva\/\" \/>\n<meta property=\"og:site_name\" content=\"Meu site jur\u00eddico\" \/>\n<meta property=\"article:author\" content=\"https:\/\/www.facebook.com\/profile.php?id=100008837146694\" \/>\n<meta property=\"article:published_time\" content=\"2018-05-28T17:30:14+00:00\" \/>\n<meta property=\"og:image\" content=\"https:\/\/meusitejuridico.editorajuspodivm.com.br\/s.meusitejuridico\/2017\/05\/c659a795-shutterstock-181324487.jpg\" \/>\n\t<meta property=\"og:image:width\" content=\"5315\" \/>\n\t<meta property=\"og:image:height\" content=\"3543\" \/>\n\t<meta property=\"og:image:type\" content=\"image\/jpeg\" \/>\n<meta name=\"author\" content=\"Fernando Henrique de Moraes Ara\u00fajo\" \/>\n<meta name=\"twitter:card\" content=\"summary_large_image\" \/>\n<meta name=\"twitter:creator\" content=\"@fhdireito\" \/>\n<meta name=\"twitter:label1\" content=\"Escrito por\" \/>\n\t<meta name=\"twitter:data1\" content=\"Fernando Henrique de Moraes Ara\u00fajo\" \/>\n\t<meta name=\"twitter:label2\" content=\"Est. tempo de leitura\" \/>\n\t<meta name=\"twitter:data2\" content=\"8 minutos\" \/>\n<script type=\"application\/ld+json\" class=\"yoast-schema-graph\">{\"@context\":\"https:\/\/schema.org\",\"@graph\":[{\"@type\":\"Article\",\"@id\":\"https:\/\/meusitejuridico.editorajuspodivm.com.br\/2018\/05\/28\/os-negocios-juridicos-ou-convencoes-processuais-na-tutela-coletiva\/#article\",\"isPartOf\":{\"@id\":\"https:\/\/meusitejuridico.editorajuspodivm.com.br\/2018\/05\/28\/os-negocios-juridicos-ou-convencoes-processuais-na-tutela-coletiva\/\"},\"author\":{\"name\":\"Fernando Henrique de Moraes Ara\u00fajo\",\"@id\":\"https:\/\/cdn.meusitejuridico.com.br\/#\/schema\/person\/a24de43b01f624047e5048c20ad847b8\"},\"headline\":\"Os neg\u00f3cios jur\u00eddicos ou conven\u00e7\u00f5es processuais na tutela coletiva\",\"datePublished\":\"2018-05-28T17:30:14+00:00\",\"mainEntityOfPage\":{\"@id\":\"https:\/\/meusitejuridico.editorajuspodivm.com.br\/2018\/05\/28\/os-negocios-juridicos-ou-convencoes-processuais-na-tutela-coletiva\/\"},\"wordCount\":1541,\"commentCount\":1,\"publisher\":{\"@id\":\"https:\/\/cdn.meusitejuridico.com.br\/#organization\"},\"image\":{\"@id\":\"https:\/\/meusitejuridico.editorajuspodivm.com.br\/2018\/05\/28\/os-negocios-juridicos-ou-convencoes-processuais-na-tutela-coletiva\/#primaryimage\"},\"thumbnailUrl\":\"https:\/\/meusitejuridico.com.br\/s.meusitejuridico\/2017\/05\/c659a795-shutterstock-181324487.jpg\",\"keywords\":[\"coletivos\",\"conven\u00e7\u00e3o\",\"difusos\",\"Minist\u00e9rio P\u00fablico\",\"neg\u00f3cio\",\"tutela coletiva\"],\"articleSection\":[\"Artigos\",\"Interesses Difusos e Coletivos\"],\"inLanguage\":\"pt-BR\",\"potentialAction\":[{\"@type\":\"CommentAction\",\"name\":\"Comment\",\"target\":[\"https:\/\/meusitejuridico.editorajuspodivm.com.br\/2018\/05\/28\/os-negocios-juridicos-ou-convencoes-processuais-na-tutela-coletiva\/#respond\"]}]},{\"@type\":\"WebPage\",\"@id\":\"https:\/\/meusitejuridico.editorajuspodivm.com.br\/2018\/05\/28\/os-negocios-juridicos-ou-convencoes-processuais-na-tutela-coletiva\/\",\"url\":\"https:\/\/meusitejuridico.editorajuspodivm.com.br\/2018\/05\/28\/os-negocios-juridicos-ou-convencoes-processuais-na-tutela-coletiva\/\",\"name\":\"Os neg\u00f3cios jur\u00eddicos ou conven\u00e7\u00f5es processuais na tutela coletiva - Meu site jur\u00eddico\",\"isPartOf\":{\"@id\":\"https:\/\/cdn.meusitejuridico.com.br\/#website\"},\"primaryImageOfPage\":{\"@id\":\"https:\/\/meusitejuridico.editorajuspodivm.com.br\/2018\/05\/28\/os-negocios-juridicos-ou-convencoes-processuais-na-tutela-coletiva\/#primaryimage\"},\"image\":{\"@id\":\"https:\/\/meusitejuridico.editorajuspodivm.com.br\/2018\/05\/28\/os-negocios-juridicos-ou-convencoes-processuais-na-tutela-coletiva\/#primaryimage\"},\"thumbnailUrl\":\"https:\/\/meusitejuridico.com.br\/s.meusitejuridico\/2017\/05\/c659a795-shutterstock-181324487.jpg\",\"datePublished\":\"2018-05-28T17:30:14+00:00\",\"breadcrumb\":{\"@id\":\"https:\/\/meusitejuridico.editorajuspodivm.com.br\/2018\/05\/28\/os-negocios-juridicos-ou-convencoes-processuais-na-tutela-coletiva\/#breadcrumb\"},\"inLanguage\":\"pt-BR\",\"potentialAction\":[{\"@type\":\"ReadAction\",\"target\":[\"https:\/\/meusitejuridico.editorajuspodivm.com.br\/2018\/05\/28\/os-negocios-juridicos-ou-convencoes-processuais-na-tutela-coletiva\/\"]}]},{\"@type\":\"ImageObject\",\"inLanguage\":\"pt-BR\",\"@id\":\"https:\/\/meusitejuridico.editorajuspodivm.com.br\/2018\/05\/28\/os-negocios-juridicos-ou-convencoes-processuais-na-tutela-coletiva\/#primaryimage\",\"url\":\"https:\/\/meusitejuridico.com.br\/s.meusitejuridico\/2017\/05\/c659a795-shutterstock-181324487.jpg\",\"contentUrl\":\"https:\/\/meusitejuridico.com.br\/s.meusitejuridico\/2017\/05\/c659a795-shutterstock-181324487.jpg\",\"width\":5315,\"height\":3543},{\"@type\":\"BreadcrumbList\",\"@id\":\"https:\/\/meusitejuridico.editorajuspodivm.com.br\/2018\/05\/28\/os-negocios-juridicos-ou-convencoes-processuais-na-tutela-coletiva\/#breadcrumb\",\"itemListElement\":[{\"@type\":\"ListItem\",\"position\":1,\"name\":\"In\u00edcio\",\"item\":\"https:\/\/cdn.meusitejuridico.com.br\/\"},{\"@type\":\"ListItem\",\"position\":2,\"name\":\"Os neg\u00f3cios jur\u00eddicos ou conven\u00e7\u00f5es processuais na tutela coletiva\"}]},{\"@type\":\"WebSite\",\"@id\":\"https:\/\/cdn.meusitejuridico.com.br\/#website\",\"url\":\"https:\/\/cdn.meusitejuridico.com.br\/\",\"name\":\"Meu site jur\u00eddico\",\"description\":\"Meu site jur\u00eddico\",\"publisher\":{\"@id\":\"https:\/\/cdn.meusitejuridico.com.br\/#organization\"},\"potentialAction\":[{\"@type\":\"SearchAction\",\"target\":{\"@type\":\"EntryPoint\",\"urlTemplate\":\"https:\/\/cdn.meusitejuridico.com.br\/?s={search_term_string}\"},\"query-input\":{\"@type\":\"PropertyValueSpecification\",\"valueRequired\":true,\"valueName\":\"search_term_string\"}}],\"inLanguage\":\"pt-BR\"},{\"@type\":\"Organization\",\"@id\":\"https:\/\/cdn.meusitejuridico.com.br\/#organization\",\"name\":\"Meu site jur\u00eddico\",\"url\":\"https:\/\/cdn.meusitejuridico.com.br\/\",\"logo\":{\"@type\":\"ImageObject\",\"inLanguage\":\"pt-BR\",\"@id\":\"https:\/\/cdn.meusitejuridico.com.br\/#\/schema\/logo\/image\/\",\"url\":\"https:\/\/meusitejuridico.com.br\/s.meusitejuridico\/2022\/03\/cropped-baeec2a3-msj-02-01-01.png\",\"contentUrl\":\"https:\/\/meusitejuridico.com.br\/s.meusitejuridico\/2022\/03\/cropped-baeec2a3-msj-02-01-01.png\",\"width\":349,\"height\":243,\"caption\":\"Meu site jur\u00eddico\"},\"image\":{\"@id\":\"https:\/\/cdn.meusitejuridico.com.br\/#\/schema\/logo\/image\/\"}},{\"@type\":\"Person\",\"@id\":\"https:\/\/cdn.meusitejuridico.com.br\/#\/schema\/person\/a24de43b01f624047e5048c20ad847b8\",\"name\":\"Fernando Henrique de Moraes Ara\u00fajo\",\"image\":{\"@type\":\"ImageObject\",\"inLanguage\":\"pt-BR\",\"@id\":\"https:\/\/cdn.meusitejuridico.com.br\/#\/schema\/person\/image\/\",\"url\":\"https:\/\/meusitejuridico.com.br\/s.meusitejuridico\/2018\/04\/a6f1a2d7-image-123986672-150x150.jpg\",\"contentUrl\":\"https:\/\/meusitejuridico.com.br\/s.meusitejuridico\/2018\/04\/a6f1a2d7-image-123986672-150x150.jpg\",\"caption\":\"Fernando Henrique de Moraes Ara\u00fajo\"},\"description\":\"Promotor de Justi\u00e7a\/SP; Mestre em Direito pela PUC-SP \u2013 2007. Professor Universit\u00e1rio da FIEO \u2013 Faculdade de Direito de Osasco. Professor de Cursos preparat\u00f3rios para carreiras jur\u00eddicas. Especialista nas \u00e1reas de Direito penal, processo penal, direito p\u00fablico, direito ambiental, consumidor, inf\u00e2ncia e juventude e interesses difusos. Assessorou a Procuradoria Geral de Justi\u00e7a (PGJ), ocupando o cargo de Coordenador da \u00e1rea da inf\u00e2ncia e juventude do Centro de Apoio C\u00edvel e de Tutela Coletiva do Minist\u00e9rio P\u00fablico do Estado de S\u00e3o Paulo de junho de 2010 a julho de 2012.\",\"sameAs\":[\"https:\/\/www.editorajuspodivm.com.br\/autores\/detalhe\/1138?idtag=ebe04ee0-bb3c-4b7f-96b9-fcd9428789d5\",\"https:\/\/www.facebook.com\/profile.php?id=100008837146694\",\"https:\/\/www.instagram.com\/fhdireito\/\",\"https:\/\/x.com\/fhdireito\"],\"url\":\"https:\/\/meusitejuridico.com.br\/author\/fernandofernando\/\"}]}<\/script>\n<!-- \/ Yoast SEO plugin. -->","yoast_head_json":{"title":"Os neg\u00f3cios jur\u00eddicos ou conven\u00e7\u00f5es processuais na tutela coletiva - Meu site jur\u00eddico","robots":{"index":"index","follow":"follow","max-snippet":"max-snippet:-1","max-image-preview":"max-image-preview:large","max-video-preview":"max-video-preview:-1"},"canonical":"https:\/\/meusitejuridico.editorajuspodivm.com.br\/2018\/05\/28\/os-negocios-juridicos-ou-convencoes-processuais-na-tutela-coletiva\/","og_locale":"pt_BR","og_type":"article","og_title":"Os neg\u00f3cios jur\u00eddicos ou conven\u00e7\u00f5es processuais na tutela coletiva - Meu site jur\u00eddico","og_description":"O tema foi objeto de questionamento na 2\u00aa fase do concurso de ingresso para promotor de justi\u00e7a no Minist\u00e9rio P\u00fablico do Estado de S\u00e3o Paulo, com a seguinte quest\u00e3o discursiva: \u201cEm a\u00e7\u00e3o civil p\u00fablica, proposta pelo Minist\u00e9rio P\u00fablico, pode o Promotor de Justi\u00e7a fazer neg\u00f3cio ou conven\u00e7\u00e3o processual?\u201d Em primeiro lugar, necess\u00e1ria a apresenta\u00e7\u00e3o do [&hellip;]","og_url":"https:\/\/meusitejuridico.editorajuspodivm.com.br\/2018\/05\/28\/os-negocios-juridicos-ou-convencoes-processuais-na-tutela-coletiva\/","og_site_name":"Meu site jur\u00eddico","article_author":"https:\/\/www.facebook.com\/profile.php?id=100008837146694","article_published_time":"2018-05-28T17:30:14+00:00","og_image":[{"width":5315,"height":3543,"url":"https:\/\/meusitejuridico.editorajuspodivm.com.br\/s.meusitejuridico\/2017\/05\/c659a795-shutterstock-181324487.jpg","type":"image\/jpeg"}],"author":"Fernando Henrique de Moraes Ara\u00fajo","twitter_card":"summary_large_image","twitter_creator":"@fhdireito","twitter_misc":{"Escrito por":"Fernando Henrique de Moraes Ara\u00fajo","Est. tempo de leitura":"8 minutos"},"schema":{"@context":"https:\/\/schema.org","@graph":[{"@type":"Article","@id":"https:\/\/meusitejuridico.editorajuspodivm.com.br\/2018\/05\/28\/os-negocios-juridicos-ou-convencoes-processuais-na-tutela-coletiva\/#article","isPartOf":{"@id":"https:\/\/meusitejuridico.editorajuspodivm.com.br\/2018\/05\/28\/os-negocios-juridicos-ou-convencoes-processuais-na-tutela-coletiva\/"},"author":{"name":"Fernando Henrique de Moraes Ara\u00fajo","@id":"https:\/\/cdn.meusitejuridico.com.br\/#\/schema\/person\/a24de43b01f624047e5048c20ad847b8"},"headline":"Os neg\u00f3cios jur\u00eddicos ou conven\u00e7\u00f5es processuais na tutela coletiva","datePublished":"2018-05-28T17:30:14+00:00","mainEntityOfPage":{"@id":"https:\/\/meusitejuridico.editorajuspodivm.com.br\/2018\/05\/28\/os-negocios-juridicos-ou-convencoes-processuais-na-tutela-coletiva\/"},"wordCount":1541,"commentCount":1,"publisher":{"@id":"https:\/\/cdn.meusitejuridico.com.br\/#organization"},"image":{"@id":"https:\/\/meusitejuridico.editorajuspodivm.com.br\/2018\/05\/28\/os-negocios-juridicos-ou-convencoes-processuais-na-tutela-coletiva\/#primaryimage"},"thumbnailUrl":"https:\/\/meusitejuridico.com.br\/s.meusitejuridico\/2017\/05\/c659a795-shutterstock-181324487.jpg","keywords":["coletivos","conven\u00e7\u00e3o","difusos","Minist\u00e9rio P\u00fablico","neg\u00f3cio","tutela coletiva"],"articleSection":["Artigos","Interesses Difusos e Coletivos"],"inLanguage":"pt-BR","potentialAction":[{"@type":"CommentAction","name":"Comment","target":["https:\/\/meusitejuridico.editorajuspodivm.com.br\/2018\/05\/28\/os-negocios-juridicos-ou-convencoes-processuais-na-tutela-coletiva\/#respond"]}]},{"@type":"WebPage","@id":"https:\/\/meusitejuridico.editorajuspodivm.com.br\/2018\/05\/28\/os-negocios-juridicos-ou-convencoes-processuais-na-tutela-coletiva\/","url":"https:\/\/meusitejuridico.editorajuspodivm.com.br\/2018\/05\/28\/os-negocios-juridicos-ou-convencoes-processuais-na-tutela-coletiva\/","name":"Os neg\u00f3cios jur\u00eddicos ou conven\u00e7\u00f5es processuais na tutela coletiva - Meu site jur\u00eddico","isPartOf":{"@id":"https:\/\/cdn.meusitejuridico.com.br\/#website"},"primaryImageOfPage":{"@id":"https:\/\/meusitejuridico.editorajuspodivm.com.br\/2018\/05\/28\/os-negocios-juridicos-ou-convencoes-processuais-na-tutela-coletiva\/#primaryimage"},"image":{"@id":"https:\/\/meusitejuridico.editorajuspodivm.com.br\/2018\/05\/28\/os-negocios-juridicos-ou-convencoes-processuais-na-tutela-coletiva\/#primaryimage"},"thumbnailUrl":"https:\/\/meusitejuridico.com.br\/s.meusitejuridico\/2017\/05\/c659a795-shutterstock-181324487.jpg","datePublished":"2018-05-28T17:30:14+00:00","breadcrumb":{"@id":"https:\/\/meusitejuridico.editorajuspodivm.com.br\/2018\/05\/28\/os-negocios-juridicos-ou-convencoes-processuais-na-tutela-coletiva\/#breadcrumb"},"inLanguage":"pt-BR","potentialAction":[{"@type":"ReadAction","target":["https:\/\/meusitejuridico.editorajuspodivm.com.br\/2018\/05\/28\/os-negocios-juridicos-ou-convencoes-processuais-na-tutela-coletiva\/"]}]},{"@type":"ImageObject","inLanguage":"pt-BR","@id":"https:\/\/meusitejuridico.editorajuspodivm.com.br\/2018\/05\/28\/os-negocios-juridicos-ou-convencoes-processuais-na-tutela-coletiva\/#primaryimage","url":"https:\/\/meusitejuridico.com.br\/s.meusitejuridico\/2017\/05\/c659a795-shutterstock-181324487.jpg","contentUrl":"https:\/\/meusitejuridico.com.br\/s.meusitejuridico\/2017\/05\/c659a795-shutterstock-181324487.jpg","width":5315,"height":3543},{"@type":"BreadcrumbList","@id":"https:\/\/meusitejuridico.editorajuspodivm.com.br\/2018\/05\/28\/os-negocios-juridicos-ou-convencoes-processuais-na-tutela-coletiva\/#breadcrumb","itemListElement":[{"@type":"ListItem","position":1,"name":"In\u00edcio","item":"https:\/\/cdn.meusitejuridico.com.br\/"},{"@type":"ListItem","position":2,"name":"Os neg\u00f3cios jur\u00eddicos ou conven\u00e7\u00f5es processuais na tutela coletiva"}]},{"@type":"WebSite","@id":"https:\/\/cdn.meusitejuridico.com.br\/#website","url":"https:\/\/cdn.meusitejuridico.com.br\/","name":"Meu site jur\u00eddico","description":"Meu site jur\u00eddico","publisher":{"@id":"https:\/\/cdn.meusitejuridico.com.br\/#organization"},"potentialAction":[{"@type":"SearchAction","target":{"@type":"EntryPoint","urlTemplate":"https:\/\/cdn.meusitejuridico.com.br\/?s={search_term_string}"},"query-input":{"@type":"PropertyValueSpecification","valueRequired":true,"valueName":"search_term_string"}}],"inLanguage":"pt-BR"},{"@type":"Organization","@id":"https:\/\/cdn.meusitejuridico.com.br\/#organization","name":"Meu site jur\u00eddico","url":"https:\/\/cdn.meusitejuridico.com.br\/","logo":{"@type":"ImageObject","inLanguage":"pt-BR","@id":"https:\/\/cdn.meusitejuridico.com.br\/#\/schema\/logo\/image\/","url":"https:\/\/meusitejuridico.com.br\/s.meusitejuridico\/2022\/03\/cropped-baeec2a3-msj-02-01-01.png","contentUrl":"https:\/\/meusitejuridico.com.br\/s.meusitejuridico\/2022\/03\/cropped-baeec2a3-msj-02-01-01.png","width":349,"height":243,"caption":"Meu site jur\u00eddico"},"image":{"@id":"https:\/\/cdn.meusitejuridico.com.br\/#\/schema\/logo\/image\/"}},{"@type":"Person","@id":"https:\/\/cdn.meusitejuridico.com.br\/#\/schema\/person\/a24de43b01f624047e5048c20ad847b8","name":"Fernando Henrique de Moraes Ara\u00fajo","image":{"@type":"ImageObject","inLanguage":"pt-BR","@id":"https:\/\/cdn.meusitejuridico.com.br\/#\/schema\/person\/image\/","url":"https:\/\/meusitejuridico.com.br\/s.meusitejuridico\/2018\/04\/a6f1a2d7-image-123986672-150x150.jpg","contentUrl":"https:\/\/meusitejuridico.com.br\/s.meusitejuridico\/2018\/04\/a6f1a2d7-image-123986672-150x150.jpg","caption":"Fernando Henrique de Moraes Ara\u00fajo"},"description":"Promotor de Justi\u00e7a\/SP; Mestre em Direito pela PUC-SP \u2013 2007. Professor Universit\u00e1rio da FIEO \u2013 Faculdade de Direito de Osasco. Professor de Cursos preparat\u00f3rios para carreiras jur\u00eddicas. Especialista nas \u00e1reas de Direito penal, processo penal, direito p\u00fablico, direito ambiental, consumidor, inf\u00e2ncia e juventude e interesses difusos. Assessorou a Procuradoria Geral de Justi\u00e7a (PGJ), ocupando o cargo de Coordenador da \u00e1rea da inf\u00e2ncia e juventude do Centro de Apoio C\u00edvel e de Tutela Coletiva do Minist\u00e9rio P\u00fablico do Estado de S\u00e3o Paulo de junho de 2010 a julho de 2012.","sameAs":["https:\/\/www.editorajuspodivm.com.br\/autores\/detalhe\/1138?idtag=ebe04ee0-bb3c-4b7f-96b9-fcd9428789d5","https:\/\/www.facebook.com\/profile.php?id=100008837146694","https:\/\/www.instagram.com\/fhdireito\/","https:\/\/x.com\/fhdireito"],"url":"https:\/\/meusitejuridico.com.br\/author\/fernandofernando\/"}]}},"_links":{"self":[{"href":"https:\/\/meusitejuridico.com.br\/api\/wp\/v2\/posts\/5324","targetHints":{"allow":["GET"]}}],"collection":[{"href":"https:\/\/meusitejuridico.com.br\/api\/wp\/v2\/posts"}],"about":[{"href":"https:\/\/meusitejuridico.com.br\/api\/wp\/v2\/types\/post"}],"author":[{"embeddable":true,"href":"https:\/\/meusitejuridico.com.br\/api\/wp\/v2\/users\/53"}],"replies":[{"embeddable":true,"href":"https:\/\/meusitejuridico.com.br\/api\/wp\/v2\/comments?post=5324"}],"version-history":[{"count":2,"href":"https:\/\/meusitejuridico.com.br\/api\/wp\/v2\/posts\/5324\/revisions"}],"predecessor-version":[{"id":5326,"href":"https:\/\/meusitejuridico.com.br\/api\/wp\/v2\/posts\/5324\/revisions\/5326"}],"wp:featuredmedia":[{"embeddable":true,"href":"https:\/\/meusitejuridico.com.br\/api\/wp\/v2\/media\/2534"}],"wp:attachment":[{"href":"https:\/\/meusitejuridico.com.br\/api\/wp\/v2\/media?parent=5324"}],"wp:term":[{"taxonomy":"category","embeddable":true,"href":"https:\/\/meusitejuridico.com.br\/api\/wp\/v2\/categories?post=5324"},{"taxonomy":"post_tag","embeddable":true,"href":"https:\/\/meusitejuridico.com.br\/api\/wp\/v2\/tags?post=5324"}],"curies":[{"name":"wp","href":"https:\/\/api.w.org\/{rel}","templated":true}]}}