{"id":6247,"date":"2018-09-01T08:51:06","date_gmt":"2018-09-01T11:51:06","guid":{"rendered":"https:\/\/meusitejuridico.com.br\/?p=6247"},"modified":"2018-09-01T08:51:06","modified_gmt":"2018-09-01T11:51:06","slug":"certo-ou-errado-seguindo-o-metodo-trifasico-o-juiz-pode-aplicar-pena-abaixo-minimo-legal-no-momento-da-fixacao-definitiva","status":"publish","type":"post","link":"https:\/\/meusitejuridico.com.br\/2018\/09\/01\/certo-ou-errado-seguindo-o-metodo-trifasico-o-juiz-pode-aplicar-pena-abaixo-minimo-legal-no-momento-da-fixacao-definitiva\/","title":{"rendered":"Certo ou errado? Seguindo o m\u00e9todo trif\u00e1sico, o juiz s\u00f3 pode aplicar a pena abaixo do m\u00ednimo legal no momento da fixa\u00e7\u00e3o definitiva"},"content":{"rendered":"<p><strong>CERTO<\/strong><\/p>\n<p>Na primeira fase de aplica\u00e7\u00e3o da pena, em que s\u00e3o consideradas as circunst\u00e2ncias judiciais, o juiz est\u00e1 atrelado aos limites m\u00ednimo e m\u00e1ximo abstratamente previstos no preceito secund\u00e1rio da infra\u00e7\u00e3o penal, n\u00e3o podendo suplant\u00e1-los em virtude de expressa disposi\u00e7\u00e3o legal (<a class='qlabs_tooltip_top qlabs_tooltip_style_1 cursor_pointer event_hover' style=''  aria-haspopup='true'>art. 59, II, CP<span style='width: 180px; '  >Art. 59 - O juiz, atendendo \u00e0 culpabilidade, aos antecedentes, \u00e0 conduta social, \u00e0 personalidade do agente, aos motivos, \u00e0s circunst\u00e2ncias e conseq\u00fc\u00eancias do crime, bem como ao comportamento da v\u00edtima, estabelecer\u00e1, conforme seja necess\u00e1rio e suficiente para reprova\u00e7\u00e3o e preven\u00e7\u00e3o do crime: (...) II - a quantidade de pena aplic\u00e1vel, dentro dos limites previstos;<\/span><\/a>). Na segunda fase, em que incidem, se o caso, as agravantes e as atenuantes, apesar de n\u00e3o haver previs\u00e3o legal entende a doutrina (seguida pela jurisprud\u00eancia) que o juiz est\u00e1 atrelado aos limites m\u00ednimo e m\u00e1ximo abstratamente previstos no preceito secund\u00e1rio (nesse sentido \u00e9 a s\u00famula n\u00ba <a class='qlabs_tooltip_top qlabs_tooltip_style_1 cursor_pointer event_hover' style=''  aria-haspopup='true'>231 do STJ<span style='width: 180px; '  >A incid\u00eancia da circunst\u00e2ncia atenuante n\u00e3o pode conduzir \u00e0 redu\u00e7\u00e3o da pena abaixo do m\u00ednimo legal.<\/span><\/a>). Por fim, na terceira fase, o juiz considera as causas de aumento e de diminui\u00e7\u00e3o de pena. Aqui, ao contr\u00e1rio do que ocorre nas demais fases, a pena pode ser estabelecida abaixo do m\u00ednimo ou acima do m\u00e1ximo, conforme indiquem as circunst\u00e2ncias.<\/p>\n<p><a href=\"https:\/\/play.google.com\/store\/apps\/details?id=com.app.meuappjuridico&amp;hl=pt\" target=\"_blank\" rel=\"noopener\"><img decoding=\"async\" class=\"alignnone wp-image-4610 size-medium\" src=\"https:\/\/s3.meusitejuridico.com.br\/2018\/02\/3cdb1249-banner-app-300x166.jpeg\" alt=\"\" width=\"300\" height=\"166\" srcset=\"https:\/\/meusitejuridico.com.br\/s.meusitejuridico\/2018\/02\/3cdb1249-banner-app-300x166.jpeg 300w, https:\/\/meusitejuridico.com.br\/s.meusitejuridico\/2018\/02\/3cdb1249-banner-app-768x424.jpeg 768w, https:\/\/meusitejuridico.com.br\/s.meusitejuridico\/2018\/02\/3cdb1249-banner-app-1024x566.jpeg 1024w, https:\/\/meusitejuridico.com.br\/s.meusitejuridico\/2018\/02\/3cdb1249-banner-app-80x44.jpeg 80w, https:\/\/meusitejuridico.com.br\/s.meusitejuridico\/2018\/02\/3cdb1249-banner-app.jpeg 1140w\" sizes=\"(max-width: 300px) 100vw, 300px\" \/><\/a><\/p>\n<p>Material extra\u00eddo da obra <a href=\"https:\/\/www.editorajuspodivm.com.br\/revisaco-direito-penal-2209-questoes-comentadas-alternativa-por-alternativa-2018\" target=\"_blank\" rel=\"noopener\">Revisa\u00e7o Direito Penal<\/a><\/p>\n","protected":false},"excerpt":{"rendered":"<p>CERTO Na primeira fase de aplica\u00e7\u00e3o da pena, em que s\u00e3o consideradas as circunst\u00e2ncias judiciais, o juiz est\u00e1 atrelado aos limites m\u00ednimo e m\u00e1ximo abstratamente previstos no preceito secund\u00e1rio da infra\u00e7\u00e3o penal, n\u00e3o podendo suplant\u00e1-los em virtude de expressa disposi\u00e7\u00e3o legal (). Na segunda fase, em que incidem, se o caso, as agravantes e as [&hellip;]<\/p>\n","protected":false},"author":7,"featured_media":3741,"comment_status":"open","ping_status":"open","sticky":false,"template":"","format":"standard","meta":{"_acf_changed":false,"footnotes":""},"categories":[78,437],"tags":[1115,155,1116,107,740,2000,1999],"class_list":["post-6247","post","type-post","status-publish","format-standard","has-post-thumbnail","hentry","category-material-de-aula","category-perguntas-e-respostas","tag-agravantes","tag-aplicacao-da-pena","tag-atenuantes","tag-direito-penal","tag-majorantes","tag-minorantes","tag-trifasico"],"acf":[],"yoast_head":"<!-- This site is optimized with the Yoast SEO plugin v24.8.1 - https:\/\/yoast.com\/wordpress\/plugins\/seo\/ -->\n<title>Certo ou errado? Seguindo o m\u00e9todo trif\u00e1sico, o juiz s\u00f3 pode aplicar a pena abaixo do m\u00ednimo legal no momento da fixa\u00e7\u00e3o definitiva - Meu site jur\u00eddico<\/title>\n<meta name=\"robots\" content=\"index, follow, max-snippet:-1, max-image-preview:large, max-video-preview:-1\" \/>\n<link rel=\"canonical\" href=\"https:\/\/meusitejuridico.editorajuspodivm.com.br\/2018\/09\/01\/certo-ou-errado-seguindo-o-metodo-trifasico-o-juiz-pode-aplicar-pena-abaixo-minimo-legal-no-momento-da-fixacao-definitiva\/\" \/>\n<meta property=\"og:locale\" content=\"pt_BR\" \/>\n<meta property=\"og:type\" content=\"article\" \/>\n<meta property=\"og:title\" content=\"Certo ou errado? Seguindo o m\u00e9todo trif\u00e1sico, o juiz s\u00f3 pode aplicar a pena abaixo do m\u00ednimo legal no momento da fixa\u00e7\u00e3o definitiva - Meu site jur\u00eddico\" \/>\n<meta property=\"og:description\" content=\"CERTO Na primeira fase de aplica\u00e7\u00e3o da pena, em que s\u00e3o consideradas as circunst\u00e2ncias judiciais, o juiz est\u00e1 atrelado aos limites m\u00ednimo e m\u00e1ximo abstratamente previstos no preceito secund\u00e1rio da infra\u00e7\u00e3o penal, n\u00e3o podendo suplant\u00e1-los em virtude de expressa disposi\u00e7\u00e3o legal (). Na segunda fase, em que incidem, se o caso, as agravantes e as [&hellip;]\" \/>\n<meta property=\"og:url\" content=\"https:\/\/meusitejuridico.editorajuspodivm.com.br\/2018\/09\/01\/certo-ou-errado-seguindo-o-metodo-trifasico-o-juiz-pode-aplicar-pena-abaixo-minimo-legal-no-momento-da-fixacao-definitiva\/\" \/>\n<meta property=\"og:site_name\" content=\"Meu site jur\u00eddico\" \/>\n<meta property=\"article:published_time\" content=\"2018-09-01T11:51:06+00:00\" \/>\n<meta property=\"og:image\" content=\"https:\/\/meusitejuridico.editorajuspodivm.com.br\/s.meusitejuridico\/2017\/10\/1ef1bc22-shutterstock-380869822.jpg\" \/>\n\t<meta property=\"og:image:width\" content=\"1000\" \/>\n\t<meta property=\"og:image:height\" content=\"667\" \/>\n\t<meta property=\"og:image:type\" content=\"image\/jpeg\" \/>\n<meta name=\"author\" content=\"Equipe Meu Site Jur\u00eddico\" \/>\n<meta name=\"twitter:card\" content=\"summary_large_image\" \/>\n<meta name=\"twitter:label1\" content=\"Escrito por\" \/>\n\t<meta name=\"twitter:data1\" content=\"Equipe Meu Site Jur\u00eddico\" \/>\n\t<meta name=\"twitter:label2\" content=\"Est. tempo de leitura\" \/>\n\t<meta name=\"twitter:data2\" content=\"1 minuto\" \/>\n<script type=\"application\/ld+json\" class=\"yoast-schema-graph\">{\"@context\":\"https:\/\/schema.org\",\"@graph\":[{\"@type\":\"Article\",\"@id\":\"https:\/\/meusitejuridico.editorajuspodivm.com.br\/2018\/09\/01\/certo-ou-errado-seguindo-o-metodo-trifasico-o-juiz-pode-aplicar-pena-abaixo-minimo-legal-no-momento-da-fixacao-definitiva\/#article\",\"isPartOf\":{\"@id\":\"https:\/\/meusitejuridico.editorajuspodivm.com.br\/2018\/09\/01\/certo-ou-errado-seguindo-o-metodo-trifasico-o-juiz-pode-aplicar-pena-abaixo-minimo-legal-no-momento-da-fixacao-definitiva\/\"},\"author\":{\"name\":\"Equipe Meu Site Jur\u00eddico\",\"@id\":\"https:\/\/cdn.meusitejuridico.com.br\/#\/schema\/person\/5c2237ac0c8ff03bcf1a09fe3e45dfce\"},\"headline\":\"Certo ou errado? Seguindo o m\u00e9todo trif\u00e1sico, o juiz s\u00f3 pode aplicar a pena abaixo do m\u00ednimo legal no momento da fixa\u00e7\u00e3o definitiva\",\"datePublished\":\"2018-09-01T11:51:06+00:00\",\"mainEntityOfPage\":{\"@id\":\"https:\/\/meusitejuridico.editorajuspodivm.com.br\/2018\/09\/01\/certo-ou-errado-seguindo-o-metodo-trifasico-o-juiz-pode-aplicar-pena-abaixo-minimo-legal-no-momento-da-fixacao-definitiva\/\"},\"wordCount\":305,\"commentCount\":0,\"publisher\":{\"@id\":\"https:\/\/cdn.meusitejuridico.com.br\/#organization\"},\"image\":{\"@id\":\"https:\/\/meusitejuridico.editorajuspodivm.com.br\/2018\/09\/01\/certo-ou-errado-seguindo-o-metodo-trifasico-o-juiz-pode-aplicar-pena-abaixo-minimo-legal-no-momento-da-fixacao-definitiva\/#primaryimage\"},\"thumbnailUrl\":\"https:\/\/meusitejuridico.com.br\/s.meusitejuridico\/2017\/10\/1ef1bc22-shutterstock-380869822.jpg\",\"keywords\":[\"agravantes\",\"aplica\u00e7\u00e3o da pena\",\"atenuantes\",\"Direito Penal\",\"majorantes\",\"minorantes\",\"trif\u00e1sico\"],\"articleSection\":[\"Material de aula\",\"Perguntas e Respostas\"],\"inLanguage\":\"pt-BR\",\"potentialAction\":[{\"@type\":\"CommentAction\",\"name\":\"Comment\",\"target\":[\"https:\/\/meusitejuridico.editorajuspodivm.com.br\/2018\/09\/01\/certo-ou-errado-seguindo-o-metodo-trifasico-o-juiz-pode-aplicar-pena-abaixo-minimo-legal-no-momento-da-fixacao-definitiva\/#respond\"]}]},{\"@type\":\"WebPage\",\"@id\":\"https:\/\/meusitejuridico.editorajuspodivm.com.br\/2018\/09\/01\/certo-ou-errado-seguindo-o-metodo-trifasico-o-juiz-pode-aplicar-pena-abaixo-minimo-legal-no-momento-da-fixacao-definitiva\/\",\"url\":\"https:\/\/meusitejuridico.editorajuspodivm.com.br\/2018\/09\/01\/certo-ou-errado-seguindo-o-metodo-trifasico-o-juiz-pode-aplicar-pena-abaixo-minimo-legal-no-momento-da-fixacao-definitiva\/\",\"name\":\"Certo ou errado? Seguindo o m\u00e9todo trif\u00e1sico, o juiz s\u00f3 pode aplicar a pena abaixo do m\u00ednimo legal no momento da fixa\u00e7\u00e3o definitiva - Meu site jur\u00eddico\",\"isPartOf\":{\"@id\":\"https:\/\/cdn.meusitejuridico.com.br\/#website\"},\"primaryImageOfPage\":{\"@id\":\"https:\/\/meusitejuridico.editorajuspodivm.com.br\/2018\/09\/01\/certo-ou-errado-seguindo-o-metodo-trifasico-o-juiz-pode-aplicar-pena-abaixo-minimo-legal-no-momento-da-fixacao-definitiva\/#primaryimage\"},\"image\":{\"@id\":\"https:\/\/meusitejuridico.editorajuspodivm.com.br\/2018\/09\/01\/certo-ou-errado-seguindo-o-metodo-trifasico-o-juiz-pode-aplicar-pena-abaixo-minimo-legal-no-momento-da-fixacao-definitiva\/#primaryimage\"},\"thumbnailUrl\":\"https:\/\/meusitejuridico.com.br\/s.meusitejuridico\/2017\/10\/1ef1bc22-shutterstock-380869822.jpg\",\"datePublished\":\"2018-09-01T11:51:06+00:00\",\"breadcrumb\":{\"@id\":\"https:\/\/meusitejuridico.editorajuspodivm.com.br\/2018\/09\/01\/certo-ou-errado-seguindo-o-metodo-trifasico-o-juiz-pode-aplicar-pena-abaixo-minimo-legal-no-momento-da-fixacao-definitiva\/#breadcrumb\"},\"inLanguage\":\"pt-BR\",\"potentialAction\":[{\"@type\":\"ReadAction\",\"target\":[\"https:\/\/meusitejuridico.editorajuspodivm.com.br\/2018\/09\/01\/certo-ou-errado-seguindo-o-metodo-trifasico-o-juiz-pode-aplicar-pena-abaixo-minimo-legal-no-momento-da-fixacao-definitiva\/\"]}]},{\"@type\":\"ImageObject\",\"inLanguage\":\"pt-BR\",\"@id\":\"https:\/\/meusitejuridico.editorajuspodivm.com.br\/2018\/09\/01\/certo-ou-errado-seguindo-o-metodo-trifasico-o-juiz-pode-aplicar-pena-abaixo-minimo-legal-no-momento-da-fixacao-definitiva\/#primaryimage\",\"url\":\"https:\/\/meusitejuridico.com.br\/s.meusitejuridico\/2017\/10\/1ef1bc22-shutterstock-380869822.jpg\",\"contentUrl\":\"https:\/\/meusitejuridico.com.br\/s.meusitejuridico\/2017\/10\/1ef1bc22-shutterstock-380869822.jpg\",\"width\":1000,\"height\":667},{\"@type\":\"BreadcrumbList\",\"@id\":\"https:\/\/meusitejuridico.editorajuspodivm.com.br\/2018\/09\/01\/certo-ou-errado-seguindo-o-metodo-trifasico-o-juiz-pode-aplicar-pena-abaixo-minimo-legal-no-momento-da-fixacao-definitiva\/#breadcrumb\",\"itemListElement\":[{\"@type\":\"ListItem\",\"position\":1,\"name\":\"In\u00edcio\",\"item\":\"https:\/\/cdn.meusitejuridico.com.br\/\"},{\"@type\":\"ListItem\",\"position\":2,\"name\":\"Certo ou errado? Seguindo o m\u00e9todo trif\u00e1sico, o juiz s\u00f3 pode aplicar a pena abaixo do m\u00ednimo legal no momento da fixa\u00e7\u00e3o definitiva\"}]},{\"@type\":\"WebSite\",\"@id\":\"https:\/\/cdn.meusitejuridico.com.br\/#website\",\"url\":\"https:\/\/cdn.meusitejuridico.com.br\/\",\"name\":\"Meu site jur\u00eddico\",\"description\":\"Meu site jur\u00eddico\",\"publisher\":{\"@id\":\"https:\/\/cdn.meusitejuridico.com.br\/#organization\"},\"potentialAction\":[{\"@type\":\"SearchAction\",\"target\":{\"@type\":\"EntryPoint\",\"urlTemplate\":\"https:\/\/cdn.meusitejuridico.com.br\/?s={search_term_string}\"},\"query-input\":{\"@type\":\"PropertyValueSpecification\",\"valueRequired\":true,\"valueName\":\"search_term_string\"}}],\"inLanguage\":\"pt-BR\"},{\"@type\":\"Organization\",\"@id\":\"https:\/\/cdn.meusitejuridico.com.br\/#organization\",\"name\":\"Meu site jur\u00eddico\",\"url\":\"https:\/\/cdn.meusitejuridico.com.br\/\",\"logo\":{\"@type\":\"ImageObject\",\"inLanguage\":\"pt-BR\",\"@id\":\"https:\/\/cdn.meusitejuridico.com.br\/#\/schema\/logo\/image\/\",\"url\":\"https:\/\/meusitejuridico.com.br\/s.meusitejuridico\/2022\/03\/cropped-baeec2a3-msj-02-01-01.png\",\"contentUrl\":\"https:\/\/meusitejuridico.com.br\/s.meusitejuridico\/2022\/03\/cropped-baeec2a3-msj-02-01-01.png\",\"width\":349,\"height\":243,\"caption\":\"Meu site jur\u00eddico\"},\"image\":{\"@id\":\"https:\/\/cdn.meusitejuridico.com.br\/#\/schema\/logo\/image\/\"}},{\"@type\":\"Person\",\"@id\":\"https:\/\/cdn.meusitejuridico.com.br\/#\/schema\/person\/5c2237ac0c8ff03bcf1a09fe3e45dfce\",\"name\":\"Equipe Meu Site Jur\u00eddico\",\"image\":{\"@type\":\"ImageObject\",\"inLanguage\":\"pt-BR\",\"@id\":\"https:\/\/cdn.meusitejuridico.com.br\/#\/schema\/person\/image\/\",\"url\":\"https:\/\/meusitejuridico.com.br\/s.meusitejuridico\/2020\/07\/6be289aa-logo-msj.png\",\"contentUrl\":\"https:\/\/meusitejuridico.com.br\/s.meusitejuridico\/2020\/07\/6be289aa-logo-msj.png\",\"caption\":\"Equipe Meu Site Jur\u00eddico\"},\"description\":\"Contem conosco!\",\"url\":\"https:\/\/meusitejuridico.com.br\/author\/equipe-meu-site-juridico\/\"}]}<\/script>\n<!-- \/ Yoast SEO plugin. -->","yoast_head_json":{"title":"Certo ou errado? Seguindo o m\u00e9todo trif\u00e1sico, o juiz s\u00f3 pode aplicar a pena abaixo do m\u00ednimo legal no momento da fixa\u00e7\u00e3o definitiva - Meu site jur\u00eddico","robots":{"index":"index","follow":"follow","max-snippet":"max-snippet:-1","max-image-preview":"max-image-preview:large","max-video-preview":"max-video-preview:-1"},"canonical":"https:\/\/meusitejuridico.editorajuspodivm.com.br\/2018\/09\/01\/certo-ou-errado-seguindo-o-metodo-trifasico-o-juiz-pode-aplicar-pena-abaixo-minimo-legal-no-momento-da-fixacao-definitiva\/","og_locale":"pt_BR","og_type":"article","og_title":"Certo ou errado? Seguindo o m\u00e9todo trif\u00e1sico, o juiz s\u00f3 pode aplicar a pena abaixo do m\u00ednimo legal no momento da fixa\u00e7\u00e3o definitiva - Meu site jur\u00eddico","og_description":"CERTO Na primeira fase de aplica\u00e7\u00e3o da pena, em que s\u00e3o consideradas as circunst\u00e2ncias judiciais, o juiz est\u00e1 atrelado aos limites m\u00ednimo e m\u00e1ximo abstratamente previstos no preceito secund\u00e1rio da infra\u00e7\u00e3o penal, n\u00e3o podendo suplant\u00e1-los em virtude de expressa disposi\u00e7\u00e3o legal (). Na segunda fase, em que incidem, se o caso, as agravantes e as [&hellip;]","og_url":"https:\/\/meusitejuridico.editorajuspodivm.com.br\/2018\/09\/01\/certo-ou-errado-seguindo-o-metodo-trifasico-o-juiz-pode-aplicar-pena-abaixo-minimo-legal-no-momento-da-fixacao-definitiva\/","og_site_name":"Meu site jur\u00eddico","article_published_time":"2018-09-01T11:51:06+00:00","og_image":[{"width":1000,"height":667,"url":"https:\/\/meusitejuridico.editorajuspodivm.com.br\/s.meusitejuridico\/2017\/10\/1ef1bc22-shutterstock-380869822.jpg","type":"image\/jpeg"}],"author":"Equipe Meu Site Jur\u00eddico","twitter_card":"summary_large_image","twitter_misc":{"Escrito por":"Equipe Meu Site Jur\u00eddico","Est. tempo de leitura":"1 minuto"},"schema":{"@context":"https:\/\/schema.org","@graph":[{"@type":"Article","@id":"https:\/\/meusitejuridico.editorajuspodivm.com.br\/2018\/09\/01\/certo-ou-errado-seguindo-o-metodo-trifasico-o-juiz-pode-aplicar-pena-abaixo-minimo-legal-no-momento-da-fixacao-definitiva\/#article","isPartOf":{"@id":"https:\/\/meusitejuridico.editorajuspodivm.com.br\/2018\/09\/01\/certo-ou-errado-seguindo-o-metodo-trifasico-o-juiz-pode-aplicar-pena-abaixo-minimo-legal-no-momento-da-fixacao-definitiva\/"},"author":{"name":"Equipe Meu Site Jur\u00eddico","@id":"https:\/\/cdn.meusitejuridico.com.br\/#\/schema\/person\/5c2237ac0c8ff03bcf1a09fe3e45dfce"},"headline":"Certo ou errado? Seguindo o m\u00e9todo trif\u00e1sico, o juiz s\u00f3 pode aplicar a pena abaixo do m\u00ednimo legal no momento da fixa\u00e7\u00e3o definitiva","datePublished":"2018-09-01T11:51:06+00:00","mainEntityOfPage":{"@id":"https:\/\/meusitejuridico.editorajuspodivm.com.br\/2018\/09\/01\/certo-ou-errado-seguindo-o-metodo-trifasico-o-juiz-pode-aplicar-pena-abaixo-minimo-legal-no-momento-da-fixacao-definitiva\/"},"wordCount":305,"commentCount":0,"publisher":{"@id":"https:\/\/cdn.meusitejuridico.com.br\/#organization"},"image":{"@id":"https:\/\/meusitejuridico.editorajuspodivm.com.br\/2018\/09\/01\/certo-ou-errado-seguindo-o-metodo-trifasico-o-juiz-pode-aplicar-pena-abaixo-minimo-legal-no-momento-da-fixacao-definitiva\/#primaryimage"},"thumbnailUrl":"https:\/\/meusitejuridico.com.br\/s.meusitejuridico\/2017\/10\/1ef1bc22-shutterstock-380869822.jpg","keywords":["agravantes","aplica\u00e7\u00e3o da pena","atenuantes","Direito Penal","majorantes","minorantes","trif\u00e1sico"],"articleSection":["Material de aula","Perguntas e Respostas"],"inLanguage":"pt-BR","potentialAction":[{"@type":"CommentAction","name":"Comment","target":["https:\/\/meusitejuridico.editorajuspodivm.com.br\/2018\/09\/01\/certo-ou-errado-seguindo-o-metodo-trifasico-o-juiz-pode-aplicar-pena-abaixo-minimo-legal-no-momento-da-fixacao-definitiva\/#respond"]}]},{"@type":"WebPage","@id":"https:\/\/meusitejuridico.editorajuspodivm.com.br\/2018\/09\/01\/certo-ou-errado-seguindo-o-metodo-trifasico-o-juiz-pode-aplicar-pena-abaixo-minimo-legal-no-momento-da-fixacao-definitiva\/","url":"https:\/\/meusitejuridico.editorajuspodivm.com.br\/2018\/09\/01\/certo-ou-errado-seguindo-o-metodo-trifasico-o-juiz-pode-aplicar-pena-abaixo-minimo-legal-no-momento-da-fixacao-definitiva\/","name":"Certo ou errado? Seguindo o m\u00e9todo trif\u00e1sico, o juiz s\u00f3 pode aplicar a pena abaixo do m\u00ednimo legal no momento da fixa\u00e7\u00e3o definitiva - Meu site jur\u00eddico","isPartOf":{"@id":"https:\/\/cdn.meusitejuridico.com.br\/#website"},"primaryImageOfPage":{"@id":"https:\/\/meusitejuridico.editorajuspodivm.com.br\/2018\/09\/01\/certo-ou-errado-seguindo-o-metodo-trifasico-o-juiz-pode-aplicar-pena-abaixo-minimo-legal-no-momento-da-fixacao-definitiva\/#primaryimage"},"image":{"@id":"https:\/\/meusitejuridico.editorajuspodivm.com.br\/2018\/09\/01\/certo-ou-errado-seguindo-o-metodo-trifasico-o-juiz-pode-aplicar-pena-abaixo-minimo-legal-no-momento-da-fixacao-definitiva\/#primaryimage"},"thumbnailUrl":"https:\/\/meusitejuridico.com.br\/s.meusitejuridico\/2017\/10\/1ef1bc22-shutterstock-380869822.jpg","datePublished":"2018-09-01T11:51:06+00:00","breadcrumb":{"@id":"https:\/\/meusitejuridico.editorajuspodivm.com.br\/2018\/09\/01\/certo-ou-errado-seguindo-o-metodo-trifasico-o-juiz-pode-aplicar-pena-abaixo-minimo-legal-no-momento-da-fixacao-definitiva\/#breadcrumb"},"inLanguage":"pt-BR","potentialAction":[{"@type":"ReadAction","target":["https:\/\/meusitejuridico.editorajuspodivm.com.br\/2018\/09\/01\/certo-ou-errado-seguindo-o-metodo-trifasico-o-juiz-pode-aplicar-pena-abaixo-minimo-legal-no-momento-da-fixacao-definitiva\/"]}]},{"@type":"ImageObject","inLanguage":"pt-BR","@id":"https:\/\/meusitejuridico.editorajuspodivm.com.br\/2018\/09\/01\/certo-ou-errado-seguindo-o-metodo-trifasico-o-juiz-pode-aplicar-pena-abaixo-minimo-legal-no-momento-da-fixacao-definitiva\/#primaryimage","url":"https:\/\/meusitejuridico.com.br\/s.meusitejuridico\/2017\/10\/1ef1bc22-shutterstock-380869822.jpg","contentUrl":"https:\/\/meusitejuridico.com.br\/s.meusitejuridico\/2017\/10\/1ef1bc22-shutterstock-380869822.jpg","width":1000,"height":667},{"@type":"BreadcrumbList","@id":"https:\/\/meusitejuridico.editorajuspodivm.com.br\/2018\/09\/01\/certo-ou-errado-seguindo-o-metodo-trifasico-o-juiz-pode-aplicar-pena-abaixo-minimo-legal-no-momento-da-fixacao-definitiva\/#breadcrumb","itemListElement":[{"@type":"ListItem","position":1,"name":"In\u00edcio","item":"https:\/\/cdn.meusitejuridico.com.br\/"},{"@type":"ListItem","position":2,"name":"Certo ou errado? Seguindo o m\u00e9todo trif\u00e1sico, o juiz s\u00f3 pode aplicar a pena abaixo do m\u00ednimo legal no momento da fixa\u00e7\u00e3o definitiva"}]},{"@type":"WebSite","@id":"https:\/\/cdn.meusitejuridico.com.br\/#website","url":"https:\/\/cdn.meusitejuridico.com.br\/","name":"Meu site jur\u00eddico","description":"Meu site jur\u00eddico","publisher":{"@id":"https:\/\/cdn.meusitejuridico.com.br\/#organization"},"potentialAction":[{"@type":"SearchAction","target":{"@type":"EntryPoint","urlTemplate":"https:\/\/cdn.meusitejuridico.com.br\/?s={search_term_string}"},"query-input":{"@type":"PropertyValueSpecification","valueRequired":true,"valueName":"search_term_string"}}],"inLanguage":"pt-BR"},{"@type":"Organization","@id":"https:\/\/cdn.meusitejuridico.com.br\/#organization","name":"Meu site jur\u00eddico","url":"https:\/\/cdn.meusitejuridico.com.br\/","logo":{"@type":"ImageObject","inLanguage":"pt-BR","@id":"https:\/\/cdn.meusitejuridico.com.br\/#\/schema\/logo\/image\/","url":"https:\/\/meusitejuridico.com.br\/s.meusitejuridico\/2022\/03\/cropped-baeec2a3-msj-02-01-01.png","contentUrl":"https:\/\/meusitejuridico.com.br\/s.meusitejuridico\/2022\/03\/cropped-baeec2a3-msj-02-01-01.png","width":349,"height":243,"caption":"Meu site jur\u00eddico"},"image":{"@id":"https:\/\/cdn.meusitejuridico.com.br\/#\/schema\/logo\/image\/"}},{"@type":"Person","@id":"https:\/\/cdn.meusitejuridico.com.br\/#\/schema\/person\/5c2237ac0c8ff03bcf1a09fe3e45dfce","name":"Equipe Meu Site Jur\u00eddico","image":{"@type":"ImageObject","inLanguage":"pt-BR","@id":"https:\/\/cdn.meusitejuridico.com.br\/#\/schema\/person\/image\/","url":"https:\/\/meusitejuridico.com.br\/s.meusitejuridico\/2020\/07\/6be289aa-logo-msj.png","contentUrl":"https:\/\/meusitejuridico.com.br\/s.meusitejuridico\/2020\/07\/6be289aa-logo-msj.png","caption":"Equipe Meu Site Jur\u00eddico"},"description":"Contem conosco!","url":"https:\/\/meusitejuridico.com.br\/author\/equipe-meu-site-juridico\/"}]}},"_links":{"self":[{"href":"https:\/\/meusitejuridico.com.br\/api\/wp\/v2\/posts\/6247","targetHints":{"allow":["GET"]}}],"collection":[{"href":"https:\/\/meusitejuridico.com.br\/api\/wp\/v2\/posts"}],"about":[{"href":"https:\/\/meusitejuridico.com.br\/api\/wp\/v2\/types\/post"}],"author":[{"embeddable":true,"href":"https:\/\/meusitejuridico.com.br\/api\/wp\/v2\/users\/7"}],"replies":[{"embeddable":true,"href":"https:\/\/meusitejuridico.com.br\/api\/wp\/v2\/comments?post=6247"}],"version-history":[{"count":3,"href":"https:\/\/meusitejuridico.com.br\/api\/wp\/v2\/posts\/6247\/revisions"}],"predecessor-version":[{"id":6250,"href":"https:\/\/meusitejuridico.com.br\/api\/wp\/v2\/posts\/6247\/revisions\/6250"}],"wp:featuredmedia":[{"embeddable":true,"href":"https:\/\/meusitejuridico.com.br\/api\/wp\/v2\/media\/3741"}],"wp:attachment":[{"href":"https:\/\/meusitejuridico.com.br\/api\/wp\/v2\/media?parent=6247"}],"wp:term":[{"taxonomy":"category","embeddable":true,"href":"https:\/\/meusitejuridico.com.br\/api\/wp\/v2\/categories?post=6247"},{"taxonomy":"post_tag","embeddable":true,"href":"https:\/\/meusitejuridico.com.br\/api\/wp\/v2\/tags?post=6247"}],"curies":[{"name":"wp","href":"https:\/\/api.w.org\/{rel}","templated":true}]}}