{"id":6763,"date":"2018-11-09T08:50:24","date_gmt":"2018-11-09T10:50:24","guid":{"rendered":"https:\/\/meusitejuridico.editorajuspodivm.com.br\/?p=6763"},"modified":"2018-11-09T08:50:53","modified_gmt":"2018-11-09T10:50:53","slug":"certo-ou-errado-lei-1-07950-admite-denominada-acao-penal-popular","status":"publish","type":"post","link":"https:\/\/meusitejuridico.com.br\/2018\/11\/09\/certo-ou-errado-lei-1-07950-admite-denominada-acao-penal-popular\/","title":{"rendered":"Certo ou errado? A Lei 1.079\/50 admite a denominada \u2018a\u00e7\u00e3o penal popular\u2019"},"content":{"rendered":"<p><strong>ERRADO<\/strong><\/p>\n<p>Cogitou-se da possibilidade de qualquer do povo ajuizar a\u00e7\u00e3o penal com base na Lei n\u00b0 1.079\/1950, que define os crimes de responsabilidade e regula o respectivo processo de julgamento. Com efeito, nos termos do art. 14 deste diploma, \u201c\u00e9 permitido a qualquer cidad\u00e3o denunciar o Presidente da Rep\u00fablica ou Ministro de Estado, por crime de responsabilidade, perante a C\u00e2mara dos Deputados\u201d. Tamb\u00e9m a Lei n\u00b0 7.106\/1983 permite que a mesma den\u00fancia se volte contra Governador ou Secret\u00e1rio do Governo do Distrito Federal (art. 2\u00b0 da lei).<\/p>\n<p>Ocorre que tais diplomas n\u00e3o foram recepcionados pela Constitui\u00e7\u00e3o de 1988, que atribuiu ao Minist\u00e9rio P\u00fablico, com exclusividade, a titularidade da a\u00e7\u00e3o penal p\u00fablica. E n\u00e3o \u00e9 s\u00f3: as citadas leis n\u00e3o t\u00eam car\u00e1ter penal, pois, em caso de condena\u00e7\u00e3o, n\u00e3o imp\u00f5em pena privativa de liberdade, restritiva de direitos ou multa, que s\u00e3o as san\u00e7\u00f5es previstas em nosso C\u00f3digo Penal.<\/p>\n<p><a href=\"https:\/\/play.google.com\/store\/apps\/details?id=com.app.meuappjuridico&amp;hl=pt\" target=\"_blank\" rel=\"noopener\"><img decoding=\"async\" class=\"alignnone wp-image-4610 size-medium\" src=\"https:\/\/s3.meusitejuridico.com.br\/2018\/02\/3cdb1249-banner-app-300x166.jpeg\" alt=\"\" width=\"300\" height=\"166\" srcset=\"https:\/\/meusitejuridico.com.br\/s.meusitejuridico\/2018\/02\/3cdb1249-banner-app-300x166.jpeg 300w, https:\/\/meusitejuridico.com.br\/s.meusitejuridico\/2018\/02\/3cdb1249-banner-app-768x424.jpeg 768w, https:\/\/meusitejuridico.com.br\/s.meusitejuridico\/2018\/02\/3cdb1249-banner-app-1024x566.jpeg 1024w, https:\/\/meusitejuridico.com.br\/s.meusitejuridico\/2018\/02\/3cdb1249-banner-app-80x44.jpeg 80w, https:\/\/meusitejuridico.com.br\/s.meusitejuridico\/2018\/02\/3cdb1249-banner-app.jpeg 1140w\" sizes=\"(max-width: 300px) 100vw, 300px\" \/><\/a><\/p>\n<p><strong>Material extra\u00eddo da obra\u00a0<\/strong><a href=\"https:\/\/www.editorajuspodivm.com.br\/codigo-de-processo-penal-e-lei-de-execucao-penal-comentados-por-artigos-2018\" target=\"_blank\" rel=\"noopener\">C\u00f3digo de Processo Penal e Lei de Execu\u00e7\u00e3o Penal Comentados por Artigos<\/a><\/p>\n","protected":false},"excerpt":{"rendered":"<p>ERRADO Cogitou-se da possibilidade de qualquer do povo ajuizar a\u00e7\u00e3o penal com base na Lei n\u00b0 1.079\/1950, que define os crimes de responsabilidade e regula o respectivo processo de julgamento. Com efeito, nos termos do art. 14 deste diploma, \u201c\u00e9 permitido a qualquer cidad\u00e3o denunciar o Presidente da Rep\u00fablica ou Ministro de Estado, por crime [&hellip;]<\/p>\n","protected":false},"author":7,"featured_media":4886,"comment_status":"open","ping_status":"open","sticky":false,"template":"","format":"standard","meta":{"_acf_changed":false,"footnotes":""},"categories":[78,437],"tags":[481,569,2189,119],"class_list":["post-6763","post","type-post","status-publish","format-standard","has-post-thumbnail","hentry","category-material-de-aula","category-perguntas-e-respostas","tag-acao-penal","tag-crimes-de-responsabilidade","tag-lei-1-07950","tag-processo-penal"],"acf":[],"yoast_head":"<!-- This site is optimized with the Yoast SEO plugin v24.8.1 - https:\/\/yoast.com\/wordpress\/plugins\/seo\/ -->\n<title>Certo ou errado? A Lei 1.079\/50 admite a denominada \u2018a\u00e7\u00e3o penal popular\u2019 - Meu site jur\u00eddico<\/title>\n<meta name=\"robots\" content=\"index, follow, max-snippet:-1, max-image-preview:large, max-video-preview:-1\" \/>\n<link rel=\"canonical\" href=\"https:\/\/meusitejuridico.com.br\/2018\/11\/09\/certo-ou-errado-lei-1-07950-admite-denominada-acao-penal-popular\/\" \/>\n<meta property=\"og:locale\" content=\"pt_BR\" \/>\n<meta property=\"og:type\" content=\"article\" \/>\n<meta property=\"og:title\" content=\"Certo ou errado? A Lei 1.079\/50 admite a denominada \u2018a\u00e7\u00e3o penal popular\u2019 - Meu site jur\u00eddico\" \/>\n<meta property=\"og:description\" content=\"ERRADO Cogitou-se da possibilidade de qualquer do povo ajuizar a\u00e7\u00e3o penal com base na Lei n\u00b0 1.079\/1950, que define os crimes de responsabilidade e regula o respectivo processo de julgamento. Com efeito, nos termos do art. 14 deste diploma, \u201c\u00e9 permitido a qualquer cidad\u00e3o denunciar o Presidente da Rep\u00fablica ou Ministro de Estado, por crime [&hellip;]\" \/>\n<meta property=\"og:url\" content=\"https:\/\/meusitejuridico.com.br\/2018\/11\/09\/certo-ou-errado-lei-1-07950-admite-denominada-acao-penal-popular\/\" \/>\n<meta property=\"og:site_name\" content=\"Meu site jur\u00eddico\" \/>\n<meta property=\"article:published_time\" content=\"2018-11-09T10:50:24+00:00\" \/>\n<meta property=\"article:modified_time\" content=\"2018-11-09T10:50:53+00:00\" \/>\n<meta property=\"og:image\" content=\"https:\/\/meusitejuridico.com.br\/s.meusitejuridico\/2018\/03\/4584c839-shutterstock-1013395753.jpg\" \/>\n\t<meta property=\"og:image:width\" content=\"1000\" \/>\n\t<meta property=\"og:image:height\" content=\"790\" \/>\n\t<meta property=\"og:image:type\" content=\"image\/jpeg\" \/>\n<meta name=\"author\" content=\"Equipe Meu Site Jur\u00eddico\" \/>\n<meta name=\"twitter:card\" content=\"summary_large_image\" \/>\n<meta name=\"twitter:label1\" content=\"Escrito por\" \/>\n\t<meta name=\"twitter:data1\" content=\"Equipe Meu Site Jur\u00eddico\" \/>\n\t<meta name=\"twitter:label2\" content=\"Est. tempo de leitura\" \/>\n\t<meta name=\"twitter:data2\" content=\"1 minuto\" \/>\n<script type=\"application\/ld+json\" class=\"yoast-schema-graph\">{\"@context\":\"https:\/\/schema.org\",\"@graph\":[{\"@type\":\"Article\",\"@id\":\"https:\/\/meusitejuridico.com.br\/2018\/11\/09\/certo-ou-errado-lei-1-07950-admite-denominada-acao-penal-popular\/#article\",\"isPartOf\":{\"@id\":\"https:\/\/meusitejuridico.com.br\/2018\/11\/09\/certo-ou-errado-lei-1-07950-admite-denominada-acao-penal-popular\/\"},\"author\":{\"name\":\"Equipe Meu Site Jur\u00eddico\",\"@id\":\"https:\/\/cdn.meusitejuridico.com.br\/#\/schema\/person\/5c2237ac0c8ff03bcf1a09fe3e45dfce\"},\"headline\":\"Certo ou errado? A Lei 1.079\/50 admite a denominada \u2018a\u00e7\u00e3o penal popular\u2019\",\"datePublished\":\"2018-11-09T10:50:24+00:00\",\"dateModified\":\"2018-11-09T10:50:53+00:00\",\"mainEntityOfPage\":{\"@id\":\"https:\/\/meusitejuridico.com.br\/2018\/11\/09\/certo-ou-errado-lei-1-07950-admite-denominada-acao-penal-popular\/\"},\"wordCount\":194,\"commentCount\":0,\"publisher\":{\"@id\":\"https:\/\/cdn.meusitejuridico.com.br\/#organization\"},\"image\":{\"@id\":\"https:\/\/meusitejuridico.com.br\/2018\/11\/09\/certo-ou-errado-lei-1-07950-admite-denominada-acao-penal-popular\/#primaryimage\"},\"thumbnailUrl\":\"https:\/\/meusitejuridico.com.br\/s.meusitejuridico\/2018\/03\/4584c839-shutterstock-1013395753.jpg\",\"keywords\":[\"a\u00e7\u00e3o penal\",\"crimes de responsabilidade\",\"Lei 1.079\/50\",\"Processo Penal\"],\"articleSection\":[\"Material de aula\",\"Perguntas e Respostas\"],\"inLanguage\":\"pt-BR\",\"potentialAction\":[{\"@type\":\"CommentAction\",\"name\":\"Comment\",\"target\":[\"https:\/\/meusitejuridico.com.br\/2018\/11\/09\/certo-ou-errado-lei-1-07950-admite-denominada-acao-penal-popular\/#respond\"]}]},{\"@type\":\"WebPage\",\"@id\":\"https:\/\/meusitejuridico.com.br\/2018\/11\/09\/certo-ou-errado-lei-1-07950-admite-denominada-acao-penal-popular\/\",\"url\":\"https:\/\/meusitejuridico.com.br\/2018\/11\/09\/certo-ou-errado-lei-1-07950-admite-denominada-acao-penal-popular\/\",\"name\":\"Certo ou errado? A Lei 1.079\/50 admite a denominada \u2018a\u00e7\u00e3o penal popular\u2019 - Meu site jur\u00eddico\",\"isPartOf\":{\"@id\":\"https:\/\/cdn.meusitejuridico.com.br\/#website\"},\"primaryImageOfPage\":{\"@id\":\"https:\/\/meusitejuridico.com.br\/2018\/11\/09\/certo-ou-errado-lei-1-07950-admite-denominada-acao-penal-popular\/#primaryimage\"},\"image\":{\"@id\":\"https:\/\/meusitejuridico.com.br\/2018\/11\/09\/certo-ou-errado-lei-1-07950-admite-denominada-acao-penal-popular\/#primaryimage\"},\"thumbnailUrl\":\"https:\/\/meusitejuridico.com.br\/s.meusitejuridico\/2018\/03\/4584c839-shutterstock-1013395753.jpg\",\"datePublished\":\"2018-11-09T10:50:24+00:00\",\"dateModified\":\"2018-11-09T10:50:53+00:00\",\"breadcrumb\":{\"@id\":\"https:\/\/meusitejuridico.com.br\/2018\/11\/09\/certo-ou-errado-lei-1-07950-admite-denominada-acao-penal-popular\/#breadcrumb\"},\"inLanguage\":\"pt-BR\",\"potentialAction\":[{\"@type\":\"ReadAction\",\"target\":[\"https:\/\/meusitejuridico.com.br\/2018\/11\/09\/certo-ou-errado-lei-1-07950-admite-denominada-acao-penal-popular\/\"]}]},{\"@type\":\"ImageObject\",\"inLanguage\":\"pt-BR\",\"@id\":\"https:\/\/meusitejuridico.com.br\/2018\/11\/09\/certo-ou-errado-lei-1-07950-admite-denominada-acao-penal-popular\/#primaryimage\",\"url\":\"https:\/\/meusitejuridico.com.br\/s.meusitejuridico\/2018\/03\/4584c839-shutterstock-1013395753.jpg\",\"contentUrl\":\"https:\/\/meusitejuridico.com.br\/s.meusitejuridico\/2018\/03\/4584c839-shutterstock-1013395753.jpg\",\"width\":1000,\"height\":790},{\"@type\":\"BreadcrumbList\",\"@id\":\"https:\/\/meusitejuridico.com.br\/2018\/11\/09\/certo-ou-errado-lei-1-07950-admite-denominada-acao-penal-popular\/#breadcrumb\",\"itemListElement\":[{\"@type\":\"ListItem\",\"position\":1,\"name\":\"In\u00edcio\",\"item\":\"https:\/\/cdn.meusitejuridico.com.br\/\"},{\"@type\":\"ListItem\",\"position\":2,\"name\":\"Certo ou errado? A Lei 1.079\/50 admite a denominada \u2018a\u00e7\u00e3o penal popular\u2019\"}]},{\"@type\":\"WebSite\",\"@id\":\"https:\/\/cdn.meusitejuridico.com.br\/#website\",\"url\":\"https:\/\/cdn.meusitejuridico.com.br\/\",\"name\":\"Meu site jur\u00eddico\",\"description\":\"Meu site jur\u00eddico\",\"publisher\":{\"@id\":\"https:\/\/cdn.meusitejuridico.com.br\/#organization\"},\"potentialAction\":[{\"@type\":\"SearchAction\",\"target\":{\"@type\":\"EntryPoint\",\"urlTemplate\":\"https:\/\/cdn.meusitejuridico.com.br\/?s={search_term_string}\"},\"query-input\":{\"@type\":\"PropertyValueSpecification\",\"valueRequired\":true,\"valueName\":\"search_term_string\"}}],\"inLanguage\":\"pt-BR\"},{\"@type\":\"Organization\",\"@id\":\"https:\/\/cdn.meusitejuridico.com.br\/#organization\",\"name\":\"Meu site jur\u00eddico\",\"url\":\"https:\/\/cdn.meusitejuridico.com.br\/\",\"logo\":{\"@type\":\"ImageObject\",\"inLanguage\":\"pt-BR\",\"@id\":\"https:\/\/cdn.meusitejuridico.com.br\/#\/schema\/logo\/image\/\",\"url\":\"https:\/\/meusitejuridico.com.br\/s.meusitejuridico\/2022\/03\/cropped-baeec2a3-msj-02-01-01.png\",\"contentUrl\":\"https:\/\/meusitejuridico.com.br\/s.meusitejuridico\/2022\/03\/cropped-baeec2a3-msj-02-01-01.png\",\"width\":349,\"height\":243,\"caption\":\"Meu site jur\u00eddico\"},\"image\":{\"@id\":\"https:\/\/cdn.meusitejuridico.com.br\/#\/schema\/logo\/image\/\"}},{\"@type\":\"Person\",\"@id\":\"https:\/\/cdn.meusitejuridico.com.br\/#\/schema\/person\/5c2237ac0c8ff03bcf1a09fe3e45dfce\",\"name\":\"Equipe Meu Site Jur\u00eddico\",\"image\":{\"@type\":\"ImageObject\",\"inLanguage\":\"pt-BR\",\"@id\":\"https:\/\/cdn.meusitejuridico.com.br\/#\/schema\/person\/image\/\",\"url\":\"https:\/\/meusitejuridico.com.br\/s.meusitejuridico\/2020\/07\/6be289aa-logo-msj.png\",\"contentUrl\":\"https:\/\/meusitejuridico.com.br\/s.meusitejuridico\/2020\/07\/6be289aa-logo-msj.png\",\"caption\":\"Equipe Meu Site Jur\u00eddico\"},\"description\":\"Contem conosco!\",\"url\":\"https:\/\/meusitejuridico.com.br\/author\/equipe-meu-site-juridico\/\"}]}<\/script>\n<!-- \/ Yoast SEO plugin. -->","yoast_head_json":{"title":"Certo ou errado? A Lei 1.079\/50 admite a denominada \u2018a\u00e7\u00e3o penal popular\u2019 - Meu site jur\u00eddico","robots":{"index":"index","follow":"follow","max-snippet":"max-snippet:-1","max-image-preview":"max-image-preview:large","max-video-preview":"max-video-preview:-1"},"canonical":"https:\/\/meusitejuridico.com.br\/2018\/11\/09\/certo-ou-errado-lei-1-07950-admite-denominada-acao-penal-popular\/","og_locale":"pt_BR","og_type":"article","og_title":"Certo ou errado? A Lei 1.079\/50 admite a denominada \u2018a\u00e7\u00e3o penal popular\u2019 - Meu site jur\u00eddico","og_description":"ERRADO Cogitou-se da possibilidade de qualquer do povo ajuizar a\u00e7\u00e3o penal com base na Lei n\u00b0 1.079\/1950, que define os crimes de responsabilidade e regula o respectivo processo de julgamento. Com efeito, nos termos do art. 14 deste diploma, \u201c\u00e9 permitido a qualquer cidad\u00e3o denunciar o Presidente da Rep\u00fablica ou Ministro de Estado, por crime [&hellip;]","og_url":"https:\/\/meusitejuridico.com.br\/2018\/11\/09\/certo-ou-errado-lei-1-07950-admite-denominada-acao-penal-popular\/","og_site_name":"Meu site jur\u00eddico","article_published_time":"2018-11-09T10:50:24+00:00","article_modified_time":"2018-11-09T10:50:53+00:00","og_image":[{"width":1000,"height":790,"url":"https:\/\/meusitejuridico.com.br\/s.meusitejuridico\/2018\/03\/4584c839-shutterstock-1013395753.jpg","type":"image\/jpeg"}],"author":"Equipe Meu Site Jur\u00eddico","twitter_card":"summary_large_image","twitter_misc":{"Escrito por":"Equipe Meu Site Jur\u00eddico","Est. tempo de leitura":"1 minuto"},"schema":{"@context":"https:\/\/schema.org","@graph":[{"@type":"Article","@id":"https:\/\/meusitejuridico.com.br\/2018\/11\/09\/certo-ou-errado-lei-1-07950-admite-denominada-acao-penal-popular\/#article","isPartOf":{"@id":"https:\/\/meusitejuridico.com.br\/2018\/11\/09\/certo-ou-errado-lei-1-07950-admite-denominada-acao-penal-popular\/"},"author":{"name":"Equipe Meu Site Jur\u00eddico","@id":"https:\/\/cdn.meusitejuridico.com.br\/#\/schema\/person\/5c2237ac0c8ff03bcf1a09fe3e45dfce"},"headline":"Certo ou errado? A Lei 1.079\/50 admite a denominada \u2018a\u00e7\u00e3o penal popular\u2019","datePublished":"2018-11-09T10:50:24+00:00","dateModified":"2018-11-09T10:50:53+00:00","mainEntityOfPage":{"@id":"https:\/\/meusitejuridico.com.br\/2018\/11\/09\/certo-ou-errado-lei-1-07950-admite-denominada-acao-penal-popular\/"},"wordCount":194,"commentCount":0,"publisher":{"@id":"https:\/\/cdn.meusitejuridico.com.br\/#organization"},"image":{"@id":"https:\/\/meusitejuridico.com.br\/2018\/11\/09\/certo-ou-errado-lei-1-07950-admite-denominada-acao-penal-popular\/#primaryimage"},"thumbnailUrl":"https:\/\/meusitejuridico.com.br\/s.meusitejuridico\/2018\/03\/4584c839-shutterstock-1013395753.jpg","keywords":["a\u00e7\u00e3o penal","crimes de responsabilidade","Lei 1.079\/50","Processo Penal"],"articleSection":["Material de aula","Perguntas e Respostas"],"inLanguage":"pt-BR","potentialAction":[{"@type":"CommentAction","name":"Comment","target":["https:\/\/meusitejuridico.com.br\/2018\/11\/09\/certo-ou-errado-lei-1-07950-admite-denominada-acao-penal-popular\/#respond"]}]},{"@type":"WebPage","@id":"https:\/\/meusitejuridico.com.br\/2018\/11\/09\/certo-ou-errado-lei-1-07950-admite-denominada-acao-penal-popular\/","url":"https:\/\/meusitejuridico.com.br\/2018\/11\/09\/certo-ou-errado-lei-1-07950-admite-denominada-acao-penal-popular\/","name":"Certo ou errado? A Lei 1.079\/50 admite a denominada \u2018a\u00e7\u00e3o penal popular\u2019 - Meu site jur\u00eddico","isPartOf":{"@id":"https:\/\/cdn.meusitejuridico.com.br\/#website"},"primaryImageOfPage":{"@id":"https:\/\/meusitejuridico.com.br\/2018\/11\/09\/certo-ou-errado-lei-1-07950-admite-denominada-acao-penal-popular\/#primaryimage"},"image":{"@id":"https:\/\/meusitejuridico.com.br\/2018\/11\/09\/certo-ou-errado-lei-1-07950-admite-denominada-acao-penal-popular\/#primaryimage"},"thumbnailUrl":"https:\/\/meusitejuridico.com.br\/s.meusitejuridico\/2018\/03\/4584c839-shutterstock-1013395753.jpg","datePublished":"2018-11-09T10:50:24+00:00","dateModified":"2018-11-09T10:50:53+00:00","breadcrumb":{"@id":"https:\/\/meusitejuridico.com.br\/2018\/11\/09\/certo-ou-errado-lei-1-07950-admite-denominada-acao-penal-popular\/#breadcrumb"},"inLanguage":"pt-BR","potentialAction":[{"@type":"ReadAction","target":["https:\/\/meusitejuridico.com.br\/2018\/11\/09\/certo-ou-errado-lei-1-07950-admite-denominada-acao-penal-popular\/"]}]},{"@type":"ImageObject","inLanguage":"pt-BR","@id":"https:\/\/meusitejuridico.com.br\/2018\/11\/09\/certo-ou-errado-lei-1-07950-admite-denominada-acao-penal-popular\/#primaryimage","url":"https:\/\/meusitejuridico.com.br\/s.meusitejuridico\/2018\/03\/4584c839-shutterstock-1013395753.jpg","contentUrl":"https:\/\/meusitejuridico.com.br\/s.meusitejuridico\/2018\/03\/4584c839-shutterstock-1013395753.jpg","width":1000,"height":790},{"@type":"BreadcrumbList","@id":"https:\/\/meusitejuridico.com.br\/2018\/11\/09\/certo-ou-errado-lei-1-07950-admite-denominada-acao-penal-popular\/#breadcrumb","itemListElement":[{"@type":"ListItem","position":1,"name":"In\u00edcio","item":"https:\/\/cdn.meusitejuridico.com.br\/"},{"@type":"ListItem","position":2,"name":"Certo ou errado? A Lei 1.079\/50 admite a denominada \u2018a\u00e7\u00e3o penal popular\u2019"}]},{"@type":"WebSite","@id":"https:\/\/cdn.meusitejuridico.com.br\/#website","url":"https:\/\/cdn.meusitejuridico.com.br\/","name":"Meu site jur\u00eddico","description":"Meu site jur\u00eddico","publisher":{"@id":"https:\/\/cdn.meusitejuridico.com.br\/#organization"},"potentialAction":[{"@type":"SearchAction","target":{"@type":"EntryPoint","urlTemplate":"https:\/\/cdn.meusitejuridico.com.br\/?s={search_term_string}"},"query-input":{"@type":"PropertyValueSpecification","valueRequired":true,"valueName":"search_term_string"}}],"inLanguage":"pt-BR"},{"@type":"Organization","@id":"https:\/\/cdn.meusitejuridico.com.br\/#organization","name":"Meu site jur\u00eddico","url":"https:\/\/cdn.meusitejuridico.com.br\/","logo":{"@type":"ImageObject","inLanguage":"pt-BR","@id":"https:\/\/cdn.meusitejuridico.com.br\/#\/schema\/logo\/image\/","url":"https:\/\/meusitejuridico.com.br\/s.meusitejuridico\/2022\/03\/cropped-baeec2a3-msj-02-01-01.png","contentUrl":"https:\/\/meusitejuridico.com.br\/s.meusitejuridico\/2022\/03\/cropped-baeec2a3-msj-02-01-01.png","width":349,"height":243,"caption":"Meu site jur\u00eddico"},"image":{"@id":"https:\/\/cdn.meusitejuridico.com.br\/#\/schema\/logo\/image\/"}},{"@type":"Person","@id":"https:\/\/cdn.meusitejuridico.com.br\/#\/schema\/person\/5c2237ac0c8ff03bcf1a09fe3e45dfce","name":"Equipe Meu Site Jur\u00eddico","image":{"@type":"ImageObject","inLanguage":"pt-BR","@id":"https:\/\/cdn.meusitejuridico.com.br\/#\/schema\/person\/image\/","url":"https:\/\/meusitejuridico.com.br\/s.meusitejuridico\/2020\/07\/6be289aa-logo-msj.png","contentUrl":"https:\/\/meusitejuridico.com.br\/s.meusitejuridico\/2020\/07\/6be289aa-logo-msj.png","caption":"Equipe Meu Site Jur\u00eddico"},"description":"Contem conosco!","url":"https:\/\/meusitejuridico.com.br\/author\/equipe-meu-site-juridico\/"}]}},"_links":{"self":[{"href":"https:\/\/meusitejuridico.com.br\/api\/wp\/v2\/posts\/6763","targetHints":{"allow":["GET"]}}],"collection":[{"href":"https:\/\/meusitejuridico.com.br\/api\/wp\/v2\/posts"}],"about":[{"href":"https:\/\/meusitejuridico.com.br\/api\/wp\/v2\/types\/post"}],"author":[{"embeddable":true,"href":"https:\/\/meusitejuridico.com.br\/api\/wp\/v2\/users\/7"}],"replies":[{"embeddable":true,"href":"https:\/\/meusitejuridico.com.br\/api\/wp\/v2\/comments?post=6763"}],"version-history":[{"count":2,"href":"https:\/\/meusitejuridico.com.br\/api\/wp\/v2\/posts\/6763\/revisions"}],"predecessor-version":[{"id":6766,"href":"https:\/\/meusitejuridico.com.br\/api\/wp\/v2\/posts\/6763\/revisions\/6766"}],"wp:featuredmedia":[{"embeddable":true,"href":"https:\/\/meusitejuridico.com.br\/api\/wp\/v2\/media\/4886"}],"wp:attachment":[{"href":"https:\/\/meusitejuridico.com.br\/api\/wp\/v2\/media?parent=6763"}],"wp:term":[{"taxonomy":"category","embeddable":true,"href":"https:\/\/meusitejuridico.com.br\/api\/wp\/v2\/categories?post=6763"},{"taxonomy":"post_tag","embeddable":true,"href":"https:\/\/meusitejuridico.com.br\/api\/wp\/v2\/tags?post=6763"}],"curies":[{"name":"wp","href":"https:\/\/api.w.org\/{rel}","templated":true}]}}