{"id":7160,"date":"2018-12-30T08:30:54","date_gmt":"2018-12-30T10:30:54","guid":{"rendered":"https:\/\/meusitejuridico.editorajuspodivm.com.br\/?p=7160"},"modified":"2018-12-29T08:54:00","modified_gmt":"2018-12-29T10:54:00","slug":"certo-ou-errado-o-prazo-da-prescricao-da-pretensao-executoria-se-inicia-no-dia-transito-em-julgado-para-acusacao","status":"publish","type":"post","link":"https:\/\/meusitejuridico.com.br\/2018\/12\/30\/certo-ou-errado-o-prazo-da-prescricao-da-pretensao-executoria-se-inicia-no-dia-transito-em-julgado-para-acusacao\/","title":{"rendered":"Certo ou errado? O prazo da prescri\u00e7\u00e3o da pretens\u00e3o execut\u00f3ria se inicia no dia do tr\u00e2nsito em julgado para a acusa\u00e7\u00e3o"},"content":{"rendered":"<p><strong>CERTO<\/strong><\/p>\n<p>O art. 112, inciso I, do C\u00f3digo Penal disp\u00f5e que a prescri\u00e7\u00e3o da pretens\u00e3o execut\u00f3ria come\u00e7a a correr do dia em que transita em julgado a senten\u00e7a condenat\u00f3ria para a acusa\u00e7\u00e3o ou a que revoga a suspens\u00e3o condicional da pena ou o livramento condicional. Note-se que, de forma surpreendente, a 5\u00aa Turma do STJ chegou a decidir, contrariamente \u00e0 reda\u00e7\u00e3o do art. 112, I, que o termo inicial da contagem do prazo prescricional da pretens\u00e3o execut\u00f3ria era o tr\u00e2nsito em julgado para ambas as partes, porquanto somente neste momento \u00e9 que surge o t\u00edtulo penal pass\u00edvel de ser executado pelo Estado. Desta forma, n\u00e3o h\u00e1 como se falar em in\u00edcio da prescri\u00e7\u00e3o a partir do tr\u00e2nsito em julgado para a acusa\u00e7\u00e3o, tendo em vista a impossibilidade de se dar in\u00edcio \u00e0 execu\u00e7\u00e3o da pena, j\u00e1 que ainda n\u00e3o haveria uma condena\u00e7\u00e3o definitiva, em respeito ao disposto no artigo 5\u00ba, inciso LVII, da Constitui\u00e7\u00e3o Federal (HC 137.924\/SP).<\/p>\n<p>Ressalte-se, no entanto, que esta decis\u00e3o, que se orienta pela impossibilidade de execu\u00e7\u00e3o da pena antes do tr\u00e2nsito em julgado, perdeu fundamento diante do resultado dos julgamentos proferidos pelo STF no HC 126.292 e nas ADC 43 e 44, nos quais o tribunal, modificando orienta\u00e7\u00e3o antes firmada, considerou poss\u00edvel o in\u00edcio da execu\u00e7\u00e3o da pena ap\u00f3s o recurso em segunda inst\u00e2ncia. As decis\u00f5es mais recentes do STJ j\u00e1 t\u00eam isso em considera\u00e7\u00e3o (AgRg no RHC 100.842\/SP, 5\u00aa Turma, j. 25\/09\/2018; EDcl no AgRg no HC 452.876\/SP, 6\u00aa Turma, j. 08\/11\/2018).<\/p>\n<p><a href=\"https:\/\/play.google.com\/store\/apps\/details?id=com.app.meuappjuridico&amp;hl=pt\" target=\"_blank\" rel=\"noopener\"><img decoding=\"async\" class=\"alignnone wp-image-4610 size-medium\" src=\"https:\/\/s3.meusitejuridico.com.br\/2018\/02\/3cdb1249-banner-app-300x166.jpeg\" alt=\"\" width=\"300\" height=\"166\" srcset=\"https:\/\/meusitejuridico.com.br\/s.meusitejuridico\/2018\/02\/3cdb1249-banner-app-300x166.jpeg 300w, https:\/\/meusitejuridico.com.br\/s.meusitejuridico\/2018\/02\/3cdb1249-banner-app-768x424.jpeg 768w, https:\/\/meusitejuridico.com.br\/s.meusitejuridico\/2018\/02\/3cdb1249-banner-app-1024x566.jpeg 1024w, https:\/\/meusitejuridico.com.br\/s.meusitejuridico\/2018\/02\/3cdb1249-banner-app-80x44.jpeg 80w, https:\/\/meusitejuridico.com.br\/s.meusitejuridico\/2018\/02\/3cdb1249-banner-app.jpeg 1140w\" sizes=\"(max-width: 300px) 100vw, 300px\" \/><\/a><\/p>\n<p>Material extra\u00eddo da obra <a href=\"https:\/\/www.editorajuspodivm.com.br\/revisaco-direito-penal-2209-questoes-comentadas-alternativa-por-alternativa-2018\" target=\"_blank\" rel=\"noopener\">Revisa\u00e7o Direito Penal<\/a><\/p>\n","protected":false},"excerpt":{"rendered":"<p>CERTO O art. 112, inciso I, do C\u00f3digo Penal disp\u00f5e que a prescri\u00e7\u00e3o da pretens\u00e3o execut\u00f3ria come\u00e7a a correr do dia em que transita em julgado a senten\u00e7a condenat\u00f3ria para a acusa\u00e7\u00e3o ou a que revoga a suspens\u00e3o condicional da pena ou o livramento condicional. Note-se que, de forma surpreendente, a 5\u00aa Turma do STJ [&hellip;]<\/p>\n","protected":false},"author":7,"featured_media":2880,"comment_status":"open","ping_status":"open","sticky":false,"template":"","format":"standard","meta":{"_acf_changed":false,"footnotes":""},"categories":[78,437],"tags":[2305,107,2304,111,312],"class_list":["post-7160","post","type-post","status-publish","format-standard","has-post-thumbnail","hentry","category-material-de-aula","category-perguntas-e-respostas","tag-art-112-cp","tag-direito-penal","tag-executoria","tag-prescricao","tag-transito-em-julgado"],"acf":[],"yoast_head":"<!-- This site is optimized with the Yoast SEO plugin v24.8.1 - https:\/\/yoast.com\/wordpress\/plugins\/seo\/ -->\n<title>Certo ou errado? O prazo da prescri\u00e7\u00e3o da pretens\u00e3o execut\u00f3ria se inicia no dia do tr\u00e2nsito em julgado para a acusa\u00e7\u00e3o - Meu site jur\u00eddico<\/title>\n<meta name=\"robots\" content=\"index, follow, max-snippet:-1, max-image-preview:large, max-video-preview:-1\" \/>\n<link rel=\"canonical\" href=\"https:\/\/meusitejuridico.editorajuspodivm.com.br\/2018\/12\/30\/certo-ou-errado-o-prazo-da-prescricao-da-pretensao-executoria-se-inicia-no-dia-transito-em-julgado-para-acusacao\/\" \/>\n<meta property=\"og:locale\" content=\"pt_BR\" \/>\n<meta property=\"og:type\" content=\"article\" \/>\n<meta property=\"og:title\" content=\"Certo ou errado? O prazo da prescri\u00e7\u00e3o da pretens\u00e3o execut\u00f3ria se inicia no dia do tr\u00e2nsito em julgado para a acusa\u00e7\u00e3o - Meu site jur\u00eddico\" \/>\n<meta property=\"og:description\" content=\"CERTO O art. 112, inciso I, do C\u00f3digo Penal disp\u00f5e que a prescri\u00e7\u00e3o da pretens\u00e3o execut\u00f3ria come\u00e7a a correr do dia em que transita em julgado a senten\u00e7a condenat\u00f3ria para a acusa\u00e7\u00e3o ou a que revoga a suspens\u00e3o condicional da pena ou o livramento condicional. Note-se que, de forma surpreendente, a 5\u00aa Turma do STJ [&hellip;]\" \/>\n<meta property=\"og:url\" content=\"https:\/\/meusitejuridico.editorajuspodivm.com.br\/2018\/12\/30\/certo-ou-errado-o-prazo-da-prescricao-da-pretensao-executoria-se-inicia-no-dia-transito-em-julgado-para-acusacao\/\" \/>\n<meta property=\"og:site_name\" content=\"Meu site jur\u00eddico\" \/>\n<meta property=\"article:published_time\" content=\"2018-12-30T10:30:54+00:00\" \/>\n<meta property=\"og:image\" content=\"https:\/\/meusitejuridico.editorajuspodivm.com.br\/s.meusitejuridico\/2017\/06\/307eaf3a-shutterstock-93860590.jpg\" \/>\n\t<meta property=\"og:image:width\" content=\"5616\" \/>\n\t<meta property=\"og:image:height\" content=\"3744\" \/>\n\t<meta property=\"og:image:type\" content=\"image\/jpeg\" \/>\n<meta name=\"author\" content=\"Equipe Meu Site Jur\u00eddico\" \/>\n<meta name=\"twitter:card\" content=\"summary_large_image\" \/>\n<meta name=\"twitter:label1\" content=\"Escrito por\" \/>\n\t<meta name=\"twitter:data1\" content=\"Equipe Meu Site Jur\u00eddico\" \/>\n\t<meta name=\"twitter:label2\" content=\"Est. tempo de leitura\" \/>\n\t<meta name=\"twitter:data2\" content=\"1 minuto\" \/>\n<script type=\"application\/ld+json\" class=\"yoast-schema-graph\">{\"@context\":\"https:\/\/schema.org\",\"@graph\":[{\"@type\":\"Article\",\"@id\":\"https:\/\/meusitejuridico.editorajuspodivm.com.br\/2018\/12\/30\/certo-ou-errado-o-prazo-da-prescricao-da-pretensao-executoria-se-inicia-no-dia-transito-em-julgado-para-acusacao\/#article\",\"isPartOf\":{\"@id\":\"https:\/\/meusitejuridico.editorajuspodivm.com.br\/2018\/12\/30\/certo-ou-errado-o-prazo-da-prescricao-da-pretensao-executoria-se-inicia-no-dia-transito-em-julgado-para-acusacao\/\"},\"author\":{\"name\":\"Equipe Meu Site Jur\u00eddico\",\"@id\":\"https:\/\/cdn.meusitejuridico.com.br\/#\/schema\/person\/5c2237ac0c8ff03bcf1a09fe3e45dfce\"},\"headline\":\"Certo ou errado? O prazo da prescri\u00e7\u00e3o da pretens\u00e3o execut\u00f3ria se inicia no dia do tr\u00e2nsito em julgado para a acusa\u00e7\u00e3o\",\"datePublished\":\"2018-12-30T10:30:54+00:00\",\"mainEntityOfPage\":{\"@id\":\"https:\/\/meusitejuridico.editorajuspodivm.com.br\/2018\/12\/30\/certo-ou-errado-o-prazo-da-prescricao-da-pretensao-executoria-se-inicia-no-dia-transito-em-julgado-para-acusacao\/\"},\"wordCount\":306,\"commentCount\":0,\"publisher\":{\"@id\":\"https:\/\/cdn.meusitejuridico.com.br\/#organization\"},\"image\":{\"@id\":\"https:\/\/meusitejuridico.editorajuspodivm.com.br\/2018\/12\/30\/certo-ou-errado-o-prazo-da-prescricao-da-pretensao-executoria-se-inicia-no-dia-transito-em-julgado-para-acusacao\/#primaryimage\"},\"thumbnailUrl\":\"https:\/\/meusitejuridico.com.br\/s.meusitejuridico\/2017\/06\/307eaf3a-shutterstock-93860590.jpg\",\"keywords\":[\"art. 112 CP\",\"Direito Penal\",\"execut\u00f3ria\",\"Prescri\u00e7\u00e3o\",\"tr\u00e2nsito em julgado\"],\"articleSection\":[\"Material de aula\",\"Perguntas e Respostas\"],\"inLanguage\":\"pt-BR\",\"potentialAction\":[{\"@type\":\"CommentAction\",\"name\":\"Comment\",\"target\":[\"https:\/\/meusitejuridico.editorajuspodivm.com.br\/2018\/12\/30\/certo-ou-errado-o-prazo-da-prescricao-da-pretensao-executoria-se-inicia-no-dia-transito-em-julgado-para-acusacao\/#respond\"]}]},{\"@type\":\"WebPage\",\"@id\":\"https:\/\/meusitejuridico.editorajuspodivm.com.br\/2018\/12\/30\/certo-ou-errado-o-prazo-da-prescricao-da-pretensao-executoria-se-inicia-no-dia-transito-em-julgado-para-acusacao\/\",\"url\":\"https:\/\/meusitejuridico.editorajuspodivm.com.br\/2018\/12\/30\/certo-ou-errado-o-prazo-da-prescricao-da-pretensao-executoria-se-inicia-no-dia-transito-em-julgado-para-acusacao\/\",\"name\":\"Certo ou errado? O prazo da prescri\u00e7\u00e3o da pretens\u00e3o execut\u00f3ria se inicia no dia do tr\u00e2nsito em julgado para a acusa\u00e7\u00e3o - Meu site jur\u00eddico\",\"isPartOf\":{\"@id\":\"https:\/\/cdn.meusitejuridico.com.br\/#website\"},\"primaryImageOfPage\":{\"@id\":\"https:\/\/meusitejuridico.editorajuspodivm.com.br\/2018\/12\/30\/certo-ou-errado-o-prazo-da-prescricao-da-pretensao-executoria-se-inicia-no-dia-transito-em-julgado-para-acusacao\/#primaryimage\"},\"image\":{\"@id\":\"https:\/\/meusitejuridico.editorajuspodivm.com.br\/2018\/12\/30\/certo-ou-errado-o-prazo-da-prescricao-da-pretensao-executoria-se-inicia-no-dia-transito-em-julgado-para-acusacao\/#primaryimage\"},\"thumbnailUrl\":\"https:\/\/meusitejuridico.com.br\/s.meusitejuridico\/2017\/06\/307eaf3a-shutterstock-93860590.jpg\",\"datePublished\":\"2018-12-30T10:30:54+00:00\",\"breadcrumb\":{\"@id\":\"https:\/\/meusitejuridico.editorajuspodivm.com.br\/2018\/12\/30\/certo-ou-errado-o-prazo-da-prescricao-da-pretensao-executoria-se-inicia-no-dia-transito-em-julgado-para-acusacao\/#breadcrumb\"},\"inLanguage\":\"pt-BR\",\"potentialAction\":[{\"@type\":\"ReadAction\",\"target\":[\"https:\/\/meusitejuridico.editorajuspodivm.com.br\/2018\/12\/30\/certo-ou-errado-o-prazo-da-prescricao-da-pretensao-executoria-se-inicia-no-dia-transito-em-julgado-para-acusacao\/\"]}]},{\"@type\":\"ImageObject\",\"inLanguage\":\"pt-BR\",\"@id\":\"https:\/\/meusitejuridico.editorajuspodivm.com.br\/2018\/12\/30\/certo-ou-errado-o-prazo-da-prescricao-da-pretensao-executoria-se-inicia-no-dia-transito-em-julgado-para-acusacao\/#primaryimage\",\"url\":\"https:\/\/meusitejuridico.com.br\/s.meusitejuridico\/2017\/06\/307eaf3a-shutterstock-93860590.jpg\",\"contentUrl\":\"https:\/\/meusitejuridico.com.br\/s.meusitejuridico\/2017\/06\/307eaf3a-shutterstock-93860590.jpg\",\"width\":5616,\"height\":3744},{\"@type\":\"BreadcrumbList\",\"@id\":\"https:\/\/meusitejuridico.editorajuspodivm.com.br\/2018\/12\/30\/certo-ou-errado-o-prazo-da-prescricao-da-pretensao-executoria-se-inicia-no-dia-transito-em-julgado-para-acusacao\/#breadcrumb\",\"itemListElement\":[{\"@type\":\"ListItem\",\"position\":1,\"name\":\"In\u00edcio\",\"item\":\"https:\/\/cdn.meusitejuridico.com.br\/\"},{\"@type\":\"ListItem\",\"position\":2,\"name\":\"Certo ou errado? O prazo da prescri\u00e7\u00e3o da pretens\u00e3o execut\u00f3ria se inicia no dia do tr\u00e2nsito em julgado para a acusa\u00e7\u00e3o\"}]},{\"@type\":\"WebSite\",\"@id\":\"https:\/\/cdn.meusitejuridico.com.br\/#website\",\"url\":\"https:\/\/cdn.meusitejuridico.com.br\/\",\"name\":\"Meu site jur\u00eddico\",\"description\":\"Meu site jur\u00eddico\",\"publisher\":{\"@id\":\"https:\/\/cdn.meusitejuridico.com.br\/#organization\"},\"potentialAction\":[{\"@type\":\"SearchAction\",\"target\":{\"@type\":\"EntryPoint\",\"urlTemplate\":\"https:\/\/cdn.meusitejuridico.com.br\/?s={search_term_string}\"},\"query-input\":{\"@type\":\"PropertyValueSpecification\",\"valueRequired\":true,\"valueName\":\"search_term_string\"}}],\"inLanguage\":\"pt-BR\"},{\"@type\":\"Organization\",\"@id\":\"https:\/\/cdn.meusitejuridico.com.br\/#organization\",\"name\":\"Meu site jur\u00eddico\",\"url\":\"https:\/\/cdn.meusitejuridico.com.br\/\",\"logo\":{\"@type\":\"ImageObject\",\"inLanguage\":\"pt-BR\",\"@id\":\"https:\/\/cdn.meusitejuridico.com.br\/#\/schema\/logo\/image\/\",\"url\":\"https:\/\/meusitejuridico.com.br\/s.meusitejuridico\/2022\/03\/cropped-baeec2a3-msj-02-01-01.png\",\"contentUrl\":\"https:\/\/meusitejuridico.com.br\/s.meusitejuridico\/2022\/03\/cropped-baeec2a3-msj-02-01-01.png\",\"width\":349,\"height\":243,\"caption\":\"Meu site jur\u00eddico\"},\"image\":{\"@id\":\"https:\/\/cdn.meusitejuridico.com.br\/#\/schema\/logo\/image\/\"}},{\"@type\":\"Person\",\"@id\":\"https:\/\/cdn.meusitejuridico.com.br\/#\/schema\/person\/5c2237ac0c8ff03bcf1a09fe3e45dfce\",\"name\":\"Equipe Meu Site Jur\u00eddico\",\"image\":{\"@type\":\"ImageObject\",\"inLanguage\":\"pt-BR\",\"@id\":\"https:\/\/cdn.meusitejuridico.com.br\/#\/schema\/person\/image\/\",\"url\":\"https:\/\/meusitejuridico.com.br\/s.meusitejuridico\/2020\/07\/6be289aa-logo-msj.png\",\"contentUrl\":\"https:\/\/meusitejuridico.com.br\/s.meusitejuridico\/2020\/07\/6be289aa-logo-msj.png\",\"caption\":\"Equipe Meu Site Jur\u00eddico\"},\"description\":\"Contem conosco!\",\"url\":\"https:\/\/meusitejuridico.com.br\/author\/equipe-meu-site-juridico\/\"}]}<\/script>\n<!-- \/ Yoast SEO plugin. -->","yoast_head_json":{"title":"Certo ou errado? O prazo da prescri\u00e7\u00e3o da pretens\u00e3o execut\u00f3ria se inicia no dia do tr\u00e2nsito em julgado para a acusa\u00e7\u00e3o - Meu site jur\u00eddico","robots":{"index":"index","follow":"follow","max-snippet":"max-snippet:-1","max-image-preview":"max-image-preview:large","max-video-preview":"max-video-preview:-1"},"canonical":"https:\/\/meusitejuridico.editorajuspodivm.com.br\/2018\/12\/30\/certo-ou-errado-o-prazo-da-prescricao-da-pretensao-executoria-se-inicia-no-dia-transito-em-julgado-para-acusacao\/","og_locale":"pt_BR","og_type":"article","og_title":"Certo ou errado? O prazo da prescri\u00e7\u00e3o da pretens\u00e3o execut\u00f3ria se inicia no dia do tr\u00e2nsito em julgado para a acusa\u00e7\u00e3o - Meu site jur\u00eddico","og_description":"CERTO O art. 112, inciso I, do C\u00f3digo Penal disp\u00f5e que a prescri\u00e7\u00e3o da pretens\u00e3o execut\u00f3ria come\u00e7a a correr do dia em que transita em julgado a senten\u00e7a condenat\u00f3ria para a acusa\u00e7\u00e3o ou a que revoga a suspens\u00e3o condicional da pena ou o livramento condicional. Note-se que, de forma surpreendente, a 5\u00aa Turma do STJ [&hellip;]","og_url":"https:\/\/meusitejuridico.editorajuspodivm.com.br\/2018\/12\/30\/certo-ou-errado-o-prazo-da-prescricao-da-pretensao-executoria-se-inicia-no-dia-transito-em-julgado-para-acusacao\/","og_site_name":"Meu site jur\u00eddico","article_published_time":"2018-12-30T10:30:54+00:00","og_image":[{"width":5616,"height":3744,"url":"https:\/\/meusitejuridico.editorajuspodivm.com.br\/s.meusitejuridico\/2017\/06\/307eaf3a-shutterstock-93860590.jpg","type":"image\/jpeg"}],"author":"Equipe Meu Site Jur\u00eddico","twitter_card":"summary_large_image","twitter_misc":{"Escrito por":"Equipe Meu Site Jur\u00eddico","Est. tempo de leitura":"1 minuto"},"schema":{"@context":"https:\/\/schema.org","@graph":[{"@type":"Article","@id":"https:\/\/meusitejuridico.editorajuspodivm.com.br\/2018\/12\/30\/certo-ou-errado-o-prazo-da-prescricao-da-pretensao-executoria-se-inicia-no-dia-transito-em-julgado-para-acusacao\/#article","isPartOf":{"@id":"https:\/\/meusitejuridico.editorajuspodivm.com.br\/2018\/12\/30\/certo-ou-errado-o-prazo-da-prescricao-da-pretensao-executoria-se-inicia-no-dia-transito-em-julgado-para-acusacao\/"},"author":{"name":"Equipe Meu Site Jur\u00eddico","@id":"https:\/\/cdn.meusitejuridico.com.br\/#\/schema\/person\/5c2237ac0c8ff03bcf1a09fe3e45dfce"},"headline":"Certo ou errado? O prazo da prescri\u00e7\u00e3o da pretens\u00e3o execut\u00f3ria se inicia no dia do tr\u00e2nsito em julgado para a acusa\u00e7\u00e3o","datePublished":"2018-12-30T10:30:54+00:00","mainEntityOfPage":{"@id":"https:\/\/meusitejuridico.editorajuspodivm.com.br\/2018\/12\/30\/certo-ou-errado-o-prazo-da-prescricao-da-pretensao-executoria-se-inicia-no-dia-transito-em-julgado-para-acusacao\/"},"wordCount":306,"commentCount":0,"publisher":{"@id":"https:\/\/cdn.meusitejuridico.com.br\/#organization"},"image":{"@id":"https:\/\/meusitejuridico.editorajuspodivm.com.br\/2018\/12\/30\/certo-ou-errado-o-prazo-da-prescricao-da-pretensao-executoria-se-inicia-no-dia-transito-em-julgado-para-acusacao\/#primaryimage"},"thumbnailUrl":"https:\/\/meusitejuridico.com.br\/s.meusitejuridico\/2017\/06\/307eaf3a-shutterstock-93860590.jpg","keywords":["art. 112 CP","Direito Penal","execut\u00f3ria","Prescri\u00e7\u00e3o","tr\u00e2nsito em julgado"],"articleSection":["Material de aula","Perguntas e Respostas"],"inLanguage":"pt-BR","potentialAction":[{"@type":"CommentAction","name":"Comment","target":["https:\/\/meusitejuridico.editorajuspodivm.com.br\/2018\/12\/30\/certo-ou-errado-o-prazo-da-prescricao-da-pretensao-executoria-se-inicia-no-dia-transito-em-julgado-para-acusacao\/#respond"]}]},{"@type":"WebPage","@id":"https:\/\/meusitejuridico.editorajuspodivm.com.br\/2018\/12\/30\/certo-ou-errado-o-prazo-da-prescricao-da-pretensao-executoria-se-inicia-no-dia-transito-em-julgado-para-acusacao\/","url":"https:\/\/meusitejuridico.editorajuspodivm.com.br\/2018\/12\/30\/certo-ou-errado-o-prazo-da-prescricao-da-pretensao-executoria-se-inicia-no-dia-transito-em-julgado-para-acusacao\/","name":"Certo ou errado? O prazo da prescri\u00e7\u00e3o da pretens\u00e3o execut\u00f3ria se inicia no dia do tr\u00e2nsito em julgado para a acusa\u00e7\u00e3o - Meu site jur\u00eddico","isPartOf":{"@id":"https:\/\/cdn.meusitejuridico.com.br\/#website"},"primaryImageOfPage":{"@id":"https:\/\/meusitejuridico.editorajuspodivm.com.br\/2018\/12\/30\/certo-ou-errado-o-prazo-da-prescricao-da-pretensao-executoria-se-inicia-no-dia-transito-em-julgado-para-acusacao\/#primaryimage"},"image":{"@id":"https:\/\/meusitejuridico.editorajuspodivm.com.br\/2018\/12\/30\/certo-ou-errado-o-prazo-da-prescricao-da-pretensao-executoria-se-inicia-no-dia-transito-em-julgado-para-acusacao\/#primaryimage"},"thumbnailUrl":"https:\/\/meusitejuridico.com.br\/s.meusitejuridico\/2017\/06\/307eaf3a-shutterstock-93860590.jpg","datePublished":"2018-12-30T10:30:54+00:00","breadcrumb":{"@id":"https:\/\/meusitejuridico.editorajuspodivm.com.br\/2018\/12\/30\/certo-ou-errado-o-prazo-da-prescricao-da-pretensao-executoria-se-inicia-no-dia-transito-em-julgado-para-acusacao\/#breadcrumb"},"inLanguage":"pt-BR","potentialAction":[{"@type":"ReadAction","target":["https:\/\/meusitejuridico.editorajuspodivm.com.br\/2018\/12\/30\/certo-ou-errado-o-prazo-da-prescricao-da-pretensao-executoria-se-inicia-no-dia-transito-em-julgado-para-acusacao\/"]}]},{"@type":"ImageObject","inLanguage":"pt-BR","@id":"https:\/\/meusitejuridico.editorajuspodivm.com.br\/2018\/12\/30\/certo-ou-errado-o-prazo-da-prescricao-da-pretensao-executoria-se-inicia-no-dia-transito-em-julgado-para-acusacao\/#primaryimage","url":"https:\/\/meusitejuridico.com.br\/s.meusitejuridico\/2017\/06\/307eaf3a-shutterstock-93860590.jpg","contentUrl":"https:\/\/meusitejuridico.com.br\/s.meusitejuridico\/2017\/06\/307eaf3a-shutterstock-93860590.jpg","width":5616,"height":3744},{"@type":"BreadcrumbList","@id":"https:\/\/meusitejuridico.editorajuspodivm.com.br\/2018\/12\/30\/certo-ou-errado-o-prazo-da-prescricao-da-pretensao-executoria-se-inicia-no-dia-transito-em-julgado-para-acusacao\/#breadcrumb","itemListElement":[{"@type":"ListItem","position":1,"name":"In\u00edcio","item":"https:\/\/cdn.meusitejuridico.com.br\/"},{"@type":"ListItem","position":2,"name":"Certo ou errado? O prazo da prescri\u00e7\u00e3o da pretens\u00e3o execut\u00f3ria se inicia no dia do tr\u00e2nsito em julgado para a acusa\u00e7\u00e3o"}]},{"@type":"WebSite","@id":"https:\/\/cdn.meusitejuridico.com.br\/#website","url":"https:\/\/cdn.meusitejuridico.com.br\/","name":"Meu site jur\u00eddico","description":"Meu site jur\u00eddico","publisher":{"@id":"https:\/\/cdn.meusitejuridico.com.br\/#organization"},"potentialAction":[{"@type":"SearchAction","target":{"@type":"EntryPoint","urlTemplate":"https:\/\/cdn.meusitejuridico.com.br\/?s={search_term_string}"},"query-input":{"@type":"PropertyValueSpecification","valueRequired":true,"valueName":"search_term_string"}}],"inLanguage":"pt-BR"},{"@type":"Organization","@id":"https:\/\/cdn.meusitejuridico.com.br\/#organization","name":"Meu site jur\u00eddico","url":"https:\/\/cdn.meusitejuridico.com.br\/","logo":{"@type":"ImageObject","inLanguage":"pt-BR","@id":"https:\/\/cdn.meusitejuridico.com.br\/#\/schema\/logo\/image\/","url":"https:\/\/meusitejuridico.com.br\/s.meusitejuridico\/2022\/03\/cropped-baeec2a3-msj-02-01-01.png","contentUrl":"https:\/\/meusitejuridico.com.br\/s.meusitejuridico\/2022\/03\/cropped-baeec2a3-msj-02-01-01.png","width":349,"height":243,"caption":"Meu site jur\u00eddico"},"image":{"@id":"https:\/\/cdn.meusitejuridico.com.br\/#\/schema\/logo\/image\/"}},{"@type":"Person","@id":"https:\/\/cdn.meusitejuridico.com.br\/#\/schema\/person\/5c2237ac0c8ff03bcf1a09fe3e45dfce","name":"Equipe Meu Site Jur\u00eddico","image":{"@type":"ImageObject","inLanguage":"pt-BR","@id":"https:\/\/cdn.meusitejuridico.com.br\/#\/schema\/person\/image\/","url":"https:\/\/meusitejuridico.com.br\/s.meusitejuridico\/2020\/07\/6be289aa-logo-msj.png","contentUrl":"https:\/\/meusitejuridico.com.br\/s.meusitejuridico\/2020\/07\/6be289aa-logo-msj.png","caption":"Equipe Meu Site Jur\u00eddico"},"description":"Contem conosco!","url":"https:\/\/meusitejuridico.com.br\/author\/equipe-meu-site-juridico\/"}]}},"_links":{"self":[{"href":"https:\/\/meusitejuridico.com.br\/api\/wp\/v2\/posts\/7160","targetHints":{"allow":["GET"]}}],"collection":[{"href":"https:\/\/meusitejuridico.com.br\/api\/wp\/v2\/posts"}],"about":[{"href":"https:\/\/meusitejuridico.com.br\/api\/wp\/v2\/types\/post"}],"author":[{"embeddable":true,"href":"https:\/\/meusitejuridico.com.br\/api\/wp\/v2\/users\/7"}],"replies":[{"embeddable":true,"href":"https:\/\/meusitejuridico.com.br\/api\/wp\/v2\/comments?post=7160"}],"version-history":[{"count":3,"href":"https:\/\/meusitejuridico.com.br\/api\/wp\/v2\/posts\/7160\/revisions"}],"predecessor-version":[{"id":7163,"href":"https:\/\/meusitejuridico.com.br\/api\/wp\/v2\/posts\/7160\/revisions\/7163"}],"wp:featuredmedia":[{"embeddable":true,"href":"https:\/\/meusitejuridico.com.br\/api\/wp\/v2\/media\/2880"}],"wp:attachment":[{"href":"https:\/\/meusitejuridico.com.br\/api\/wp\/v2\/media?parent=7160"}],"wp:term":[{"taxonomy":"category","embeddable":true,"href":"https:\/\/meusitejuridico.com.br\/api\/wp\/v2\/categories?post=7160"},{"taxonomy":"post_tag","embeddable":true,"href":"https:\/\/meusitejuridico.com.br\/api\/wp\/v2\/tags?post=7160"}],"curies":[{"name":"wp","href":"https:\/\/api.w.org\/{rel}","templated":true}]}}