{"id":8995,"date":"2019-08-21T08:47:04","date_gmt":"2019-08-21T11:47:04","guid":{"rendered":"https:\/\/meusitejuridico.editorajuspodivm.com.br\/?p=8995"},"modified":"2019-08-21T08:47:04","modified_gmt":"2019-08-21T11:47:04","slug":"certo-ou-errado-segundo-o-cpp-no-exame-pericial-por-precatoria-nomeacao-dos-peritos-e-feita-no-juizo-deprecado","status":"publish","type":"post","link":"https:\/\/meusitejuridico.com.br\/2019\/08\/21\/certo-ou-errado-segundo-o-cpp-no-exame-pericial-por-precatoria-nomeacao-dos-peritos-e-feita-no-juizo-deprecado\/","title":{"rendered":"Certo ou errado? Segundo o CPP, no exame pericial por precat\u00f3ria a nomea\u00e7\u00e3o dos peritos \u00e9 feita no ju\u00edzo deprecado"},"content":{"rendered":"<p><strong>CERTO<\/strong><\/p>\n<p>De acordo com o art. 177 do CPP, \u201cNo exame por precat\u00f3ria, a nomea\u00e7\u00e3o dos peritos far-se-\u00e1 no ju\u00edzo deprecado. Havendo, por\u00e9m, no caso de a\u00e7\u00e3o privada, acordo das partes, essa nomea\u00e7\u00e3o poder\u00e1 ser feita pelo juiz deprecante\u201d.<\/p>\n<p>Atende ao bom senso o teor deste dispositivo. Afinal, ser\u00e1 o ju\u00edzo deprecado quem poder\u00e1 melhor nomear os peritos. Se oficial, aquele lotado em \u00f3rg\u00e3os p\u00fablicos pr\u00f3ximos ao ju\u00edzo. E, se n\u00e3o oficiais, os que, segundo conhecimento do juiz, acham-se preparados para realiza\u00e7\u00e3o do trabalho. \u00c9 o que consta, tamb\u00e9m, com todas as letras, do art. 465, inc. III, \u00a7 6\u00ba, C\u00f3digo de Processo Civil. N\u00e3o teria cabimento, com efeito, em um pa\u00eds com as dimens\u00f5es continentais como o nosso, que o ju\u00edzo deprecante de Porto Alegre nomeasse um perito em Manaus. Um dos inconvenientes seria o alto custo do trabalho, tivessem os peritos que realizar esse deslocamento. \u00c9 por isso mesmo que o legislador, para a a\u00e7\u00e3o penal privada, por acordo entre as partes, abre a exce\u00e7\u00e3o quanto \u00e0 possibilidade da nomea\u00e7\u00e3o ser feita pelo ju\u00edzo deprecante, pois, nesse caso, as despesas decorrentes dessa dilig\u00eancia correr\u00e3o por conta dos interessados.<\/p>\n<p><a href=\"https:\/\/play.google.com\/store\/apps\/details?id=com.app.meuappjuridico&amp;hl=pt\" target=\"_blank\" rel=\"noopener\"><img decoding=\"async\" class=\"alignnone wp-image-4610 size-medium\" src=\"https:\/\/s3.meusitejuridico.com.br\/2018\/02\/3cdb1249-banner-app-300x166.jpeg\" alt=\"\" width=\"300\" height=\"166\" srcset=\"https:\/\/meusitejuridico.com.br\/s.meusitejuridico\/2018\/02\/3cdb1249-banner-app-300x166.jpeg 300w, https:\/\/meusitejuridico.com.br\/s.meusitejuridico\/2018\/02\/3cdb1249-banner-app-768x424.jpeg 768w, https:\/\/meusitejuridico.com.br\/s.meusitejuridico\/2018\/02\/3cdb1249-banner-app-1024x566.jpeg 1024w, https:\/\/meusitejuridico.com.br\/s.meusitejuridico\/2018\/02\/3cdb1249-banner-app-80x44.jpeg 80w, https:\/\/meusitejuridico.com.br\/s.meusitejuridico\/2018\/02\/3cdb1249-banner-app.jpeg 1140w\" sizes=\"(max-width: 300px) 100vw, 300px\" \/><\/a><\/p>\n<p>Material extra\u00eddo da obra\u00a0<a href=\"https:\/\/www.editorajuspodivm.com.br\/codigo-de-processo-penal-e-lei-de-execucao-penal-comentados-por-artigos-2019\" target=\"_blank\" rel=\"noopener\">C\u00f3digo de Processo Penal e Lei de Execu\u00e7\u00e3o Penal Comentados por Artigos<\/a><\/p>\n","protected":false},"excerpt":{"rendered":"<p>CERTO De acordo com o art. 177 do CPP, \u201cNo exame por precat\u00f3ria, a nomea\u00e7\u00e3o dos peritos far-se-\u00e1 no ju\u00edzo deprecado. Havendo, por\u00e9m, no caso de a\u00e7\u00e3o privada, acordo das partes, essa nomea\u00e7\u00e3o poder\u00e1 ser feita pelo juiz deprecante\u201d. Atende ao bom senso o teor deste dispositivo. Afinal, ser\u00e1 o ju\u00edzo deprecado quem poder\u00e1 melhor [&hellip;]<\/p>\n","protected":false},"author":7,"featured_media":7716,"comment_status":"open","ping_status":"open","sticky":false,"template":"","format":"standard","meta":{"_acf_changed":false,"footnotes":""},"categories":[78,437],"tags":[2807,2091,2736,119],"class_list":["post-8995","post","type-post","status-publish","format-standard","has-post-thumbnail","hentry","category-material-de-aula","category-perguntas-e-respostas","tag-art-177","tag-exame-pericial","tag-precatoria","tag-processo-penal"],"acf":[],"yoast_head":"<!-- This site is optimized with the Yoast SEO plugin v24.8.1 - https:\/\/yoast.com\/wordpress\/plugins\/seo\/ -->\n<title>Certo ou errado? Segundo o CPP, no exame pericial por precat\u00f3ria a nomea\u00e7\u00e3o dos peritos \u00e9 feita no ju\u00edzo deprecado - Meu site jur\u00eddico<\/title>\n<meta name=\"robots\" content=\"index, follow, max-snippet:-1, max-image-preview:large, max-video-preview:-1\" \/>\n<link rel=\"canonical\" href=\"https:\/\/webmail.meusitejuridico.com.br\/2019\/08\/21\/certo-ou-errado-segundo-o-cpp-no-exame-pericial-por-precatoria-nomeacao-dos-peritos-e-feita-no-juizo-deprecado\/\" \/>\n<meta property=\"og:locale\" content=\"pt_BR\" \/>\n<meta property=\"og:type\" content=\"article\" \/>\n<meta property=\"og:title\" content=\"Certo ou errado? Segundo o CPP, no exame pericial por precat\u00f3ria a nomea\u00e7\u00e3o dos peritos \u00e9 feita no ju\u00edzo deprecado - Meu site jur\u00eddico\" \/>\n<meta property=\"og:description\" content=\"CERTO De acordo com o art. 177 do CPP, \u201cNo exame por precat\u00f3ria, a nomea\u00e7\u00e3o dos peritos far-se-\u00e1 no ju\u00edzo deprecado. Havendo, por\u00e9m, no caso de a\u00e7\u00e3o privada, acordo das partes, essa nomea\u00e7\u00e3o poder\u00e1 ser feita pelo juiz deprecante\u201d. Atende ao bom senso o teor deste dispositivo. Afinal, ser\u00e1 o ju\u00edzo deprecado quem poder\u00e1 melhor [&hellip;]\" \/>\n<meta property=\"og:url\" content=\"https:\/\/webmail.meusitejuridico.com.br\/2019\/08\/21\/certo-ou-errado-segundo-o-cpp-no-exame-pericial-por-precatoria-nomeacao-dos-peritos-e-feita-no-juizo-deprecado\/\" \/>\n<meta property=\"og:site_name\" content=\"Meu site jur\u00eddico\" \/>\n<meta property=\"article:published_time\" content=\"2019-08-21T11:47:04+00:00\" \/>\n<meta property=\"og:image\" content=\"https:\/\/webmail.meusitejuridico.com.br\/s.meusitejuridico\/2019\/02\/e75fe533-shutterstock-640110259.jpg\" \/>\n\t<meta property=\"og:image:width\" content=\"1000\" \/>\n\t<meta property=\"og:image:height\" content=\"750\" \/>\n\t<meta property=\"og:image:type\" content=\"image\/jpeg\" \/>\n<meta name=\"author\" content=\"Equipe Meu Site Jur\u00eddico\" \/>\n<meta name=\"twitter:card\" content=\"summary_large_image\" \/>\n<meta name=\"twitter:label1\" content=\"Escrito por\" \/>\n\t<meta name=\"twitter:data1\" content=\"Equipe Meu Site Jur\u00eddico\" \/>\n\t<meta name=\"twitter:label2\" content=\"Est. tempo de leitura\" \/>\n\t<meta name=\"twitter:data2\" content=\"1 minuto\" \/>\n<script type=\"application\/ld+json\" class=\"yoast-schema-graph\">{\"@context\":\"https:\/\/schema.org\",\"@graph\":[{\"@type\":\"Article\",\"@id\":\"https:\/\/webmail.meusitejuridico.com.br\/2019\/08\/21\/certo-ou-errado-segundo-o-cpp-no-exame-pericial-por-precatoria-nomeacao-dos-peritos-e-feita-no-juizo-deprecado\/#article\",\"isPartOf\":{\"@id\":\"https:\/\/webmail.meusitejuridico.com.br\/2019\/08\/21\/certo-ou-errado-segundo-o-cpp-no-exame-pericial-por-precatoria-nomeacao-dos-peritos-e-feita-no-juizo-deprecado\/\"},\"author\":{\"name\":\"Equipe Meu Site Jur\u00eddico\",\"@id\":\"https:\/\/meusitejuridico.editorajuspodivm.com.br\/#\/schema\/person\/5c2237ac0c8ff03bcf1a09fe3e45dfce\"},\"headline\":\"Certo ou errado? Segundo o CPP, no exame pericial por precat\u00f3ria a nomea\u00e7\u00e3o dos peritos \u00e9 feita no ju\u00edzo deprecado\",\"datePublished\":\"2019-08-21T11:47:04+00:00\",\"mainEntityOfPage\":{\"@id\":\"https:\/\/webmail.meusitejuridico.com.br\/2019\/08\/21\/certo-ou-errado-segundo-o-cpp-no-exame-pericial-por-precatoria-nomeacao-dos-peritos-e-feita-no-juizo-deprecado\/\"},\"wordCount\":249,\"commentCount\":0,\"publisher\":{\"@id\":\"https:\/\/meusitejuridico.editorajuspodivm.com.br\/#organization\"},\"image\":{\"@id\":\"https:\/\/webmail.meusitejuridico.com.br\/2019\/08\/21\/certo-ou-errado-segundo-o-cpp-no-exame-pericial-por-precatoria-nomeacao-dos-peritos-e-feita-no-juizo-deprecado\/#primaryimage\"},\"thumbnailUrl\":\"https:\/\/meusitejuridico.com.br\/s.meusitejuridico\/2019\/02\/e75fe533-shutterstock-640110259.jpg\",\"keywords\":[\"art. 177\",\"exame pericial\",\"precat\u00f3ria\",\"Processo Penal\"],\"articleSection\":[\"Material de aula\",\"Perguntas e Respostas\"],\"inLanguage\":\"pt-BR\",\"potentialAction\":[{\"@type\":\"CommentAction\",\"name\":\"Comment\",\"target\":[\"https:\/\/webmail.meusitejuridico.com.br\/2019\/08\/21\/certo-ou-errado-segundo-o-cpp-no-exame-pericial-por-precatoria-nomeacao-dos-peritos-e-feita-no-juizo-deprecado\/#respond\"]}]},{\"@type\":\"WebPage\",\"@id\":\"https:\/\/webmail.meusitejuridico.com.br\/2019\/08\/21\/certo-ou-errado-segundo-o-cpp-no-exame-pericial-por-precatoria-nomeacao-dos-peritos-e-feita-no-juizo-deprecado\/\",\"url\":\"https:\/\/webmail.meusitejuridico.com.br\/2019\/08\/21\/certo-ou-errado-segundo-o-cpp-no-exame-pericial-por-precatoria-nomeacao-dos-peritos-e-feita-no-juizo-deprecado\/\",\"name\":\"Certo ou errado? Segundo o CPP, no exame pericial por precat\u00f3ria a nomea\u00e7\u00e3o dos peritos \u00e9 feita no ju\u00edzo deprecado - Meu site jur\u00eddico\",\"isPartOf\":{\"@id\":\"https:\/\/meusitejuridico.editorajuspodivm.com.br\/#website\"},\"primaryImageOfPage\":{\"@id\":\"https:\/\/webmail.meusitejuridico.com.br\/2019\/08\/21\/certo-ou-errado-segundo-o-cpp-no-exame-pericial-por-precatoria-nomeacao-dos-peritos-e-feita-no-juizo-deprecado\/#primaryimage\"},\"image\":{\"@id\":\"https:\/\/webmail.meusitejuridico.com.br\/2019\/08\/21\/certo-ou-errado-segundo-o-cpp-no-exame-pericial-por-precatoria-nomeacao-dos-peritos-e-feita-no-juizo-deprecado\/#primaryimage\"},\"thumbnailUrl\":\"https:\/\/meusitejuridico.com.br\/s.meusitejuridico\/2019\/02\/e75fe533-shutterstock-640110259.jpg\",\"datePublished\":\"2019-08-21T11:47:04+00:00\",\"breadcrumb\":{\"@id\":\"https:\/\/webmail.meusitejuridico.com.br\/2019\/08\/21\/certo-ou-errado-segundo-o-cpp-no-exame-pericial-por-precatoria-nomeacao-dos-peritos-e-feita-no-juizo-deprecado\/#breadcrumb\"},\"inLanguage\":\"pt-BR\",\"potentialAction\":[{\"@type\":\"ReadAction\",\"target\":[\"https:\/\/webmail.meusitejuridico.com.br\/2019\/08\/21\/certo-ou-errado-segundo-o-cpp-no-exame-pericial-por-precatoria-nomeacao-dos-peritos-e-feita-no-juizo-deprecado\/\"]}]},{\"@type\":\"ImageObject\",\"inLanguage\":\"pt-BR\",\"@id\":\"https:\/\/webmail.meusitejuridico.com.br\/2019\/08\/21\/certo-ou-errado-segundo-o-cpp-no-exame-pericial-por-precatoria-nomeacao-dos-peritos-e-feita-no-juizo-deprecado\/#primaryimage\",\"url\":\"https:\/\/meusitejuridico.com.br\/s.meusitejuridico\/2019\/02\/e75fe533-shutterstock-640110259.jpg\",\"contentUrl\":\"https:\/\/meusitejuridico.com.br\/s.meusitejuridico\/2019\/02\/e75fe533-shutterstock-640110259.jpg\",\"width\":1000,\"height\":750},{\"@type\":\"BreadcrumbList\",\"@id\":\"https:\/\/webmail.meusitejuridico.com.br\/2019\/08\/21\/certo-ou-errado-segundo-o-cpp-no-exame-pericial-por-precatoria-nomeacao-dos-peritos-e-feita-no-juizo-deprecado\/#breadcrumb\",\"itemListElement\":[{\"@type\":\"ListItem\",\"position\":1,\"name\":\"In\u00edcio\",\"item\":\"https:\/\/meusitejuridico.editorajuspodivm.com.br\/\"},{\"@type\":\"ListItem\",\"position\":2,\"name\":\"Certo ou errado? Segundo o CPP, no exame pericial por precat\u00f3ria a nomea\u00e7\u00e3o dos peritos \u00e9 feita no ju\u00edzo deprecado\"}]},{\"@type\":\"WebSite\",\"@id\":\"https:\/\/meusitejuridico.editorajuspodivm.com.br\/#website\",\"url\":\"https:\/\/meusitejuridico.editorajuspodivm.com.br\/\",\"name\":\"Meu site jur\u00eddico\",\"description\":\"Meu site jur\u00eddico\",\"publisher\":{\"@id\":\"https:\/\/meusitejuridico.editorajuspodivm.com.br\/#organization\"},\"potentialAction\":[{\"@type\":\"SearchAction\",\"target\":{\"@type\":\"EntryPoint\",\"urlTemplate\":\"https:\/\/meusitejuridico.editorajuspodivm.com.br\/?s={search_term_string}\"},\"query-input\":{\"@type\":\"PropertyValueSpecification\",\"valueRequired\":true,\"valueName\":\"search_term_string\"}}],\"inLanguage\":\"pt-BR\"},{\"@type\":\"Organization\",\"@id\":\"https:\/\/meusitejuridico.editorajuspodivm.com.br\/#organization\",\"name\":\"Meu site jur\u00eddico\",\"url\":\"https:\/\/meusitejuridico.editorajuspodivm.com.br\/\",\"logo\":{\"@type\":\"ImageObject\",\"inLanguage\":\"pt-BR\",\"@id\":\"https:\/\/meusitejuridico.editorajuspodivm.com.br\/#\/schema\/logo\/image\/\",\"url\":\"https:\/\/meusitejuridico.com.br\/s.meusitejuridico\/2022\/03\/cropped-baeec2a3-msj-02-01-01.png\",\"contentUrl\":\"https:\/\/meusitejuridico.com.br\/s.meusitejuridico\/2022\/03\/cropped-baeec2a3-msj-02-01-01.png\",\"width\":349,\"height\":243,\"caption\":\"Meu site jur\u00eddico\"},\"image\":{\"@id\":\"https:\/\/meusitejuridico.editorajuspodivm.com.br\/#\/schema\/logo\/image\/\"}},{\"@type\":\"Person\",\"@id\":\"https:\/\/meusitejuridico.editorajuspodivm.com.br\/#\/schema\/person\/5c2237ac0c8ff03bcf1a09fe3e45dfce\",\"name\":\"Equipe Meu Site Jur\u00eddico\",\"image\":{\"@type\":\"ImageObject\",\"inLanguage\":\"pt-BR\",\"@id\":\"https:\/\/meusitejuridico.editorajuspodivm.com.br\/#\/schema\/person\/image\/\",\"url\":\"https:\/\/meusitejuridico.com.br\/s.meusitejuridico\/2020\/07\/6be289aa-logo-msj.png\",\"contentUrl\":\"https:\/\/meusitejuridico.com.br\/s.meusitejuridico\/2020\/07\/6be289aa-logo-msj.png\",\"caption\":\"Equipe Meu Site Jur\u00eddico\"},\"description\":\"Contem conosco!\",\"url\":\"https:\/\/meusitejuridico.com.br\/author\/equipe-meu-site-juridico\/\"}]}<\/script>\n<!-- \/ Yoast SEO plugin. -->","yoast_head_json":{"title":"Certo ou errado? Segundo o CPP, no exame pericial por precat\u00f3ria a nomea\u00e7\u00e3o dos peritos \u00e9 feita no ju\u00edzo deprecado - Meu site jur\u00eddico","robots":{"index":"index","follow":"follow","max-snippet":"max-snippet:-1","max-image-preview":"max-image-preview:large","max-video-preview":"max-video-preview:-1"},"canonical":"https:\/\/webmail.meusitejuridico.com.br\/2019\/08\/21\/certo-ou-errado-segundo-o-cpp-no-exame-pericial-por-precatoria-nomeacao-dos-peritos-e-feita-no-juizo-deprecado\/","og_locale":"pt_BR","og_type":"article","og_title":"Certo ou errado? Segundo o CPP, no exame pericial por precat\u00f3ria a nomea\u00e7\u00e3o dos peritos \u00e9 feita no ju\u00edzo deprecado - Meu site jur\u00eddico","og_description":"CERTO De acordo com o art. 177 do CPP, \u201cNo exame por precat\u00f3ria, a nomea\u00e7\u00e3o dos peritos far-se-\u00e1 no ju\u00edzo deprecado. Havendo, por\u00e9m, no caso de a\u00e7\u00e3o privada, acordo das partes, essa nomea\u00e7\u00e3o poder\u00e1 ser feita pelo juiz deprecante\u201d. Atende ao bom senso o teor deste dispositivo. Afinal, ser\u00e1 o ju\u00edzo deprecado quem poder\u00e1 melhor [&hellip;]","og_url":"https:\/\/webmail.meusitejuridico.com.br\/2019\/08\/21\/certo-ou-errado-segundo-o-cpp-no-exame-pericial-por-precatoria-nomeacao-dos-peritos-e-feita-no-juizo-deprecado\/","og_site_name":"Meu site jur\u00eddico","article_published_time":"2019-08-21T11:47:04+00:00","og_image":[{"width":1000,"height":750,"url":"https:\/\/webmail.meusitejuridico.com.br\/s.meusitejuridico\/2019\/02\/e75fe533-shutterstock-640110259.jpg","type":"image\/jpeg"}],"author":"Equipe Meu Site Jur\u00eddico","twitter_card":"summary_large_image","twitter_misc":{"Escrito por":"Equipe Meu Site Jur\u00eddico","Est. tempo de leitura":"1 minuto"},"schema":{"@context":"https:\/\/schema.org","@graph":[{"@type":"Article","@id":"https:\/\/webmail.meusitejuridico.com.br\/2019\/08\/21\/certo-ou-errado-segundo-o-cpp-no-exame-pericial-por-precatoria-nomeacao-dos-peritos-e-feita-no-juizo-deprecado\/#article","isPartOf":{"@id":"https:\/\/webmail.meusitejuridico.com.br\/2019\/08\/21\/certo-ou-errado-segundo-o-cpp-no-exame-pericial-por-precatoria-nomeacao-dos-peritos-e-feita-no-juizo-deprecado\/"},"author":{"name":"Equipe Meu Site Jur\u00eddico","@id":"https:\/\/meusitejuridico.editorajuspodivm.com.br\/#\/schema\/person\/5c2237ac0c8ff03bcf1a09fe3e45dfce"},"headline":"Certo ou errado? Segundo o CPP, no exame pericial por precat\u00f3ria a nomea\u00e7\u00e3o dos peritos \u00e9 feita no ju\u00edzo deprecado","datePublished":"2019-08-21T11:47:04+00:00","mainEntityOfPage":{"@id":"https:\/\/webmail.meusitejuridico.com.br\/2019\/08\/21\/certo-ou-errado-segundo-o-cpp-no-exame-pericial-por-precatoria-nomeacao-dos-peritos-e-feita-no-juizo-deprecado\/"},"wordCount":249,"commentCount":0,"publisher":{"@id":"https:\/\/meusitejuridico.editorajuspodivm.com.br\/#organization"},"image":{"@id":"https:\/\/webmail.meusitejuridico.com.br\/2019\/08\/21\/certo-ou-errado-segundo-o-cpp-no-exame-pericial-por-precatoria-nomeacao-dos-peritos-e-feita-no-juizo-deprecado\/#primaryimage"},"thumbnailUrl":"https:\/\/meusitejuridico.com.br\/s.meusitejuridico\/2019\/02\/e75fe533-shutterstock-640110259.jpg","keywords":["art. 177","exame pericial","precat\u00f3ria","Processo Penal"],"articleSection":["Material de aula","Perguntas e Respostas"],"inLanguage":"pt-BR","potentialAction":[{"@type":"CommentAction","name":"Comment","target":["https:\/\/webmail.meusitejuridico.com.br\/2019\/08\/21\/certo-ou-errado-segundo-o-cpp-no-exame-pericial-por-precatoria-nomeacao-dos-peritos-e-feita-no-juizo-deprecado\/#respond"]}]},{"@type":"WebPage","@id":"https:\/\/webmail.meusitejuridico.com.br\/2019\/08\/21\/certo-ou-errado-segundo-o-cpp-no-exame-pericial-por-precatoria-nomeacao-dos-peritos-e-feita-no-juizo-deprecado\/","url":"https:\/\/webmail.meusitejuridico.com.br\/2019\/08\/21\/certo-ou-errado-segundo-o-cpp-no-exame-pericial-por-precatoria-nomeacao-dos-peritos-e-feita-no-juizo-deprecado\/","name":"Certo ou errado? Segundo o CPP, no exame pericial por precat\u00f3ria a nomea\u00e7\u00e3o dos peritos \u00e9 feita no ju\u00edzo deprecado - Meu site jur\u00eddico","isPartOf":{"@id":"https:\/\/meusitejuridico.editorajuspodivm.com.br\/#website"},"primaryImageOfPage":{"@id":"https:\/\/webmail.meusitejuridico.com.br\/2019\/08\/21\/certo-ou-errado-segundo-o-cpp-no-exame-pericial-por-precatoria-nomeacao-dos-peritos-e-feita-no-juizo-deprecado\/#primaryimage"},"image":{"@id":"https:\/\/webmail.meusitejuridico.com.br\/2019\/08\/21\/certo-ou-errado-segundo-o-cpp-no-exame-pericial-por-precatoria-nomeacao-dos-peritos-e-feita-no-juizo-deprecado\/#primaryimage"},"thumbnailUrl":"https:\/\/meusitejuridico.com.br\/s.meusitejuridico\/2019\/02\/e75fe533-shutterstock-640110259.jpg","datePublished":"2019-08-21T11:47:04+00:00","breadcrumb":{"@id":"https:\/\/webmail.meusitejuridico.com.br\/2019\/08\/21\/certo-ou-errado-segundo-o-cpp-no-exame-pericial-por-precatoria-nomeacao-dos-peritos-e-feita-no-juizo-deprecado\/#breadcrumb"},"inLanguage":"pt-BR","potentialAction":[{"@type":"ReadAction","target":["https:\/\/webmail.meusitejuridico.com.br\/2019\/08\/21\/certo-ou-errado-segundo-o-cpp-no-exame-pericial-por-precatoria-nomeacao-dos-peritos-e-feita-no-juizo-deprecado\/"]}]},{"@type":"ImageObject","inLanguage":"pt-BR","@id":"https:\/\/webmail.meusitejuridico.com.br\/2019\/08\/21\/certo-ou-errado-segundo-o-cpp-no-exame-pericial-por-precatoria-nomeacao-dos-peritos-e-feita-no-juizo-deprecado\/#primaryimage","url":"https:\/\/meusitejuridico.com.br\/s.meusitejuridico\/2019\/02\/e75fe533-shutterstock-640110259.jpg","contentUrl":"https:\/\/meusitejuridico.com.br\/s.meusitejuridico\/2019\/02\/e75fe533-shutterstock-640110259.jpg","width":1000,"height":750},{"@type":"BreadcrumbList","@id":"https:\/\/webmail.meusitejuridico.com.br\/2019\/08\/21\/certo-ou-errado-segundo-o-cpp-no-exame-pericial-por-precatoria-nomeacao-dos-peritos-e-feita-no-juizo-deprecado\/#breadcrumb","itemListElement":[{"@type":"ListItem","position":1,"name":"In\u00edcio","item":"https:\/\/meusitejuridico.editorajuspodivm.com.br\/"},{"@type":"ListItem","position":2,"name":"Certo ou errado? Segundo o CPP, no exame pericial por precat\u00f3ria a nomea\u00e7\u00e3o dos peritos \u00e9 feita no ju\u00edzo deprecado"}]},{"@type":"WebSite","@id":"https:\/\/meusitejuridico.editorajuspodivm.com.br\/#website","url":"https:\/\/meusitejuridico.editorajuspodivm.com.br\/","name":"Meu site jur\u00eddico","description":"Meu site jur\u00eddico","publisher":{"@id":"https:\/\/meusitejuridico.editorajuspodivm.com.br\/#organization"},"potentialAction":[{"@type":"SearchAction","target":{"@type":"EntryPoint","urlTemplate":"https:\/\/meusitejuridico.editorajuspodivm.com.br\/?s={search_term_string}"},"query-input":{"@type":"PropertyValueSpecification","valueRequired":true,"valueName":"search_term_string"}}],"inLanguage":"pt-BR"},{"@type":"Organization","@id":"https:\/\/meusitejuridico.editorajuspodivm.com.br\/#organization","name":"Meu site jur\u00eddico","url":"https:\/\/meusitejuridico.editorajuspodivm.com.br\/","logo":{"@type":"ImageObject","inLanguage":"pt-BR","@id":"https:\/\/meusitejuridico.editorajuspodivm.com.br\/#\/schema\/logo\/image\/","url":"https:\/\/meusitejuridico.com.br\/s.meusitejuridico\/2022\/03\/cropped-baeec2a3-msj-02-01-01.png","contentUrl":"https:\/\/meusitejuridico.com.br\/s.meusitejuridico\/2022\/03\/cropped-baeec2a3-msj-02-01-01.png","width":349,"height":243,"caption":"Meu site jur\u00eddico"},"image":{"@id":"https:\/\/meusitejuridico.editorajuspodivm.com.br\/#\/schema\/logo\/image\/"}},{"@type":"Person","@id":"https:\/\/meusitejuridico.editorajuspodivm.com.br\/#\/schema\/person\/5c2237ac0c8ff03bcf1a09fe3e45dfce","name":"Equipe Meu Site Jur\u00eddico","image":{"@type":"ImageObject","inLanguage":"pt-BR","@id":"https:\/\/meusitejuridico.editorajuspodivm.com.br\/#\/schema\/person\/image\/","url":"https:\/\/meusitejuridico.com.br\/s.meusitejuridico\/2020\/07\/6be289aa-logo-msj.png","contentUrl":"https:\/\/meusitejuridico.com.br\/s.meusitejuridico\/2020\/07\/6be289aa-logo-msj.png","caption":"Equipe Meu Site Jur\u00eddico"},"description":"Contem conosco!","url":"https:\/\/meusitejuridico.com.br\/author\/equipe-meu-site-juridico\/"}]}},"_links":{"self":[{"href":"https:\/\/meusitejuridico.com.br\/api\/wp\/v2\/posts\/8995","targetHints":{"allow":["GET"]}}],"collection":[{"href":"https:\/\/meusitejuridico.com.br\/api\/wp\/v2\/posts"}],"about":[{"href":"https:\/\/meusitejuridico.com.br\/api\/wp\/v2\/types\/post"}],"author":[{"embeddable":true,"href":"https:\/\/meusitejuridico.com.br\/api\/wp\/v2\/users\/7"}],"replies":[{"embeddable":true,"href":"https:\/\/meusitejuridico.com.br\/api\/wp\/v2\/comments?post=8995"}],"version-history":[{"count":1,"href":"https:\/\/meusitejuridico.com.br\/api\/wp\/v2\/posts\/8995\/revisions"}],"predecessor-version":[{"id":8996,"href":"https:\/\/meusitejuridico.com.br\/api\/wp\/v2\/posts\/8995\/revisions\/8996"}],"wp:featuredmedia":[{"embeddable":true,"href":"https:\/\/meusitejuridico.com.br\/api\/wp\/v2\/media\/7716"}],"wp:attachment":[{"href":"https:\/\/meusitejuridico.com.br\/api\/wp\/v2\/media?parent=8995"}],"wp:term":[{"taxonomy":"category","embeddable":true,"href":"https:\/\/meusitejuridico.com.br\/api\/wp\/v2\/categories?post=8995"},{"taxonomy":"post_tag","embeddable":true,"href":"https:\/\/meusitejuridico.com.br\/api\/wp\/v2\/tags?post=8995"}],"curies":[{"name":"wp","href":"https:\/\/api.w.org\/{rel}","templated":true}]}}