{"id":251,"name":"Vitor Rhein Schirato","url":"https:\/\/www.editorajuspodivm.com.br\/authors\/page\/view\/id\/6944\/","description":"Professor Associado de Direito Administrativo da Faculdade de Direito da USP. \u00c9 livre docente e doutor em Direito do Estado pela Faculdade de Direito da Universidade de S\u00e3o Paulo (USP). Mestre em Direito Administrativo Econ\u00f4mico pela Faculdade de Direito da Universit\u00e4t Osnabr\u00fcck (Alemanha). S\u00f3cio da Associazione Italiana dei Professori di Diritto Amministrativo (AIPDA) e do Istituto di Ricerche sulla Pubblica Amministrazione (IRPA); presidente da Asociaci\u00f3n Iberoamericana de Estudios de Regulaci\u00f3n (ASIER) para o bi\u00eanio 2024-2026; s\u00f3cio fundador da Asociaci\u00f3n Iberoamericana de Derecho de la Energ\u00eda (ASIDE) e da Red Latinoamericana de Derecho Minero (RedMin); professor visitante da Facolt\u00e0 di Giurisprudenza da Universit\u00e0 degli Studi di Firenze, da Universidade Externado de Bogot\u00e1 (Col\u00f4mbia), da Pontif\u00edcia Universidade Cat\u00f3lica de Lima (Peru), da Universidad Aut\u00f3noma de Chile e da Pontif\u00edcia Universidade Cat\u00f3lica de Quito (Equador); pesquisador visitante na Universit\u00e4t Freiburg, Alemanha.","link":"https:\/\/meusitejuridico.com.br\/author\/253290618435\/","slug":"253290618435","avatar_urls":{"24":"https:\/\/meusitejuridico.com.br\/s.meusitejuridico\/2025\/07\/6944-vitor-rhein-schirato_2-150x150.webp","48":"https:\/\/meusitejuridico.com.br\/s.meusitejuridico\/2025\/07\/6944-vitor-rhein-schirato_2-150x150.webp","96":"https:\/\/meusitejuridico.com.br\/s.meusitejuridico\/2025\/07\/6944-vitor-rhein-schirato_2-150x150.webp"},"meta":[],"acf":[],"yoast_head":"<!-- This site is optimized with the Yoast SEO plugin v24.8.1 - https:\/\/yoast.com\/wordpress\/plugins\/seo\/ -->\n<title>Vitor Rhein Schirato<\/title>\n<meta name=\"description\" content=\"Professor Associado de Direito Administrativo da Faculdade de Direito da USP. \u00c9 livre docente e doutor em Direito do Estado pela Faculdade de Direito da Universidade de S\u00e3o Paulo (USP). Mestre em Direito Administrativo Econ\u00f4mico pela Faculdade de Direito da Universit\u00e4t Osnabr\u00fcck (Alemanha). S\u00f3cio da Associazione Italiana dei Professori di Diritto Amministrativo (AIPDA) e do Istituto di Ricerche sulla Pubblica Amministrazione (IRPA); presidente da Asociaci\u00f3n Iberoamericana de Estudios de Regulaci\u00f3n (ASIER) para o bi\u00eanio 2024-2026; s\u00f3cio fundador da Asociaci\u00f3n Iberoamericana de Derecho de la Energ\u00eda (ASIDE) e da Red Latinoamericana de Derecho Minero (RedMin); professor visitante da Facolt\u00e0 di Giurisprudenza da Universit\u00e0 degli Studi di Firenze, da Universidade Externado de Bogot\u00e1 (Col\u00f4mbia), da Pontif\u00edcia Universidade Cat\u00f3lica de Lima (Peru), da Universidad Aut\u00f3noma de Chile e da Pontif\u00edcia Universidade Cat\u00f3lica de Quito (Equador); pesquisador visitante na Universit\u00e4t Freiburg, Alemanha.\" \/>\n<meta name=\"robots\" content=\"index, follow, max-snippet:-1, max-image-preview:large, max-video-preview:-1\" \/>\n<link rel=\"canonical\" href=\"https:\/\/meusitejuridico.com.br\/author\/253290618435\/\" \/>\n<meta property=\"og:locale\" content=\"pt_BR\" \/>\n<meta property=\"og:type\" content=\"profile\" \/>\n<meta property=\"og:title\" content=\"Vitor Rhein Schirato\" \/>\n<meta property=\"og:description\" content=\"Professor Associado de Direito Administrativo da Faculdade de Direito da USP. \u00c9 livre docente e doutor em Direito do Estado pela Faculdade de Direito da Universidade de S\u00e3o Paulo (USP). Mestre em Direito Administrativo Econ\u00f4mico pela Faculdade de Direito da Universit\u00e4t Osnabr\u00fcck (Alemanha). S\u00f3cio da Associazione Italiana dei Professori di Diritto Amministrativo (AIPDA) e do Istituto di Ricerche sulla Pubblica Amministrazione (IRPA); presidente da Asociaci\u00f3n Iberoamericana de Estudios de Regulaci\u00f3n (ASIER) para o bi\u00eanio 2024-2026; s\u00f3cio fundador da Asociaci\u00f3n Iberoamericana de Derecho de la Energ\u00eda (ASIDE) e da Red Latinoamericana de Derecho Minero (RedMin); professor visitante da Facolt\u00e0 di Giurisprudenza da Universit\u00e0 degli Studi di Firenze, da Universidade Externado de Bogot\u00e1 (Col\u00f4mbia), da Pontif\u00edcia Universidade Cat\u00f3lica de Lima (Peru), da Universidad Aut\u00f3noma de Chile e da Pontif\u00edcia Universidade Cat\u00f3lica de Quito (Equador); pesquisador visitante na Universit\u00e4t Freiburg, Alemanha.\" \/>\n<meta property=\"og:url\" content=\"https:\/\/meusitejuridico.com.br\/author\/253290618435\/\" \/>\n<meta property=\"og:site_name\" content=\"Meu site jur\u00eddico\" \/>\n<meta property=\"og:image\" content=\"https:\/\/meusitejuridico.com.br\/s.meusitejuridico\/2025\/07\/6944-vitor-rhein-schirato_2.webp\" \/>\n\t<meta property=\"og:image:width\" content=\"300\" \/>\n\t<meta property=\"og:image:height\" content=\"400\" \/>\n\t<meta property=\"og:image:type\" content=\"image\/webp\" \/>\n<meta name=\"twitter:card\" content=\"summary_large_image\" \/>\n<script type=\"application\/ld+json\" class=\"yoast-schema-graph\">{\"@context\":\"https:\/\/schema.org\",\"@graph\":[{\"@type\":\"ProfilePage\",\"@id\":\"https:\/\/meusitejuridico.com.br\/author\/253290618435\/\",\"url\":\"https:\/\/meusitejuridico.com.br\/author\/253290618435\/\",\"name\":\"Vitor Rhein Schirato\",\"isPartOf\":{\"@id\":\"https:\/\/cdn.meusitejuridico.com.br\/#website\"},\"description\":\"Professor Associado de Direito Administrativo da Faculdade de Direito da USP. \u00c9 livre docente e doutor em Direito do Estado pela Faculdade de Direito da Universidade de S\u00e3o Paulo (USP). Mestre em Direito Administrativo Econ\u00f4mico pela Faculdade de Direito da Universit\u00e4t Osnabr\u00fcck (Alemanha). S\u00f3cio da Associazione Italiana dei Professori di Diritto Amministrativo (AIPDA) e do Istituto di Ricerche sulla Pubblica Amministrazione (IRPA); presidente da Asociaci\u00f3n Iberoamericana de Estudios de Regulaci\u00f3n (ASIER) para o bi\u00eanio 2024-2026; s\u00f3cio fundador da Asociaci\u00f3n Iberoamericana de Derecho de la Energ\u00eda (ASIDE) e da Red Latinoamericana de Derecho Minero (RedMin); professor visitante da Facolt\u00e0 di Giurisprudenza da Universit\u00e0 degli Studi di Firenze, da Universidade Externado de Bogot\u00e1 (Col\u00f4mbia), da Pontif\u00edcia Universidade Cat\u00f3lica de Lima (Peru), da Universidad Aut\u00f3noma de Chile e da Pontif\u00edcia Universidade Cat\u00f3lica de Quito (Equador); pesquisador visitante na Universit\u00e4t Freiburg, Alemanha.\",\"breadcrumb\":{\"@id\":\"https:\/\/meusitejuridico.com.br\/author\/253290618435\/#breadcrumb\"},\"inLanguage\":\"pt-BR\",\"potentialAction\":[{\"@type\":\"ReadAction\",\"target\":[\"https:\/\/meusitejuridico.com.br\/author\/253290618435\/\"]}]},{\"@type\":\"BreadcrumbList\",\"@id\":\"https:\/\/meusitejuridico.com.br\/author\/253290618435\/#breadcrumb\",\"itemListElement\":[{\"@type\":\"ListItem\",\"position\":1,\"name\":\"In\u00edcio\",\"item\":\"https:\/\/cdn.meusitejuridico.com.br\/\"},{\"@type\":\"ListItem\",\"position\":2,\"name\":\"Arquivos para Vitor Rhein Schirato\"}]},{\"@type\":\"WebSite\",\"@id\":\"https:\/\/cdn.meusitejuridico.com.br\/#website\",\"url\":\"https:\/\/cdn.meusitejuridico.com.br\/\",\"name\":\"Meu site jur\u00eddico\",\"description\":\"Meu site jur\u00eddico\",\"publisher\":{\"@id\":\"https:\/\/cdn.meusitejuridico.com.br\/#organization\"},\"potentialAction\":[{\"@type\":\"SearchAction\",\"target\":{\"@type\":\"EntryPoint\",\"urlTemplate\":\"https:\/\/cdn.meusitejuridico.com.br\/?s={search_term_string}\"},\"query-input\":{\"@type\":\"PropertyValueSpecification\",\"valueRequired\":true,\"valueName\":\"search_term_string\"}}],\"inLanguage\":\"pt-BR\"},{\"@type\":\"Organization\",\"@id\":\"https:\/\/cdn.meusitejuridico.com.br\/#organization\",\"name\":\"Meu site jur\u00eddico\",\"url\":\"https:\/\/cdn.meusitejuridico.com.br\/\",\"logo\":{\"@type\":\"ImageObject\",\"inLanguage\":\"pt-BR\",\"@id\":\"https:\/\/cdn.meusitejuridico.com.br\/#\/schema\/logo\/image\/\",\"url\":\"https:\/\/meusitejuridico.com.br\/s.meusitejuridico\/2022\/03\/cropped-baeec2a3-msj-02-01-01.png\",\"contentUrl\":\"https:\/\/meusitejuridico.com.br\/s.meusitejuridico\/2022\/03\/cropped-baeec2a3-msj-02-01-01.png\",\"width\":349,\"height\":243,\"caption\":\"Meu site jur\u00eddico\"},\"image\":{\"@id\":\"https:\/\/cdn.meusitejuridico.com.br\/#\/schema\/logo\/image\/\"}},{\"@type\":\"Person\",\"@id\":\"https:\/\/cdn.meusitejuridico.com.br\/#\/schema\/person\/8de0ebdaa760b75233287df1702cbf81\",\"name\":\"Vitor Rhein Schirato\",\"image\":{\"@type\":\"ImageObject\",\"inLanguage\":\"pt-BR\",\"@id\":\"https:\/\/cdn.meusitejuridico.com.br\/#\/schema\/person\/image\/\",\"url\":\"https:\/\/meusitejuridico.com.br\/s.meusitejuridico\/2025\/07\/6944-vitor-rhein-schirato_2-150x150.webp\",\"contentUrl\":\"https:\/\/meusitejuridico.com.br\/s.meusitejuridico\/2025\/07\/6944-vitor-rhein-schirato_2-150x150.webp\",\"caption\":\"Vitor Rhein Schirato\"},\"description\":\"Professor Associado de Direito Administrativo da Faculdade de Direito da USP. \u00c9 livre docente e doutor em Direito do Estado pela Faculdade de Direito da Universidade de S\u00e3o Paulo (USP). Mestre em Direito Administrativo Econ\u00f4mico pela Faculdade de Direito da Universit\u00e4t Osnabr\u00fcck (Alemanha). S\u00f3cio da Associazione Italiana dei Professori di Diritto Amministrativo (AIPDA) e do Istituto di Ricerche sulla Pubblica Amministrazione (IRPA); presidente da Asociaci\u00f3n Iberoamericana de Estudios de Regulaci\u00f3n (ASIER) para o bi\u00eanio 2024-2026; s\u00f3cio fundador da Asociaci\u00f3n Iberoamericana de Derecho de la Energ\u00eda (ASIDE) e da Red Latinoamericana de Derecho Minero (RedMin); professor visitante da Facolt\u00e0 di Giurisprudenza da Universit\u00e0 degli Studi di Firenze, da Universidade Externado de Bogot\u00e1 (Col\u00f4mbia), da Pontif\u00edcia Universidade Cat\u00f3lica de Lima (Peru), da Universidad Aut\u00f3noma de Chile e da Pontif\u00edcia Universidade Cat\u00f3lica de Quito (Equador); pesquisador visitante na Universit\u00e4t Freiburg, Alemanha.\",\"sameAs\":[\"https:\/\/www.editorajuspodivm.com.br\/authors\/page\/view\/id\/6944\/\",\"https:\/\/www.instagram.com\/vitor_rhein_schirato\/\",\"https:\/\/br.linkedin.com\/in\/vitor-rhein-schirato-7484a0a8\"],\"mainEntityOfPage\":{\"@id\":\"https:\/\/meusitejuridico.com.br\/author\/253290618435\/\"}}]}<\/script>\n<!-- \/ Yoast SEO plugin. -->","yoast_head_json":{"title":"Vitor Rhein Schirato","description":"Professor Associado de Direito Administrativo da Faculdade de Direito da USP. \u00c9 livre docente e doutor em Direito do Estado pela Faculdade de Direito da Universidade de S\u00e3o Paulo (USP). Mestre em Direito Administrativo Econ\u00f4mico pela Faculdade de Direito da Universit\u00e4t Osnabr\u00fcck (Alemanha). S\u00f3cio da Associazione Italiana dei Professori di Diritto Amministrativo (AIPDA) e do Istituto di Ricerche sulla Pubblica Amministrazione (IRPA); presidente da Asociaci\u00f3n Iberoamericana de Estudios de Regulaci\u00f3n (ASIER) para o bi\u00eanio 2024-2026; s\u00f3cio fundador da Asociaci\u00f3n Iberoamericana de Derecho de la Energ\u00eda (ASIDE) e da Red Latinoamericana de Derecho Minero (RedMin); professor visitante da Facolt\u00e0 di Giurisprudenza da Universit\u00e0 degli Studi di Firenze, da Universidade Externado de Bogot\u00e1 (Col\u00f4mbia), da Pontif\u00edcia Universidade Cat\u00f3lica de Lima (Peru), da Universidad Aut\u00f3noma de Chile e da Pontif\u00edcia Universidade Cat\u00f3lica de Quito (Equador); pesquisador visitante na Universit\u00e4t Freiburg, Alemanha.","robots":{"index":"index","follow":"follow","max-snippet":"max-snippet:-1","max-image-preview":"max-image-preview:large","max-video-preview":"max-video-preview:-1"},"canonical":"https:\/\/meusitejuridico.com.br\/author\/253290618435\/","og_locale":"pt_BR","og_type":"profile","og_title":"Vitor Rhein Schirato","og_description":"Professor Associado de Direito Administrativo da Faculdade de Direito da USP. \u00c9 livre docente e doutor em Direito do Estado pela Faculdade de Direito da Universidade de S\u00e3o Paulo (USP). Mestre em Direito Administrativo Econ\u00f4mico pela Faculdade de Direito da Universit\u00e4t Osnabr\u00fcck (Alemanha). S\u00f3cio da Associazione Italiana dei Professori di Diritto Amministrativo (AIPDA) e do Istituto di Ricerche sulla Pubblica Amministrazione (IRPA); presidente da Asociaci\u00f3n Iberoamericana de Estudios de Regulaci\u00f3n (ASIER) para o bi\u00eanio 2024-2026; s\u00f3cio fundador da Asociaci\u00f3n Iberoamericana de Derecho de la Energ\u00eda (ASIDE) e da Red Latinoamericana de Derecho Minero (RedMin); professor visitante da Facolt\u00e0 di Giurisprudenza da Universit\u00e0 degli Studi di Firenze, da Universidade Externado de Bogot\u00e1 (Col\u00f4mbia), da Pontif\u00edcia Universidade Cat\u00f3lica de Lima (Peru), da Universidad Aut\u00f3noma de Chile e da Pontif\u00edcia Universidade Cat\u00f3lica de Quito (Equador); pesquisador visitante na Universit\u00e4t Freiburg, Alemanha.","og_url":"https:\/\/meusitejuridico.com.br\/author\/253290618435\/","og_site_name":"Meu site jur\u00eddico","og_image":[{"width":300,"height":400,"url":"https:\/\/meusitejuridico.com.br\/s.meusitejuridico\/2025\/07\/6944-vitor-rhein-schirato_2.webp","type":"image\/webp"}],"twitter_card":"summary_large_image","schema":{"@context":"https:\/\/schema.org","@graph":[{"@type":"ProfilePage","@id":"https:\/\/meusitejuridico.com.br\/author\/253290618435\/","url":"https:\/\/meusitejuridico.com.br\/author\/253290618435\/","name":"Vitor Rhein Schirato","isPartOf":{"@id":"https:\/\/cdn.meusitejuridico.com.br\/#website"},"description":"Professor Associado de Direito Administrativo da Faculdade de Direito da USP. \u00c9 livre docente e doutor em Direito do Estado pela Faculdade de Direito da Universidade de S\u00e3o Paulo (USP). Mestre em Direito Administrativo Econ\u00f4mico pela Faculdade de Direito da Universit\u00e4t Osnabr\u00fcck (Alemanha). S\u00f3cio da Associazione Italiana dei Professori di Diritto Amministrativo (AIPDA) e do Istituto di Ricerche sulla Pubblica Amministrazione (IRPA); presidente da Asociaci\u00f3n Iberoamericana de Estudios de Regulaci\u00f3n (ASIER) para o bi\u00eanio 2024-2026; s\u00f3cio fundador da Asociaci\u00f3n Iberoamericana de Derecho de la Energ\u00eda (ASIDE) e da Red Latinoamericana de Derecho Minero (RedMin); professor visitante da Facolt\u00e0 di Giurisprudenza da Universit\u00e0 degli Studi di Firenze, da Universidade Externado de Bogot\u00e1 (Col\u00f4mbia), da Pontif\u00edcia Universidade Cat\u00f3lica de Lima (Peru), da Universidad Aut\u00f3noma de Chile e da Pontif\u00edcia Universidade Cat\u00f3lica de Quito (Equador); pesquisador visitante na Universit\u00e4t Freiburg, Alemanha.","breadcrumb":{"@id":"https:\/\/meusitejuridico.com.br\/author\/253290618435\/#breadcrumb"},"inLanguage":"pt-BR","potentialAction":[{"@type":"ReadAction","target":["https:\/\/meusitejuridico.com.br\/author\/253290618435\/"]}]},{"@type":"BreadcrumbList","@id":"https:\/\/meusitejuridico.com.br\/author\/253290618435\/#breadcrumb","itemListElement":[{"@type":"ListItem","position":1,"name":"In\u00edcio","item":"https:\/\/cdn.meusitejuridico.com.br\/"},{"@type":"ListItem","position":2,"name":"Arquivos para Vitor Rhein Schirato"}]},{"@type":"WebSite","@id":"https:\/\/cdn.meusitejuridico.com.br\/#website","url":"https:\/\/cdn.meusitejuridico.com.br\/","name":"Meu site jur\u00eddico","description":"Meu site jur\u00eddico","publisher":{"@id":"https:\/\/cdn.meusitejuridico.com.br\/#organization"},"potentialAction":[{"@type":"SearchAction","target":{"@type":"EntryPoint","urlTemplate":"https:\/\/cdn.meusitejuridico.com.br\/?s={search_term_string}"},"query-input":{"@type":"PropertyValueSpecification","valueRequired":true,"valueName":"search_term_string"}}],"inLanguage":"pt-BR"},{"@type":"Organization","@id":"https:\/\/cdn.meusitejuridico.com.br\/#organization","name":"Meu site jur\u00eddico","url":"https:\/\/cdn.meusitejuridico.com.br\/","logo":{"@type":"ImageObject","inLanguage":"pt-BR","@id":"https:\/\/cdn.meusitejuridico.com.br\/#\/schema\/logo\/image\/","url":"https:\/\/meusitejuridico.com.br\/s.meusitejuridico\/2022\/03\/cropped-baeec2a3-msj-02-01-01.png","contentUrl":"https:\/\/meusitejuridico.com.br\/s.meusitejuridico\/2022\/03\/cropped-baeec2a3-msj-02-01-01.png","width":349,"height":243,"caption":"Meu site jur\u00eddico"},"image":{"@id":"https:\/\/cdn.meusitejuridico.com.br\/#\/schema\/logo\/image\/"}},{"@type":"Person","@id":"https:\/\/cdn.meusitejuridico.com.br\/#\/schema\/person\/8de0ebdaa760b75233287df1702cbf81","name":"Vitor Rhein Schirato","image":{"@type":"ImageObject","inLanguage":"pt-BR","@id":"https:\/\/cdn.meusitejuridico.com.br\/#\/schema\/person\/image\/","url":"https:\/\/meusitejuridico.com.br\/s.meusitejuridico\/2025\/07\/6944-vitor-rhein-schirato_2-150x150.webp","contentUrl":"https:\/\/meusitejuridico.com.br\/s.meusitejuridico\/2025\/07\/6944-vitor-rhein-schirato_2-150x150.webp","caption":"Vitor Rhein Schirato"},"description":"Professor Associado de Direito Administrativo da Faculdade de Direito da USP. \u00c9 livre docente e doutor em Direito do Estado pela Faculdade de Direito da Universidade de S\u00e3o Paulo (USP). Mestre em Direito Administrativo Econ\u00f4mico pela Faculdade de Direito da Universit\u00e4t Osnabr\u00fcck (Alemanha). S\u00f3cio da Associazione Italiana dei Professori di Diritto Amministrativo (AIPDA) e do Istituto di Ricerche sulla Pubblica Amministrazione (IRPA); presidente da Asociaci\u00f3n Iberoamericana de Estudios de Regulaci\u00f3n (ASIER) para o bi\u00eanio 2024-2026; s\u00f3cio fundador da Asociaci\u00f3n Iberoamericana de Derecho de la Energ\u00eda (ASIDE) e da Red Latinoamericana de Derecho Minero (RedMin); professor visitante da Facolt\u00e0 di Giurisprudenza da Universit\u00e0 degli Studi di Firenze, da Universidade Externado de Bogot\u00e1 (Col\u00f4mbia), da Pontif\u00edcia Universidade Cat\u00f3lica de Lima (Peru), da Universidad Aut\u00f3noma de Chile e da Pontif\u00edcia Universidade Cat\u00f3lica de Quito (Equador); pesquisador visitante na Universit\u00e4t Freiburg, Alemanha.","sameAs":["https:\/\/www.editorajuspodivm.com.br\/authors\/page\/view\/id\/6944\/","https:\/\/www.instagram.com\/vitor_rhein_schirato\/","https:\/\/br.linkedin.com\/in\/vitor-rhein-schirato-7484a0a8"],"mainEntityOfPage":{"@id":"https:\/\/meusitejuridico.com.br\/author\/253290618435\/"}}]}},"elementor_introduction":"","_links":{"self":[{"href":"https:\/\/meusitejuridico.com.br\/api\/wp\/v2\/users\/251","targetHints":{"allow":["GET"]}}],"collection":[{"href":"https:\/\/meusitejuridico.com.br\/api\/wp\/v2\/users"}]}}